{"id":24302,"date":"2025-04-28T12:25:51","date_gmt":"2025-04-28T15:25:51","guid":{"rendered":"https:\/\/redept.org\/blogosfera\/mst-do-mato-grosso-do-sul-exige-a-reforma-agraria-popular\/"},"modified":"2025-04-28T12:25:51","modified_gmt":"2025-04-28T15:25:51","slug":"mst-do-mato-grosso-do-sul-exige-a-reforma-agraria-popular","status":"publish","type":"post","link":"https:\/\/redept.com.br\/blogosfera\/mst-do-mato-grosso-do-sul-exige-a-reforma-agraria-popular\/","title":{"rendered":"MST do Mato Grosso do Sul exige a Reforma Agr\u00e1ria Popular"},"content":{"rendered":"<figure><img fetchpriority=\"high\" fetchpriority=\"high\" decoding=\"async\" width=\"1024\" height=\"768\" src=\"https:\/\/redept.org\/blogosfera\/wp-content\/uploads\/2025\/04\/Imagem-do-WhatsApp-de-2025-04-28-as-083833_960c8792-1024x768-1.jpg\" alt=\"\" srcset=\"https:\/\/redept.org\/blogosfera\/wp-content\/uploads\/2025\/04\/Imagem-do-WhatsApp-de-2025-04-28-as-083833_960c8792-1024x768-1.jpg 1024w, https:\/\/mst.org.br\/wp-content\/uploads\/2025\/04\/Imagem-do-WhatsApp-de-2025-04-28-as-08.38.33_960c8792-300x225.jpg 300w, https:\/\/mst.org.br\/wp-content\/uploads\/2025\/04\/Imagem-do-WhatsApp-de-2025-04-28-as-08.38.33_960c8792-768x576.jpg 768w, https:\/\/mst.org.br\/wp-content\/uploads\/2025\/04\/Imagem-do-WhatsApp-de-2025-04-28-as-08.38.33_960c8792.jpg 1280w\" sizes=\"(max-width: 1024px) 100vw, 1024px\"><figcaption><em>Foto: Comunica\u00e7\u00e3o do MST em MS<\/em><\/figcaption><\/figure>\n<p><em>Da P\u00e1gina do MST<\/em><\/p>\n<p>O MST do Mato Grosso do Sul completa tr\u00eas dias de intensas lutas na ocupa\u00e7\u00e3o da fazenda abandonada pela JBS h\u00e1 12 anos; na ocupa\u00e7\u00e3o da Superintend\u00eancia do INCRA em Campo Grande; trancamento das rodovias federais BR-164 (que liga Ponta Por\u00e3 ao Distrito de Itamaraty) e BR-060 (que liga Sidrol\u00e2ndia \u00e0 capital Campo Grande), para reivindicar os direitos sociais, entre eles a reforma agr\u00e1ria que nunca saiu das belas palavras dos governos de turno e nunca saiu das gavetas dos gabinetes institucionais lustrosos.<\/p>\n<p>A cren\u00e7a \u00e9 que a luta popular \u00e9 o que arranca as conquistas sociais. Assim, exigimos o assentamento imediato de mais de 2 mil fam\u00edlias acampadas \u00e0s margens das rodovias e melhores condi\u00e7\u00f5es de infraestrutura para viver e trabalhar nas 52 \u00e1reas de assentamentos de reforma agr\u00e1ria que est\u00e3o abandonados pelo Estado brasileiro. Queremos:<\/p>\n<ul>\n<li>Terra;<\/li>\n<li>Pequenas agroind\u00fastrias;<\/li>\n<li>Escolas do campo;<\/li>\n<li>Educa\u00e7\u00e3o do campo com PRONERA;<\/li>\n<li>Subs\u00eddios para a produ\u00e7\u00e3o alimentar;<\/li>\n<li>Investimentos em pequenas m\u00e1quinas agr\u00edcolas;<\/li>\n<li>Viveiros de \u00e1rvores;<\/li>\n<li>F\u00e1bricas de bioinsumos;<\/li>\n<\/ul>\n<p>No Mato Grosso do Sul, apenas 30,3% dos estabelecimentos monopolizam 96,7% da \u00e1rea e 69,7% dos estabelecimentos det\u00eam apenas 3,3% da \u00e1rea (IBGE, 2017). Os dados revelam a extrema concentra\u00e7\u00e3o fundi\u00e1ria, produzida historicamente por privil\u00e9gios, apropria\u00e7\u00e3o e posterior \u201clegaliza\u00e7\u00e3o\u201d de terras (ind\u00edgenas, devolutas) por uma pequena elite olig\u00e1rquica rural. Tal poder se revela na atual situa\u00e7\u00e3o agr\u00e1ria no estado, onde, al\u00e9m da extrema concentra\u00e7\u00e3o fundi\u00e1ria, persistem mais de 5 milh\u00f5es de hectares de terra devoluta (Oliveira, 2008) que poderiam ser destinados para fins de reforma agr\u00e1ria e demarca\u00e7\u00e3o de terras ind\u00edgenas e quilombolas.<\/p>\n<figure><img decoding=\"async\" width=\"1024\" height=\"768\" src=\"https:\/\/redept.org\/blogosfera\/wp-content\/uploads\/2025\/04\/Imagem-do-WhatsApp-de-2025-04-28-as-083830_8e32bac5-1024x768-1.jpg\" alt=\"\" srcset=\"https:\/\/redept.org\/blogosfera\/wp-content\/uploads\/2025\/04\/Imagem-do-WhatsApp-de-2025-04-28-as-083830_8e32bac5-1024x768-1.jpg 1024w, https:\/\/mst.org.br\/wp-content\/uploads\/2025\/04\/Imagem-do-WhatsApp-de-2025-04-28-as-08.38.30_8e32bac5-300x225.jpg 300w, https:\/\/mst.org.br\/wp-content\/uploads\/2025\/04\/Imagem-do-WhatsApp-de-2025-04-28-as-08.38.30_8e32bac5-768x576.jpg 768w, https:\/\/mst.org.br\/wp-content\/uploads\/2025\/04\/Imagem-do-WhatsApp-de-2025-04-28-as-08.38.30_8e32bac5.jpg 1280w\" sizes=\"(max-width: 1024px) 100vw, 1024px\"><figcaption><em>Foto: Comunica\u00e7\u00e3o do MST em MS<\/em><\/figcaption><\/figure>\n<p>O Mato Grosso do Sul produz soja e milho destinados \u00e0 China e aos Estados Unidos, que representam 82,60% do valor bruto da produ\u00e7\u00e3o. E aos Sem Terra, ind\u00edgenas Guarani e Kaiow\u00e1, quilombolas e \u00e0 popula\u00e7\u00e3o urbana das pequenas cidades, o que sobra? Sobra contamina\u00e7\u00e3o por agrot\u00f3xicos (o estado \u00e9 campe\u00e3o no uso de produtos qu\u00edmicos), sobre c\u00e2ncer, diabetes, press\u00e3o alta e desnutri\u00e7\u00e3o, devido \u00e0 p\u00e9ssima alimenta\u00e7\u00e3o oferecida nas prateleiras dos supermercados, repleta de alimentos ultraprocessados.<\/p>\n<p>O modelo do agroneg\u00f3cio, apesar de alardeado como \u201cmotor da economia\u201d, n\u00e3o promove soberania alimentar, n\u00e3o distribui riqueza e n\u00e3o garante vida digna no campo. Ao contr\u00e1rio, gera concentra\u00e7\u00e3o de terra e renda, destrui\u00e7\u00e3o ambiental, expuls\u00e3o das popula\u00e7\u00f5es tradicionais e campesinas, precariza\u00e7\u00e3o do trabalho rural e intoxica\u00e7\u00e3o em massa. A \u201cprodu\u00e7\u00e3o de riqueza\u201d para exporta\u00e7\u00e3o tem como contrapartida a produ\u00e7\u00e3o de mis\u00e9ria, fome e doen\u00e7a para os povos do Mato Grosso do Sul. Assim, o agroneg\u00f3cio, com seu discurso de modernidade e progresso, na pr\u00e1tica aprofunda as desigualdades hist\u00f3ricas e condena a maioria da popula\u00e7\u00e3o \u00e0 exclus\u00e3o e vulnerabilidade.<\/p>\n<p>Lutamos por reforma agr\u00e1ria popular para reduzir os pre\u00e7os dos alimentos saud\u00e1veis na mesa do povo brasileiro. Queremos combater o aquecimento global e ocupar terras para plantar \u00e1rvores, para voltar a ter \u00e1gua nas torneiras de nossas casas e poder respirar ar limpo.<\/p>\n<p>Lutamos para conquistar o direito ao <strong>TRABALHO<\/strong>. Queremos trabalhar na terra. Somos agricultores e agricultoras e sabemos como produzir alimentos livres de agrot\u00f3xicos para nos sustentar e sustentar a classe trabalhadora que mora ao nosso redor.<\/p>\n<p><strong>Movimento dos Trabalhadores Rurais Sem Terra \u2013 MST no MS<\/strong><\/p>\n<\/p>\n<p>O post <a href=\"https:\/\/mst.org.br\/2025\/04\/28\/mst-do-mato-grosso-do-sul-exige-a-reforma-agraria-popular\/\">MST do Mato Grosso do Sul exige a Reforma Agr\u00e1ria Popular<\/a> apareceu primeiro em <a href=\"https:\/\/mst.org.br\/\">MST<\/a>.<\/p>\n<!-- Begin Yuzo --><div class='yuzo_related_post style-1'  data-version='5.12.89'><!-- without result --><div class='yuzo_clearfixed yuzo__title yuzo__title'><h3>Related Post<\/h3><\/div>\n\t\t\t\t\t\t  <div class=\"relatedthumb \" style=\"width:125px;float:left;overflow:hidden;\">  \n\t\t\t\t\t\t\t  \n\t\t\t\t\t\t\t  <a  href=\"https:\/\/redept.com.br\/blogosfera\/4-deputados-paraibanos-votaram-a-favor-do-pl-da-devastacao-cabo-gilberto-pl-damiao-feliciano-uniaobr-mersinho-lucena-pp-e-romero-rodrigues-podemos\/\"  >\n\t\t\t\t\t\t\t\t\t  <div class=\"yuzo-img-wrap \" style=\"width: 125px;height:90px;\">\n\t\t\t\t\t\t\t\t\t\t\n\t\t\t\t\t\t\t\t\t\t<div class=\"yuzo-img\" style=\"background:url('https:\/\/redept.org\/blogosfera\/wp-content\/plugins\/yuzo-related-post\/assets\/images\/default.png') 50% 50% no-repeat;width: 125px;height:90px;margin-bottom: 5px;background-size: cover; \"><\/div>\n\t\t\t\t\t\t\t\t\t  <\/div>\n\t\t\t\t\t\t\t\t\t  \n\t\t\t\t\t\t\t\t   <span class=\"yuzo__text--title\" style=\"font-size:13px;\">4 deputados paraibanos votaram a favor do \u2018PL da D...<\/span>\n\t\t\t\t\t\t\t  \n\t\t\t\t\t\t\t  \n\t\t\t\t\t\t\t  <\/a>\n\n\t\t\t\t\t\t  <\/div>\n\t\t\t\t\t\t  <div class=\"relatedthumb \" style=\"width:125px;float:left;overflow:hidden;\">  \n\t\t\t\t\t\t\t  \n\t\t\t\t\t\t\t  <a  href=\"https:\/\/redept.com.br\/blogosfera\/caixa-lanca-edital-de-r-120-milhoes-para-projetos-culturais\/\"  >\n\t\t\t\t\t\t\t\t\t  <div class=\"yuzo-img-wrap \" style=\"width: 125px;height:90px;\">\n\t\t\t\t\t\t\t\t\t\t\n\t\t\t\t\t\t\t\t\t\t<div class=\"yuzo-img\" style=\"background:url('https:\/\/redept.org\/blogosfera\/wp-content\/plugins\/yuzo-related-post\/assets\/images\/default.png') 50% 50% no-repeat;width: 125px;height:90px;margin-bottom: 5px;background-size: cover; \"><\/div>\n\t\t\t\t\t\t\t\t\t  <\/div>\n\t\t\t\t\t\t\t\t\t  \n\t\t\t\t\t\t\t\t   <span class=\"yuzo__text--title\" style=\"font-size:13px;\">Caixa lan\u00e7a edital de R$ 120 milh\u00f5es para projetos...<\/span>\n\t\t\t\t\t\t\t  \n\t\t\t\t\t\t\t  \n\t\t\t\t\t\t\t  <\/a>\n\n\t\t\t\t\t\t  <\/div>\n\t\t\t\t\t\t  <div class=\"relatedthumb \" style=\"width:125px;float:left;overflow:hidden;\">  \n\t\t\t\t\t\t\t  \n\t\t\t\t\t\t\t  <a  href=\"https:\/\/redept.com.br\/blogosfera\/governo-lula-devolve-r-28-bilhoes-a-aposentados-e-pensionistas-do-inss\/\"  >\n\t\t\t\t\t\t\t\t\t  <div class=\"yuzo-img-wrap \" style=\"width: 125px;height:90px;\">\n\t\t\t\t\t\t\t\t\t\t\n\t\t\t\t\t\t\t\t\t\t<div class=\"yuzo-img\" style=\"background:url('https:\/\/redept.org\/blogosfera\/wp-content\/plugins\/yuzo-related-post\/assets\/images\/default.png') 50% 50% no-repeat;width: 125px;height:90px;margin-bottom: 5px;background-size: cover; \"><\/div>\n\t\t\t\t\t\t\t\t\t  <\/div>\n\t\t\t\t\t\t\t\t\t  \n\t\t\t\t\t\t\t\t   <span class=\"yuzo__text--title\" style=\"font-size:13px;\">Governo Lula devolve R$ 2,8 bilh\u00f5es a aposentados ...<\/span>\n\t\t\t\t\t\t\t  \n\t\t\t\t\t\t\t  \n\t\t\t\t\t\t\t  <\/a>\n\n\t\t\t\t\t\t  <\/div>\n\t\t\t\t\t\t  <div class=\"relatedthumb \" style=\"width:125px;float:left;overflow:hidden;\">  \n\t\t\t\t\t\t\t  \n\t\t\t\t\t\t\t  <a  href=\"https:\/\/redept.com.br\/blogosfera\/israel-continua-operacao-militar-na-cisjordania-e-mata-tres-palestinos\/\"  >\n\t\t\t\t\t\t\t\t\t  <div class=\"yuzo-img-wrap \" style=\"width: 125px;height:90px;\">\n\t\t\t\t\t\t\t\t\t\t\n\t\t\t\t\t\t\t\t\t\t<div class=\"yuzo-img\" style=\"background:url('https:\/\/redept.com.br\/blogosfera\/wp-content\/uploads\/2025\/03\/glxlxjbwkaapzaq-150x150.jpg') 50% 50% no-repeat;width: 125px;height:90px;margin-bottom: 5px;background-size: cover; \"><\/div>\n\t\t\t\t\t\t\t\t\t  <\/div>\n\t\t\t\t\t\t\t\t\t  \n\t\t\t\t\t\t\t\t   <span class=\"yuzo__text--title\" style=\"font-size:13px;\">Israel continua opera\u00e7\u00e3o militar na Cisjord\u00e2nia e ...<\/span>\n\t\t\t\t\t\t\t  \n\t\t\t\t\t\t\t  \n\t\t\t\t\t\t\t  <\/a>\n\n\t\t\t\t\t\t  <\/div>\n<\/div> <script>\n\t\t\t\t\t\t  jQuery(document).ready(function( $ ){\n\t\t\t\t\t\t\t\/\/jQuery('.yuzo_related_post').equalizer({ overflow : 'relatedthumb' });\n\t\t\t\t\t\t\tjQuery('.yuzo_related_post .yuzo_wraps').equalizer({ columns : '> div' });\n\t\t\t\t\t\t   })\n\t\t\t\t\t\t  <\/script> <!-- End Yuzo :) -->","protected":false},"excerpt":{"rendered":"<p>Foto: Comunica\u00e7\u00e3o do MST em MS Da P\u00e1gina do MST O MST do Mato Grosso do Sul completa tr\u00eas dias de intensas lutas na ocupa\u00e7\u00e3o da fazenda abandonada pela JBS h\u00e1 12 anos; na ocupa\u00e7\u00e3o da Superintend\u00eancia do INCRA em Campo Grande; trancamento das rodovias federais BR-164 (que liga Ponta Por\u00e3 ao Distrito de Itamaraty) [&hellip;]<\/p>\n","protected":false},"author":2,"featured_media":24303,"comment_status":"open","ping_status":"closed","sticky":false,"template":"","format":"standard","meta":{"fifu_image_url":"","fifu_image_alt":"","footnotes":""},"categories":[305,759,191,182,200],"tags":[],"class_list":["post-24302","post","type-post","status-publish","format-standard","has-post-thumbnail","hentry","category-lutas-e-mobilizacoes","category-mato-grosso-do-sul","category-noticias","category-ocupacao","category-reforma-agraria-popular"],"_links":{"self":[{"href":"https:\/\/redept.com.br\/blogosfera\/wp-json\/wp\/v2\/posts\/24302","targetHints":{"allow":["GET"]}}],"collection":[{"href":"https:\/\/redept.com.br\/blogosfera\/wp-json\/wp\/v2\/posts"}],"about":[{"href":"https:\/\/redept.com.br\/blogosfera\/wp-json\/wp\/v2\/types\/post"}],"author":[{"embeddable":true,"href":"https:\/\/redept.com.br\/blogosfera\/wp-json\/wp\/v2\/users\/2"}],"replies":[{"embeddable":true,"href":"https:\/\/redept.com.br\/blogosfera\/wp-json\/wp\/v2\/comments?post=24302"}],"version-history":[{"count":0,"href":"https:\/\/redept.com.br\/blogosfera\/wp-json\/wp\/v2\/posts\/24302\/revisions"}],"wp:featuredmedia":[{"embeddable":true,"href":"https:\/\/redept.com.br\/blogosfera\/wp-json\/wp\/v2\/media\/24303"}],"wp:attachment":[{"href":"https:\/\/redept.com.br\/blogosfera\/wp-json\/wp\/v2\/media?parent=24302"}],"wp:term":[{"taxonomy":"category","embeddable":true,"href":"https:\/\/redept.com.br\/blogosfera\/wp-json\/wp\/v2\/categories?post=24302"},{"taxonomy":"post_tag","embeddable":true,"href":"https:\/\/redept.com.br\/blogosfera\/wp-json\/wp\/v2\/tags?post=24302"}],"curies":[{"name":"wp","href":"https:\/\/api.w.org\/{rel}","templated":true}]}}