{"id":24329,"date":"2025-04-28T12:17:29","date_gmt":"2025-04-28T15:17:29","guid":{"rendered":"https:\/\/redept.org\/blogosfera\/dialogos-e-acoes-para-saida-das-cavernas\/"},"modified":"2025-04-28T12:17:29","modified_gmt":"2025-04-28T15:17:29","slug":"dialogos-e-acoes-para-saida-das-cavernas","status":"publish","type":"post","link":"https:\/\/redept.com.br\/blogosfera\/dialogos-e-acoes-para-saida-das-cavernas\/","title":{"rendered":"Di\u00e1logos e a\u00e7\u00f5es para sa\u00edda das cavernas"},"content":{"rendered":"<p><img fetchpriority=\"high\" width=\"1024\" height=\"707\"src=\"https:\/\/redept.org\/blogosfera\/wp-content\/uploads\/2025\/04\/arte-mihai-caula.png\" alt=\"\" decoding=\"async\" srcset=\"https:\/\/vermelho.org.br\/wp-content\/uploads\/2025\/04\/arte-mihai-caula-1024x707.png 1024w, https:\/\/vermelho.org.br\/wp-content\/uploads\/2025\/04\/arte-mihai-caula-300x207.png 300w, https:\/\/vermelho.org.br\/wp-content\/uploads\/2025\/04\/arte-mihai-caula-768x530.png 768w, https:\/\/redept.org\/blogosfera\/wp-content\/uploads\/2025\/04\/arte-mihai-caula.png 1200w\" sizes=\"(max-width: 1024px) 100vw, 1024px\"><\/p>\n<p>Escrever \u00e9 um ato pol\u00edtico, \u00e9 um ato de tornar-se, pois ao escrever nos tornamos narradoras e escritoras da pr\u00f3pria hist\u00f3ria. O escrever pode ser um ato de descoloniza\u00e7\u00e3o, justamente nesse processo quando deixamos de ser objeto e nos tornamos sujeitos. Essa inspira\u00e7\u00e3o de pensar objeto para sujeito, segundo\u00a0<strong><a href=\"https:\/\/www.ufrb.edu.br\/ppgcom\/images\/MEMORIAS_DA_PLANTACAO_-_EPISODIOS_DE_RAC_1_GRADA.pdf\" target=\"_blank\" rel=\"noreferrer noopener\">Grada Kilomba<\/a>\u00a0(<\/strong>2019), vem dos escritos de\u00a0<strong><a href=\"https:\/\/www.amazon.com.br\/Erguer-Voz-V%C3%A1rios-Autores\/dp\/859311525X\" target=\"_blank\" rel=\"noreferrer noopener\">Bell Hooks<\/a><\/strong>\u00a0(1989), o falar com a pr\u00f3pria boca, o escrever com as pr\u00f3prias palavras, seguir na resist\u00eancia e na luta.<\/p>\n<p>O Capital de Marx \u00e9 escrito para desmontar o castelo de ilus\u00f5es, a come\u00e7ar do mais bem guardado segredo do capitalismo, a mais valia. A mercadoria for\u00e7a de trabalho cria mais valor do que o que ela vale, o(a) oper\u00e1rio(a) trabalha parte do tempo para produzir seu sal\u00e1rio, mas outra parte do dia \u00e9 gratuita, nesta parte ele(a) trabalha apenas para o patr\u00e3o.<\/p>\n<p>O novo valor surge no ch\u00e3o de f\u00e1brica, na produ\u00e7\u00e3o, quando o patr\u00e3o paga por 4 horas, mas recebe mais 3 ou 4 de gra\u00e7a. No total, o(a) oper\u00e1rio(a) \u00e9 quem cria toda a riqueza, a come\u00e7ar pelo seu sal\u00e1rio e pelas mercadorias-extras que o patr\u00e3o vai vender.<\/p>\n<p>Marx afirma no final do cap\u00edtulo IV do Livro I que a fisionomia dos personagens do drama se transforma. Atr\u00e1s do capitalista sorridente vai o(a) trabalhador(a), contrariado(a) por perceber que est\u00e1 levando sua pele ao curtume (<a href=\"https:\/\/www.marxists.org\/portugues\/ostrovitianov\/1959\/manual\/04.htm\">MARX<\/a>, 1983, I, 145).<\/p>\n<p>O pr\u00f3prio autor est\u00e1 afirmando que sua obra \u00e9 o drama ao qual est\u00e3o submetidos(as) todos(as) os(as) personagens, especialmente aqueles(as) que s\u00e3o obrigados(as) a vender a sua for\u00e7a de trabalho no mercado por n\u00e3o ter outra mercadoria a vender.<\/p>\n<p>A obra-prima de Marx vai mostrar que o capitalismo, com sua produ\u00e7\u00e3o de riqueza, se assenta na explora\u00e7\u00e3o do trabalho humano e \u00e9 portador de grandes contradi\u00e7\u00f5es, o que o torna um sistema sem futuro e sujeito a crises inevit\u00e1veis. Isso vai sendo estabelecido \u00e0 medida que Marx desvenda as leis de funcionamento do capitalismo, e situa a explora\u00e7\u00e3o do(a) trabalhador(a) como \u00fanica fonte da riqueza capitalista.<\/p>\n<p>A obra O Capital \u00e9 a cr\u00edtica do fundamento econ\u00f4mico do capitalismo e dessa forma, legitima, fornece subst\u00e2ncia cient\u00edfica e objetiva, sendo, assim, uma ferramenta pol\u00edtica da revolu\u00e7\u00e3o prolet\u00e1ria. A compreens\u00e3o sistem\u00e1tica de O Capital s\u00f3 pode ser alcan\u00e7ada mediante uma an\u00e1lise de seu m\u00e9todo.<\/p>\n<p>A exposi\u00e7\u00e3o desenvolvida por Marx \u00e9 completamente estranha ao m\u00e9todo aplicado pelos economistas cl\u00e1ssicos. O Capital n\u00e3o deve ser compreendido apenas como uma obra de Economia Pol\u00edtica, mas sim, como uma obra filos\u00f3fica, \u00e0 luz da filosofia de Hegel e da tradi\u00e7\u00e3o dial\u00e9tica, nascida entre os fil\u00f3sofos gregos da antiguidade.<\/p>\n<p>O m\u00e9todo de avan\u00e7ar do abstrato para o concreto, ou seja, de tratar o concreto, a totalidade hist\u00f3rica, a partir de suas determina\u00e7\u00f5es mais abstratas e simples, era para Marx, o m\u00e9todo correto.<\/p>\n<p>O movimento pode ser denominado como do abstrato ao concreto, da apar\u00eancia \u00e0 ess\u00eancia. Assim, o conceito de capital \u00e9 desenvolvido a partir de suas formas mais simples e aparentes, avan\u00e7ando para as formas mais complexas e concretas.<\/p>\n<p>O percurso de O Capital pode ser compreendido como um caminho no qual Marx vai desmistificando v\u00e1rios mitos e ilus\u00f5es da sociedade burguesa, combatendo a Economia Pol\u00edtica e revelando as contradi\u00e7\u00f5es inerentes ao capital. Superando as formas aparentes e abstratas, a exposi\u00e7\u00e3o segue crescendo em determina\u00e7\u00e3o e revelando os pressupostos hist\u00f3ricos, sociais, pol\u00edticos e econ\u00f4micos da sociedade produtora de mercadorias.<\/p>\n<p>A ordem do discurso em O Capital \u00e9 rigorosa e bem delimitada, constituindo um todo articulado que ao mesmo tempo em que desenvolve o conceito de capital, traz a sua negatividade. A exposi\u00e7\u00e3o dial\u00e9tica parte das formas aparentes, apenas para abandon\u00e1-las em seguida. Afirma-se num primeiro momento, apenas para negar num segundo e, assim, progredir na supera\u00e7\u00e3o das ilus\u00f5es, desmistificando e revelando as contradi\u00e7\u00f5es do capital.<\/p>\n<p><strong>As lutas para sair da caverna<\/strong><\/p>\n<p>Lutamos pela organiza\u00e7\u00e3o de um processo coletivo de \u201csa\u00edda da caverna\u201d, este \u00e9 um dos grandes desafios da classe trabalhadora, de cada um e cada uma de n\u00f3s. Fica n\u00edtido que n\u00e3o h\u00e1 outra maneira de superar todas as ilus\u00f5es deste modo de produ\u00e7\u00e3o a n\u00e3o ser atrav\u00e9s da pr\u00f3pria luta de classes, pelo enfrentamento entre as classes, enfrentamento em torno da extens\u00e3o da jornada de trabalho (cap\u00edtulo VIII), da intensidade do trabalho (cap\u00edtulo XII) e da magnitude do sal\u00e1rio (cap\u00edtulos XVII a XX), todos diretamente relacionados \u00e0 magnitude da mais-valia, embora estes enfrentamentos representem apenas momentos da constru\u00e7\u00e3o das condi\u00e7\u00f5es subjetivas da revolu\u00e7\u00e3o.<\/p>\n<p>Na quadra pol\u00edtica em que vivemos, o acirramento da luta de classes se apresenta na fase mais aguda da crise estrutural do capitalismo, tendo a barb\u00e1rie, a misoginia, o racismo estrutural, a LGBTfobia e a viol\u00eancia institucional como regra na organiza\u00e7\u00e3o do Estado.<\/p>\n<p>O capitalismo neoliberal aprofunda as desigualdades sociais, a divis\u00e3o social e sexual do trabalho, precariza o trabalho, aumenta a aliena\u00e7\u00e3o e a opress\u00e3o de uma classe sobre a outra.<\/p>\n<p>Os valores dessa sociedade s\u00e3o a mercadoria, o lucro e o trabalho at\u00e9 o esgotamento f\u00edsico e mental, gerando mulheres e homens infelizes, doentes, oprimidos(as) e sem possibilidade de sonhar e ser feliz no seu conv\u00edvio familiar.<\/p>\n<p><strong>\u00a0As pautas hist\u00f3ricas e as protagonistas na luta!<\/strong><\/p>\n<p><strong>\u00a0<\/strong>A Lei de Igualdade Salarial entre Homens e Mulheres (Lei 14.611\/2023) foi promulgada em novembro de 2023, mas os efeitos s\u00f3 come\u00e7aram a aparecer em 2024, com a divulga\u00e7\u00e3o do primeiro Relat\u00f3rio de Transpar\u00eancia Salarial, obrigat\u00f3rio para empresas com 100 ou mais empregados(as).<\/p>\n<p>A jornada semanal de trabalho remunerado masculina excede a feminina em 4,3 horas, enquanto a jornada de trabalhos n\u00e3o remunerados feminina supera a masculina em quase 10 horas.<\/p>\n<p>Em um ano, as mulheres gastam 499 horas (ou, 21 dias) a mais do que os homens em afazeres dom\u00e9sticos.\u00a0 Fica evidente a necessidade de pol\u00edticas p\u00fablicas voltadas para a redistribui\u00e7\u00e3o dos trabalhos dom\u00e9sticos n\u00e3o remunerados, como, por exemplo, a extens\u00e3o da licen\u00e7a-paternidade e a amplia\u00e7\u00e3o da oferta de creches p\u00fablicas.<\/p>\n<p>A redu\u00e7\u00e3o da jornada de trabalho \u00e9 uma bandeira hist\u00f3rica da classe trabalhadora, \u00e9 uma luta estrat\u00e9gica contra a explora\u00e7\u00e3o e precariza\u00e7\u00e3o do trabalho.<\/p>\n<p>A deputada Erica Hilton (PSOL), protocolou uma Proposta de Emenda \u00e0 Constitui\u00e7\u00e3o (PEC) que quer colocar fim \u00e0 escala de trabalho 6X1, que carrega marcas de g\u00eanero, ra\u00e7a e classe, afetando especialmente as(os) trabalhadoras(es) em condi\u00e7\u00f5es mais prec\u00e1rias e com remunera\u00e7\u00f5es mais baixas, que majoritariamente s\u00e3o mulheres negras e perif\u00e9ricas. Essas mulheres, ainda sobrecarregadas com o trabalho dom\u00e9stico e de cuidado familiar, s\u00e3o privadas de descanso, qualifica\u00e7\u00e3o profissional, lazer, educa\u00e7\u00e3o e autocuidado. Precisamos dar um fim a toda a l\u00f3gica de trabalho que n\u00e3o garante a trabalhadores e trabalhadoras tempo de descanso, estudo e conv\u00edvio social.<\/p>\n<p>A deputada federal Daiana Santos (PCdoB), protocolou o PL 67\/2025 que prev\u00ea a redu\u00e7\u00e3o da jornada de trabalho para 40 horas semanais e garante dois dias consecutivos de descanso remunerado. Trabalhadoras\/es brasileiras\/os t\u00eam jornadas mais longas do que em pa\u00edses como Canad\u00e1 (32h), Alemanha (34h), Reino Unido (36h), e Argentina (37h). Este projeto de lei \u00e9 fundamental para todas e todos trabalhadoras\/es, mas um grande avan\u00e7o para a vida das mulheres que vivem sobrecarregadas, com cansa\u00e7o extremo, vivendo sem tempo para a fam\u00edlia, para cuidar da sua sa\u00fade f\u00edsica e mental, sem tempo de sonhar, amar e ser feliz.<\/p>\n<p>Mulheres negras e n\u00e3o negras continuam sendo as mais desempregadas e precarizadas segundo dados do DIEESE (Boletim Especial 8 de mar\u00e7o de 2025: Mulher chefia mais domic\u00edlios, mas segue com menos direitos e oportunidades no trabalho \u2013 Departamento Intersindical de Estat\u00edstica e Estudos Socioecon\u00f4micos). Os bons resultados do mercado de trabalho, devido ao crescimento de 3,5% do PIB, est\u00e3o expressos na cria\u00e7\u00e3o de 1,7 milh\u00e3o de empregos com carteira, na queda do desemprego e no aumento recorde da massa salarial.<\/p>\n<p>Apesar desse cen\u00e1rio positivo, as desigualdades entre mulheres e homens no mercado de trabalho permanecem inabal\u00e1veis. As mulheres continuam com as maiores taxas de desemprego, os menores sal\u00e1rios e ainda acumulam tarefas dom\u00e9sticas, incluindo atividades relacionadas aos cuidados de outras pessoas, atribui\u00e7\u00e3o que muitas ainda realizam al\u00e9m dos limites dos pr\u00f3prios lares, como trabalho remunerado.<\/p>\n<p>Segundo\u00a0<strong><a href=\"https:\/\/www.amazon.com.br\/Escritos-Uma-Vida-Sueli-Carneiro\/dp\/8598349771\" target=\"_blank\" rel=\"noreferrer noopener\">Sueli Carneiro<\/a><\/strong>\u00a0(2019, p. 56), \u201cA mulher negra n\u00e3o participa do processo produtivo em igualdade de condi\u00e7\u00f5es com homens brancos, negros, amarelos, e mulheres brancas e amarelas\u201d. Situa-se, assim, na base da hierarquia social; por esse motivo, \u00e9 a mais penalizada tanto em rela\u00e7\u00e3o a oportunidades, quanto \u00e0 mobilidade na estrutura ocupacional.<\/p>\n<p>Para\u00a0<strong><a href=\"https:\/\/blogdaboitempo.com.br\/wp-content\/uploads\/2019\/12\/minilivroboitempo_patricia-hill-collins.pdf\" target=\"_blank\" rel=\"noreferrer noopener\">Patr\u00edcia Collins<\/a><\/strong>\u00a0(2019), uma das dimens\u00f5es da opress\u00e3o de mulheres negras \u00e9 a forma espec\u00edfica com que o trabalho dessas mulheres \u00e9 historicamente explorado para a constru\u00e7\u00e3o e manuten\u00e7\u00e3o do capitalismo. A autora traz que a interseccionalidade \u00e9, ao mesmo tempo, um conceito anal\u00edtico de \u201cprojeto de conhecimento\u201d e um instrumento de luta pol\u00edtica, no combate \u00e0s opress\u00f5es m\u00faltiplas e imbricadas, com vistas \u00e0 emancipa\u00e7\u00e3o.<\/p>\n<p>Segundo\u00a0<strong><a href=\"https:\/\/www.amazon.com.br\/As-Faces-Feminismo-Loreta-Valadares\/dp\/8572770704\" target=\"_blank\" rel=\"noreferrer noopener\">Loreta Valadares (2007<\/a><\/strong>), \u00e9 fundamental compreendermos que a necessidade da luta contra a opress\u00e3o de g\u00eanero se insere na luta contra todos os elos de opress\u00e3o e pela conquista de uma sociedade radicalmente nova, sem qualquer tipo de discrimina\u00e7\u00e3o: de g\u00eanero, de identidade de g\u00eanero, de orienta\u00e7\u00e3o sexual, de ra\u00e7a e de classe.<\/p>\n<p>Fazermos o entrela\u00e7amento de classe, g\u00eanero, identidade de g\u00eanero, orienta\u00e7\u00e3o sexual e ra\u00e7a, faz parte dos ensinamentos de Loreta, quando disse para irmos aonde ela n\u00e3o foi, pois lhe faltou tempo.<\/p>\n<p>J\u00e1 avan\u00e7amos, mas temos muito que avan\u00e7ar.<br \/>Viva a luta da classe trabalhadora!<br \/>Viva a luta pela vida de todas as mulheres!<\/p>\n<p>__<\/p>\n<p>O post <a href=\"https:\/\/vermelho.org.br\/2025\/04\/28\/dialogos-e-acoes-para-saida-das-cavernas\/\">Di\u00e1logos e a\u00e7\u00f5es para sa\u00edda das cavernas<\/a> apareceu primeiro em <a href=\"https:\/\/vermelho.org.br\/\">Vermelho<\/a>.<\/p>\n<!-- Begin Yuzo --><div class='yuzo_related_post style-1'  data-version='5.12.89'><!-- without result --><div class='yuzo_clearfixed yuzo__title yuzo__title'><h3>Related Post<\/h3><\/div>\n\t\t\t\t\t\t  <div class=\"relatedthumb \" style=\"width:125px;float:left;overflow:hidden;\">  \n\t\t\t\t\t\t\t  \n\t\t\t\t\t\t\t  <a  href=\"https:\/\/redept.com.br\/blogosfera\/ministerio-emite-alerta-para-azeites-fraudados-saiba-quais-marcas\/\"  >\n\t\t\t\t\t\t\t\t\t  <div class=\"yuzo-img-wrap \" style=\"width: 125px;height:90px;\">\n\t\t\t\t\t\t\t\t\t\t\n\t\t\t\t\t\t\t\t\t\t<div class=\"yuzo-img\" style=\"background:url('https:\/\/redept.com.br\/blogosfera\/wp-content\/uploads\/2025\/11\/Ministerio-da-Agricultura-e-Pecuaria-Mapa-divulga-lista-de-azeites-improprios-para-consumo-150x150.jpg') 50% 50% no-repeat;width: 125px;height:90px;margin-bottom: 5px;background-size: cover; \"><\/div>\n\t\t\t\t\t\t\t\t\t  <\/div>\n\t\t\t\t\t\t\t\t\t  \n\t\t\t\t\t\t\t\t   <span class=\"yuzo__text--title\" style=\"font-size:13px;\">Minist\u00e9rio emite alerta para azeites fraudados; sa...<\/span>\n\t\t\t\t\t\t\t  \n\t\t\t\t\t\t\t  \n\t\t\t\t\t\t\t  <\/a>\n\n\t\t\t\t\t\t  <\/div>\n\t\t\t\t\t\t  <div class=\"relatedthumb \" style=\"width:125px;float:left;overflow:hidden;\">  \n\t\t\t\t\t\t\t  \n\t\t\t\t\t\t\t  <a  href=\"https:\/\/redept.com.br\/blogosfera\/lula-lidera-todos-os-cenarios-eleitorais-para-2026-em-nova-pesquisa-quaest\/\"  >\n\t\t\t\t\t\t\t\t\t  <div class=\"yuzo-img-wrap \" style=\"width: 125px;height:90px;\">\n\t\t\t\t\t\t\t\t\t\t\n\t\t\t\t\t\t\t\t\t\t<div class=\"yuzo-img\" style=\"background:url('https:\/\/redept.org\/blogosfera\/wp-content\/plugins\/yuzo-related-post\/assets\/images\/default.png') 50% 50% no-repeat;width: 125px;height:90px;margin-bottom: 5px;background-size: cover; \"><\/div>\n\t\t\t\t\t\t\t\t\t  <\/div>\n\t\t\t\t\t\t\t\t\t  \n\t\t\t\t\t\t\t\t   <span class=\"yuzo__text--title\" style=\"font-size:13px;\">Lula lidera todos os cen\u00e1rios eleitorais para 2026...<\/span>\n\t\t\t\t\t\t\t  \n\t\t\t\t\t\t\t  \n\t\t\t\t\t\t\t  <\/a>\n\n\t\t\t\t\t\t  <\/div>\n\t\t\t\t\t\t  <div class=\"relatedthumb \" style=\"width:125px;float:left;overflow:hidden;\">  \n\t\t\t\t\t\t\t  \n\t\t\t\t\t\t\t  <a  href=\"https:\/\/redept.com.br\/blogosfera\/a-policia-sozinha-nao-vai-diminuir-os-feminicidios-no-rs\/\"  >\n\t\t\t\t\t\t\t\t\t  <div class=\"yuzo-img-wrap \" style=\"width: 125px;height:90px;\">\n\t\t\t\t\t\t\t\t\t\t\n\t\t\t\t\t\t\t\t\t\t<div class=\"yuzo-img\" style=\"background:url('https:\/\/redept.org\/blogosfera\/wp-content\/plugins\/yuzo-related-post\/assets\/images\/default.png') 50% 50% no-repeat;width: 125px;height:90px;margin-bottom: 5px;background-size: cover; \"><\/div>\n\t\t\t\t\t\t\t\t\t  <\/div>\n\t\t\t\t\t\t\t\t\t  \n\t\t\t\t\t\t\t\t   <span class=\"yuzo__text--title\" style=\"font-size:13px;\">A pol\u00edcia sozinha n\u00e3o vai diminuir os feminic\u00eddios...<\/span>\n\t\t\t\t\t\t\t  \n\t\t\t\t\t\t\t  \n\t\t\t\t\t\t\t  <\/a>\n\n\t\t\t\t\t\t  <\/div>\n\t\t\t\t\t\t  <div class=\"relatedthumb \" style=\"width:125px;float:left;overflow:hidden;\">  \n\t\t\t\t\t\t\t  \n\t\t\t\t\t\t\t  <a  href=\"https:\/\/redept.com.br\/blogosfera\/ao-lado-de-lula-motta-defende-pauta-positiva-e-alcolumbre-quer-apoiar-pautas-do-governo\/\"  >\n\t\t\t\t\t\t\t\t\t  <div class=\"yuzo-img-wrap \" style=\"width: 125px;height:90px;\">\n\t\t\t\t\t\t\t\t\t\t\n\t\t\t\t\t\t\t\t\t\t<div class=\"yuzo-img\" style=\"background:url('https:\/\/redept.org\/blogosfera\/wp-content\/plugins\/yuzo-related-post\/assets\/images\/default.png') 50% 50% no-repeat;width: 125px;height:90px;margin-bottom: 5px;background-size: cover; \"><\/div>\n\t\t\t\t\t\t\t\t\t  <\/div>\n\t\t\t\t\t\t\t\t\t  \n\t\t\t\t\t\t\t\t   <span class=\"yuzo__text--title\" style=\"font-size:13px;\">Ao lado de Lula, Motta defende \u2018pauta positi...<\/span>\n\t\t\t\t\t\t\t  \n\t\t\t\t\t\t\t  \n\t\t\t\t\t\t\t  <\/a>\n\n\t\t\t\t\t\t  <\/div>\n<\/div> <script>\n\t\t\t\t\t\t  jQuery(document).ready(function( $ ){\n\t\t\t\t\t\t\t\/\/jQuery('.yuzo_related_post').equalizer({ overflow : 'relatedthumb' });\n\t\t\t\t\t\t\tjQuery('.yuzo_related_post .yuzo_wraps').equalizer({ columns : '> div' });\n\t\t\t\t\t\t   })\n\t\t\t\t\t\t  <\/script> <!-- End Yuzo :) -->","protected":false},"excerpt":{"rendered":"<p>Escrever \u00e9 um ato pol\u00edtico, \u00e9 um ato de tornar-se, pois ao escrever nos tornamos narradoras e escritoras da pr\u00f3pria hist\u00f3ria. O escrever pode ser um ato de descoloniza\u00e7\u00e3o, justamente nesse processo quando deixamos de ser objeto e nos tornamos sujeitos. Essa inspira\u00e7\u00e3o de pensar objeto para sujeito, segundo\u00a0Grada Kilomba\u00a0(2019), vem dos escritos de\u00a0Bell Hooks\u00a0(1989), [&hellip;]<\/p>\n","protected":false},"author":2,"featured_media":24330,"comment_status":"closed","ping_status":"closed","sticky":false,"template":"","format":"standard","meta":{"fifu_image_url":"","fifu_image_alt":"","footnotes":""},"categories":[978,5300,1948,1368,5301,2267,132],"tags":[],"class_list":["post-24329","post","type-post","status-publish","format-standard","has-post-thumbnail","hentry","category-capitalismo","category-desigualdade-salarial","category-jornada-de-trabalho","category-luta-de-classes","category-mais-valia","category-mulheres-negras","category-politica"],"_links":{"self":[{"href":"https:\/\/redept.com.br\/blogosfera\/wp-json\/wp\/v2\/posts\/24329","targetHints":{"allow":["GET"]}}],"collection":[{"href":"https:\/\/redept.com.br\/blogosfera\/wp-json\/wp\/v2\/posts"}],"about":[{"href":"https:\/\/redept.com.br\/blogosfera\/wp-json\/wp\/v2\/types\/post"}],"author":[{"embeddable":true,"href":"https:\/\/redept.com.br\/blogosfera\/wp-json\/wp\/v2\/users\/2"}],"replies":[{"embeddable":true,"href":"https:\/\/redept.com.br\/blogosfera\/wp-json\/wp\/v2\/comments?post=24329"}],"version-history":[{"count":0,"href":"https:\/\/redept.com.br\/blogosfera\/wp-json\/wp\/v2\/posts\/24329\/revisions"}],"wp:featuredmedia":[{"embeddable":true,"href":"https:\/\/redept.com.br\/blogosfera\/wp-json\/wp\/v2\/media\/24330"}],"wp:attachment":[{"href":"https:\/\/redept.com.br\/blogosfera\/wp-json\/wp\/v2\/media?parent=24329"}],"wp:term":[{"taxonomy":"category","embeddable":true,"href":"https:\/\/redept.com.br\/blogosfera\/wp-json\/wp\/v2\/categories?post=24329"},{"taxonomy":"post_tag","embeddable":true,"href":"https:\/\/redept.com.br\/blogosfera\/wp-json\/wp\/v2\/tags?post=24329"}],"curies":[{"name":"wp","href":"https:\/\/api.w.org\/{rel}","templated":true}]}}