{"id":24517,"date":"2025-04-29T10:06:02","date_gmt":"2025-04-29T13:06:02","guid":{"rendered":"https:\/\/redept.org\/blogosfera\/trabalhadores-de-santo-andre-fazem-paralisacao-pedindo-reajuste-salarial\/"},"modified":"2025-04-29T10:06:02","modified_gmt":"2025-04-29T13:06:02","slug":"trabalhadores-de-santo-andre-fazem-paralisacao-pedindo-reajuste-salarial","status":"publish","type":"post","link":"https:\/\/redept.com.br\/blogosfera\/trabalhadores-de-santo-andre-fazem-paralisacao-pedindo-reajuste-salarial\/","title":{"rendered":"Trabalhadores de Santo Andr\u00e9 fazem paralisa\u00e7\u00e3o pedindo reajuste salarial"},"content":{"rendered":"<p>Trabalhadores de Santo Andr\u00e9 que atuam em unidades escolares, UPAs, refeit\u00f3rios da CRAISA, FACON, Bet\u00e2nia e SOSP se organizam em paralisa\u00e7\u00e3o nesta ter\u00e7a-feira (29). Os funcion\u00e1rios p\u00fablicos reivindicam ajuste salarial acima da infla\u00e7\u00e3o e rejeitam proposta \u00ednfima feita pela administra\u00e7\u00e3o do munic\u00edpio. Saiba mais na <a href=\"https:\/\/tvtnews.com.br\/\" data-type=\"page\" data-id=\"733503\">TVT News<\/a>.<\/p>\n<\/p>\n<h3>Reajuste em Santo Andr\u00e9<\/h3>\n<\/p>\n<p>A prefeitura apresentou um reajuste parcelado em duas vezes que totaliza 4%: 2% em abril e 2% em novembro.<\/p>\n<p>Em assembleia dos servidores ativos e aposentados, realizada no \u00faltima quarta-feira (23), os trabalhadores rejeitaram a proposta e aprovaram uma paralisa\u00e7\u00e3o para esta ter\u00e7a-feira (29). O Sindserv protocolou, na quinta-feira (24), um of\u00edcio na Prefeitura comunicando a decis\u00e3o da assembleia sobre a paralisa\u00e7\u00e3o.<\/p>\n<p>Em publica\u00e7\u00e3o do Sindserv, os trabalhadores comunicam que \u201cessa contraproposta da PSA \u00e9 um desrespeito e n\u00e3o representa a valoriza\u00e7\u00e3o, porque n\u00e3o rep\u00f5e as perdas salariais\u201d. <\/p>\n<p>Os trabalhadores ressaltaram que o atual sal\u00e1rio n\u00e3o \u00e9 suficiente para suprir as necessidades diante do aumento dos alimentos, alugu\u00e9is e transporte. <\/p>\n<p>A categoria reivindica 16,14% de reajuste, \u00edndice calculado pelo Dieese (Departamento Intersindical de Estat\u00edstica e Estudos Socioecon\u00f4micos). Esse percentual contempla: 5,60% de reposi\u00e7\u00e3o da infla\u00e7\u00e3o acumulada no per\u00edodo da data-base (abril), e 13,9% para recomposi\u00e7\u00e3o do poder de compra dos sal\u00e1rios.<\/p>\n<figure>\n<div>\n<blockquote data-secret=\"kg6v3hj3P7\"><p><a href=\"https:\/\/tvtnews.com.br\/lula-centrais-sindicais-terca-29-classe-brasilia\/\">Lula receber\u00e1 centrais sindicais na ter\u00e7a-feira (29), ap\u00f3s Marcha Nacional da Classe Trabalhadora<\/a><\/p><\/blockquote>\n<\/div>\n<\/figure>\n<p>\u201cSanto Andr\u00e9 vai parar no dia 29 de abril. Vamos juntos mostrar a nossa for\u00e7a! \u00c9 essencial a participa\u00e7\u00e3o de todos no nosso ato e paralisa\u00e7\u00e3o.Estamos lutando por um sal\u00e1rio digno, por condi\u00e7\u00f5es decentes de trabalho em defesa de um servi\u00e7o p\u00fablico digno para popula\u00e7\u00e3o andreense. Quem cuida de Santo Andr\u00e9 somos n\u00f3s\u201d, destaca Durval Ludovico, Representante Legal do Sindicato.<\/p>\n<\/p>\n<h3>Caixa financeiro do munic\u00edpio<\/h3>\n<\/p>\n<p>De acordo com o sindicato, a cidade de Santo Andr\u00e9 possui recursos e margem fiscal suficiente para ampliar os gastos com pessoal, conforme determina a Lei de Responsabilidade Fiscal (LRF).<\/p>\n<p>Segundo dados do 3\u00ba quadrimestre de 2024, a despesa total representa 45% da Receita Corrente L\u00edquida, bem abaixo do limite da LRF, que \u00e9 de 51,3%. Ou seja: n\u00e3o h\u00e1 impedimento legal para um reajuste salarial digno acima da infla\u00e7\u00e3o.<\/p>\n<\/p>\n<p>Os trabalhadores de Santo Andr\u00e9 est\u00e3o distribuindo os informativos: <em>Carta Aberta \u00e0 Popula\u00e7\u00e3o: Quem cuida de Santo Andr\u00e9 somos n\u00f3s<\/em>. No material h\u00e1 informa\u00e7\u00f5es sobre as dificuldades enfrentadas pela classe. Veja:<\/p>\n<\/p>\n<figure><img fetchpriority=\"high\" fetchpriority=\"high\" decoding=\"async\" width=\"733\" height=\"1024\"src=\"https:\/\/redept.org\/blogosfera\/wp-content\/uploads\/2025\/04\/carta-a-populacao-santo-andre.jpeg\" alt=\"trabalhadores-de-santo-andre-fazem-paralisacao-pedindo-reajuste-salarial-carta-a-populacao-de-santo-andre-feita-pelos-servidores-publicos-imagem-sindserv-reproducao-tvt-news\" title=\"Trabalhadores de Santo Andr\u00e9 fazem paralisa\u00e7\u00e3o pedindo reajuste salarial 1\" srcset=\"https:\/\/tvtnews.com.br\/wp-content\/uploads\/2025\/04\/carta-a-populacao-santo-andre-733x1024.jpeg 733w, https:\/\/tvtnews.com.br\/wp-content\/uploads\/2025\/04\/carta-a-populacao-santo-andre-215x300.jpeg 215w, https:\/\/tvtnews.com.br\/wp-content\/uploads\/2025\/04\/carta-a-populacao-santo-andre-768x1072.jpeg 768w, https:\/\/tvtnews.com.br\/wp-content\/uploads\/2025\/04\/carta-a-populacao-santo-andre-1100x1536.jpeg 1100w, https:\/\/redept.org\/blogosfera\/wp-content\/uploads\/2025\/04\/carta-a-populacao-santo-andre.jpeg 1146w\" sizes=\"(max-width: 733px) 100vw, 733px\"><figcaption>Carta a popula\u00e7\u00e3o de Santo Andr\u00e9 feita pelos servidores p\u00fablicos. Imagem: Sindserv\/Reprodu\u00e7\u00e3o<\/figcaption><\/figure>\n<\/p>\n<p>Com informa\u00e7\u00f5es do <a href=\"https:\/\/sindservsantoandre.org\/noticia\/3625\/participe-do-ato-publico-do-sindserv-santo-andre-no-dia-29-de-abril\" target=\"_blank\" data-type=\"link\" data-id=\"https:\/\/sindservsantoandre.org\/noticia\/3625\/participe-do-ato-publico-do-sindserv-santo-andre-no-dia-29-de-abril\" rel=\"noreferrer noopener nofollow\">Sindserv<\/a><\/p>\n<h3>As not\u00edcias mais lidas da TVT News<\/h3>\n<p>Veja quais s\u00e3o as not\u00edcias mais lidas do \u00faltimo m\u00eas na TVT News<\/p>\n<ul>\n<li><a href=\"https:\/\/tvtnews.com.br\/nova-fabrica-da-toyota-vai-gerar-12-mil-empregos\/\">Nova f\u00e1brica da Toyota vai gerar 12 mil empregos<\/a><\/li>\n<li><a href=\"https:\/\/tvtnews.com.br\/copa-do-mundo-2026-quais-sao-paises-classificados\/\">Copa do Mundo 2026: quais s\u00e3o os pa\u00edses classificados?<\/a><\/li>\n<li><a href=\"https:\/\/tvtnews.com.br\/dinheiro-esquecido-do-pis-pasep-comeca-prazo-saque\/\">Dinheiro esquecido do PIS\/Pasep: come\u00e7a prazo para saque<\/a><\/li>\n<li><a href=\"https:\/\/tvtnews.com.br\/oscars-2025-acompanhe-a-cerimonia-com-a-tvt-news\/\">Veja lista completa dos Oscars 2025<\/a><\/li>\n<li><a href=\"https:\/\/tvtnews.com.br\/emprestimo-consignado-clt-meis-comeca-nesta-sexta\/\">Empr\u00e9stimo consignado para CLT\u2019s e MEI\u2019s j\u00e1 come\u00e7ou a valer<\/a><\/li>\n<li><a href=\"https:\/\/tvtnews.com.br\/credito-consignado-clt-aprovado-40-mil-trabalhador\/\">Cr\u00e9dito consignado para CLT: confira as regras<\/a><\/li>\n<li><a href=\"https:\/\/tvtnews.com.br\/tvt-news-primeira-edicao-estreia-em-7-de-abril\/\">Estreia Jornal TVT News Primeira Edi\u00e7\u00e3o<\/a><\/li>\n<li><a href=\"https:\/\/tvtnews.com.br\/21-de-abril-dia-de-tiradentes-a-construcao-do-heroi\/\">21 de abril, Dia de Tiradentes: a constru\u00e7\u00e3o do her\u00f3i nacional<\/a><\/li>\n<li><a href=\"https:\/\/tvtnews.com.br\/acompanhe-o-estado-de-saude-do-papa-francisco\/\">Veja como foram os \u00faltimos dias do Papa Francisco<\/a><\/li>\n<li><a href=\"https:\/\/tvtnews.com.br\/1o-de-maio-sindicatos-abc-grande-show-sao-bernardo\/\">1\u00ba de Maio: sindicatos do ABC realizam grande show em S\u00e3o Bernardo do Campo<\/a><\/li>\n<\/ul>\n<p>The post <a rel=\"nofollow\" href=\"https:\/\/tvtnews.com.br\/santo-andre-paralisacao-reajuste-salarial-servidor\/\">Trabalhadores de Santo Andr\u00e9 fazem paralisa\u00e7\u00e3o pedindo reajuste salarial<\/a> appeared first on <a rel=\"nofollow\" href=\"https:\/\/tvtnews.com.br\/\">TVT News<\/a>.<\/p>\n<!-- Begin Yuzo --><div class='yuzo_related_post style-1'  data-version='5.12.89'><!-- without result --><div class='yuzo_clearfixed yuzo__title yuzo__title'><h3>Related Post<\/h3><\/div>\n\t\t\t\t\t\t  <div class=\"relatedthumb \" style=\"width:125px;float:left;overflow:hidden;\">  \n\t\t\t\t\t\t\t  \n\t\t\t\t\t\t\t  <a  href=\"https:\/\/redept.com.br\/blogosfera\/nota-secretaria-agraria-do-pt-paulista\/\"  >\n\t\t\t\t\t\t\t\t\t  <div class=\"yuzo-img-wrap \" style=\"width: 125px;height:90px;\">\n\t\t\t\t\t\t\t\t\t\t\n\t\t\t\t\t\t\t\t\t\t<div class=\"yuzo-img\" style=\"background:url('https:\/\/redept.com.br\/blogosfera\/wp-content\/uploads\/2025\/07\/WhatsApp-Image-2025-07-25-at-105711-150x150.jpeg') 50% 50% no-repeat;width: 125px;height:90px;margin-bottom: 5px;background-size: cover; \"><\/div>\n\t\t\t\t\t\t\t\t\t  <\/div>\n\t\t\t\t\t\t\t\t\t  \n\t\t\t\t\t\t\t\t   <span class=\"yuzo__text--title\" style=\"font-size:13px;\">NOTA SECRETARIA AGR\u00c1RIA DO PT PAULISTA<\/span>\n\t\t\t\t\t\t\t  \n\t\t\t\t\t\t\t  \n\t\t\t\t\t\t\t  <\/a>\n\n\t\t\t\t\t\t  <\/div>\n\t\t\t\t\t\t  <div class=\"relatedthumb \" style=\"width:125px;float:left;overflow:hidden;\">  \n\t\t\t\t\t\t\t  \n\t\t\t\t\t\t\t  <a  href=\"https:\/\/redept.com.br\/blogosfera\/moraes-suspende-inquerito-contra-familiares-que-removeram-corpos-apos-chacina-no-rio\/\"  >\n\t\t\t\t\t\t\t\t\t  <div class=\"yuzo-img-wrap \" style=\"width: 125px;height:90px;\">\n\t\t\t\t\t\t\t\t\t\t\n\t\t\t\t\t\t\t\t\t\t<div class=\"yuzo-img\" style=\"background:url('https:\/\/redept.org\/blogosfera\/wp-content\/plugins\/yuzo-related-post\/assets\/images\/default.png') 50% 50% no-repeat;width: 125px;height:90px;margin-bottom: 5px;background-size: cover; \"><\/div>\n\t\t\t\t\t\t\t\t\t  <\/div>\n\t\t\t\t\t\t\t\t\t  \n\t\t\t\t\t\t\t\t   <span class=\"yuzo__text--title\" style=\"font-size:13px;\">Moraes suspende inqu\u00e9rito contra familiares que re...<\/span>\n\t\t\t\t\t\t\t  \n\t\t\t\t\t\t\t  \n\t\t\t\t\t\t\t  <\/a>\n\n\t\t\t\t\t\t  <\/div>\n\t\t\t\t\t\t  <div class=\"relatedthumb \" style=\"width:125px;float:left;overflow:hidden;\">  \n\t\t\t\t\t\t\t  \n\t\t\t\t\t\t\t  <a  href=\"https:\/\/redept.com.br\/blogosfera\/rodrygo-sofre-grave-lesao-no-joelho-e-esta-fora-da-copa-do-mundo\/\"  >\n\t\t\t\t\t\t\t\t\t  <div class=\"yuzo-img-wrap \" style=\"width: 125px;height:90px;\">\n\t\t\t\t\t\t\t\t\t\t\n\t\t\t\t\t\t\t\t\t\t<div class=\"yuzo-img\" style=\"background:url('https:\/\/redept.org\/blogosfera\/wp-content\/plugins\/yuzo-related-post\/assets\/images\/default.png') 50% 50% no-repeat;width: 125px;height:90px;margin-bottom: 5px;background-size: cover; \"><\/div>\n\t\t\t\t\t\t\t\t\t  <\/div>\n\t\t\t\t\t\t\t\t\t  \n\t\t\t\t\t\t\t\t   <span class=\"yuzo__text--title\" style=\"font-size:13px;\">Rodrygo sofre grave les\u00e3o no joelho e est\u00e1 fora da...<\/span>\n\t\t\t\t\t\t\t  \n\t\t\t\t\t\t\t  \n\t\t\t\t\t\t\t  <\/a>\n\n\t\t\t\t\t\t  <\/div>\n\t\t\t\t\t\t  <div class=\"relatedthumb \" style=\"width:125px;float:left;overflow:hidden;\">  \n\t\t\t\t\t\t\t  \n\t\t\t\t\t\t\t  <a  href=\"https:\/\/redept.com.br\/blogosfera\/lo-prete-quase-chama-tarcisio-de-hipocrita-por-tentar-transferir-a-lula-culpa-de-bolsonaro-no-tarifaco-video\/\"  >\n\t\t\t\t\t\t\t\t\t  <div class=\"yuzo-img-wrap \" style=\"width: 125px;height:90px;\">\n\t\t\t\t\t\t\t\t\t\t\n\t\t\t\t\t\t\t\t\t\t<div class=\"yuzo-img\" style=\"background:url('https:\/\/redept.org\/blogosfera\/wp-content\/plugins\/yuzo-related-post\/assets\/images\/default.png') 50% 50% no-repeat;width: 125px;height:90px;margin-bottom: 5px;background-size: cover; \"><\/div>\n\t\t\t\t\t\t\t\t\t  <\/div>\n\t\t\t\t\t\t\t\t\t  \n\t\t\t\t\t\t\t\t   <span class=\"yuzo__text--title\" style=\"font-size:13px;\">Lo Prete quase chama Tarc\u00edsio de hip\u00f3crita por ten...<\/span>\n\t\t\t\t\t\t\t  \n\t\t\t\t\t\t\t  \n\t\t\t\t\t\t\t  <\/a>\n\n\t\t\t\t\t\t  <\/div>\n<\/div> <script>\n\t\t\t\t\t\t  jQuery(document).ready(function( $ ){\n\t\t\t\t\t\t\t\/\/jQuery('.yuzo_related_post').equalizer({ overflow : 'relatedthumb' });\n\t\t\t\t\t\t\tjQuery('.yuzo_related_post .yuzo_wraps').equalizer({ columns : '> div' });\n\t\t\t\t\t\t   })\n\t\t\t\t\t\t  <\/script> <!-- End Yuzo :) -->","protected":false},"excerpt":{"rendered":"<p>Trabalhadores de Santo Andr\u00e9 que atuam em unidades escolares, UPAs, refeit\u00f3rios da CRAISA, FACON, Bet\u00e2nia e SOSP se organizam em paralisa\u00e7\u00e3o nesta ter\u00e7a-feira (29). Os funcion\u00e1rios p\u00fablicos reivindicam ajuste salarial acima da infla\u00e7\u00e3o e rejeitam proposta \u00ednfima feita pela administra\u00e7\u00e3o do munic\u00edpio. Saiba mais na TVT News. Reajuste em Santo Andr\u00e9 A prefeitura apresentou um [&hellip;]<\/p>\n","protected":false},"author":2,"featured_media":24518,"comment_status":"closed","ping_status":"closed","sticky":false,"template":"","format":"standard","meta":{"fifu_image_url":"","fifu_image_alt":"","footnotes":""},"categories":[2224,473,4040,474,61,377],"tags":[],"class_list":["post-24517","post","type-post","status-publish","format-standard","has-post-thumbnail","hentry","category-abc-paulista","category-destaque-medio","category-grande-sao-paulo","category-sindicatos","category-sociedade","category-trabalho"],"_links":{"self":[{"href":"https:\/\/redept.com.br\/blogosfera\/wp-json\/wp\/v2\/posts\/24517","targetHints":{"allow":["GET"]}}],"collection":[{"href":"https:\/\/redept.com.br\/blogosfera\/wp-json\/wp\/v2\/posts"}],"about":[{"href":"https:\/\/redept.com.br\/blogosfera\/wp-json\/wp\/v2\/types\/post"}],"author":[{"embeddable":true,"href":"https:\/\/redept.com.br\/blogosfera\/wp-json\/wp\/v2\/users\/2"}],"replies":[{"embeddable":true,"href":"https:\/\/redept.com.br\/blogosfera\/wp-json\/wp\/v2\/comments?post=24517"}],"version-history":[{"count":0,"href":"https:\/\/redept.com.br\/blogosfera\/wp-json\/wp\/v2\/posts\/24517\/revisions"}],"wp:featuredmedia":[{"embeddable":true,"href":"https:\/\/redept.com.br\/blogosfera\/wp-json\/wp\/v2\/media\/24518"}],"wp:attachment":[{"href":"https:\/\/redept.com.br\/blogosfera\/wp-json\/wp\/v2\/media?parent=24517"}],"wp:term":[{"taxonomy":"category","embeddable":true,"href":"https:\/\/redept.com.br\/blogosfera\/wp-json\/wp\/v2\/categories?post=24517"},{"taxonomy":"post_tag","embeddable":true,"href":"https:\/\/redept.com.br\/blogosfera\/wp-json\/wp\/v2\/tags?post=24517"}],"curies":[{"name":"wp","href":"https:\/\/api.w.org\/{rel}","templated":true}]}}