{"id":24609,"date":"2025-04-29T16:26:23","date_gmt":"2025-04-29T19:26:23","guid":{"rendered":"https:\/\/redept.org\/blogosfera\/rs-ainda-enfrenta-gargalos-para-se-tornar-seguro-e-resiliente-as-enchentes\/"},"modified":"2025-04-29T16:26:23","modified_gmt":"2025-04-29T19:26:23","slug":"rs-ainda-enfrenta-gargalos-para-se-tornar-seguro-e-resiliente-as-enchentes","status":"publish","type":"post","link":"https:\/\/redept.com.br\/blogosfera\/rs-ainda-enfrenta-gargalos-para-se-tornar-seguro-e-resiliente-as-enchentes\/","title":{"rendered":"RS ainda enfrenta gargalos para se tornar seguro e resiliente \u00e0s enchentes"},"content":{"rendered":"<p><img fetchpriority=\"high\" width=\"1024\" height=\"576\"src=\"https:\/\/redept.org\/blogosfera\/wp-content\/uploads\/2025\/04\/enchente-rs2024_Foto-Mauricio-Tonetto_Secom.jpg\" alt=\"\" decoding=\"async\" srcset=\"https:\/\/vermelho.org.br\/wp-content\/uploads\/2025\/04\/enchente-rs2024_Foto-Mauricio-Tonetto_Secom-1024x576.jpg 1024w, https:\/\/vermelho.org.br\/wp-content\/uploads\/2025\/04\/enchente-rs2024_Foto-Mauricio-Tonetto_Secom-300x169.jpg 300w, https:\/\/vermelho.org.br\/wp-content\/uploads\/2025\/04\/enchente-rs2024_Foto-Mauricio-Tonetto_Secom-768x432.jpg 768w, https:\/\/vermelho.org.br\/wp-content\/uploads\/2025\/04\/enchente-rs2024_Foto-Mauricio-Tonetto_Secom-1536x864.jpg 1536w, https:\/\/redept.org\/blogosfera\/wp-content\/uploads\/2025\/04\/enchente-rs2024_Foto-Mauricio-Tonetto_Secom.jpg 1890w\" sizes=\"(max-width: 1024px) 100vw, 1024px\"><\/p>\n<p>H\u00e1 um ano, o Rio Grande do Sul enfrentava um dos piores e mais dram\u00e1ticos momentos de sua hist\u00f3ria. Chuvas intensas e volumosas come\u00e7aram a cair sobre a Regi\u00e3o dos Vales, no final de abril, se estendendo pelo m\u00eas de maio ao longo do estado. Com rapidez, rios como o Taquari, Ca\u00ed, Pardo, Jacu\u00ed, Sinos e Gravata\u00ed ficaram sobrecarregados, transbordando para cidades do entorno, at\u00e9 descer para o Gua\u00edba, tomando a Regi\u00e3o Metropolitana e desaguando na Lagoa dos Patos, no Sul.<\/p>\n<p>Ao todo, 184 pessoas perderam a vida \u2014 uma delas s\u00f3 foi identificada h\u00e1 poucos dias \u2014 e ainda existem 25 desaparecidos. Do total de 497 munic\u00edpios ga\u00fachos, 478 foram atingidos, o que corresponde a 96% das cidades, de maneira que quase 2,4 milh\u00f5es de pessoas foram afetadas e cerca de 80 mil ficaram desalojadas ou desabrigadas, segundo dados da Defesa Civil.<\/p>\n<p>De acordo com o estudo feito pelo Banco Interamericano de Desenvolvimento (BID) e divulgado no final do ano passado, os danos no territ\u00f3rio ga\u00facho somaram quase R$ 89 bilh\u00f5es, dos quais 69% (R$ 61 bilh\u00f5es) correspondem ao setor produtivo, 21% aos setores sociais (R$ 19 bilh\u00f5es); 8% \u00e0 infraestrutura (R$ 7 bilh\u00f5es); e 1,8% ao meio ambiente (R$ 1,6 bilh\u00e3o).<\/p>\n<p><strong>Adapta\u00e7\u00e3o necess\u00e1ria<\/strong><\/p>\n<p>Ao longo do \u00faltimo ano, o estado passou por uma s\u00e9rie de interven\u00e7\u00f5es p\u00fablicas para lidar emergencialmente com problemas como o cuidado aos desabrigados e a reconstru\u00e7\u00e3o de estradas, infraestrutura, pr\u00e9dios p\u00fablicos e privados, planta\u00e7\u00f5es e moradias.<\/p>\n<p>Mas, ap\u00f3s aquele momento em que a urg\u00eancia se fazia presente de todas as formas, o foco passou a ser, principalmente, a reconstru\u00e7\u00e3o das cidades e a prote\u00e7\u00e3o e preven\u00e7\u00e3o contra a possibilidade de novas trag\u00e9dias dessa magnitude.<\/p>\n<p>Embora a chuva de 2024 tenha sido sem precedentes, n\u00e3o \u00e9 novidade que os efeitos da crise clim\u00e1tica trouxeram grandes transforma\u00e7\u00f5es e desafios dentro e fora do Brasil. Em 2015 e final de 2023, por exemplo, chuvas fortes trouxeram graves consequ\u00eancias ao estado.<\/p>\n<p>Soma-se a esse conhecimento emp\u00edrico as diversas pesquisas e estudos cient\u00edficos sobre a quest\u00e3o. Entre eles est\u00e1 o relat\u00f3rio \u201cBrasil 2040\u201d, feito h\u00e1 uma d\u00e9cada pela Funda\u00e7\u00e3o Cearense de Pesquisa e Cultura, a pedido da Presid\u00eancia da Rep\u00fablica e resgatado pelo The Intercept. O material apontava, por exemplo, para a \u201cpossibilidade de aumento de frequ\u00eancia dos eventos de cheia e inunda\u00e7\u00f5es na regi\u00e3o Sul e de eventos de seca nas regi\u00f5es Norte e Nordeste\u201d. Mesmo com tudo isso, pouco foi feito para preparar o estado nos \u00faltimos anos.<\/p>\n<ul>\n<li><strong>Veja um pouco do que o Vermelho publicou durante as enchentes:<\/strong>\n<p><a href=\"https:\/\/vermelho.org.br\/2024\/05\/21\/ao-admitir-que-ignorou-alertas-sobre-chuvas-leite-desnuda-logica-neoliberal\/\">Ao admitir que ignorou alertas sobre chuvas, Leite desnuda l\u00f3gica neoliberal<\/a><br \/><a href=\"https:\/\/vermelho.org.br\/2024\/05\/08\/desastre-explicita-alto-custo-da-inacao-de-governos-e-parlamentos-com-o-clima\/\">Desastre explicita alto custo da ina\u00e7\u00e3o de governos e parlamentos com o clima<\/a><\/li>\n<\/ul>\n<p>Ap\u00f3s a trag\u00e9dia, outro estudo, feito por 13 cientistas (dos quais dois brasileiros), vinculados ao centro de pesquisas World Weather Attribution (WWA), apontou que os efeitos do aquecimento global, somados \u00e0 falta de prepara\u00e7\u00e3o estrutural para esse tipo de evento, duplicou a chance de ocorr\u00eancias como essas no RS, com aumento de 6% a 9% de intensidade.\u2028<\/p>\n<p>Considerando essa realidade e o tempo j\u00e1 perdido, \u00e9 imprescind\u00edvel e cada vez mais urgente colocar em pr\u00e1tica formas de mitigar a crise e, ao mesmo tempo, lidar com aqueles efeitos que, ao menos por ora, s\u00e3o incontorn\u00e1veis.<\/p>\n<p>No RS, isso demanda, entre outras medidas, mudar bairros de \u00e1reas facilmente inund\u00e1veis; revitalizar e preservar o meio ambiente e investir em obras e sistemas capazes de proteger as cidades contra cheias, bem como lidar com as fortes estiagens \u2014 dois extremos comuns no estado que tendem a ser cada vez mais frequentes.<\/p>\n<p><strong>A\u00e7\u00f5es imediatas e a\u00e7\u00f5es estruturantes<\/strong><\/p>\n<p>Se por um lado, \u00e9 fato que boa parte das a\u00e7\u00f5es necess\u00e1rias para reformular o estado sejam de alta complexidade e demandem mais tempo, por outro especialistas concordam que hoje o estado tamb\u00e9m n\u00e3o est\u00e1 preparado para prever ou lidar adequadamente com chuvas volumosas, semelhantes \u00e0s do ano passado, nem em quest\u00f5es de resolu\u00e7\u00e3o mais f\u00e1cil.<\/p>\n<p>Fernando Dornelles, doutor em Recursos H\u00eddricos e Saneamento Ambiental e professor do Instituto de Pesquisas Hidr\u00e1ulicas (IPH) da UFRGS, diz que diante dos eventos j\u00e1 ocorridos, o estado deveria, ao longo das \u00faltimas d\u00e9cadas, ter se debru\u00e7ado sobre sa\u00eddas para se preparar frente a eventos desse tipo. \u201cCabe muito bem, nessa situa\u00e7\u00e3o, aquele ditado popular da \u2018casa arrombada, tranca de ferro\u2019. Ou seja, foi preciso sofrer o dano para que os gastos ocorressem\u201d, salienta.<\/p>\n<p>Ele divide as medidas necess\u00e1rias em duas categorias. Uma engloba as de car\u00e1ter estruturante, e que levam mais tempo para serem feitas, como por exemplo o dique do Sarandi, em Porto Alegre, ou a mudan\u00e7a de bairros em cidades como Roca Sales, Mu\u00e7um e Eldorado do Sul. \u201cEstas n\u00e3o s\u00e3o a\u00e7\u00f5es de meses, mas de anos ou de d\u00e9cadas, at\u00e9 para a gente conseguir fazer uma reestrutura\u00e7\u00e3o urbana adequada\u201d, explica.<\/p>\n<p><strong>Leia tamb\u00e9m:<\/strong> <a href=\"https:\/\/vermelho.org.br\/2024\/06\/03\/reconstrucao-do-rs-depende-da-mao-do-estado-e-do-dialogo-com-a-populacao\/\">Reconstru\u00e7\u00e3o do RS depende da m\u00e3o do Estado e do di\u00e1logo com a popula\u00e7\u00e3o<\/a><\/p>\n<p>A outra categoria \u00e9 a das a\u00e7\u00f5es mais imediatas. \u201cM\u00eas que vem, se acontecer uma inunda\u00e7\u00e3o de novo e se tiver alerta a tempo, como \u00e9 que a gente vai enfrentar essa situa\u00e7\u00e3o?\u201d, questiona o professor. Dornelles complementa dizendo: \u201cn\u00f3s sofremos tudo aquilo, mas ainda n\u00e3o temos a\u00e7\u00f5es de percep\u00e7\u00e3o de risco bem e amplamente adotadas e divulgadas\u201d.<\/p>\n<p>Para ele, o primeiro passo \u00e9 demonstrar como que est\u00e1 a quest\u00e3o da previs\u00e3o de cheias e ter modelos rodando operacionalmente todos os dias. \u201cA gente precisa ter um horizonte de cinco a 15 dias \u00e0 frente, em m\u00e9dia, para termos uma ideia do que pode acontecer a partir de previs\u00f5es meteorol\u00f3gicas. E verificar qual o potencial de chuva para um determinado per\u00edodo e a que isso corresponde em rela\u00e7\u00e3o ao n\u00edvel dos rios\u201d, afirma.<\/p>\n<p>De acordo com o governo estadual, \u201cum novo servi\u00e7o de radar meteorol\u00f3gico foi contratado e j\u00e1 est\u00e1 operando, com um investimento de R$ 25,94 milh\u00f5es\u201d. Mas, conforme pondera Dornelles, um radar meteorol\u00f3gico \u201cmede o que est\u00e1 acontecendo e oferece previs\u00e3o de curt\u00edssimo prazo\u201d.<\/p>\n<p>E, conforme apontou reportagem do site Matinal, de Porto Alegre, \u00e0 exce\u00e7\u00e3o de um novo radar meteorol\u00f3gico j\u00e1 instalado na capital ga\u00facha em agosto, \u201cos projetos de amplia\u00e7\u00e3o e recupera\u00e7\u00e3o da rede de monitoramento ainda n\u00e3o est\u00e3o em execu\u00e7\u00e3o e n\u00e3o h\u00e1 previs\u00e3o de quando ocorrer\u00e1 a implementa\u00e7\u00e3o completa\u201d.<\/p>\n<p>J\u00e1 o governador Eduardo Leite (PSDB) afirmou \u00e0 Folha de S.Paulo, h\u00e1 poucos dias, que \u201cj\u00e1 temos sistemas de monitoramento de alertas mais robustos neste momento. Implantamos radares meteorol\u00f3gicos que dar\u00e3o condi\u00e7\u00e3o de alertas mais precisos para a popula\u00e7\u00e3o. Esta\u00e7\u00f5es hidrometeorol\u00f3gicas foram recuperadas e novas est\u00e3o implantadas\u201d.<\/p>\n<p><strong>Reconstru\u00e7\u00e3o<\/strong><\/p>\n<div>\n<figure><img decoding=\"async\" width=\"1024\" height=\"720\"src=\"https:\/\/redept.org\/blogosfera\/wp-content\/uploads\/2025\/04\/lula-desabrigados_stuckert.webp\" alt=\"\" srcset=\"https:\/\/redept.org\/blogosfera\/wp-content\/uploads\/2025\/04\/lula-desabrigados_stuckert.webp 1024w, https:\/\/vermelho.org.br\/wp-content\/uploads\/2025\/04\/lula-desabrigados_stuckert-300x211.webp 300w, https:\/\/vermelho.org.br\/wp-content\/uploads\/2025\/04\/lula-desabrigados_stuckert-768x540.webp 768w\" sizes=\"(max-width: 1024px) 100vw, 1024px\"><figcaption>Lula visita abrigo durante enchente. Foto: Ricardo Stuckert<\/figcaption><\/figure>\n<\/div>\n<p>Desde que a trag\u00e9dia aconteceu, uma s\u00e9rie de aportes \u2014 advindos principalmente dos governos federal e estadual \u2014 vem sendo feita. No caso da governo estadual, Leite tem apostado suas fichas no Plano Rio Grande, \u201cprograma de reconstru\u00e7\u00e3o, adapta\u00e7\u00e3o e resili\u00eancia clim\u00e1tica, que prop\u00f5e uma s\u00e9rie de medidas para diminuir os impactos causados pelas chuvas\u201d.<\/p>\n<p>Al\u00e9m disso, segundo o governo, investimentos t\u00eam sido feitos na Defesa Civil \u2014 com R$ 148 milh\u00f5es desde o in\u00edcio da calamidade \u2014 e o programa de desassoreamento de rios e canais \u201ctem R$ 300 milh\u00f5es para o planejamento e a execu\u00e7\u00e3o, que j\u00e1 est\u00e1 acontecendo. A dragagem das hidrovias ga\u00fachas tamb\u00e9m iniciou e custar\u00e1 R$ 731 milh\u00f5es\u201d, informa.<\/p>\n<p>Por outro lado, h\u00e1 falhas que v\u00eam sendo evidenciadas e que v\u00e3o desde a execu\u00e7\u00e3o de projetos a partir de verbas j\u00e1 liberadas pelo governo federal at\u00e9 o desmonte de estruturas e pol\u00edticas p\u00fablicas.<\/p>\n<p>H\u00e1 poucos dias, o mesmo site Matinal denunciou que embora o estado tivesse R$ 6,5 bilh\u00f5es disponibilizados desde o final do ano no fundo extraordin\u00e1rio criado pelo governo Lula para a recupera\u00e7\u00e3o e interven\u00e7\u00f5es no RS, a gest\u00e3o de Eduardo Leite n\u00e3o buscou acessar os recursos.<\/p>\n<p>Ap\u00f3s o caso vir a p\u00fablico, o governador enviou um of\u00edcio pedindo a libera\u00e7\u00e3o imediata de R$ 3 bilh\u00f5es. Leite disse que aguardava as diretrizes para aplica\u00e7\u00e3o das verbas e que as mesmas s\u00f3 teriam sido publicadas pela Casa Civil no dia 15, o que foi desmentido pelo minist\u00e9rio.<\/p>\n<p>A pasta argumentou ainda que em of\u00edcio direcionado ao governo ga\u00facho, a ministra substituta da Casa Civil, Miriam Belchior, explicou que \u201cos R$ 6,5 bilh\u00f5es aplicados no fundo est\u00e3o dispon\u00edveis para o pagamento de obras, servi\u00e7os e projetos estruturantes de prote\u00e7\u00e3o contra cheias, dependendo agora de o governo estadual manifestar interesse \u00e0 Caixa Econ\u00f4mica Federal em celebrar instrumento de repasse dos recursos\u201d.<\/p>\n<p>O valor do fundo \u00e9 apenas uma parte do que foi destinado pela esfera federal ao estado, que tem o papel de executar a maior parte das a\u00e7\u00f5es necess\u00e1rias junto com os munic\u00edpios.<\/p>\n<p>Balan\u00e7o recente do governo Lula aponta que desde o in\u00edcio da trag\u00e9dia, R$ 111,6 bilh\u00f5es foram destinados ao estado, dos quais R$ 89 bilh\u00f5es (80% dos recursos previstos) j\u00e1 foram executados em a\u00e7\u00f5es de recupera\u00e7\u00e3o da infraestrutura das cidades, est\u00edmulo da economia local (empres\u00e1rios, ind\u00fastria, servi\u00e7os, trabalhadores aut\u00f4nomos), repasse direto \u00e0s fam\u00edlias e aquisi\u00e7\u00e3o de moradias. Desse total, os valores utilizados em a\u00e7\u00f5es voltadas ao cuidado com as pessoas somaram R$ 15,6 bilh\u00f5es.<\/p>\n<p>O governo destaca, ainda, a suspens\u00e3o da d\u00edvida do estado, que, somada aos valores que deixar\u00e3o de ser recolhidos em juros nos pr\u00f3ximos tr\u00eas anos, representa R$ 23 bilh\u00f5es em al\u00edvio fiscal.<\/p>\n<p>\u201cO resultado foi que o PIB do Rio Grande do Sul no ano passado cresceu 4,9%. Ent\u00e3o, se cresceu o PIB \u00e9 porque se recuperou a economia, o setor de servi\u00e7o, o com\u00e9rcio, a ind\u00fastria, as atividades de um modo geral\u201d, disse o ministro Waldez G\u00f3es, da Integra\u00e7\u00e3o e do Desenvolvimento Regional. Segundo ele, o atendimento ao RS foi \u201cuma resposta realmente nunca vista na hist\u00f3ria do Brasil\u201d.<\/p>\n<p>O post <a href=\"https:\/\/vermelho.org.br\/2025\/04\/29\/rs-ainda-enfrenta-gargalos-para-se-tornar-seguro-e-resiliente-as-enchentes\/\">RS ainda enfrenta gargalos para se tornar seguro e resiliente \u00e0s enchentes<\/a> apareceu primeiro em <a href=\"https:\/\/vermelho.org.br\/\">Vermelho<\/a>.<\/p>\n<!-- Begin Yuzo --><div class='yuzo_related_post style-1'  data-version='5.12.89'><!-- without result --><div class='yuzo_clearfixed yuzo__title yuzo__title'><h3>Related Post<\/h3><\/div>\n\t\t\t\t\t\t  <div class=\"relatedthumb \" style=\"width:125px;float:left;overflow:hidden;\">  \n\t\t\t\t\t\t\t  \n\t\t\t\t\t\t\t  <a  href=\"https:\/\/redept.com.br\/blogosfera\/nao-tem-como-uma-professora-ensinar-sozinha-com-quatro-criancas-especiais-na-sala-de-aula\/\"  >\n\t\t\t\t\t\t\t\t\t  <div class=\"yuzo-img-wrap \" style=\"width: 125px;height:90px;\">\n\t\t\t\t\t\t\t\t\t\t\n\t\t\t\t\t\t\t\t\t\t<div class=\"yuzo-img\" style=\"background:url('https:\/\/redept.com.br\/blogosfera\/wp-content\/uploads\/2025\/03\/Inajara-autismo-poa-150x150.jpeg') 50% 50% no-repeat;width: 125px;height:90px;margin-bottom: 5px;background-size: cover; \"><\/div>\n\t\t\t\t\t\t\t\t\t  <\/div>\n\t\t\t\t\t\t\t\t\t  \n\t\t\t\t\t\t\t\t   <span class=\"yuzo__text--title\" style=\"font-size:13px;\">\u2018N\u00e3o tem como uma professora ensinar sozinha com q...<\/span>\n\t\t\t\t\t\t\t  \n\t\t\t\t\t\t\t  \n\t\t\t\t\t\t\t  <\/a>\n\n\t\t\t\t\t\t  <\/div>\n\t\t\t\t\t\t  <div class=\"relatedthumb \" style=\"width:125px;float:left;overflow:hidden;\">  \n\t\t\t\t\t\t\t  \n\t\t\t\t\t\t\t  <a  href=\"https:\/\/redept.com.br\/blogosfera\/dpu-vai-a-justica-contra-megaempreendimentos-em-areas-de-reforma-agraria\/\"  >\n\t\t\t\t\t\t\t\t\t  <div class=\"yuzo-img-wrap \" style=\"width: 125px;height:90px;\">\n\t\t\t\t\t\t\t\t\t\t\n\t\t\t\t\t\t\t\t\t\t<div class=\"yuzo-img\" style=\"background:url('https:\/\/redept.com.br\/blogosfera\/wp-content\/uploads\/2025\/07\/bdf-20250716-222903-f07586-2048x1536-1-150x150.jpg') 50% 50% no-repeat;width: 125px;height:90px;margin-bottom: 5px;background-size: cover; \"><\/div>\n\t\t\t\t\t\t\t\t\t  <\/div>\n\t\t\t\t\t\t\t\t\t  \n\t\t\t\t\t\t\t\t   <span class=\"yuzo__text--title\" style=\"font-size:13px;\">DPU vai \u00e0 Justi\u00e7a contra megaempreendimentos em \u00e1r...<\/span>\n\t\t\t\t\t\t\t  \n\t\t\t\t\t\t\t  \n\t\t\t\t\t\t\t  <\/a>\n\n\t\t\t\t\t\t  <\/div>\n\t\t\t\t\t\t  <div class=\"relatedthumb \" style=\"width:125px;float:left;overflow:hidden;\">  \n\t\t\t\t\t\t\t  \n\t\t\t\t\t\t\t  <a  href=\"https:\/\/redept.com.br\/blogosfera\/declaracao-de-melo-sobre-distribuicao-de-alimentos-reabre-debate-sobre-populacao-em-situacao-de-rua\/\"  >\n\t\t\t\t\t\t\t\t\t  <div class=\"yuzo-img-wrap \" style=\"width: 125px;height:90px;\">\n\t\t\t\t\t\t\t\t\t\t\n\t\t\t\t\t\t\t\t\t\t<div class=\"yuzo-img\" style=\"background:url('https:\/\/redept.org\/blogosfera\/wp-content\/plugins\/yuzo-related-post\/assets\/images\/default.png') 50% 50% no-repeat;width: 125px;height:90px;margin-bottom: 5px;background-size: cover; \"><\/div>\n\t\t\t\t\t\t\t\t\t  <\/div>\n\t\t\t\t\t\t\t\t\t  \n\t\t\t\t\t\t\t\t   <span class=\"yuzo__text--title\" style=\"font-size:13px;\">Declara\u00e7\u00e3o de Melo sobre distribui\u00e7\u00e3o de alimentos...<\/span>\n\t\t\t\t\t\t\t  \n\t\t\t\t\t\t\t  \n\t\t\t\t\t\t\t  <\/a>\n\n\t\t\t\t\t\t  <\/div>\n\t\t\t\t\t\t  <div class=\"relatedthumb \" style=\"width:125px;float:left;overflow:hidden;\">  \n\t\t\t\t\t\t\t  \n\t\t\t\t\t\t\t  <a  href=\"https:\/\/sul21.com.br\/noticias\/geral\/2025\/08\/apos-5-anos-testemunhas-serao-ouvidas-em-caso-de-lider-comunitaria-que-morreu-em-operacao-policial\/\"  >\n\t\t\t\t\t\t\t\t\t  <div class=\"yuzo-img-wrap \" style=\"width: 125px;height:90px;\">\n\t\t\t\t\t\t\t\t\t\t\n\t\t\t\t\t\t\t\t\t\t<div class=\"yuzo-img\" style=\"background:url('https:\/\/redept.org\/blogosfera\/wp-content\/plugins\/yuzo-related-post\/assets\/images\/default.png') 50% 50% no-repeat;width: 125px;height:90px;margin-bottom: 5px;background-size: cover; \"><\/div>\n\t\t\t\t\t\t\t\t\t  <\/div>\n\t\t\t\t\t\t\t\t\t  \n\t\t\t\t\t\t\t\t   <span class=\"yuzo__text--title\" style=\"font-size:13px;\">Ap\u00f3s 5 anos, testemunhas ser\u00e3o ouvidas em caso de ...<\/span>\n\t\t\t\t\t\t\t  \n\t\t\t\t\t\t\t  \n\t\t\t\t\t\t\t  <\/a>\n\n\t\t\t\t\t\t  <\/div>\n<\/div> <script>\n\t\t\t\t\t\t  jQuery(document).ready(function( $ ){\n\t\t\t\t\t\t\t\/\/jQuery('.yuzo_related_post').equalizer({ overflow : 'relatedthumb' });\n\t\t\t\t\t\t\tjQuery('.yuzo_related_post .yuzo_wraps').equalizer({ columns : '> div' });\n\t\t\t\t\t\t   })\n\t\t\t\t\t\t  <\/script> <!-- End Yuzo :) -->","protected":false},"excerpt":{"rendered":"<p>H\u00e1 um ano, o Rio Grande do Sul enfrentava um dos piores e mais dram\u00e1ticos momentos de sua hist\u00f3ria. Chuvas intensas e volumosas come\u00e7aram a cair sobre a Regi\u00e3o dos Vales, no final de abril, se estendendo pelo m\u00eas de maio ao longo do estado. Com rapidez, rios como o Taquari, Ca\u00ed, Pardo, Jacu\u00ed, Sinos [&hellip;]<\/p>\n","protected":false},"author":2,"featured_media":24610,"comment_status":"closed","ping_status":"closed","sticky":false,"template":"","format":"standard","meta":{"fifu_image_url":"","fifu_image_alt":"","footnotes":""},"categories":[154,87,275,19,1385],"tags":[],"class_list":["post-24609","post","type-post","status-publish","format-standard","has-post-thumbnail","hentry","category-crise-climatica","category-enchente","category-enchente-rs","category-rio-grande-do-sul","category-tragedia-ambiental"],"_links":{"self":[{"href":"https:\/\/redept.com.br\/blogosfera\/wp-json\/wp\/v2\/posts\/24609","targetHints":{"allow":["GET"]}}],"collection":[{"href":"https:\/\/redept.com.br\/blogosfera\/wp-json\/wp\/v2\/posts"}],"about":[{"href":"https:\/\/redept.com.br\/blogosfera\/wp-json\/wp\/v2\/types\/post"}],"author":[{"embeddable":true,"href":"https:\/\/redept.com.br\/blogosfera\/wp-json\/wp\/v2\/users\/2"}],"replies":[{"embeddable":true,"href":"https:\/\/redept.com.br\/blogosfera\/wp-json\/wp\/v2\/comments?post=24609"}],"version-history":[{"count":0,"href":"https:\/\/redept.com.br\/blogosfera\/wp-json\/wp\/v2\/posts\/24609\/revisions"}],"wp:featuredmedia":[{"embeddable":true,"href":"https:\/\/redept.com.br\/blogosfera\/wp-json\/wp\/v2\/media\/24610"}],"wp:attachment":[{"href":"https:\/\/redept.com.br\/blogosfera\/wp-json\/wp\/v2\/media?parent=24609"}],"wp:term":[{"taxonomy":"category","embeddable":true,"href":"https:\/\/redept.com.br\/blogosfera\/wp-json\/wp\/v2\/categories?post=24609"},{"taxonomy":"post_tag","embeddable":true,"href":"https:\/\/redept.com.br\/blogosfera\/wp-json\/wp\/v2\/tags?post=24609"}],"curies":[{"name":"wp","href":"https:\/\/api.w.org\/{rel}","templated":true}]}}