{"id":24753,"date":"2025-04-30T06:40:00","date_gmt":"2025-04-30T09:40:00","guid":{"rendered":"https:\/\/redept.org\/blogosfera\/protesto-no-recife-pe-pede-fim-da-escala-6-por-1-reducao-da-jornada-de-trabalho-e-aumento-da-faixa-de-isencao-do-imposto-de-renda\/"},"modified":"2025-04-30T06:40:00","modified_gmt":"2025-04-30T09:40:00","slug":"protesto-no-recife-pe-pede-fim-da-escala-6-por-1-reducao-da-jornada-de-trabalho-e-aumento-da-faixa-de-isencao-do-imposto-de-renda","status":"publish","type":"post","link":"https:\/\/redept.com.br\/blogosfera\/protesto-no-recife-pe-pede-fim-da-escala-6-por-1-reducao-da-jornada-de-trabalho-e-aumento-da-faixa-de-isencao-do-imposto-de-renda\/","title":{"rendered":"Protesto no Recife (PE) pede fim da escala 6 por 1, redu\u00e7\u00e3o da jornada de trabalho e aumento da faixa de isen\u00e7\u00e3o do Imposto de Renda"},"content":{"rendered":"<p>Est\u00e1 previsto para a tarde desta quarta-feira (30), no Parque Treze de Maio, uma manifesta\u00e7\u00e3o pedindo \u00e0s autoridades federais que reduzam o teto da jornada de trabalho, atualmente em 44 horas semanais; que coloquem um fim na escala 6 por 1 (seis dias de trabalho e apenas um de descanso); e pedindo que a faixa de trabalhadores isentos do pagamento de Imposto de Renda (IR) seja estendida \u00e0queles com sal\u00e1rios de at\u00e9 R$ 5 mil mensais.<\/p>\n<p>O ato no Recife acontece \u00e0s 15 horas e foi convocado por cinco centrais sindicais \u2013 CUT, CTB, For\u00e7a Sindical, UGT e Nova Central \u2013 que atuam em Pernambuco. O Parque Treze de Maio fica no encontro das ruas do Hosp\u00edcio e Princesa Isabel, no bairro da Boa Vista, centro do Recife.<\/p>\n<p>Leia: <a href=\"https:\/\/www.brasildefato.com.br\/colunista\/sinesio-pontes\/2025\/04\/11\/fim-da-escala-6x1-ja\/\" data-type=\"link\" data-id=\"https:\/\/www.brasildefato.com.br\/colunista\/sinesio-pontes\/2025\/04\/11\/fim-da-escala-6x1-ja\/\">Fim da escala 6\u00d71 j\u00e1!<\/a><\/p>\n<p><a href=\"https:\/\/www.brasildefato.com.br\/2025\/04\/25\/nove-pernambucanos-pediram-urgencia-de-anistia-para-envolvidos-na-tentativa-de-golpe-saiba-quem-sao\/\" data-type=\"link\" data-id=\"https:\/\/www.brasildefato.com.br\/2025\/04\/25\/nove-pernambucanos-pediram-urgencia-de-anistia-para-envolvidos-na-tentativa-de-golpe-saiba-quem-sao\/\">Nove pernambucanos pediram urg\u00eancia de anistia para envolvidos na tentativa de golpe; saiba quem s\u00e3o<\/a><\/p>\n<p>O presidente da Central \u00danica dos Trabalhadores (CUT) em Pernambuco, professor Paulo Rocha, divulgou um v\u00eddeo convocando \u201ctodas e todos a participarem nas redes sociais e presencialmente\u201d. \u201cVamos \u00e0s ruas defender a redu\u00e7\u00e3o da jornada de trabalho, sem redu\u00e7\u00e3o de sal\u00e1rio e com o fim da escala 6 por 1. Queremos dizer ainda que quem ganha at\u00e9 R$ 5 mil precisa ter isen\u00e7\u00e3o de IR e que as mulheres devem receber sal\u00e1rios iguais aos homens se estiverem exercendo trabalho igual\u201d, defendeu Rocha.<\/p>\n<p>Dois dos temas em quest\u00e3o aparecem como pontos de questionamento num plebiscito popular promovido por organiza\u00e7\u00f5es da sociedade civil e previsto para o segundo semestre deste ano. A ideia \u00e9 questionar milh\u00f5es de brasileiros sobre essas tr\u00eas pautas: a escala 6\u00d71, a jornada de 44 horas e a cria\u00e7\u00e3o de um imposto especial sobre grandes fortunas que hoje n\u00e3o s\u00e3o taxadas.<\/p>\n<p>Leia tamb\u00e9m: <a href=\"https:\/\/www.brasildefato.com.br\/colunista\/pedro-alcantara\/2025\/04\/16\/um-plebiscito-popular-para-defender-o-povo-brasileiro\/\" data-type=\"link\" data-id=\"https:\/\/www.brasildefato.com.br\/colunista\/pedro-alcantara\/2025\/04\/16\/um-plebiscito-popular-para-defender-o-povo-brasileiro\/\">Um plebiscito popular para defender o povo brasileiro<\/a><\/p>\n<p><a href=\"https:\/\/www.brasildefato.com.br\/2024\/11\/13\/mais-cinco-pernambucanos-assinam-pec-pelo-fim-do-6x1-que-alcanca-numero-necessario-para-tramitar\/\" data-type=\"link\" data-id=\"https:\/\/www.brasildefato.com.br\/2024\/11\/13\/mais-cinco-pernambucanos-assinam-pec-pelo-fim-do-6x1-que-alcanca-numero-necessario-para-tramitar\/\">Ap\u00f3s press\u00e3o nas redes, chega a 14 os deputados pernambucanos que assinam a PEC pelo fim da escala 6\u00d71<\/a><\/p>\n<p>O Governo Federal enviou ao Congresso Nacional o Projeto de Lei n\u00ba 1087\/2025, que altera a tabela do Imposto de Renda (IR), garantindo isen\u00e7\u00e3o para quem recebe at\u00e9 R$ 5 mil. Mas o projeto ainda precisa ser aprovado pelos deputados federais e senadores.<\/p>\n<p>J\u00e1 a redu\u00e7\u00e3o da jornada de trabalho e da escala 6\u00d71 s\u00e3o objetos de um projeto de emenda constitucional (PEC) da deputada federal Erika Hilton (Psol-SP). Apenas sete dos 25 federais pernambucanos apoiaram a pauta de imediato. Ap\u00f3s press\u00e3o das redes sociais, outros sete assinaram em favor da tramita\u00e7\u00e3o, mas sem garantir que votar\u00e3o pela aprova\u00e7\u00e3o.<\/p>\n<!-- Begin Yuzo --><div class='yuzo_related_post style-1'  data-version='5.12.89'><!-- without result --><div class='yuzo_clearfixed yuzo__title yuzo__title'><h3>Related Post<\/h3><\/div>\n\t\t\t\t\t\t  <div class=\"relatedthumb \" style=\"width:125px;float:left;overflow:hidden;\">  \n\t\t\t\t\t\t\t  \n\t\t\t\t\t\t\t  <a  href=\"https:\/\/redept.com.br\/blogosfera\/fique-de-olho-lista-de-espera-da-fuvest-sera-divulgada-terca-03\/\"  >\n\t\t\t\t\t\t\t\t\t  <div class=\"yuzo-img-wrap \" style=\"width: 125px;height:90px;\">\n\t\t\t\t\t\t\t\t\t\t\n\t\t\t\t\t\t\t\t\t\t<div class=\"yuzo-img\" style=\"background:url('https:\/\/redept.com.br\/blogosfera\/wp-content\/uploads\/2026\/03\/Alunos_FUVEST_Foto-Cecilia-Bastos_USP-Imagens-14-e1765828102764-150x150.jpg') 50% 50% no-repeat;width: 125px;height:90px;margin-bottom: 5px;background-size: cover; \"><\/div>\n\t\t\t\t\t\t\t\t\t  <\/div>\n\t\t\t\t\t\t\t\t\t  \n\t\t\t\t\t\t\t\t   <span class=\"yuzo__text--title\" style=\"font-size:13px;\">Fique de olho: lista de espera da Fuvest ser\u00e1 divu...<\/span>\n\t\t\t\t\t\t\t  \n\t\t\t\t\t\t\t  \n\t\t\t\t\t\t\t  <\/a>\n\n\t\t\t\t\t\t  <\/div>\n\t\t\t\t\t\t  <div class=\"relatedthumb \" style=\"width:125px;float:left;overflow:hidden;\">  \n\t\t\t\t\t\t\t  \n\t\t\t\t\t\t\t  <a  href=\"https:\/\/redept.com.br\/blogosfera\/partidos-autoridades-e-liderancas-exaltam-legado-politico-de-renato-rabelo\/\"  >\n\t\t\t\t\t\t\t\t\t  <div class=\"yuzo-img-wrap \" style=\"width: 125px;height:90px;\">\n\t\t\t\t\t\t\t\t\t\t\n\t\t\t\t\t\t\t\t\t\t<div class=\"yuzo-img\" style=\"background:url('https:\/\/redept.com.br\/blogosfera\/wp-content\/uploads\/2026\/02\/IMG_9787-2048x1365-1-150x150.jpg') 50% 50% no-repeat;width: 125px;height:90px;margin-bottom: 5px;background-size: cover; \"><\/div>\n\t\t\t\t\t\t\t\t\t  <\/div>\n\t\t\t\t\t\t\t\t\t  \n\t\t\t\t\t\t\t\t   <span class=\"yuzo__text--title\" style=\"font-size:13px;\">Partidos, autoridades e lideran\u00e7as exaltam legado ...<\/span>\n\t\t\t\t\t\t\t  \n\t\t\t\t\t\t\t  \n\t\t\t\t\t\t\t  <\/a>\n\n\t\t\t\t\t\t  <\/div>\n\t\t\t\t\t\t  <div class=\"relatedthumb \" style=\"width:125px;float:left;overflow:hidden;\">  \n\t\t\t\t\t\t\t  \n\t\t\t\t\t\t\t  <a  href=\"https:\/\/redept.com.br\/blogosfera\/quanto-vai-custar-completar-o-album-de-figurinhas-da-copa-do-mundo-2026\/\"  >\n\t\t\t\t\t\t\t\t\t  <div class=\"yuzo-img-wrap \" style=\"width: 125px;height:90px;\">\n\t\t\t\t\t\t\t\t\t\t\n\t\t\t\t\t\t\t\t\t\t<div class=\"yuzo-img\" style=\"background:url('https:\/\/redept.com.br\/blogosfera\/wp-content\/uploads\/2026\/04\/img_5950-e1771442712931-150x150.webp') 50% 50% no-repeat;width: 125px;height:90px;margin-bottom: 5px;background-size: cover; \"><\/div>\n\t\t\t\t\t\t\t\t\t  <\/div>\n\t\t\t\t\t\t\t\t\t  \n\t\t\t\t\t\t\t\t   <span class=\"yuzo__text--title\" style=\"font-size:13px;\">Quanto vai custar completar o \u00e1lbum de figurinhas ...<\/span>\n\t\t\t\t\t\t\t  \n\t\t\t\t\t\t\t  \n\t\t\t\t\t\t\t  <\/a>\n\n\t\t\t\t\t\t  <\/div>\n\t\t\t\t\t\t  <div class=\"relatedthumb \" style=\"width:125px;float:left;overflow:hidden;\">  \n\t\t\t\t\t\t\t  \n\t\t\t\t\t\t\t  <a  href=\"https:\/\/redept.com.br\/blogosfera\/petro-denuncia-conspiracao-entre-direita-colombiana-e-governo-do-equador\/\"  >\n\t\t\t\t\t\t\t\t\t  <div class=\"yuzo-img-wrap \" style=\"width: 125px;height:90px;\">\n\t\t\t\t\t\t\t\t\t\t\n\t\t\t\t\t\t\t\t\t\t<div class=\"yuzo-img\" style=\"background:url('https:\/\/redept.com.br\/blogosfera\/wp-content\/uploads\/2026\/04\/petro-150x150.jpg') 50% 50% no-repeat;width: 125px;height:90px;margin-bottom: 5px;background-size: cover; \"><\/div>\n\t\t\t\t\t\t\t\t\t  <\/div>\n\t\t\t\t\t\t\t\t\t  \n\t\t\t\t\t\t\t\t   <span class=\"yuzo__text--title\" style=\"font-size:13px;\">Petro denuncia conspira\u00e7\u00e3o entre direita colombian...<\/span>\n\t\t\t\t\t\t\t  \n\t\t\t\t\t\t\t  \n\t\t\t\t\t\t\t  <\/a>\n\n\t\t\t\t\t\t  <\/div>\n<\/div> <script>\n\t\t\t\t\t\t  jQuery(document).ready(function( $ ){\n\t\t\t\t\t\t\t\/\/jQuery('.yuzo_related_post').equalizer({ overflow : 'relatedthumb' });\n\t\t\t\t\t\t\tjQuery('.yuzo_related_post .yuzo_wraps').equalizer({ columns : '> div' });\n\t\t\t\t\t\t   })\n\t\t\t\t\t\t  <\/script> <!-- End Yuzo :) -->","protected":false},"excerpt":{"rendered":"<p>Est\u00e1 previsto para a tarde desta quarta-feira (30), no Parque Treze de Maio, uma manifesta\u00e7\u00e3o pedindo \u00e0s autoridades federais que reduzam o teto da jornada de trabalho, atualmente em 44 horas semanais; que coloquem um fim na escala 6 por 1 (seis dias de trabalho e apenas um de descanso); e pedindo que a faixa [&hellip;]<\/p>\n","protected":false},"author":2,"featured_media":0,"comment_status":"closed","ping_status":"closed","sticky":false,"template":"","format":"standard","meta":{"fifu_image_url":"","fifu_image_alt":"","footnotes":""},"categories":[5066,1679,1963,2009,179,185],"tags":[],"class_list":["post-24753","post","type-post","status-publish","format-standard","hentry","category-direitos-do-trabalhador","category-direitos-trabalhistas","category-escala-6x1","category-mobilizacoes","category-pernambuco","category-recife"],"_links":{"self":[{"href":"https:\/\/redept.com.br\/blogosfera\/wp-json\/wp\/v2\/posts\/24753","targetHints":{"allow":["GET"]}}],"collection":[{"href":"https:\/\/redept.com.br\/blogosfera\/wp-json\/wp\/v2\/posts"}],"about":[{"href":"https:\/\/redept.com.br\/blogosfera\/wp-json\/wp\/v2\/types\/post"}],"author":[{"embeddable":true,"href":"https:\/\/redept.com.br\/blogosfera\/wp-json\/wp\/v2\/users\/2"}],"replies":[{"embeddable":true,"href":"https:\/\/redept.com.br\/blogosfera\/wp-json\/wp\/v2\/comments?post=24753"}],"version-history":[{"count":0,"href":"https:\/\/redept.com.br\/blogosfera\/wp-json\/wp\/v2\/posts\/24753\/revisions"}],"wp:attachment":[{"href":"https:\/\/redept.com.br\/blogosfera\/wp-json\/wp\/v2\/media?parent=24753"}],"wp:term":[{"taxonomy":"category","embeddable":true,"href":"https:\/\/redept.com.br\/blogosfera\/wp-json\/wp\/v2\/categories?post=24753"},{"taxonomy":"post_tag","embeddable":true,"href":"https:\/\/redept.com.br\/blogosfera\/wp-json\/wp\/v2\/tags?post=24753"}],"curies":[{"name":"wp","href":"https:\/\/api.w.org\/{rel}","templated":true}]}}