{"id":24757,"date":"2025-04-30T09:51:19","date_gmt":"2025-04-30T12:51:19","guid":{"rendered":"https:\/\/redept.org\/blogosfera\/artistas-indigenas-kariri-do-cariri-cearense-realizam-intercambio-em-aldeias-kariri-do-piaui-com-apoio-da-funarte\/"},"modified":"2025-04-30T09:51:19","modified_gmt":"2025-04-30T12:51:19","slug":"artistas-indigenas-kariri-do-cariri-cearense-realizam-intercambio-em-aldeias-kariri-do-piaui-com-apoio-da-funarte","status":"publish","type":"post","link":"https:\/\/redept.com.br\/blogosfera\/artistas-indigenas-kariri-do-cariri-cearense-realizam-intercambio-em-aldeias-kariri-do-piaui-com-apoio-da-funarte\/","title":{"rendered":"Artistas Ind\u00edgenas Kariri, do Cariri Cearense, realizam interc\u00e2mbio em Aldeias Kariri do Piau\u00ed com apoio da Funarte"},"content":{"rendered":"<p>Duas aldeias do Piau\u00ed recebem nos pr\u00f3ximos dias, entre 1 e 4 de maio, artistas Ind\u00edgenas Kariri, da regi\u00e3o do Cariri Cearense, com o projeto <em>Ouvindo pedras, ervas e sonhos \u2013 Flechas de arte em circularidade nos terreiros<\/em>. Realizado pela Coletiva Flecha Lan\u00e7ada Arte, o projeto \u00e9 apoiado pela Bolsa Funarte de Teatro Myriam Muniz \u2013 Funarte Rede das Artes 2023 \u2013 Programa de Difus\u00e3o Nacional. O interc\u00e2mbio art\u00edstico envolve as apresenta\u00e7\u00f5es de artistas do Cariri Cearense, como\u00a0 <em>Hist\u00f3rias que Penha Conta (2018)<\/em> e <em>An\u00e9 das Pedras (2021)<\/em>, e acontece nas aldeias Kariri Bate Mar\u00e9, em Paulistana, e Kariri de Serra Grande, no munic\u00edpio de Queimada Nova<em>.<\/em><\/p>\n<p>O integrante da Coletiva Flecha Lan\u00e7ada Arte, Joedson Kariri, aborda um pouco sobre a escolha das aldeias do Piau\u00ed para realiza\u00e7\u00e3o do interc\u00e2mbio. De acordo com Joedson a escolha foi feita pelo sentido de que s\u00e3o comunidades Kariri e revela ainda que na Serra do Catol\u00e9, \u00e0s fam\u00edlias ind\u00edgenas que residem no S\u00edtio Leite possuem como matriarca Maria Piau\u00ed. \u201cEnt\u00e3o, foram esses dois crit\u00e9rios, essa rela\u00e7\u00e3o de parentesco que existe com uma fam\u00edlia ind\u00edgena da Serra do Catol\u00e9, com o povo Kariri do Piau\u00ed e, de modo geral, possibilitar um interc\u00e2mbio entre o pr\u00f3prio povo Kariri, do Cariri cearense e do estado piauiense\u201d, afirma.<\/p>\n<p>Com o objetivo de fortalecer as mem\u00f3rias ancestrais e a produ\u00e7\u00e3o art\u00edstica nos territ\u00f3rios ind\u00edgenas, o interc\u00e2mbio promove ainda a realiza\u00e7\u00e3o da oficina de inicia\u00e7\u00e3o ao teatro, intitulada <em>Inventando com os sonhos<\/em>, direcionada \u00e0s crian\u00e7as e jovens, e que busca reafirmar a ancestralidade como um caminho para a cria\u00e7\u00e3o art\u00edstica e coletiva.<\/p>\n<p>Ana Floresta, ind\u00edgena Kariri, atriz formada em teatro na Universidade Regional do Cariri (Urca), e moradora da comunidade do Chico Gomes, tamb\u00e9m atua enquanto proponente do projeto e no espet\u00e1culo <em>Hist\u00f3rias que Penha Conta<\/em>, revela que conseguir acessar o financiamento da Funarte para realiza\u00e7\u00e3o do interc\u00e2mbio \u00e9 de grande import\u00e2ncia, pois garante a oportunidade de se permitir n\u00e3o ocupar apenas outros espa\u00e7os, mas sim a possibilidade de visualizar nesses outros espa\u00e7os outros tipos de conex\u00f5es. Floresta aponta ainda que todas as produ\u00e7\u00f5es feitas at\u00e9 aqui ficam somente no terreiro, no territ\u00f3rio, uma vez que n\u00e3o possuem verba suficiente para conseguir estender essas rela\u00e7\u00f5es com outros espa\u00e7os.<\/p>\n<figure><img fetchpriority=\"high\" fetchpriority=\"high\" decoding=\"async\" width=\"1024\" height=\"678\"src=\"https:\/\/redept.org\/blogosfera\/wp-content\/uploads\/2025\/04\/Historias-que-Penha-Conta-_-cred-bernardoeufoto-2048x1356-1.jpeg\" alt=\"\" srcset=\"https:\/\/assets.brasildefato.com.br\/2025\/04\/Historias-que-Penha-Conta-_-cred.-@bernardoeufoto-300x199.jpeg 300w, https:\/\/assets.brasildefato.com.br\/2025\/04\/Historias-que-Penha-Conta-_-cred.-@bernardoeufoto-1024x678.jpeg 1024w, https:\/\/assets.brasildefato.com.br\/2025\/04\/Historias-que-Penha-Conta-_-cred.-@bernardoeufoto-768x509.jpeg 768w, https:\/\/assets.brasildefato.com.br\/2025\/04\/Historias-que-Penha-Conta-_-cred.-@bernardoeufoto-1536x1017.jpeg 1536w, https:\/\/redept.org\/blogosfera\/wp-content\/uploads\/2025\/04\/Historias-que-Penha-Conta-_-cred-bernardoeufoto-2048x1356-1.jpeg 2048w, https:\/\/assets.brasildefato.com.br\/2025\/04\/Historias-que-Penha-Conta-_-cred.-@bernardoeufoto-750x536.jpeg 750w, https:\/\/assets.brasildefato.com.br\/2025\/04\/Historias-que-Penha-Conta-_-cred.-@bernardoeufoto-1140x815.jpeg 1140w\" sizes=\"(max-width: 1024px) 100vw, 1024px\"><figcaption>Penha refere-se \u00e0s lutas, \u00e1s dores e a busca pelos saberes e pela vida, refere-se tamb\u00e9m a Maria da Penha, meizinheira que inspirou o mon\u00f3logo e deu t\u00edtulo a pe\u00e7a. Foto: Rondinelli Bernardo<\/figcaption><\/figure>\n<p>Sobre as expectativas, a artista ind\u00edgena destaca que s\u00e3o muitas, e garante que o trabalho vem sendo idealizado h\u00e1 bastante tempo e assegura que o frio na barriga \u00e9 o mesmo. \u201cPor mais que as apresenta\u00e7\u00f5es nas aldeias n\u00e3o sejam feitas com uma boa estrutura cenogr\u00e1fica, utilizando palco, ilumina\u00e7\u00e3o espec\u00edfica, estaremos no terreiro de uma aldeia, utilizando a ilumina\u00e7\u00e3o do sol, uma fogueira, uma outra atmosfera. Ent\u00e3o o frio na barriga ainda \u00e9 o mesmo\u201d, destaca. Floresta confessa ainda que o interc\u00e2mbio \u00e9 um movimento pol\u00edtico de fortalecimento das quest\u00f5es acerca de demarca\u00e7\u00e3o territorial.<\/p>\n<p>Por fim, Floresta ressalta os desafios de ser artista ind\u00edgena no Cariri e no Cear\u00e1, e aponta o principal deles como o reconhecimento enquanto ind\u00edgena, \u201c\u00e9 como se as pessoas olhassem para n\u00f3s e n\u00e3o reconhecessem como ind\u00edgena, e por isso precisamos estar o tempo todo falando, pronunciando e descrevendo \u2018eu sou uma mulher ind\u00edgena Kariri, da Aldeia Chico Gomes\u2019, isso tem sido praticamente um mantra\u201d. A artista aponta ainda outros dois desafios: o segundo diz respeito \u00e0s oportunidades de ocuparem outros terreiros e territ\u00f3rios, alcan\u00e7ando novos olhares. J\u00e1 o terceiro e \u00faltimo, \u00e9 o enfrentamento e a disputa pela terra e pela demarca\u00e7\u00e3o do territ\u00f3rio, refletindo ainda na auto afirma\u00e7\u00e3o da pr\u00f3pria comunidade como identidade ind\u00edgena.<\/p>\n<p><a href=\"https:\/\/api.whatsapp.com\/send\/?phone=558598588379&amp;text=Ol%C3%A1%2C+gostaria+de+receber+not%C3%ADcias+do+Brasil+de+Fato+Cear%C3%A1.&amp;app_absent=0\">:: Clique aqui para receber not\u00edcias do Brasil de Fato Cear\u00e1 no seu Whatsapp ::<\/a><\/p>\n<h4>Troca de saberes<\/h4>\n<p>Com quatro dias de dura\u00e7\u00e3o, a programa\u00e7\u00e3o do interc\u00e2mbio ser\u00e1 dividida em dois dias para cada um dos territ\u00f3rios. Gilmar, lideran\u00e7a da Aldeia Kariri Bate Mar\u00e9, em Paulistana (PI), compartilha as expectativas para o momento de troca com os artistas do Cariri cearense. De acordo com o l\u00edder da aldeia, a expectativa \u00e9 enorme, j\u00e1 que fazem quatro anos da retomada de seu territ\u00f3rio e da reafirma\u00e7\u00e3o como povo origin\u00e1rio, sendo essa a primeira vez em que receber\u00e3o oficinas e espet\u00e1culos art\u00edsticos. Por fim, Gilmar revela que apesar dos movimentos e comunidades pr\u00f3ximas se referirem ao mesmo como lideran\u00e7a, o trabalho dentro da aldeia \u00e9 coletivo e constru\u00eddo por diversas m\u00e3os.<\/p>\n<p>Os \u00faltimos dois dias de programa\u00e7\u00e3o do interc\u00e2mbio acontecem no munic\u00edpio de Queimada Nova (PI), na Aldeia Kariri de Serra Grande, e tem Dona Maria Francisca como lideran\u00e7a da aldeia, que revela a expectativa de curiosidade e aprendizado para a programa\u00e7\u00e3o.<\/p>\n<figure>\n<figure><img decoding=\"async\" width=\"1024\" height=\"683\" data-id=\"682240\"src=\"https:\/\/redept.org\/blogosfera\/wp-content\/uploads\/2025\/04\/MG_0246-2048x1365-1.jpg\" alt=\"\" srcset=\"https:\/\/assets.brasildefato.com.br\/2025\/04\/MG_0246-300x200.jpg 300w, https:\/\/assets.brasildefato.com.br\/2025\/04\/MG_0246-1024x683.jpg 1024w, https:\/\/assets.brasildefato.com.br\/2025\/04\/MG_0246-768x512.jpg 768w, https:\/\/assets.brasildefato.com.br\/2025\/04\/MG_0246-1536x1024.jpg 1536w, https:\/\/redept.org\/blogosfera\/wp-content\/uploads\/2025\/04\/MG_0246-2048x1365-1.jpg 2048w, https:\/\/assets.brasildefato.com.br\/2025\/04\/MG_0246-750x536.jpg 750w, https:\/\/assets.brasildefato.com.br\/2025\/04\/MG_0246-1140x815.jpg 1140w, https:\/\/assets.brasildefato.com.br\/2025\/04\/MG_0246-600x400.jpg 600w\" sizes=\"(max-width: 1024px) 100vw, 1024px\"><figcaption>An\u00e9 das Pedras faz parte do interc\u00e2mbio que acontecer\u00e1 nos dias 1 a 4 de maio no Piau\u00ed. Foto: N\u00edvia Uch\u00f4a<\/figcaption><\/figure>\n<figure><img decoding=\"async\" width=\"1024\" height=\"683\" data-id=\"682251\"src=\"https:\/\/redept.org\/blogosfera\/wp-content\/uploads\/2025\/04\/MG_0227-2048x1365-1.jpg\" alt=\"\" srcset=\"https:\/\/assets.brasildefato.com.br\/2025\/04\/MG_0227-300x200.jpg 300w, https:\/\/assets.brasildefato.com.br\/2025\/04\/MG_0227-1024x683.jpg 1024w, https:\/\/assets.brasildefato.com.br\/2025\/04\/MG_0227-768x512.jpg 768w, https:\/\/assets.brasildefato.com.br\/2025\/04\/MG_0227-1536x1024.jpg 1536w, https:\/\/redept.org\/blogosfera\/wp-content\/uploads\/2025\/04\/MG_0227-2048x1365-1.jpg 2048w, https:\/\/assets.brasildefato.com.br\/2025\/04\/MG_0227-750x536.jpg 750w, https:\/\/assets.brasildefato.com.br\/2025\/04\/MG_0227-1140x815.jpg 1140w, https:\/\/assets.brasildefato.com.br\/2025\/04\/MG_0227-600x400.jpg 600w\" sizes=\"(max-width: 1024px) 100vw, 1024px\"><figcaption>An\u00e9 das Pedras faz parte do interc\u00e2mbio que acontecer\u00e1 nos dias 1 a 4 de maio no Piau\u00ed. Foto: N\u00edvia Uch\u00f4a<\/figcaption><\/figure>\n<figure><img loading=\"lazy\" loading=\"lazy\" decoding=\"async\" width=\"1024\" height=\"683\" data-id=\"682250\"src=\"https:\/\/redept.org\/blogosfera\/wp-content\/uploads\/2025\/04\/MG_0176-2048x1365-1.jpg\" alt=\"\" srcset=\"https:\/\/assets.brasildefato.com.br\/2025\/04\/MG_0176-300x200.jpg 300w, https:\/\/assets.brasildefato.com.br\/2025\/04\/MG_0176-1024x683.jpg 1024w, https:\/\/assets.brasildefato.com.br\/2025\/04\/MG_0176-768x512.jpg 768w, https:\/\/assets.brasildefato.com.br\/2025\/04\/MG_0176-1536x1024.jpg 1536w, https:\/\/redept.org\/blogosfera\/wp-content\/uploads\/2025\/04\/MG_0176-2048x1365-1.jpg 2048w, https:\/\/assets.brasildefato.com.br\/2025\/04\/MG_0176-750x536.jpg 750w, https:\/\/assets.brasildefato.com.br\/2025\/04\/MG_0176-1140x815.jpg 1140w, https:\/\/assets.brasildefato.com.br\/2025\/04\/MG_0176-600x400.jpg 600w\" sizes=\"auto, (max-width: 1024px) 100vw, 1024px\"><figcaption>An\u00e9 das Pedras faz parte do interc\u00e2mbio que acontecer\u00e1 nos dias 1 a 4 de maio no Piau\u00ed. Foto: N\u00edvia Uch\u00f4a<\/figcaption><\/figure>\n<figure><img loading=\"lazy\" loading=\"lazy\" decoding=\"async\" width=\"1024\" height=\"683\" data-id=\"682249\"src=\"https:\/\/redept.org\/blogosfera\/wp-content\/uploads\/2025\/04\/MG_0251-2048x1365-1.jpg\" alt=\"\" srcset=\"https:\/\/assets.brasildefato.com.br\/2025\/04\/MG_0251-300x200.jpg 300w, https:\/\/assets.brasildefato.com.br\/2025\/04\/MG_0251-1024x683.jpg 1024w, https:\/\/assets.brasildefato.com.br\/2025\/04\/MG_0251-768x512.jpg 768w, https:\/\/assets.brasildefato.com.br\/2025\/04\/MG_0251-1536x1024.jpg 1536w, https:\/\/redept.org\/blogosfera\/wp-content\/uploads\/2025\/04\/MG_0251-2048x1365-1.jpg 2048w, https:\/\/assets.brasildefato.com.br\/2025\/04\/MG_0251-750x536.jpg 750w, https:\/\/assets.brasildefato.com.br\/2025\/04\/MG_0251-1140x815.jpg 1140w, https:\/\/assets.brasildefato.com.br\/2025\/04\/MG_0251-600x400.jpg 600w\" sizes=\"auto, (max-width: 1024px) 100vw, 1024px\"><figcaption>An\u00e9 das Pedras faz parte do interc\u00e2mbio que acontecer\u00e1 nos dias 1 a 4 de maio no Piau\u00ed. Foto: N\u00edvia Uch\u00f4a<\/figcaption><\/figure>\n<\/figure>\n<p>Idiane Crudz\u00e1, ind\u00edgena do povo Kariri Xoc\u00f3 de Alagoas, artista e participante do espet\u00e1culo <em>An\u00e9 das Pedras, <\/em>descreve o interc\u00e2mbio como uma oportunidade de aproximar os povos e evoluir com o outro, garantindo o fortalecimento e multiplica\u00e7\u00e3o de saberes entre os territ\u00f3rios. Professora e fundadora da escola livre <em>swbatker\u00e1<\/em>, e vice representante das l\u00ednguas ind\u00edgenas do nordeste pela Unesco, Crudz\u00e1 revela ainda as expectativas para a troca de saberes s\u00e3o altas, e que pretende dar o seu melhor, e busca envolver e levar aconchego atrav\u00e9s da arte as pessoas que est\u00e3o a espera desse momento especial. Por fim, a artista conta que v\u00ea na arte uma maneira de somar e trazer fortalecimento ancestrais culturais e espirituais.<\/p>\n<p>Floresta, respons\u00e1vel pela dire\u00e7\u00e3o e atua\u00e7\u00e3o do espet\u00e1culo <em>Hist\u00f3rias que Penha Conta, <\/em>expressa ainda os aplausos como a principal ess\u00eancia do artista e aponta o interc\u00e2mbio como ferramenta de fortalecimento e estreitamento de la\u00e7os e fronteiras entre povos e culturas. \u201cO movimento ind\u00edgena recorre por isso, e n\u00f3s estamos estreitando as fronteiras, porque n\u00f3s vamos ter mais de uma aldeia para visitar, mais uma aldeia para a gente conhecer, mais uma aldeia para a gente experienciar a vida, o cotidiano daquelas pessoas\u201d, conta.<\/p>\n<h4>Programa\u00e7\u00e3o<\/h4>\n<p>Todas as atividades s\u00e3o gratuitas e abertas ao p\u00fablico. A oficina contar\u00e1 com disponibilidade de 20 vagas abertas para as crian\u00e7as e jovens das comunidades e as\u00a0 inscri\u00e7\u00f5es podem ser feitas pelo link que ser\u00e1 disponibilizado no Instagram <a href=\"https:\/\/www.instagram.com\/coletivaflechalancadaarte\/#\" data-type=\"link\" data-id=\"https:\/\/www.instagram.com\/coletivaflechalancadaarte\/#\">@coletivaflechalancadaarte<\/a>.<\/p>\n<p><strong>Aldeia Kariri Bate Mar\u00e9 (Paulistana \u2013 PI)<\/strong><\/p>\n<p><strong>Quinta-feira | 01 de Maio\u00a0<\/strong><\/p>\n<p>9h \u00e0s 11h:\u00a0 Oficina: <em>Inventando com os sonhos<\/em><\/p>\n<p>17h \u00e0s 18h: Espet\u00e1culo <em>Hist\u00f3rias que Penha Conta<\/em> + Roda de conversa<\/p>\n<p><strong>Sexta-feira | 02 de Maio\u00a0<\/strong><\/p>\n<p>9h \u00e0s 11h:\u00a0 Oficina: <em>Inventando com os sonhos<\/em><\/p>\n<p>17h \u00e0s 18h: <em>Espet\u00e1culo An\u00e9 das Pedras<\/em> + Roda de conversa<\/p>\n<p><strong>Aldeia Kariri de Serra Grande (Queimada Nova \u2013 PI)<\/strong><\/p>\n<p><strong>S\u00e1bado | 03 de Maio<\/strong><\/p>\n<p>9h \u00e0s 11h: Oficina: <em>Inventando com os sonhos<\/em><\/p>\n<p>17h \u00e0s 18h: Espet\u00e1culo <em>Hist\u00f3rias que Penha Conta<\/em> + Roda de conversa<\/p>\n<p><strong>Domingo | 04 de Maio<\/strong><\/p>\n<p>9h \u00e0s 11h:\u00a0 Oficina: <em>Inventando com os sonhos<\/em><\/p>\n<p>17h \u00e0s 18h: Espet\u00e1culo <em>An\u00e9 das Pedras <\/em>+ Roda de conversa<\/p>\n<p><a href=\"https:\/\/api.whatsapp.com\/send\/?phone=558598588379&amp;text=Ol%C3%A1%2C+gostaria+de+receber+not%C3%ADcias+do+Brasil+de+Fato+Cear%C3%A1.&amp;app_absent=0\">:: Clique aqui para receber not\u00edcias do Brasil de Fato Cear\u00e1 no seu Whatsapp ::<\/a> <\/p>\n<!-- Begin Yuzo --><div class='yuzo_related_post style-1'  data-version='5.12.89'><!-- without result --><div class='yuzo_clearfixed yuzo__title yuzo__title'><h3>Related Post<\/h3><\/div>\n\t\t\t\t\t\t  <div class=\"relatedthumb \" style=\"width:125px;float:left;overflow:hidden;\">  \n\t\t\t\t\t\t\t  \n\t\t\t\t\t\t\t  <a  href=\"https:\/\/redept.com.br\/blogosfera\/ira-desafia-ultimato-de-trump-ormuz-jamais-retomara-status-anterior\/\"  >\n\t\t\t\t\t\t\t\t\t  <div class=\"yuzo-img-wrap \" style=\"width: 125px;height:90px;\">\n\t\t\t\t\t\t\t\t\t\t\n\t\t\t\t\t\t\t\t\t\t<div class=\"yuzo-img\" style=\"background:url('https:\/\/redept.org\/blogosfera\/wp-content\/plugins\/yuzo-related-post\/assets\/images\/default.png') 50% 50% no-repeat;width: 125px;height:90px;margin-bottom: 5px;background-size: cover; \"><\/div>\n\t\t\t\t\t\t\t\t\t  <\/div>\n\t\t\t\t\t\t\t\t\t  \n\t\t\t\t\t\t\t\t   <span class=\"yuzo__text--title\" style=\"font-size:13px;\">Ir\u00e3 desafia ultimato de Trump: Ormuz jamais retoma...<\/span>\n\t\t\t\t\t\t\t  \n\t\t\t\t\t\t\t  \n\t\t\t\t\t\t\t  <\/a>\n\n\t\t\t\t\t\t  <\/div>\n\t\t\t\t\t\t  <div class=\"relatedthumb \" style=\"width:125px;float:left;overflow:hidden;\">  \n\t\t\t\t\t\t\t  \n\t\t\t\t\t\t\t  <a  href=\"https:\/\/redept.com.br\/blogosfera\/chacinas-em-favelas-e-a-plataforma-eleitoral-da-direita-para-2026\/\"  >\n\t\t\t\t\t\t\t\t\t  <div class=\"yuzo-img-wrap \" style=\"width: 125px;height:90px;\">\n\t\t\t\t\t\t\t\t\t\t\n\t\t\t\t\t\t\t\t\t\t<div class=\"yuzo-img\" style=\"background:url('https:\/\/redept.org\/blogosfera\/wp-content\/plugins\/yuzo-related-post\/assets\/images\/default.png') 50% 50% no-repeat;width: 125px;height:90px;margin-bottom: 5px;background-size: cover; \"><\/div>\n\t\t\t\t\t\t\t\t\t  <\/div>\n\t\t\t\t\t\t\t\t\t  \n\t\t\t\t\t\t\t\t   <span class=\"yuzo__text--title\" style=\"font-size:13px;\">Chacinas em favelas \u00e9 a plataforma eleitoral da di...<\/span>\n\t\t\t\t\t\t\t  \n\t\t\t\t\t\t\t  \n\t\t\t\t\t\t\t  <\/a>\n\n\t\t\t\t\t\t  <\/div>\n\t\t\t\t\t\t  <div class=\"relatedthumb \" style=\"width:125px;float:left;overflow:hidden;\">  \n\t\t\t\t\t\t\t  \n\t\t\t\t\t\t\t  <a  href=\"https:\/\/redept.com.br\/blogosfera\/do-valor-atencao-a-critica-ao-valor-trabalho\/\"  >\n\t\t\t\t\t\t\t\t\t  <div class=\"yuzo-img-wrap \" style=\"width: 125px;height:90px;\">\n\t\t\t\t\t\t\t\t\t\t\n\t\t\t\t\t\t\t\t\t\t<div class=\"yuzo-img\" style=\"background:url('https:\/\/redept.com.br\/blogosfera\/wp-content\/uploads\/2026\/02\/image1-1-1200x675-1-150x150.jpg') 50% 50% no-repeat;width: 125px;height:90px;margin-bottom: 5px;background-size: cover; \"><\/div>\n\t\t\t\t\t\t\t\t\t  <\/div>\n\t\t\t\t\t\t\t\t\t  \n\t\t\t\t\t\t\t\t   <span class=\"yuzo__text--title\" style=\"font-size:13px;\">Do Valor-Aten\u00e7\u00e3o \u00e0 cr\u00edtica ao Valor-Trabalho<\/span>\n\t\t\t\t\t\t\t  \n\t\t\t\t\t\t\t  \n\t\t\t\t\t\t\t  <\/a>\n\n\t\t\t\t\t\t  <\/div>\n\t\t\t\t\t\t  <div class=\"relatedthumb \" style=\"width:125px;float:left;overflow:hidden;\">  \n\t\t\t\t\t\t\t  \n\t\t\t\t\t\t\t  <a  href=\"https:\/\/redept.com.br\/blogosfera\/boletim-medico-de-papa-aponta-para-leve-melhora-mas-evita-prognosticos\/\"  >\n\t\t\t\t\t\t\t\t\t  <div class=\"yuzo-img-wrap \" style=\"width: 125px;height:90px;\">\n\t\t\t\t\t\t\t\t\t\t\n\t\t\t\t\t\t\t\t\t\t<div class=\"yuzo-img\" style=\"background:url('https:\/\/redept.com.br\/blogosfera\/wp-content\/uploads\/2025\/02\/pope_francis_with_ferula_cropped-150x150.jpg') 50% 50% no-repeat;width: 125px;height:90px;margin-bottom: 5px;background-size: cover; \"><\/div>\n\t\t\t\t\t\t\t\t\t  <\/div>\n\t\t\t\t\t\t\t\t\t  \n\t\t\t\t\t\t\t\t   <span class=\"yuzo__text--title\" style=\"font-size:13px;\">Boletim m\u00e9dico de Papa aponta para \u2018leve melhora\u2019,...<\/span>\n\t\t\t\t\t\t\t  \n\t\t\t\t\t\t\t  \n\t\t\t\t\t\t\t  <\/a>\n\n\t\t\t\t\t\t  <\/div>\n<\/div> <script>\n\t\t\t\t\t\t  jQuery(document).ready(function( $ ){\n\t\t\t\t\t\t\t\/\/jQuery('.yuzo_related_post').equalizer({ overflow : 'relatedthumb' });\n\t\t\t\t\t\t\tjQuery('.yuzo_related_post .yuzo_wraps').equalizer({ columns : '> div' });\n\t\t\t\t\t\t   })\n\t\t\t\t\t\t  <\/script> <!-- End Yuzo :) -->","protected":false},"excerpt":{"rendered":"<p>Duas aldeias do Piau\u00ed recebem nos pr\u00f3ximos dias, entre 1 e 4 de maio, artistas Ind\u00edgenas Kariri, da regi\u00e3o do Cariri Cearense, com o projeto Ouvindo pedras, ervas e sonhos \u2013 Flechas de arte em circularidade nos terreiros. Realizado pela Coletiva Flecha Lan\u00e7ada Arte, o projeto \u00e9 apoiado pela Bolsa Funarte de Teatro Myriam Muniz [&hellip;]<\/p>\n","protected":false},"author":2,"featured_media":24758,"comment_status":"closed","ping_status":"closed","sticky":false,"template":"","format":"standard","meta":{"fifu_image_url":"","fifu_image_alt":"","footnotes":""},"categories":[5350,309,5351,5352],"tags":[],"class_list":["post-24757","post","type-post","status-publish","format-standard","has-post-thumbnail","hentry","category-arte-indigena","category-cultura","category-intercambio-indigena","category-kariris"],"_links":{"self":[{"href":"https:\/\/redept.com.br\/blogosfera\/wp-json\/wp\/v2\/posts\/24757","targetHints":{"allow":["GET"]}}],"collection":[{"href":"https:\/\/redept.com.br\/blogosfera\/wp-json\/wp\/v2\/posts"}],"about":[{"href":"https:\/\/redept.com.br\/blogosfera\/wp-json\/wp\/v2\/types\/post"}],"author":[{"embeddable":true,"href":"https:\/\/redept.com.br\/blogosfera\/wp-json\/wp\/v2\/users\/2"}],"replies":[{"embeddable":true,"href":"https:\/\/redept.com.br\/blogosfera\/wp-json\/wp\/v2\/comments?post=24757"}],"version-history":[{"count":0,"href":"https:\/\/redept.com.br\/blogosfera\/wp-json\/wp\/v2\/posts\/24757\/revisions"}],"wp:featuredmedia":[{"embeddable":true,"href":"https:\/\/redept.com.br\/blogosfera\/wp-json\/wp\/v2\/media\/24758"}],"wp:attachment":[{"href":"https:\/\/redept.com.br\/blogosfera\/wp-json\/wp\/v2\/media?parent=24757"}],"wp:term":[{"taxonomy":"category","embeddable":true,"href":"https:\/\/redept.com.br\/blogosfera\/wp-json\/wp\/v2\/categories?post=24757"},{"taxonomy":"post_tag","embeddable":true,"href":"https:\/\/redept.com.br\/blogosfera\/wp-json\/wp\/v2\/tags?post=24757"}],"curies":[{"name":"wp","href":"https:\/\/api.w.org\/{rel}","templated":true}]}}