{"id":24767,"date":"2025-04-30T10:02:16","date_gmt":"2025-04-30T13:02:16","guid":{"rendered":"https:\/\/redept.org\/blogosfera\/servidores-de-santo-andre-seguem-negociando-reajuste-salarial\/"},"modified":"2025-04-30T10:02:16","modified_gmt":"2025-04-30T13:02:16","slug":"servidores-de-santo-andre-seguem-negociando-reajuste-salarial","status":"publish","type":"post","link":"https:\/\/redept.com.br\/blogosfera\/servidores-de-santo-andre-seguem-negociando-reajuste-salarial\/","title":{"rendered":"Servidores de Santo Andr\u00e9 seguem negociando reajuste salarial"},"content":{"rendered":"<p>Trabalhadores de Santo Andr\u00e9 que atuam em unidades escolares, UPAs, refeit\u00f3rios da CRAISA, FACON, Bet\u00e2nia e SOSP se organizaram em paralisa\u00e7\u00e3o na ter\u00e7a-feira (29). O grupo se reunir\u00e1 com a administra\u00e7\u00e3o da prefeitura para negociar reajuste salarial na segunda-feira (5). Saiba mais na <a href=\"https:\/\/tvtnews.com.br\/\">TVT News<\/a>.<\/p>\n<h3>Reajuste em Santo Andr\u00e9<\/h3>\n<\/p>\n<p>A prefeitura apresentou um reajuste parcelado em duas vezes que totaliza 4%: 2% em abril e 2% em novembro.<\/p>\n<p>Em assembleia dos servidores ativos e aposentados, realizada no \u00faltima quarta-feira (23), os trabalhadores rejeitaram a proposta e aprovaram uma paralisa\u00e7\u00e3o na ter\u00e7a-feira (29). O Sindserv protocolou, na quinta-feira (24), um of\u00edcio na Prefeitura comunicando a decis\u00e3o da assembleia sobre a paralisa\u00e7\u00e3o.<\/p>\n<p>Em publica\u00e7\u00e3o do Sindserv, os trabalhadores comunicam que \u201cessa contraproposta da PSA \u00e9 um desrespeito e n\u00e3o representa a valoriza\u00e7\u00e3o, porque n\u00e3o rep\u00f5e as perdas salariais\u201d. <\/p>\n<p>O ato que aconteceu ontem (29) contou com cerca de 3 mil funcion\u00e1rios (as) que carregavam cartazes com os dizeres: \u201cem defesa de profissionais de inclus\u00e3o nas escolas\u201d, \u201ceduca\u00e7\u00e3o se faz em equipe\u201d e \u201c2% \u00e9 uma piada\u201d e \u201csem valoriza\u00e7\u00e3o, n\u00e3o h\u00e1 motiva\u00e7\u00e3o\u201d.<\/p>\n<p>Os trabalhadores ressaltaram que o atual sal\u00e1rio n\u00e3o \u00e9 suficiente para suprir as necessidades diante do aumento dos alimentos, alugu\u00e9is e transporte. <\/p>\n<p>A categoria reivindica 16,14% de reajuste, \u00edndice calculado pelo Dieese (Departamento Intersindical de Estat\u00edstica e Estudos Socioecon\u00f4micos). Esse percentual contempla: 5,60% de reposi\u00e7\u00e3o da infla\u00e7\u00e3o acumulada no per\u00edodo da data-base (abril), e 13,9% para recomposi\u00e7\u00e3o do poder de compra dos sal\u00e1rios.<\/p>\n<p>As negocia\u00e7\u00f5es seguir\u00e3o na segunda-feira (5). O Sindserv espera receber uma contraproposta adequada da administra\u00e7\u00e3o de Santo Andr\u00e9. Na ter\u00e7a-feira (6), os servidores ir\u00e3o se reunir em assembleia para decidir se aceitam ou n\u00e3o o que for apresentado na segunda.<\/p>\n<figure>\n<div>\n<blockquote data-secret=\"q5Q8bdVWvf\"><p><a href=\"https:\/\/tvtnews.com.br\/lula-centrais-sindicais-terca-29-classe-brasilia\/\">Lula recebe centrais sindicais, ap\u00f3s Marcha Nacional da Classe Trabalhadora<\/a><\/p><\/blockquote>\n<\/div>\n<\/figure>\n<p>\u201cSanto Andr\u00e9 vai parar no dia 29 de abril. Vamos juntos mostrar a nossa for\u00e7a! \u00c9 essencial a participa\u00e7\u00e3o de todos no nosso ato e paralisa\u00e7\u00e3o.Estamos lutando por um sal\u00e1rio digno, por condi\u00e7\u00f5es decentes de trabalho em defesa de um servi\u00e7o p\u00fablico digno para popula\u00e7\u00e3o andreense. Quem cuida de Santo Andr\u00e9 somos n\u00f3s\u201d, destaca Durval Ludovico, Representante Legal do Sindicato.<\/p>\n<\/p>\n<h3>Caixa financeiro do munic\u00edpio<\/h3>\n<\/p>\n<p>De acordo com o sindicato, a cidade de Santo Andr\u00e9 possui recursos e margem fiscal suficiente para ampliar os gastos com pessoal, conforme determina a Lei de Responsabilidade Fiscal (LRF).<\/p>\n<p>Segundo dados do 3\u00ba quadrimestre de 2024, a despesa total representa 45% da Receita Corrente L\u00edquida, bem abaixo do limite da LRF, que \u00e9 de 51,3%. Ou seja: n\u00e3o h\u00e1 impedimento legal para um reajuste salarial.<\/p>\n<\/p>\n<figure><img fetchpriority=\"high\" fetchpriority=\"high\" decoding=\"async\" width=\"733\" height=\"1024\"src=\"https:\/\/redept.org\/blogosfera\/wp-content\/uploads\/2025\/04\/carta-a-populacao-santo-andre-1.jpeg\" alt=\"trabalhadores-de-santo-andre-fazem-paralisacao-pedindo-reajuste-salarial-carta-a-populacao-de-santo-andre-feita-pelos-servidores-publicos-imagem-sindserv-reproducao-tvt-news\" title=\"Servidores de Santo Andr\u00e9 seguem negociando reajuste salarial 1\" srcset=\"https:\/\/tvtnews.com.br\/wp-content\/uploads\/2025\/04\/carta-a-populacao-santo-andre-733x1024.jpeg 733w, https:\/\/tvtnews.com.br\/wp-content\/uploads\/2025\/04\/carta-a-populacao-santo-andre-215x300.jpeg 215w, https:\/\/tvtnews.com.br\/wp-content\/uploads\/2025\/04\/carta-a-populacao-santo-andre-768x1072.jpeg 768w, https:\/\/tvtnews.com.br\/wp-content\/uploads\/2025\/04\/carta-a-populacao-santo-andre-1100x1536.jpeg 1100w, https:\/\/redept.org\/blogosfera\/wp-content\/uploads\/2025\/04\/carta-a-populacao-santo-andre-1.jpeg 1146w\" sizes=\"(max-width: 733px) 100vw, 733px\"><figcaption>Carta a popula\u00e7\u00e3o de Santo Andr\u00e9 feita pelos servidores p\u00fablicos. Imagem: Sindserv\/Reprodu\u00e7\u00e3o<\/figcaption><\/figure>\n<p>Com informa\u00e7\u00f5es do <a href=\"https:\/\/www.sindservsantoandre.org\/noticia\/3631\/ato-do-sindserv-santo-andre-reune-cerca-de-3-mil-servidores-no-paco-municipal\" target=\"_blank\" data-type=\"link\" data-id=\"https:\/\/www.sindservsantoandre.org\/noticia\/3631\/ato-do-sindserv-santo-andre-reune-cerca-de-3-mil-servidores-no-paco-municipal\" rel=\"noreferrer noopener nofollow\">Sindserv<\/a><\/p>\n<\/p>\n<h6>S\u00e3o Paulo em greve<\/h6>\n<\/p>\n<p>Em S\u00e3o Paulo, servidores do funcionalismo p\u00fablico fazem greve que pode acabar nesta quarta-feira (30). Eles tamb\u00e9m pautavam o reajuste salarial adequado e melhorias nas condi\u00e7\u00f5es de trabalho.<\/p>\n<figure>\n<div>\n<\/div>\n<\/figure>\n<p>The post <a rel=\"nofollow\" href=\"https:\/\/tvtnews.com.br\/santo-andre-servidores-querem-reajuste-de-salario\/\">Servidores de Santo Andr\u00e9 seguem negociando reajuste salarial<\/a> appeared first on <a rel=\"nofollow\" href=\"https:\/\/tvtnews.com.br\/\">TVT News<\/a>.<\/p>\n<!-- Begin Yuzo --><div class='yuzo_related_post style-1'  data-version='5.12.89'><!-- without result --><div class='yuzo_clearfixed yuzo__title yuzo__title'><h3>Related Post<\/h3><\/div>\n\t\t\t\t\t\t  <div class=\"relatedthumb \" style=\"width:125px;float:left;overflow:hidden;\">  \n\t\t\t\t\t\t\t  \n\t\t\t\t\t\t\t  <a  href=\"https:\/\/redept.com.br\/blogosfera\/falta-de-chuvas-compromete-energia-e-afeta-o-bolso-do-consumidor-no-brasil-alerta-geografo-da-usp\/\"  >\n\t\t\t\t\t\t\t\t\t  <div class=\"yuzo-img-wrap \" style=\"width: 125px;height:90px;\">\n\t\t\t\t\t\t\t\t\t\t\n\t\t\t\t\t\t\t\t\t\t<div class=\"yuzo-img\" style=\"background:url('https:\/\/redept.org\/blogosfera\/wp-content\/plugins\/yuzo-related-post\/assets\/images\/default.png') 50% 50% no-repeat;width: 125px;height:90px;margin-bottom: 5px;background-size: cover; \"><\/div>\n\t\t\t\t\t\t\t\t\t  <\/div>\n\t\t\t\t\t\t\t\t\t  \n\t\t\t\t\t\t\t\t   <span class=\"yuzo__text--title\" style=\"font-size:13px;\">Falta de chuvas compromete energia e afeta o bolso...<\/span>\n\t\t\t\t\t\t\t  \n\t\t\t\t\t\t\t  \n\t\t\t\t\t\t\t  <\/a>\n\n\t\t\t\t\t\t  <\/div>\n\t\t\t\t\t\t  <div class=\"relatedthumb \" style=\"width:125px;float:left;overflow:hidden;\">  \n\t\t\t\t\t\t\t  \n\t\t\t\t\t\t\t  <a  href=\"https:\/\/redept.com.br\/blogosfera\/no-centro-do-recife-organizacao-oferece-testagem-gratuita-para-hiv-sifilis-e-hepatites\/\"  >\n\t\t\t\t\t\t\t\t\t  <div class=\"yuzo-img-wrap \" style=\"width: 125px;height:90px;\">\n\t\t\t\t\t\t\t\t\t\t\n\t\t\t\t\t\t\t\t\t\t<div class=\"yuzo-img\" style=\"background:url('https:\/\/redept.org\/blogosfera\/wp-content\/plugins\/yuzo-related-post\/assets\/images\/default.png') 50% 50% no-repeat;width: 125px;height:90px;margin-bottom: 5px;background-size: cover; \"><\/div>\n\t\t\t\t\t\t\t\t\t  <\/div>\n\t\t\t\t\t\t\t\t\t  \n\t\t\t\t\t\t\t\t   <span class=\"yuzo__text--title\" style=\"font-size:13px;\">No centro do Recife, organiza\u00e7\u00e3o oferece testagem ...<\/span>\n\t\t\t\t\t\t\t  \n\t\t\t\t\t\t\t  \n\t\t\t\t\t\t\t  <\/a>\n\n\t\t\t\t\t\t  <\/div>\n\t\t\t\t\t\t  <div class=\"relatedthumb \" style=\"width:125px;float:left;overflow:hidden;\">  \n\t\t\t\t\t\t\t  \n\t\t\t\t\t\t\t  <a  href=\"https:\/\/redept.com.br\/blogosfera\/la-via-campesina-calls-for-a-permanent-ceasefire-peace-and-justice-in-gaza\/\"  >\n\t\t\t\t\t\t\t\t\t  <div class=\"yuzo-img-wrap \" style=\"width: 125px;height:90px;\">\n\t\t\t\t\t\t\t\t\t\t\n\t\t\t\t\t\t\t\t\t\t<div class=\"yuzo-img\" style=\"background:url('https:\/\/redept.com.br\/blogosfera\/wp-content\/uploads\/2025\/01\/Palestine-Ceasefire-1536x755-1-1024x503-2-150x150.jpg') 50% 50% no-repeat;width: 125px;height:90px;margin-bottom: 5px;background-size: cover; \"><\/div>\n\t\t\t\t\t\t\t\t\t  <\/div>\n\t\t\t\t\t\t\t\t\t  \n\t\t\t\t\t\t\t\t   <span class=\"yuzo__text--title\" style=\"font-size:13px;\">La Via Campesina Calls for a Permanent Ceasefire, ...<\/span>\n\t\t\t\t\t\t\t  \n\t\t\t\t\t\t\t  \n\t\t\t\t\t\t\t  <\/a>\n\n\t\t\t\t\t\t  <\/div>\n\t\t\t\t\t\t  <div class=\"relatedthumb \" style=\"width:125px;float:left;overflow:hidden;\">  \n\t\t\t\t\t\t\t  \n\t\t\t\t\t\t\t  <a  href=\"https:\/\/redept.com.br\/blogosfera\/plebiscito-popular-abre-votacao-on-line-com-foco-em-direitos-trabalhistas-e-justica-fiscal\/\"  >\n\t\t\t\t\t\t\t\t\t  <div class=\"yuzo-img-wrap \" style=\"width: 125px;height:90px;\">\n\t\t\t\t\t\t\t\t\t\t\n\t\t\t\t\t\t\t\t\t\t<div class=\"yuzo-img\" style=\"background:url('https:\/\/redept.com.br\/blogosfera\/wp-content\/uploads\/2025\/07\/image-7-33-150x150.png') 50% 50% no-repeat;width: 125px;height:90px;margin-bottom: 5px;background-size: cover; \"><\/div>\n\t\t\t\t\t\t\t\t\t  <\/div>\n\t\t\t\t\t\t\t\t\t  \n\t\t\t\t\t\t\t\t   <span class=\"yuzo__text--title\" style=\"font-size:13px;\">Plebiscito Popular abre vota\u00e7\u00e3o on-line com foco e...<\/span>\n\t\t\t\t\t\t\t  \n\t\t\t\t\t\t\t  \n\t\t\t\t\t\t\t  <\/a>\n\n\t\t\t\t\t\t  <\/div>\n<\/div> <script>\n\t\t\t\t\t\t  jQuery(document).ready(function( $ ){\n\t\t\t\t\t\t\t\/\/jQuery('.yuzo_related_post').equalizer({ overflow : 'relatedthumb' });\n\t\t\t\t\t\t\tjQuery('.yuzo_related_post .yuzo_wraps').equalizer({ columns : '> div' });\n\t\t\t\t\t\t   })\n\t\t\t\t\t\t  <\/script> <!-- End Yuzo :) -->","protected":false},"excerpt":{"rendered":"<p>Trabalhadores de Santo Andr\u00e9 que atuam em unidades escolares, UPAs, refeit\u00f3rios da CRAISA, FACON, Bet\u00e2nia e SOSP se organizaram em paralisa\u00e7\u00e3o na ter\u00e7a-feira (29). O grupo se reunir\u00e1 com a administra\u00e7\u00e3o da prefeitura para negociar reajuste salarial na segunda-feira (5). Saiba mais na TVT News. Reajuste em Santo Andr\u00e9 A prefeitura apresentou um reajuste parcelado [&hellip;]<\/p>\n","protected":false},"author":2,"featured_media":24768,"comment_status":"closed","ping_status":"closed","sticky":false,"template":"","format":"standard","meta":{"fifu_image_url":"","fifu_image_alt":"","footnotes":""},"categories":[2224,264,473,4040,377],"tags":[],"class_list":["post-24767","post","type-post","status-publish","format-standard","has-post-thumbnail","hentry","category-abc-paulista","category-cidadania","category-destaque-medio","category-grande-sao-paulo","category-trabalho"],"_links":{"self":[{"href":"https:\/\/redept.com.br\/blogosfera\/wp-json\/wp\/v2\/posts\/24767","targetHints":{"allow":["GET"]}}],"collection":[{"href":"https:\/\/redept.com.br\/blogosfera\/wp-json\/wp\/v2\/posts"}],"about":[{"href":"https:\/\/redept.com.br\/blogosfera\/wp-json\/wp\/v2\/types\/post"}],"author":[{"embeddable":true,"href":"https:\/\/redept.com.br\/blogosfera\/wp-json\/wp\/v2\/users\/2"}],"replies":[{"embeddable":true,"href":"https:\/\/redept.com.br\/blogosfera\/wp-json\/wp\/v2\/comments?post=24767"}],"version-history":[{"count":0,"href":"https:\/\/redept.com.br\/blogosfera\/wp-json\/wp\/v2\/posts\/24767\/revisions"}],"wp:featuredmedia":[{"embeddable":true,"href":"https:\/\/redept.com.br\/blogosfera\/wp-json\/wp\/v2\/media\/24768"}],"wp:attachment":[{"href":"https:\/\/redept.com.br\/blogosfera\/wp-json\/wp\/v2\/media?parent=24767"}],"wp:term":[{"taxonomy":"category","embeddable":true,"href":"https:\/\/redept.com.br\/blogosfera\/wp-json\/wp\/v2\/categories?post=24767"},{"taxonomy":"post_tag","embeddable":true,"href":"https:\/\/redept.com.br\/blogosfera\/wp-json\/wp\/v2\/tags?post=24767"}],"curies":[{"name":"wp","href":"https:\/\/api.w.org\/{rel}","templated":true}]}}