{"id":24792,"date":"2025-04-30T11:20:42","date_gmt":"2025-04-30T14:20:42","guid":{"rendered":"https:\/\/redept.org\/blogosfera\/desemprego-no-1o-trimestre-registra-minima-historica-diz-ibge\/"},"modified":"2025-04-30T11:20:42","modified_gmt":"2025-04-30T14:20:42","slug":"desemprego-no-1o-trimestre-registra-minima-historica-diz-ibge","status":"publish","type":"post","link":"https:\/\/redept.com.br\/blogosfera\/desemprego-no-1o-trimestre-registra-minima-historica-diz-ibge\/","title":{"rendered":"Desemprego no 1\u00ba trimestre registra m\u00ednima hist\u00f3rica, diz IBGE"},"content":{"rendered":"<p><img fetchpriority=\"high\" width=\"1024\" height=\"650\"src=\"https:\/\/redept.org\/blogosfera\/wp-content\/uploads\/2025\/04\/jpl_oyqd9jr.jpg\" alt=\"\" decoding=\"async\" srcset=\"https:\/\/vermelho.org.br\/wp-content\/uploads\/2025\/04\/jpl_oyqd9jr-1024x650.jpg 1024w, https:\/\/vermelho.org.br\/wp-content\/uploads\/2025\/04\/jpl_oyqd9jr-300x190.jpg 300w, https:\/\/vermelho.org.br\/wp-content\/uploads\/2025\/04\/jpl_oyqd9jr-768x487.jpg 768w, https:\/\/redept.org\/blogosfera\/wp-content\/uploads\/2025\/04\/jpl_oyqd9jr.jpg 1292w\" sizes=\"(max-width: 1024px) 100vw, 1024px\"><\/p>\n<p>A taxa de desemprego no Brasil ficou em 7% no 1\u00ba trimestre do ano e marcou o menor resultado para a s\u00e9rie hist\u00f3ria, iniciada em 2012. O resultado foi divulgado nesta quarta-feira (30) pelo IBGE por meio da Pesquisa Nacional por Amostra de Domic\u00edlios (PNAD) Cont\u00ednua.<\/p>\n<p>A medi\u00e7\u00e3o entre janeiro e mar\u00e7o apresenta acelera\u00e7\u00e3o positiva de 0,8 ponto percentual em refer\u00eancia ao trimestre anterior encerrado em dezembro do ano passado. Mas o Instituto destaca que o n\u00famero \u00e9 menor do que os 7,9% registrados entre janeiro e mar\u00e7o de 2024.<\/p>\n<p>Com a nova marca para o in\u00edcio do ano, o resultado de 7% desbanca o trimestre de jan-mar de 2014, como melhor apura\u00e7\u00e3o, quando ficou em 7,2%.<\/p>\n<p><strong>Leia mais<\/strong>: <a href=\"https:\/\/vermelho.org.br\/2025\/02\/01\/brasil-bate-recorde-e-atinge-a-menor-taxa-de-desemprego-da-historia\/\">Brasil bate recorde e atinge a menor taxa de desemprego da hist\u00f3ria em 2024<\/a><\/p>\n<p>A acelera\u00e7\u00e3o da taxa no come\u00e7o do ano \u00e9 ocasionada pelo aumento do n\u00famero de pessoas que est\u00e3o buscando trabalho. De acordo com a Pnad, houve um aumento de 891 mil pessoas em busca de trabalho, o que fez o registro de popula\u00e7\u00e3o que antes era computada como desocupada crescer percentualmente 13,1% em compara\u00e7\u00e3o com o trimestre finalizado em dezembro. Apesar disso, o resultado de popula\u00e7\u00e3o desocupada continua menor do que o observado ao final de 2024.<\/p>\n<p>Ainda conforme a pesquisa, o que permitiu que a taxa de desocupa\u00e7\u00e3o acelerasse foi a redu\u00e7\u00e3o de -1,3% de pessoas empregadas na passagem entre os trimestres, o que representa 1,3 milh\u00e3o de pessoas. Apesar disso, \u00e9 salientado que, em compara\u00e7\u00e3o com janeiro a mar\u00e7o de 2024, o n\u00famero de pessoas empregadas est\u00e1 2,3% acima, ou 2,3 milh\u00f5es a mais.<\/p>\n<p>Adriana Beringuy, coordenadora de pesquisas domiciliares do IBGE, explica que o crescimento sazonal da desocupa\u00e7\u00e3o n\u00e3o compromete o bom desempenho do mercado de trabalho nos \u00faltimos trimestres.<\/p>\n<p>\u201cMesmo com expans\u00e3o trimestral, a taxa de desocupa\u00e7\u00e3o do 1\u00ba trimestre de 2025 \u00e9 menor que todas as registradas nesse mesmo per\u00edodo de anos anteriores\u201d, diz.<\/p>\n<p><strong>Carteira assinada e rendimento<\/strong><\/p>\n<p>Outros dados da pesquisa ainda mostram que o n\u00famero de trabalhadores com carteira assinada permaneceu est\u00e1vel entre o trimestre encerrado em mar\u00e7o e o anterior, com cerca de 39,4 milh\u00f5es.<\/p>\n<p>Os empregados sem carteira no setor privado, 13,5 milh\u00f5es de pessoas, foi reduzido em 5,3% em compara\u00e7\u00e3o com o trimestre terminado em dezembro \u2013 menos 751 mil pessoas. Esta varia\u00e7\u00e3o \u00e9 a atribu\u00edda aos empregos sem carteira no setor de Constru\u00e7\u00e3o, Servi\u00e7os Dom\u00e9sticos e Educa\u00e7\u00e3o.<\/p>\n<p>J\u00e1 o rendimento m\u00e9dio das pessoas ocupadas marcou novo recorde na s\u00e9rie hist\u00f3rica ao alcan\u00e7ar R$ 3.410 \u2013 alta de 1,2% no trimestre e de 4,0% na compara\u00e7\u00e3o anual.<\/p>\n<p>Os aumentos se deram, principalmente, em compara\u00e7\u00e3o com o trimestre encerrado em dezembro de 2024, entre os seguintes grupamentos de atividade: \u201cAgricultura, pecu\u00e1ria, produ\u00e7\u00e3o florestal, pesca e aquicultura (4,1%, ou mais R$ 85) e Administra\u00e7\u00e3o p\u00fablica, defesa, seguridade social, educa\u00e7\u00e3o, sa\u00fade humana e servi\u00e7os sociais (3,2%, ou mais R$ 145)\u201d, revela o IBGE.<\/p>\n<p>O post <a href=\"https:\/\/vermelho.org.br\/2025\/04\/30\/desemprego-no-1o-trimestre-registra-minima-historica-diz-ibge\/\">Desemprego no 1\u00ba trimestre registra m\u00ednima hist\u00f3rica, diz IBGE<\/a> apareceu primeiro em <a href=\"https:\/\/vermelho.org.br\/\">Vermelho<\/a>.<\/p>\n<!-- Begin Yuzo --><div class='yuzo_related_post style-1'  data-version='5.12.89'><!-- without result --><div class='yuzo_clearfixed yuzo__title yuzo__title'><h3>Related Post<\/h3><\/div>\n\t\t\t\t\t\t  <div class=\"relatedthumb \" style=\"width:125px;float:left;overflow:hidden;\">  \n\t\t\t\t\t\t\t  \n\t\t\t\t\t\t\t  <a  href=\"https:\/\/redept.com.br\/blogosfera\/caminharemos-de-olhos-vendados-para-o-abismo\/\"  >\n\t\t\t\t\t\t\t\t\t  <div class=\"yuzo-img-wrap \" style=\"width: 125px;height:90px;\">\n\t\t\t\t\t\t\t\t\t\t\n\t\t\t\t\t\t\t\t\t\t<div class=\"yuzo-img\" style=\"background:url('https:\/\/redept.org\/blogosfera\/wp-content\/plugins\/yuzo-related-post\/assets\/images\/default.png') 50% 50% no-repeat;width: 125px;height:90px;margin-bottom: 5px;background-size: cover; \"><\/div>\n\t\t\t\t\t\t\t\t\t  <\/div>\n\t\t\t\t\t\t\t\t\t  \n\t\t\t\t\t\t\t\t   <span class=\"yuzo__text--title\" style=\"font-size:13px;\">\u201cCaminharemos de olhos vendados para o abismo\u201d<\/span>\n\t\t\t\t\t\t\t  \n\t\t\t\t\t\t\t  \n\t\t\t\t\t\t\t  <\/a>\n\n\t\t\t\t\t\t  <\/div>\n\t\t\t\t\t\t  <div class=\"relatedthumb \" style=\"width:125px;float:left;overflow:hidden;\">  \n\t\t\t\t\t\t\t  \n\t\t\t\t\t\t\t  <a  href=\"https:\/\/redept.com.br\/blogosfera\/brancos-seguem-negociando-direitos-indigenas-como-foi-a-conciliacao-do-marco-temporal-no-stf\/\"  >\n\t\t\t\t\t\t\t\t\t  <div class=\"yuzo-img-wrap \" style=\"width: 125px;height:90px;\">\n\t\t\t\t\t\t\t\t\t\t\n\t\t\t\t\t\t\t\t\t\t<div class=\"yuzo-img\" style=\"background:url('https:\/\/redept.com.br\/blogosfera\/wp-content\/uploads\/2025\/06\/bdf-20250624-202514-a0afaa-150x150.jpg') 50% 50% no-repeat;width: 125px;height:90px;margin-bottom: 5px;background-size: cover; \"><\/div>\n\t\t\t\t\t\t\t\t\t  <\/div>\n\t\t\t\t\t\t\t\t\t  \n\t\t\t\t\t\t\t\t   <span class=\"yuzo__text--title\" style=\"font-size:13px;\">Brancos seguem negociando direitos ind\u00edgenas: como...<\/span>\n\t\t\t\t\t\t\t  \n\t\t\t\t\t\t\t  \n\t\t\t\t\t\t\t  <\/a>\n\n\t\t\t\t\t\t  <\/div>\n\t\t\t\t\t\t  <div class=\"relatedthumb \" style=\"width:125px;float:left;overflow:hidden;\">  \n\t\t\t\t\t\t\t  \n\t\t\t\t\t\t\t  <a  href=\"https:\/\/redept.com.br\/blogosfera\/jornalistas-americanos-relatam-pressao-crescente\/\"  >\n\t\t\t\t\t\t\t\t\t  <div class=\"yuzo-img-wrap \" style=\"width: 125px;height:90px;\">\n\t\t\t\t\t\t\t\t\t\t\n\t\t\t\t\t\t\t\t\t\t<div class=\"yuzo-img\" style=\"background:url('https:\/\/redept.org\/blogosfera\/wp-content\/plugins\/yuzo-related-post\/assets\/images\/default.png') 50% 50% no-repeat;width: 125px;height:90px;margin-bottom: 5px;background-size: cover; \"><\/div>\n\t\t\t\t\t\t\t\t\t  <\/div>\n\t\t\t\t\t\t\t\t\t  \n\t\t\t\t\t\t\t\t   <span class=\"yuzo__text--title\" style=\"font-size:13px;\">Jornalistas americanos relatam press\u00e3o crescente<\/span>\n\t\t\t\t\t\t\t  \n\t\t\t\t\t\t\t  \n\t\t\t\t\t\t\t  <\/a>\n\n\t\t\t\t\t\t  <\/div>\n\t\t\t\t\t\t  <div class=\"relatedthumb \" style=\"width:125px;float:left;overflow:hidden;\">  \n\t\t\t\t\t\t\t  \n\t\t\t\t\t\t\t  <a  href=\"https:\/\/redept.com.br\/blogosfera\/human-rights-watch-pastagens-ilegais-no-para-abasteceram-fornecedores-da-jbs\/\"  >\n\t\t\t\t\t\t\t\t\t  <div class=\"yuzo-img-wrap \" style=\"width: 125px;height:90px;\">\n\t\t\t\t\t\t\t\t\t\t\n\t\t\t\t\t\t\t\t\t\t<div class=\"yuzo-img\" style=\"background:url('https:\/\/redept.com.br\/blogosfera\/wp-content\/uploads\/2025\/10\/entradaJBS_Para_FernandoMartinho_ReporterBrasil-2-150x150.jpg') 50% 50% no-repeat;width: 125px;height:90px;margin-bottom: 5px;background-size: cover; \"><\/div>\n\t\t\t\t\t\t\t\t\t  <\/div>\n\t\t\t\t\t\t\t\t\t  \n\t\t\t\t\t\t\t\t   <span class=\"yuzo__text--title\" style=\"font-size:13px;\">Human Rights Watch: pastagens ilegais no Par\u00e1 abas...<\/span>\n\t\t\t\t\t\t\t  \n\t\t\t\t\t\t\t  \n\t\t\t\t\t\t\t  <\/a>\n\n\t\t\t\t\t\t  <\/div>\n<\/div> <script>\n\t\t\t\t\t\t  jQuery(document).ready(function( $ ){\n\t\t\t\t\t\t\t\/\/jQuery('.yuzo_related_post').equalizer({ overflow : 'relatedthumb' });\n\t\t\t\t\t\t\tjQuery('.yuzo_related_post .yuzo_wraps').equalizer({ columns : '> div' });\n\t\t\t\t\t\t   })\n\t\t\t\t\t\t  <\/script> <!-- End Yuzo :) -->","protected":false},"excerpt":{"rendered":"<p>A taxa de desemprego no Brasil ficou em 7% no 1\u00ba trimestre do ano e marcou o menor resultado para a s\u00e9rie hist\u00f3ria, iniciada em 2012. O resultado foi divulgado nesta quarta-feira (30) pelo IBGE por meio da Pesquisa Nacional por Amostra de Domic\u00edlios (PNAD) Cont\u00ednua. A medi\u00e7\u00e3o entre janeiro e mar\u00e7o apresenta acelera\u00e7\u00e3o positiva [&hellip;]<\/p>\n","protected":false},"author":2,"featured_media":24793,"comment_status":"closed","ping_status":"closed","sticky":false,"template":"","format":"standard","meta":{"fifu_image_url":"","fifu_image_alt":"","footnotes":""},"categories":[651,221,481,2233,5357,5358,4679,4024],"tags":[],"class_list":["post-24792","post","type-post","status-publish","format-standard","has-post-thumbnail","hentry","category-desemprego","category-economia","category-ibge","category-pnad-continua","category-rendimento-do-trabalhador","category-rendimento-medio","category-taxa-de-desemprego","category-taxa-de-desocupacao"],"_links":{"self":[{"href":"https:\/\/redept.com.br\/blogosfera\/wp-json\/wp\/v2\/posts\/24792","targetHints":{"allow":["GET"]}}],"collection":[{"href":"https:\/\/redept.com.br\/blogosfera\/wp-json\/wp\/v2\/posts"}],"about":[{"href":"https:\/\/redept.com.br\/blogosfera\/wp-json\/wp\/v2\/types\/post"}],"author":[{"embeddable":true,"href":"https:\/\/redept.com.br\/blogosfera\/wp-json\/wp\/v2\/users\/2"}],"replies":[{"embeddable":true,"href":"https:\/\/redept.com.br\/blogosfera\/wp-json\/wp\/v2\/comments?post=24792"}],"version-history":[{"count":0,"href":"https:\/\/redept.com.br\/blogosfera\/wp-json\/wp\/v2\/posts\/24792\/revisions"}],"wp:featuredmedia":[{"embeddable":true,"href":"https:\/\/redept.com.br\/blogosfera\/wp-json\/wp\/v2\/media\/24793"}],"wp:attachment":[{"href":"https:\/\/redept.com.br\/blogosfera\/wp-json\/wp\/v2\/media?parent=24792"}],"wp:term":[{"taxonomy":"category","embeddable":true,"href":"https:\/\/redept.com.br\/blogosfera\/wp-json\/wp\/v2\/categories?post=24792"},{"taxonomy":"post_tag","embeddable":true,"href":"https:\/\/redept.com.br\/blogosfera\/wp-json\/wp\/v2\/tags?post=24792"}],"curies":[{"name":"wp","href":"https:\/\/api.w.org\/{rel}","templated":true}]}}