{"id":24817,"date":"2025-04-30T15:00:27","date_gmt":"2025-04-30T18:00:27","guid":{"rendered":"https:\/\/redept.org\/blogosfera\/vietna-celebra-50-anos-de-reunificacao-mirando-o-progresso-do-povo\/"},"modified":"2025-04-30T15:00:27","modified_gmt":"2025-04-30T18:00:27","slug":"vietna-celebra-50-anos-de-reunificacao-mirando-o-progresso-do-povo","status":"publish","type":"post","link":"https:\/\/redept.com.br\/blogosfera\/vietna-celebra-50-anos-de-reunificacao-mirando-o-progresso-do-povo\/","title":{"rendered":"Vietn\u00e3 celebra 50 anos de reunifica\u00e7\u00e3o mirando o progresso do povo"},"content":{"rendered":"<p><img fetchpriority=\"high\" width=\"1024\" height=\"576\"src=\"https:\/\/redept.org\/blogosfera\/wp-content\/uploads\/2025\/04\/vietna-diplomaciabusiness.jpg\" alt=\"\" decoding=\"async\" srcset=\"https:\/\/vermelho.org.br\/wp-content\/uploads\/2025\/04\/vietna-diplomaciabusiness-1024x576.jpg 1024w, https:\/\/vermelho.org.br\/wp-content\/uploads\/2025\/04\/vietna-diplomaciabusiness-300x169.jpg 300w, https:\/\/vermelho.org.br\/wp-content\/uploads\/2025\/04\/vietna-diplomaciabusiness-768x432.jpg 768w, https:\/\/vermelho.org.br\/wp-content\/uploads\/2025\/04\/vietna-diplomaciabusiness-1536x864.jpg 1536w, https:\/\/redept.org\/blogosfera\/wp-content\/uploads\/2025\/04\/vietna-diplomaciabusiness.jpg 1890w\" sizes=\"(max-width: 1024px) 100vw, 1024px\"><\/p>\n<p>Para celebrar os 50 anos da Liberta\u00e7\u00e3o do Sul e Reunifica\u00e7\u00e3o Nacional do Vietn\u00e3, ocorrida no dia 30 de abril de 1975, al\u00e9m do 135\u00ba anivers\u00e1rio do nascimento do presidente Ho Chi Minh, em 19 de maio de 1890, a Embaixada do Vietn\u00e3 no Brasil realizou evento comemorativo em Bras\u00edlia nesta segunda-feira (28).<\/p>\n<p>A atividade destacou tanto as conquistas hist\u00f3ricas quanto os avan\u00e7os e as ambi\u00e7\u00f5es do Vietn\u00e3 na atualidade, com \u00eanfase no papel crescente do pa\u00eds no cen\u00e1rio internacional.<\/p>\n<p>O Vietn\u00e3, que mant\u00e9m rela\u00e7\u00f5es diplom\u00e1ticas com 194 pa\u00edses e integra 19 acordos de livre-com\u00e9rcio, \u00e9 membro ativo de organiza\u00e7\u00f5es globais como a ONU (Organiza\u00e7\u00e3o das Na\u00e7\u00f5es Unidas), a OMC (Organiza\u00e7\u00e3o Mundial do Com\u00e9rcio), o FMI (Fundo Monet\u00e1rio Internacional) e a Asean (Associa\u00e7\u00e3o das Na\u00e7\u00f5es do Sudeste Asi\u00e1tico). Sua pol\u00edtica externa \u00e9 guiada pelos princ\u00edpios de independ\u00eancia, paz, solidariedade e integra\u00e7\u00e3o.<\/p>\n<p>Em seu discurso, o embaixador vietnamita no Brasil, B\u00f9i V\u0103n Ngh\u1ecb, fez uma homenagem ao legado de Ho Chi Minh, l\u00edder vision\u00e1rio da revolu\u00e7\u00e3o e da unifica\u00e7\u00e3o nacional.<\/p>\n<p>O diplomata ressaltou o compromisso cont\u00ednuo do Vietn\u00e3 com os princ\u00edpios de liberdade, justi\u00e7a e desenvolvimento sustent\u00e1vel, destacando tamb\u00e9m a import\u00e2ncia da juventude qualificada e do avan\u00e7o tecnol\u00f3gico como pilares para o futuro do pa\u00eds.<\/p>\n<p>Al\u00e9m disso, o embaixador sublinhou o desejo do Vietn\u00e3 de compartilhar suas experi\u00eancias em \u00e1reas como agricultura, economia circular, tecnologia verde, digital e telecomunica\u00e7\u00f5es, promovendo um modelo de desenvolvimento inclusivo e sustent\u00e1vel.<\/p>\n<p>No aspecto econ\u00f4mico, o Vietn\u00e3 ocupa atualmente a quarta posi\u00e7\u00e3o entre as maiores economias da Asean e a 32\u00aa posi\u00e7\u00e3o no ranking global. Com um crescimento impressionante de 7,09% do PIB em 2024 \u2013 uma das maiores taxas globais \u2013 e infla\u00e7\u00e3o controlada abaixo de 4%, o pa\u00eds tem se mostrado vigoroso no cen\u00e1rio econ\u00f4mico. O PIB alcan\u00e7ou US$ 476 bilh\u00f5es, com PIB per capita superior a US$ 4,7 mil. O com\u00e9rcio externo atingiu US$ 786 bilh\u00f5es, com um super\u00e1vit comercial de US$ 24,77 bilh\u00f5es. O Vietn\u00e3 tamb\u00e9m se destaca como um dos 15 maiores destinos de investimentos estrangeiros diretos, com US$ 38,23 bilh\u00f5es em capital registrado.<\/p>\n<p>La\u00e7os de amizade<\/p>\n<p>Encerrando seu discurso, o embaixador B\u00f9i V\u0103n Ngh\u1ecb reiterou os la\u00e7os de amizade do Vietn\u00e3 com o Brasil e com os pa\u00edses da Am\u00e9rica Latina, destacando que a na\u00e7\u00e3o asi\u00e1tica \u00e9 uma parceira confi\u00e1vel para coopera\u00e7\u00e3o econ\u00f4mica e diplom\u00e1tica. \u201cDesejo a todos voc\u00eas e suas fam\u00edlias sa\u00fade, felicidade e sucesso\u201d, afirmou.<\/p>\n<p>Eduardo Saboia, secret\u00e1rio de \u00c1sia e Pac\u00edfico do Minist\u00e9rio das Rela\u00e7\u00f5es Exteriores do Brasil, tamb\u00e9m expressou sua satisfa\u00e7\u00e3o em participar das comemora\u00e7\u00f5es. Saboia destacou a visita hist\u00f3rica do presidente Luiz In\u00e1cio Lula da Silva ao Vietn\u00e3, realizada no m\u00eas passado, como um marco para fortalecer a amizade e a coopera\u00e7\u00e3o entre os dois pa\u00edses.<\/p>\n<p>Durante sua visita, Lula enfatizou a transforma\u00e7\u00e3o do Vietn\u00e3 e refor\u00e7ou a posi\u00e7\u00e3o do pa\u00eds como um parceiro estrat\u00e9gico para o Brasil, especialmente na regi\u00e3o do Sudeste Asi\u00e1tico. Saboia tamb\u00e9m anunciou sua despedida do cargo, agradecendo a todos os amigos da regi\u00e3o e passando o bast\u00e3o para Ricardo Coleto, que assumir\u00e1 sua fun\u00e7\u00e3o.<\/p>\n<p>O bem da humanidade<\/p>\n<p>Por sua vez, Pedro Oliveira, presidente do Abraviet (Associa\u00e7\u00e3o de Amizade Brasil-Vietn\u00e3), citou a c\u00e9lebre frase de Ho Chi Minh: \u201cConf\u00facio, Jesus, Marx e Sun Yat Sen t\u00eam algo em comum: todos queriam o bem da humanidade\u201d.<\/p>\n<p>Para ele, essa vis\u00e3o sintetiza a capacidade de Ho Chi Minh unir opostos \u2013 Leste e Oeste, raz\u00e3o e cora\u00e7\u00e3o, tradi\u00e7\u00e3o e revolu\u00e7\u00e3o \u2013 criando pontes para a liberdade e o progresso. Ao referenciar a Declara\u00e7\u00e3o de Independ\u00eancia dos Estados Unidos e a Declara\u00e7\u00e3o dos Direitos Humanos da Fran\u00e7a no texto de independ\u00eancia do Vietn\u00e3, o l\u00edder vietnamita reafirmou a universalidade do ideal de liberdade, que continua a inspirar os povos at\u00e9 hoje.<\/p>\n<p>A cerim\u00f4nia de celebra\u00e7\u00e3o do cinquenten\u00e1rio da reunifica\u00e7\u00e3o do Vietn\u00e3 foi marcada pelo esp\u00edrito de coopera\u00e7\u00e3o e amizade, com o compromisso de continuar a fortalecer os la\u00e7os econ\u00f4micos, culturais e pol\u00edticos entre Brasil e Vietn\u00e3 nos pr\u00f3ximos anos.<\/p>\n<p>Fonte: Diplomacia Business<\/p>\n<p>O post <a href=\"https:\/\/vermelho.org.br\/2025\/04\/30\/vietna-celebra-50-anos-de-reunificacao-mirando-o-progresso-do-povo\/\">Vietn\u00e3 celebra 50 anos de reunifica\u00e7\u00e3o mirando o progresso do povo<\/a> apareceu primeiro em <a href=\"https:\/\/vermelho.org.br\/\">Vermelho<\/a>.<\/p>\n<!-- Begin Yuzo --><div class='yuzo_related_post style-1'  data-version='5.12.89'><!-- without result --><div class='yuzo_clearfixed yuzo__title yuzo__title'><h3>Related Post<\/h3><\/div>\n\t\t\t\t\t\t  <div class=\"relatedthumb \" style=\"width:125px;float:left;overflow:hidden;\">  \n\t\t\t\t\t\t\t  \n\t\t\t\t\t\t\t  <a  href=\"https:\/\/redept.com.br\/blogosfera\/desinteresse-veto-de-zema-ao-piso-de-protecao-social-em-mg-e-criticado-por-especialistas\/\"  >\n\t\t\t\t\t\t\t\t\t  <div class=\"yuzo-img-wrap \" style=\"width: 125px;height:90px;\">\n\t\t\t\t\t\t\t\t\t\t\n\t\t\t\t\t\t\t\t\t\t<div class=\"yuzo-img\" style=\"background:url('https:\/\/redept.org\/blogosfera\/wp-content\/plugins\/yuzo-related-post\/assets\/images\/default.png') 50% 50% no-repeat;width: 125px;height:90px;margin-bottom: 5px;background-size: cover; \"><\/div>\n\t\t\t\t\t\t\t\t\t  <\/div>\n\t\t\t\t\t\t\t\t\t  \n\t\t\t\t\t\t\t\t   <span class=\"yuzo__text--title\" style=\"font-size:13px;\">\u2018Desinteresse\u2019: veto de Zema ao piso de prote\u00e7\u00e3o s...<\/span>\n\t\t\t\t\t\t\t  \n\t\t\t\t\t\t\t  \n\t\t\t\t\t\t\t  <\/a>\n\n\t\t\t\t\t\t  <\/div>\n\t\t\t\t\t\t  <div class=\"relatedthumb \" style=\"width:125px;float:left;overflow:hidden;\">  \n\t\t\t\t\t\t\t  \n\t\t\t\t\t\t\t  <a  href=\"https:\/\/redept.com.br\/blogosfera\/greve-dos-guarda-vidas-civis-do-parana-escancara-os-efeitos-da-precarizacao-do-trabalho-no-brasil\/\"  >\n\t\t\t\t\t\t\t\t\t  <div class=\"yuzo-img-wrap \" style=\"width: 125px;height:90px;\">\n\t\t\t\t\t\t\t\t\t\t\n\t\t\t\t\t\t\t\t\t\t<div class=\"yuzo-img\" style=\"background:url('https:\/\/redept.com.br\/blogosfera\/wp-content\/uploads\/2026\/03\/foto-materia-litoral-pr-150x150.jpeg') 50% 50% no-repeat;width: 125px;height:90px;margin-bottom: 5px;background-size: cover; \"><\/div>\n\t\t\t\t\t\t\t\t\t  <\/div>\n\t\t\t\t\t\t\t\t\t  \n\t\t\t\t\t\t\t\t   <span class=\"yuzo__text--title\" style=\"font-size:13px;\">Greve dos guarda-vidas civis do Paran\u00e1 escancara o...<\/span>\n\t\t\t\t\t\t\t  \n\t\t\t\t\t\t\t  \n\t\t\t\t\t\t\t  <\/a>\n\n\t\t\t\t\t\t  <\/div>\n\t\t\t\t\t\t  <div class=\"relatedthumb \" style=\"width:125px;float:left;overflow:hidden;\">  \n\t\t\t\t\t\t\t  \n\t\t\t\t\t\t\t  <a  href=\"https:\/\/redept.com.br\/blogosfera\/conselho-de-paz-de-trump-e-passo-para-criar-clube-de-amigos-que-substitua-a-onu-dizem-analistas\/\"  >\n\t\t\t\t\t\t\t\t\t  <div class=\"yuzo-img-wrap \" style=\"width: 125px;height:90px;\">\n\t\t\t\t\t\t\t\t\t\t\n\t\t\t\t\t\t\t\t\t\t<div class=\"yuzo-img\" style=\"background:url('https:\/\/redept.org\/blogosfera\/wp-content\/plugins\/yuzo-related-post\/assets\/images\/default.png') 50% 50% no-repeat;width: 125px;height:90px;margin-bottom: 5px;background-size: cover; \"><\/div>\n\t\t\t\t\t\t\t\t\t  <\/div>\n\t\t\t\t\t\t\t\t\t  \n\t\t\t\t\t\t\t\t   <span class=\"yuzo__text--title\" style=\"font-size:13px;\">\u2018Conselho de Paz\u2019 de Trump \u00e9 passo para criar club...<\/span>\n\t\t\t\t\t\t\t  \n\t\t\t\t\t\t\t  \n\t\t\t\t\t\t\t  <\/a>\n\n\t\t\t\t\t\t  <\/div>\n\t\t\t\t\t\t  <div class=\"relatedthumb \" style=\"width:125px;float:left;overflow:hidden;\">  \n\t\t\t\t\t\t\t  \n\t\t\t\t\t\t\t  <a  href=\"https:\/\/redept.com.br\/blogosfera\/medo-da-derrota-faz-empresariado-barrar-fim-da-escala-6x1\/\"  >\n\t\t\t\t\t\t\t\t\t  <div class=\"yuzo-img-wrap \" style=\"width: 125px;height:90px;\">\n\t\t\t\t\t\t\t\t\t\t\n\t\t\t\t\t\t\t\t\t\t<div class=\"yuzo-img\" style=\"background:url('https:\/\/redept.com.br\/blogosfera\/wp-content\/uploads\/2026\/03\/fim-da-escala-6x1-foto-pcdon-150x150.jpeg') 50% 50% no-repeat;width: 125px;height:90px;margin-bottom: 5px;background-size: cover; \"><\/div>\n\t\t\t\t\t\t\t\t\t  <\/div>\n\t\t\t\t\t\t\t\t\t  \n\t\t\t\t\t\t\t\t   <span class=\"yuzo__text--title\" style=\"font-size:13px;\">Medo da derrota faz empresariado barrar fim da esc...<\/span>\n\t\t\t\t\t\t\t  \n\t\t\t\t\t\t\t  \n\t\t\t\t\t\t\t  <\/a>\n\n\t\t\t\t\t\t  <\/div>\n<\/div> <script>\n\t\t\t\t\t\t  jQuery(document).ready(function( $ ){\n\t\t\t\t\t\t\t\/\/jQuery('.yuzo_related_post').equalizer({ overflow : 'relatedthumb' });\n\t\t\t\t\t\t\tjQuery('.yuzo_related_post .yuzo_wraps').equalizer({ columns : '> div' });\n\t\t\t\t\t\t   })\n\t\t\t\t\t\t  <\/script> <!-- End Yuzo :) -->","protected":false},"excerpt":{"rendered":"<p>Para celebrar os 50 anos da Liberta\u00e7\u00e3o do Sul e Reunifica\u00e7\u00e3o Nacional do Vietn\u00e3, ocorrida no dia 30 de abril de 1975, al\u00e9m do 135\u00ba anivers\u00e1rio do nascimento do presidente Ho Chi Minh, em 19 de maio de 1890, a Embaixada do Vietn\u00e3 no Brasil realizou evento comemorativo em Bras\u00edlia nesta segunda-feira (28). A atividade [&hellip;]<\/p>\n","protected":false},"author":2,"featured_media":24818,"comment_status":"closed","ping_status":"closed","sticky":false,"template":"","format":"standard","meta":{"fifu_image_url":"","fifu_image_alt":"","footnotes":""},"categories":[221,50,5359,1485],"tags":[],"class_list":["post-24817","post","type-post","status-publish","format-standard","has-post-thumbnail","hentry","category-economia","category-internacional","category-relacoes-brasil-vietna","category-vietna"],"_links":{"self":[{"href":"https:\/\/redept.com.br\/blogosfera\/wp-json\/wp\/v2\/posts\/24817","targetHints":{"allow":["GET"]}}],"collection":[{"href":"https:\/\/redept.com.br\/blogosfera\/wp-json\/wp\/v2\/posts"}],"about":[{"href":"https:\/\/redept.com.br\/blogosfera\/wp-json\/wp\/v2\/types\/post"}],"author":[{"embeddable":true,"href":"https:\/\/redept.com.br\/blogosfera\/wp-json\/wp\/v2\/users\/2"}],"replies":[{"embeddable":true,"href":"https:\/\/redept.com.br\/blogosfera\/wp-json\/wp\/v2\/comments?post=24817"}],"version-history":[{"count":0,"href":"https:\/\/redept.com.br\/blogosfera\/wp-json\/wp\/v2\/posts\/24817\/revisions"}],"wp:featuredmedia":[{"embeddable":true,"href":"https:\/\/redept.com.br\/blogosfera\/wp-json\/wp\/v2\/media\/24818"}],"wp:attachment":[{"href":"https:\/\/redept.com.br\/blogosfera\/wp-json\/wp\/v2\/media?parent=24817"}],"wp:term":[{"taxonomy":"category","embeddable":true,"href":"https:\/\/redept.com.br\/blogosfera\/wp-json\/wp\/v2\/categories?post=24817"},{"taxonomy":"post_tag","embeddable":true,"href":"https:\/\/redept.com.br\/blogosfera\/wp-json\/wp\/v2\/tags?post=24817"}],"curies":[{"name":"wp","href":"https:\/\/api.w.org\/{rel}","templated":true}]}}