{"id":25021,"date":"2025-05-01T09:41:48","date_gmt":"2025-05-01T12:41:48","guid":{"rendered":"https:\/\/redept.org\/blogosfera\/mulheres-ocupam-imovel-abandonado-em-curitiba-para-criar-casa-de-referencia\/"},"modified":"2025-05-01T09:41:48","modified_gmt":"2025-05-01T12:41:48","slug":"mulheres-ocupam-imovel-abandonado-em-curitiba-para-criar-casa-de-referencia","status":"publish","type":"post","link":"https:\/\/redept.com.br\/blogosfera\/mulheres-ocupam-imovel-abandonado-em-curitiba-para-criar-casa-de-referencia\/","title":{"rendered":"Mulheres ocupam im\u00f3vel abandonado em Curitiba para criar Casa de Refer\u00eancia"},"content":{"rendered":"<p><img fetchpriority=\"high\" width=\"1280\" height=\"960\"src=\"https:\/\/redept.org\/blogosfera\/wp-content\/uploads\/2025\/05\/rose-nunes.jpeg\" alt=\"Im\u00f3vel abandonado h\u00e1 quase 15 anos \u00e9 transformado em Casa de Refer\u00eancia para Mulheres em Curitiba. Foto: JAV\/PR.\" link_thumbnail=\"\" decoding=\"async\" srcset=\"https:\/\/redept.org\/blogosfera\/wp-content\/uploads\/2025\/05\/rose-nunes.jpeg 1280w, https:\/\/averdade.org.br\/wp-content\/uploads\/2025\/05\/rose-nunes-350x263.jpeg 350w, https:\/\/averdade.org.br\/wp-content\/uploads\/2025\/05\/rose-nunes-1024x768.jpeg 1024w, https:\/\/averdade.org.br\/wp-content\/uploads\/2025\/05\/rose-nunes-250x188.jpeg 250w, https:\/\/averdade.org.br\/wp-content\/uploads\/2025\/05\/rose-nunes-768x576.jpeg 768w, https:\/\/averdade.org.br\/wp-content\/uploads\/2025\/05\/rose-nunes-150x113.jpeg 150w, https:\/\/averdade.org.br\/wp-content\/uploads\/2025\/05\/rose-nunes-300x225.jpeg 300w, https:\/\/averdade.org.br\/wp-content\/uploads\/2025\/05\/rose-nunes-696x522.jpeg 696w, https:\/\/averdade.org.br\/wp-content\/uploads\/2025\/05\/rose-nunes-1068x801.jpeg 1068w\" sizes=\"(max-width: 1280px) 100vw, 1280px\"><\/p>\n<p><b>Com pol\u00edticas p\u00fablicas insuficientes por parte do Estado para proteger as mulheres do Paran\u00e1, o segundo estado em n\u00fameros de feminic\u00eddio, mulheres criam Casa de Refer\u00eancia no Centro de Curitiba. A ocupa\u00e7\u00e3o foi organizada em um espa\u00e7o abandonado h\u00e1 quase 15 anos e que n\u00e3o cumpria fun\u00e7\u00e3o social, e \u00e9 a 29\u00aa casa constru\u00edda pelo Movimento de Mulheres Olga Benario no pa\u00eds.<\/b><\/p>\n<p><strong>Reda\u00e7\u00e3o PR<\/strong><\/p>\n<hr>\n<p>O Movimento de Mulheres Olga Benario realizou uma nova ocupa\u00e7\u00e3o na capital paranaense, fundando a Casa de Refer\u00eancia da Mulher Rose Nunes Vive. Localizada no Centro de Curitiba, o objetivo do movimento \u00e9 construir um centro de refer\u00eancia para atender mulheres em situa\u00e7\u00e3o de viol\u00eancia.<\/p>\n<p>A ocupa\u00e7\u00e3o foi organizada em um espa\u00e7o abandonado h\u00e1 quase 15 anos e que n\u00e3o cumpria fun\u00e7\u00e3o social, e \u00e9 a 29\u00aa casa constru\u00edda pelo movimento no pa\u00eds. Inaugurada no dia 30 de abril, a atividade faz parte da agenda de lutas do movimento na campanha do Abril Vermelho, em mem\u00f3ria \u00e0s mulheres assassinadas pela ditadura militar fascista, que completa 61 anos de sua consolida\u00e7\u00e3o em 2025.<\/p>\n<p>Ap\u00f3s a primeira ocupa\u00e7\u00e3o do movimento na capital, a quantidade de mulheres em situa\u00e7\u00e3o de viol\u00eancia atendidas de forma volunt\u00e1ria mais do que dobrou, e os registros de viol\u00eancia s\u00f3 aumentam: o estado do Paran\u00e1, segundo dados do Laborat\u00f3rio de Estudos de Feminic\u00eddio da UEL (Lesfem), \u00e9 o segundo estado em n\u00fameros de feminic\u00eddios no pa\u00eds.<\/p>\n<p>Essa realidade de opress\u00e3o n\u00e3o \u00e9 combatida de forma eficaz atrav\u00e9s de pol\u00edticas p\u00fablicas. Segundo Emily Kaiser, coordenadora nacional do movimento, \u201cos servi\u00e7os existentes ficam dispon\u00edveis apenas em hor\u00e1rio comercial, em alguns dias menos. A Delegacia de Curitiba, \u00fanica no estado com atendimento 24 horas, funciona com servi\u00e7os reduzidos, a depender do hor\u00e1rio em que a v\u00edtima for. O atendimento da CMB (Casa da Mulher Brasileira) se restringe aos residentes da cidade de Curitiba, e s\u00f3 existe acolhimento em risco de morte iminente.\u201d<\/p>\n<p>\u00c0s v\u00e9speras do Dia Internacional dos Trabalhadores, a luta das mulheres por condi\u00e7\u00f5es dignas de vida e trabalho ganha novo f\u00f4lego com a inaugura\u00e7\u00e3o da Casa de Refer\u00eancia da Mulher Rose Nunes Vive, no Centro de Curitiba. A a\u00e7\u00e3o do Movimento de Mulheres Olga Benario reafirma que o 1\u00ba de maio n\u00e3o \u00e9 apenas um feriado, mas um dia de resist\u00eancia, de organiza\u00e7\u00e3o popular e de den\u00fancia contra as viol\u00eancias que recaem especialmente sobre as mulheres da classe trabalhadora.<\/p>\n<p>O aumento da mis\u00e9ria e do pre\u00e7o dos alimentos, altas taxas de desemprego e a intensifica\u00e7\u00e3o da implementa\u00e7\u00e3o da criminosa escala 6\u00d71 s\u00e3o viol\u00eancias cometidas pelo estado, que somadas \u00e0s rotinas de jornadas triplas e qu\u00e1druplas da maioria das mulheres, as empurra para uma vida de priva\u00e7\u00f5es, inclusive do direito de lutar por uma sociedade verdadeiramente justa.<\/p>\n<p><a href=\"https:\/\/averdade.org.br\/2024\/03\/roseli-nunes-e-a-luta-das-mulheres-sem-terra\/\">Roseli Celeste Nunes da Silva<\/a> \u2013 ou Rose, como era conhecida \u2013 foi uma dirigente do Movimento Sem Terra (MST). Defensora do direito das mulheres, trabalhadora da agricultura e m\u00e3e de tr\u00eas filhos, Rose organizou a ocupa\u00e7\u00e3o da Fazenda Annoni, consolidada por mais de 7 mil fam\u00edlias sem terra no norte do Rio Grande do Sul, a maior ocupa\u00e7\u00e3o da hist\u00f3ria do estado.<\/p>\n<p>Origin\u00e1ria de Rondinha, um pequeno munic\u00edpio ga\u00facho, se organizou e se tornou uma militante pela vida dura que viveu desde cedo: \u201cEla dizia que na cidade passava fome e que na luta pela terra, ao menos, teria onde plantar alimentos para sobreviver. Na hora de fazer a seguran\u00e7a ela sempre estava l\u00e1, nunca arredava o p\u00e9 do acampamento. Sempre sorrindo, era positiva e para frente, nada a puxava para tr\u00e1s. Rose defendia os direitos das mulheres, falava que n\u00e3o pod\u00edamos nos acomodar e que t\u00ednhamos que lutar ao lado dos homens\u201d relata Juraci Lima, assentada do MST que conheceu a revolucion\u00e1ria.<\/p>\n<p>O <a href=\"https:\/\/www.instagram.com\/movimentoolga\/\">Movimento de Mulheres Olga Benario<\/a> atua nacionalmente organizando as mulheres no enfrentamento \u00e0 viol\u00eancia e pela constru\u00e7\u00e3o do socialismo. O Brasil \u00e9 o 5\u00ba pa\u00eds que mais assassina mulheres no mundo, por isso o movimento realiza ocupa\u00e7\u00f5es e o acolhimento \u00e0s v\u00edtimas de viol\u00eancia atrav\u00e9s de uma rede de profissionais volunt\u00e1rias, como advogadas, psic\u00f3logas, assistentes sociais, etc., com o objetivo de apresentar uma alternativa \u00e0 realidade de viol\u00eancia e mis\u00e9ria que hoje as mulheres se encontram.<\/p>\n<p>A Ocupa\u00e7\u00e3o Rose Nunes nasce para denunciar a insufici\u00eancia das pol\u00edticas p\u00fablicas de enfrentamento \u00e0 viol\u00eancia de g\u00eanero, atender as v\u00edtimas e organizar as mulheres por um mundo novo livre de opress\u00e3o!<b><\/b><\/p>\n<p><b>Rose Nunes vive!<\/b><\/p>\n<!-- Begin Yuzo --><div class='yuzo_related_post style-1'  data-version='5.12.89'><!-- without result --><div class='yuzo_clearfixed yuzo__title yuzo__title'><h3>Related Post<\/h3><\/div>\n\t\t\t\t\t\t  <div class=\"relatedthumb \" style=\"width:125px;float:left;overflow:hidden;\">  \n\t\t\t\t\t\t\t  \n\t\t\t\t\t\t\t  <a  href=\"https:\/\/redept.com.br\/blogosfera\/brasil-ocupa-48o-lugar-entre-86-paises-em-ranking-de-soberania-digital\/\"  >\n\t\t\t\t\t\t\t\t\t  <div class=\"yuzo-img-wrap \" style=\"width: 125px;height:90px;\">\n\t\t\t\t\t\t\t\t\t\t\n\t\t\t\t\t\t\t\t\t\t<div class=\"yuzo-img\" style=\"background:url('https:\/\/redept.com.br\/blogosfera\/wp-content\/uploads\/2026\/05\/large-150x150.png') 50% 50% no-repeat;width: 125px;height:90px;margin-bottom: 5px;background-size: cover; \"><\/div>\n\t\t\t\t\t\t\t\t\t  <\/div>\n\t\t\t\t\t\t\t\t\t  \n\t\t\t\t\t\t\t\t   <span class=\"yuzo__text--title\" style=\"font-size:13px;\">Brasil ocupa 48\u00ba lugar entre 86 pa\u00edses em ranking ...<\/span>\n\t\t\t\t\t\t\t  \n\t\t\t\t\t\t\t  \n\t\t\t\t\t\t\t  <\/a>\n\n\t\t\t\t\t\t  <\/div>\n\t\t\t\t\t\t  <div class=\"relatedthumb \" style=\"width:125px;float:left;overflow:hidden;\">  \n\t\t\t\t\t\t\t  \n\t\t\t\t\t\t\t  <a  href=\"https:\/\/redept.com.br\/blogosfera\/secretario-de-defesa-dos-eua-choca-com-discurso-religioso-contra-voto-feminino\/\"  >\n\t\t\t\t\t\t\t\t\t  <div class=\"yuzo-img-wrap \" style=\"width: 125px;height:90px;\">\n\t\t\t\t\t\t\t\t\t\t\n\t\t\t\t\t\t\t\t\t\t<div class=\"yuzo-img\" style=\"background:url('https:\/\/redept.com.br\/blogosfera\/wp-content\/uploads\/2025\/08\/1754965079689aa45742a19_1754965079_3x2_rt-2048x1365-1-150x150.jpg') 50% 50% no-repeat;width: 125px;height:90px;margin-bottom: 5px;background-size: cover; \"><\/div>\n\t\t\t\t\t\t\t\t\t  <\/div>\n\t\t\t\t\t\t\t\t\t  \n\t\t\t\t\t\t\t\t   <span class=\"yuzo__text--title\" style=\"font-size:13px;\">Secret\u00e1rio de Defesa dos EUA choca com discurso re...<\/span>\n\t\t\t\t\t\t\t  \n\t\t\t\t\t\t\t  \n\t\t\t\t\t\t\t  <\/a>\n\n\t\t\t\t\t\t  <\/div>\n\t\t\t\t\t\t  <div class=\"relatedthumb \" style=\"width:125px;float:left;overflow:hidden;\">  \n\t\t\t\t\t\t\t  \n\t\t\t\t\t\t\t  <a  href=\"https:\/\/redept.com.br\/blogosfera\/memoria-de-irma-dorothy-continua-a-inspirar-defensores-da-floresta-e-dos-direitos-humanos-20-anos-apos-assassinato\/\"  >\n\t\t\t\t\t\t\t\t\t  <div class=\"yuzo-img-wrap \" style=\"width: 125px;height:90px;\">\n\t\t\t\t\t\t\t\t\t\t\n\t\t\t\t\t\t\t\t\t\t<div class=\"yuzo-img\" style=\"background:url('https:\/\/redept.org\/blogosfera\/wp-content\/plugins\/yuzo-related-post\/assets\/images\/default.png') 50% 50% no-repeat;width: 125px;height:90px;margin-bottom: 5px;background-size: cover; \"><\/div>\n\t\t\t\t\t\t\t\t\t  <\/div>\n\t\t\t\t\t\t\t\t\t  \n\t\t\t\t\t\t\t\t   <span class=\"yuzo__text--title\" style=\"font-size:13px;\">Mem\u00f3ria de Irm\u00e3 Dorothy continua a inspirar defens...<\/span>\n\t\t\t\t\t\t\t  \n\t\t\t\t\t\t\t  \n\t\t\t\t\t\t\t  <\/a>\n\n\t\t\t\t\t\t  <\/div>\n\t\t\t\t\t\t  <div class=\"relatedthumb \" style=\"width:125px;float:left;overflow:hidden;\">  \n\t\t\t\t\t\t\t  \n\t\t\t\t\t\t\t  <a  href=\"https:\/\/redept.com.br\/blogosfera\/trump-concedem-green-card-e-ampliam-protecao-a-eduardo-bolsonaro\/\"  >\n\t\t\t\t\t\t\t\t\t  <div class=\"yuzo-img-wrap \" style=\"width: 125px;height:90px;\">\n\t\t\t\t\t\t\t\t\t\t\n\t\t\t\t\t\t\t\t\t\t<div class=\"yuzo-img\" style=\"background:url('https:\/\/redept.com.br\/blogosfera\/wp-content\/uploads\/2026\/07\/green-card-para-golpista-150x150.avif') 50% 50% no-repeat;width: 125px;height:90px;margin-bottom: 5px;background-size: cover; \"><\/div>\n\t\t\t\t\t\t\t\t\t  <\/div>\n\t\t\t\t\t\t\t\t\t  \n\t\t\t\t\t\t\t\t   <span class=\"yuzo__text--title\" style=\"font-size:13px;\">Trump concedem green card e ampliam prote\u00e7\u00e3o a Edu...<\/span>\n\t\t\t\t\t\t\t  \n\t\t\t\t\t\t\t  \n\t\t\t\t\t\t\t  <\/a>\n\n\t\t\t\t\t\t  <\/div>\n<\/div> <script>\n\t\t\t\t\t\t  jQuery(document).ready(function( $ ){\n\t\t\t\t\t\t\t\/\/jQuery('.yuzo_related_post').equalizer({ overflow : 'relatedthumb' });\n\t\t\t\t\t\t\tjQuery('.yuzo_related_post .yuzo_wraps').equalizer({ columns : '> div' });\n\t\t\t\t\t\t   })\n\t\t\t\t\t\t  <\/script> <!-- End Yuzo :) -->","protected":false},"excerpt":{"rendered":"<p>Com pol\u00edticas p\u00fablicas insuficientes por parte do Estado para proteger as mulheres do Paran\u00e1, o segundo estado em n\u00fameros de feminic\u00eddio, mulheres criam Casa de Refer\u00eancia no Centro de Curitiba. A ocupa\u00e7\u00e3o foi organizada em um espa\u00e7o abandonado h\u00e1 quase 15 anos e que n\u00e3o cumpria fun\u00e7\u00e3o social, e \u00e9 a 29\u00aa casa constru\u00edda pelo [&hellip;]<\/p>\n","protected":false},"author":2,"featured_media":25022,"comment_status":"open","ping_status":"closed","sticky":false,"template":"","format":"standard","meta":{"fifu_image_url":"","fifu_image_alt":"","footnotes":""},"categories":[5362,2053,82,182,5363,319,5364],"tags":[],"class_list":["post-25021","post","type-post","status-publish","format-standard","has-post-thumbnail","hentry","category-casa-de-referencia","category-movimento-de-mulheres","category-mulheres","category-ocupacao","category-olga-benario","category-parana","category-rose-nunes"],"_links":{"self":[{"href":"https:\/\/redept.com.br\/blogosfera\/wp-json\/wp\/v2\/posts\/25021","targetHints":{"allow":["GET"]}}],"collection":[{"href":"https:\/\/redept.com.br\/blogosfera\/wp-json\/wp\/v2\/posts"}],"about":[{"href":"https:\/\/redept.com.br\/blogosfera\/wp-json\/wp\/v2\/types\/post"}],"author":[{"embeddable":true,"href":"https:\/\/redept.com.br\/blogosfera\/wp-json\/wp\/v2\/users\/2"}],"replies":[{"embeddable":true,"href":"https:\/\/redept.com.br\/blogosfera\/wp-json\/wp\/v2\/comments?post=25021"}],"version-history":[{"count":0,"href":"https:\/\/redept.com.br\/blogosfera\/wp-json\/wp\/v2\/posts\/25021\/revisions"}],"wp:featuredmedia":[{"embeddable":true,"href":"https:\/\/redept.com.br\/blogosfera\/wp-json\/wp\/v2\/media\/25022"}],"wp:attachment":[{"href":"https:\/\/redept.com.br\/blogosfera\/wp-json\/wp\/v2\/media?parent=25021"}],"wp:term":[{"taxonomy":"category","embeddable":true,"href":"https:\/\/redept.com.br\/blogosfera\/wp-json\/wp\/v2\/categories?post=25021"},{"taxonomy":"post_tag","embeddable":true,"href":"https:\/\/redept.com.br\/blogosfera\/wp-json\/wp\/v2\/tags?post=25021"}],"curies":[{"name":"wp","href":"https:\/\/api.w.org\/{rel}","templated":true}]}}