{"id":25184,"date":"2025-05-02T11:55:39","date_gmt":"2025-05-02T14:55:39","guid":{"rendered":"https:\/\/redept.org\/blogosfera\/ines-etienne-romeu-a-mulher-que-desafiou-e-sobreviveu-a-casa-da-morte\/"},"modified":"2025-05-02T11:55:39","modified_gmt":"2025-05-02T14:55:39","slug":"ines-etienne-romeu-a-mulher-que-desafiou-e-sobreviveu-a-casa-da-morte","status":"publish","type":"post","link":"https:\/\/redept.com.br\/blogosfera\/ines-etienne-romeu-a-mulher-que-desafiou-e-sobreviveu-a-casa-da-morte\/","title":{"rendered":"In\u00eas Etienne Romeu: a mulher que desafiou e sobreviveu \u00e0 Casa da Morte"},"content":{"rendered":"<p><img fetchpriority=\"high\" width=\"530\" height=\"328\"src=\"https:\/\/redept.org\/blogosfera\/wp-content\/uploads\/2025\/05\/inesetienne_530.jpg\" alt=\"In\u00eas Etienne Romeu foi uma corajosa e destacada lutadora contra a ditadura. Foto: Alcyr Cavalcanti\/Arquivo\" link_thumbnail=\"\" decoding=\"async\" srcset=\"https:\/\/redept.org\/blogosfera\/wp-content\/uploads\/2025\/05\/inesetienne_530.jpg 530w, https:\/\/averdade.org.br\/wp-content\/uploads\/2025\/05\/inesetienne_530-350x217.jpg 350w, https:\/\/averdade.org.br\/wp-content\/uploads\/2025\/05\/inesetienne_530-250x155.jpg 250w, https:\/\/averdade.org.br\/wp-content\/uploads\/2025\/05\/inesetienne_530-150x93.jpg 150w, https:\/\/averdade.org.br\/wp-content\/uploads\/2025\/05\/inesetienne_530-300x186.jpg 300w\" sizes=\"(max-width: 530px) 100vw, 530px\"><\/p>\n<p><strong>\u201cA vida e a morte de In\u00eas Etienne Romeu seguem sendo um lembrete de que a democracia se constr\u00f3i com mem\u00f3ria, justi\u00e7a e luta coletiva. Sua voz sobrevive em cada mulher que se organiza, em cada den\u00fancia contra a opress\u00e3o e em cada gesto de solidariedade. Enquanto a sua hist\u00f3ria for lembrada, a ditadura n\u00e3o ser\u00e1 esquecida e jamais se repetir\u00e1.\u201d<\/strong><\/p>\n<p><strong>Chantal Campello | Cabo Frio (RJ)<\/strong><\/p>\n<hr>\n<p>In\u00eas Etienne Romeu nasceu em Pouso Alegre, Minas Gerais, em 18 de dezembro de 1942. Desde jovem envolveu-se na luta pol\u00edtica contra as injusti\u00e7as sociais que marcavam o Brasil nos anos 1960. Militante da Organiza\u00e7\u00e3o Revolucion\u00e1ria Marxista Pol\u00edtica Oper\u00e1ria (Polop), In\u00eas fazia parte de um movimento que buscava construir uma alternativa socialista ao modelo autorit\u00e1rio. Com a instaura\u00e7\u00e3o da ditadura militar em 1964, ela passou a viver na clandestinidade, dedicando-se \u00e0 organiza\u00e7\u00e3o da resist\u00eancia armada.<\/p>\n<p>Em 1971, foi presa no Rio de Janeiro pelos agentes do Centro de Informa\u00e7\u00f5es do Ex\u00e9rcito (CIE). Seu destino foi a chamada \u201cCasa da Morte\u201d, um centro clandestino de tortura mantido em Petr\u00f3polis no Rio de Janeiro, onde os lutadores populares da ditadura eram levados para serem \u201cconvencidos\u201d a base das piores torturas, a colaborar com os \u00f3rg\u00e3os de repress\u00e3o. Dos cerca de 20 militantes levados para esse local, In\u00eas foi a \u00fanica que saiu com vida.<\/p>\n<p>\u2018\u2019Eu n\u00e3o podia chorar. Nem me mexer. N\u00e3o podia ter medo. S\u00f3 sobrevivia quem conseguisse suportar o inferno calada, fria, como pedra\u201d, disse em seu depoimento \u00e0 Comiss\u00e3o Nacional da Verdade, d\u00e9cadas depois.\u2019\u2019<\/p>\n<p>Durante os meses em que esteve presa, foi submetida a intensas sess\u00f5es de tortura f\u00edsica, estupros, choques el\u00e9tricos e isolamento extremo. Em seu relato \u00e0 Comiss\u00e3o Nacional da Verdade, In\u00eas afirmou: \u2018\u2019Eles queriam que eu me tornasse uma agente infiltrada, que tra\u00edsse meus companheiros. Disseram que se eu n\u00e3o cooperasse, minha fam\u00edlia sofreria. Eu escutei o choro de outras mulheres sendo violentadas. O terror era cont\u00ednuo.\u2019\u2019<\/p>\n<p>Mesmo ap\u00f3s ser for\u00e7ada a escrever relat\u00f3rios e simular colabora\u00e7\u00e3o, In\u00eas encontrou for\u00e7as para resistir internamente e, ao sair da Casa da Morte, retomou sua luta pol\u00edtica, denunciando os crimes que presenciou. Foi libertada somente em 1979, com a Lei da Anistia.<\/p>\n<p>No livro \u2018Mem\u00f3rias de uma Guerra Suja\u2019, escrito pelos jornalistas Marcelo Netto e Rog\u00e9rio Medeiros, publicado em 1979, ela detalhou n\u00e3o apenas sua pr\u00f3pria experi\u00eancia, mas tamb\u00e9m o funcionamento do aparato repressivo da ditadura. Sua den\u00fancia p\u00fablica foi uma das primeiras a revelar a exist\u00eancia de centros clandestinos de exterm\u00ednio mantidos fora da legalidade at\u00e9 ent\u00e3o negada pelo regime militar.<\/p>\n<p>\u201cNa Casa da Morte, a gente n\u00e3o tinha nome, s\u00f3 n\u00famero. Eu era um n\u00famero. N\u00e3o sab\u00edamos se era dia ou noite. Tudo era feito para nos destruir por dentro\u201d, dizia In\u00eas em entrevista.<\/p>\n<p>A vida de In\u00eas foi marcada por persegui\u00e7\u00f5es, amea\u00e7as e vigil\u00e2ncia mesmo ap\u00f3s a redemocratiza\u00e7\u00e3o. Ela vivia sob constante medo. Faleceu em 27 de abril de 2015, aos 72 anos, em Niter\u00f3i, Rio de Janeiro. A causa oficial foi insufici\u00eancia card\u00edaca, mas familiares e militantes da \u00e1rea de direitos humanos sempre levantaram d\u00favidas sobre as circunst\u00e2ncias da morte. Meses antes de falecer, In\u00eas chegou a relatar que suspeitava estar sendo envenenada.<\/p>\n<p>Seu testemunho foi fundamental para os trabalhos da Comiss\u00e3o Nacional da Verdade (2011\u20132014), que investigou os crimes cometidos pela ditadura militar. Nos depoimentos, ela nomeou agentes da repress\u00e3o, descreveu m\u00e9todos de tortura e apontou a responsabilidade do Estado nos desaparecimentos for\u00e7ados.<\/p>\n<p><strong>Homenagem \u00e0 resist\u00eancia: Casa de Refer\u00eancia In\u00eas Etienne Romeu, em Cabo Frio<\/strong><\/p>\n<p>Reconhecendo sua trajet\u00f3ria de coragem e enfrentamento, o Movimento de Mulheres Olga Benario ocupou em 2024 um im\u00f3vel p\u00fablico, na cidade de Cabo Frio (RJ), um espa\u00e7o voltado ao acolhimento de mulheres em situa\u00e7\u00e3o de viol\u00eancia, vulnerabilidade e viola\u00e7\u00e3o de direitos. A <a href=\"https:\/\/www.instagram.com\/ocupa.inesetienneromeu\/\">casa<\/a> recebeu o nome de In\u00eas Etienne Romeu, a homenagem carrega um forte simbolismo as mulheres que sempre lutaram.<\/p>\n<p>Em nome de In\u00eas, milhares de mulheres encontram for\u00e7as para denunciar viol\u00eancias, buscar justi\u00e7a e construir autonomia. A escolha do nome refor\u00e7a a import\u00e2ncia de manter viva a mem\u00f3ria daqueles que enfrentaram a repress\u00e3o de frente, e, sobretudo, das mulheres que ousaram lutar mesmo sob as piores condi\u00e7\u00f5es.<\/p>\n<p>A vida e a morte de In\u00eas Etienne Romeu seguem sendo um lembrete de que a democracia se constr\u00f3i com mem\u00f3ria, justi\u00e7a e luta coletiva. Sua voz sobrevive em cada mulher que se organiza, em cada den\u00fancia contra a opress\u00e3o e em cada gesto de solidariedade. Enquanto a sua hist\u00f3ria for lembrada, a ditadura n\u00e3o ser\u00e1 esquecida e jamais se repetir\u00e1.<\/p>\n<!-- Begin Yuzo --><div class='yuzo_related_post style-1'  data-version='5.12.89'><!-- without result --><div class='yuzo_clearfixed yuzo__title yuzo__title'><h3>Related Post<\/h3><\/div>\n\t\t\t\t\t\t  <div class=\"relatedthumb \" style=\"width:125px;float:left;overflow:hidden;\">  \n\t\t\t\t\t\t\t  \n\t\t\t\t\t\t\t  <a  href=\"https:\/\/redept.com.br\/blogosfera\/turismo-de-base-comunitaria-no-mst-em-sergipe-inspira-pesquisa-e-lancamento-de-livro\/\"  >\n\t\t\t\t\t\t\t\t\t  <div class=\"yuzo-img-wrap \" style=\"width: 125px;height:90px;\">\n\t\t\t\t\t\t\t\t\t\t\n\t\t\t\t\t\t\t\t\t\t<div class=\"yuzo-img\" style=\"background:url('https:\/\/redept.com.br\/blogosfera\/wp-content\/uploads\/2024\/12\/sergipe1-150x150.jpg') 50% 50% no-repeat;width: 125px;height:90px;margin-bottom: 5px;background-size: cover; \"><\/div>\n\t\t\t\t\t\t\t\t\t  <\/div>\n\t\t\t\t\t\t\t\t\t  \n\t\t\t\t\t\t\t\t   <span class=\"yuzo__text--title\" style=\"font-size:13px;\">Turismo de base comunit\u00e1ria no MST em Sergipe insp...<\/span>\n\t\t\t\t\t\t\t  \n\t\t\t\t\t\t\t  \n\t\t\t\t\t\t\t  <\/a>\n\n\t\t\t\t\t\t  <\/div>\n\t\t\t\t\t\t  <div class=\"relatedthumb \" style=\"width:125px;float:left;overflow:hidden;\">  \n\t\t\t\t\t\t\t  \n\t\t\t\t\t\t\t  <a  href=\"https:\/\/redept.com.br\/blogosfera\/flavio-bolsonaro-pede-valores-americanos-no-brasil-e-diz-que-pai-foi-vitima-da-tirania-da-covid\/\"  >\n\t\t\t\t\t\t\t\t\t  <div class=\"yuzo-img-wrap \" style=\"width: 125px;height:90px;\">\n\t\t\t\t\t\t\t\t\t\t\n\t\t\t\t\t\t\t\t\t\t<div class=\"yuzo-img\" style=\"background:url('https:\/\/redept.org\/blogosfera\/wp-content\/plugins\/yuzo-related-post\/assets\/images\/default.png') 50% 50% no-repeat;width: 125px;height:90px;margin-bottom: 5px;background-size: cover; \"><\/div>\n\t\t\t\t\t\t\t\t\t  <\/div>\n\t\t\t\t\t\t\t\t\t  \n\t\t\t\t\t\t\t\t   <span class=\"yuzo__text--title\" style=\"font-size:13px;\">Fl\u00e1vio Bolsonaro pede \u2018valores americanos\u2019 no Bras...<\/span>\n\t\t\t\t\t\t\t  \n\t\t\t\t\t\t\t  \n\t\t\t\t\t\t\t  <\/a>\n\n\t\t\t\t\t\t  <\/div>\n\t\t\t\t\t\t  <div class=\"relatedthumb \" style=\"width:125px;float:left;overflow:hidden;\">  \n\t\t\t\t\t\t\t  \n\t\t\t\t\t\t\t  <a  href=\"https:\/\/redept.com.br\/blogosfera\/veto-alcanca-tribunais-estrangeiros-mas-nao-internacionais-diz-dino\/\"  >\n\t\t\t\t\t\t\t\t\t  <div class=\"yuzo-img-wrap \" style=\"width: 125px;height:90px;\">\n\t\t\t\t\t\t\t\t\t\t\n\t\t\t\t\t\t\t\t\t\t<div class=\"yuzo-img\" style=\"background:url('https:\/\/redept.org\/blogosfera\/wp-content\/plugins\/yuzo-related-post\/assets\/images\/default.png') 50% 50% no-repeat;width: 125px;height:90px;margin-bottom: 5px;background-size: cover; \"><\/div>\n\t\t\t\t\t\t\t\t\t  <\/div>\n\t\t\t\t\t\t\t\t\t  \n\t\t\t\t\t\t\t\t   <span class=\"yuzo__text--title\" style=\"font-size:13px;\">Veto alcan\u00e7a tribunais estrangeiros, mas n\u00e3o inter...<\/span>\n\t\t\t\t\t\t\t  \n\t\t\t\t\t\t\t  \n\t\t\t\t\t\t\t  <\/a>\n\n\t\t\t\t\t\t  <\/div>\n\t\t\t\t\t\t  <div class=\"relatedthumb \" style=\"width:125px;float:left;overflow:hidden;\">  \n\t\t\t\t\t\t\t  \n\t\t\t\t\t\t\t  <a  href=\"https:\/\/redept.com.br\/blogosfera\/bienal-do-livro-de-sao-paulo-anuncia-data-para-edicao-de-2026\/\"  >\n\t\t\t\t\t\t\t\t\t  <div class=\"yuzo-img-wrap \" style=\"width: 125px;height:90px;\">\n\t\t\t\t\t\t\t\t\t\t\n\t\t\t\t\t\t\t\t\t\t<div class=\"yuzo-img\" style=\"background:url('https:\/\/redept.com.br\/blogosfera\/wp-content\/uploads\/2025\/06\/bienal-do-livro-do-rio-1-150x150.jpg') 50% 50% no-repeat;width: 125px;height:90px;margin-bottom: 5px;background-size: cover; \"><\/div>\n\t\t\t\t\t\t\t\t\t  <\/div>\n\t\t\t\t\t\t\t\t\t  \n\t\t\t\t\t\t\t\t   <span class=\"yuzo__text--title\" style=\"font-size:13px;\">Bienal do Livro de S\u00e3o Paulo anuncia data para edi...<\/span>\n\t\t\t\t\t\t\t  \n\t\t\t\t\t\t\t  \n\t\t\t\t\t\t\t  <\/a>\n\n\t\t\t\t\t\t  <\/div>\n<\/div> <script>\n\t\t\t\t\t\t  jQuery(document).ready(function( $ ){\n\t\t\t\t\t\t\t\/\/jQuery('.yuzo_related_post').equalizer({ overflow : 'relatedthumb' });\n\t\t\t\t\t\t\tjQuery('.yuzo_related_post .yuzo_wraps').equalizer({ columns : '> div' });\n\t\t\t\t\t\t   })\n\t\t\t\t\t\t  <\/script> <!-- End Yuzo :) -->","protected":false},"excerpt":{"rendered":"<p>\u201cA vida e a morte de In\u00eas Etienne Romeu seguem sendo um lembrete de que a democracia se constr\u00f3i com mem\u00f3ria, justi\u00e7a e luta coletiva. Sua voz sobrevive em cada mulher que se organiza, em cada den\u00fancia contra a opress\u00e3o e em cada gesto de solidariedade. Enquanto a sua hist\u00f3ria for lembrada, a ditadura n\u00e3o [&hellip;]<\/p>\n","protected":false},"author":2,"featured_media":25185,"comment_status":"open","ping_status":"closed","sticky":false,"template":"","format":"standard","meta":{"fifu_image_url":"","fifu_image_alt":"","footnotes":""},"categories":[2234,5373,461,5374,462,49],"tags":[],"class_list":["post-25184","post","type-post","status-publish","format-standard","has-post-thumbnail","hentry","category-cabo-frio","category-casa-da-morte","category-historia","category-ines-etienne-romeu","category-lutas-e-herois-do-povo","category-rio-de-janeiro"],"_links":{"self":[{"href":"https:\/\/redept.com.br\/blogosfera\/wp-json\/wp\/v2\/posts\/25184","targetHints":{"allow":["GET"]}}],"collection":[{"href":"https:\/\/redept.com.br\/blogosfera\/wp-json\/wp\/v2\/posts"}],"about":[{"href":"https:\/\/redept.com.br\/blogosfera\/wp-json\/wp\/v2\/types\/post"}],"author":[{"embeddable":true,"href":"https:\/\/redept.com.br\/blogosfera\/wp-json\/wp\/v2\/users\/2"}],"replies":[{"embeddable":true,"href":"https:\/\/redept.com.br\/blogosfera\/wp-json\/wp\/v2\/comments?post=25184"}],"version-history":[{"count":0,"href":"https:\/\/redept.com.br\/blogosfera\/wp-json\/wp\/v2\/posts\/25184\/revisions"}],"wp:featuredmedia":[{"embeddable":true,"href":"https:\/\/redept.com.br\/blogosfera\/wp-json\/wp\/v2\/media\/25185"}],"wp:attachment":[{"href":"https:\/\/redept.com.br\/blogosfera\/wp-json\/wp\/v2\/media?parent=25184"}],"wp:term":[{"taxonomy":"category","embeddable":true,"href":"https:\/\/redept.com.br\/blogosfera\/wp-json\/wp\/v2\/categories?post=25184"},{"taxonomy":"post_tag","embeddable":true,"href":"https:\/\/redept.com.br\/blogosfera\/wp-json\/wp\/v2\/tags?post=25184"}],"curies":[{"name":"wp","href":"https:\/\/api.w.org\/{rel}","templated":true}]}}