{"id":25536,"date":"2025-05-05T15:23:12","date_gmt":"2025-05-05T18:23:12","guid":{"rendered":"https:\/\/redept.org\/blogosfera\/80-anos-do-dia-da-vitoria-e-os-simbolos-em-disputa\/"},"modified":"2025-05-05T15:23:12","modified_gmt":"2025-05-05T18:23:12","slug":"80-anos-do-dia-da-vitoria-e-os-simbolos-em-disputa","status":"publish","type":"post","link":"https:\/\/redept.com.br\/blogosfera\/80-anos-do-dia-da-vitoria-e-os-simbolos-em-disputa\/","title":{"rendered":"80 anos do Dia da Vit\u00f3ria e os s\u00edmbolos em disputa"},"content":{"rendered":"<p>A R\u00fassia prepara uma grande festa para marcar os 80 anos do <strong>Dia da Vit\u00f3ria<\/strong> na pr\u00f3xima sexta-feira (9). A data marca a vit\u00f3ria das tropas da Uni\u00e3o Sovi\u00e9tica e de pa\u00edses aliados contra a Alemanha nazista na Segunda Guerra Mundial.\u00a0Ao lado do presidente russo, Vladmir Putin, confirmaram presen\u00e7a <a href=\"https:\/\/tvtnews.com.br\/lula-embarca-para-viagens-a-russia-e-a-china\/\">o presidente do Brasil<\/a>, Luiz In\u00e1cio Lula da Silva, e o presidente chin\u00eas, Xi Jinping, que devem acompanhar um majestoso desfile c\u00edvico-militar na Pra\u00e7a Vermelha, em Moscou. <\/p>\n<p>No contexto da atual guerra na Ucr\u00e2nia, chama a aten\u00e7\u00e3o a total aus\u00eancia de lideran\u00e7as da Europa Ocidental nas comemora\u00e7\u00f5es que marcam justamente a liberta\u00e7\u00e3o da continente do jugo nazista alem\u00e3o. \u00c9 mais um sinal da crescente russofobia que volta a contaminar as mentes europeias. <\/p>\n<p>Al\u00e9m de Lula e Xi, tamb\u00e9m comparecer\u00e3o o presidente de Cuba, Miguel D\u00edaz-Canel Berm\u00fadez, o presidente da S\u00e9rvia, Aleksandar Vucic e o primeiro-ministro da Eslov\u00e1quia, Robert Fico. Este \u00faltimo suspendeu o envio de armas para a Ucr\u00e2nia e se op\u00f5e \u00e0 ades\u00e3o de Kiev \u00e0 Otan. <\/p>\n<p>Na semana passada, Putin anunciou um cessar-fogo na guerra na Ucr\u00e2nia durante tr\u00eas dias \u2013 entre 8 e 10 de maio \u2013 durante as celebra\u00e7\u00f5es do Dia da Vit\u00f3ria. Ao mesmo tempo, o presidente da Ucr\u00e2nia, Volodymyr Zelensky, afirmou no \u00faltimo s\u00e1bado (4) que \u201cn\u00e3o pode garantir a seguran\u00e7a\u201d dos l\u00edderes internacionais que estar\u00e3o em Moscou, insinuando eventuais ataques militares ou terroristas durante o evento. <\/p>\n<p>Para o historiador e cientista pol\u00edtico Carlito Neto, a presen\u00e7a desses l\u00edderes internacional desmontra que Putin resiste ao isolamento que os pa\u00edses da Otan tentam lhe impor. \u201cA R\u00fassia quando se re\u00fane com seus aliados, manda recado de que n\u00e3o est\u00e1 sozinha\u201d, afirmou Neto nesta segunda (5) durante participa\u00e7\u00e3o no <strong><strong><a href=\"https:\/\/www.youtube.com\/watch?v=ccyzCGe6V6Y\" target=\"_blank\" rel=\"noopener noreferrer nofollow\">Jornal TVT News Primeira Edi\u00e7\u00e3o<\/a><\/strong><\/strong>.<\/p>\n<p>Al\u00e9m disso, a comemora\u00e7\u00e3o da vit\u00f3ria sovi\u00e9tica tamb\u00e9m serve para desmentir de que o nazismo seria de esquerda. \u201cE quem leu o <em>Mein Kampf<\/em> \u2013 Minha Luta, uma esp\u00e9cie de autobiografia da Adolf Hitler \u2013 o pr\u00f3prio Hitler explica que a escolha da cor vermelha, a escolha do nome Partido Nacional-Socialista dos Trabalhadores Alem\u00e3es, bem como a escolha de alguns emblemas, era justamente para tentar convencer a classe trabalhadora a atuar ao lado deles. Ele at\u00e9 ironiza, no livro, dizendo que os marxistas ficaram revoltados ao descobrir que ele havia adotado as cores que simboliza a luta da classe trabalhadora\u201d, comenta Carlito Neto.<\/p>\n<blockquote data-instgrm-captioned data-instgrm-permalink=\"https:\/\/www.instagram.com\/reel\/DJRqUjyNex-\/?utm_source=ig_embed&amp;utm_campaign=loading\" data-instgrm-version=\"14\">\n<div> <a href=\"https:\/\/www.instagram.com\/reel\/DJRqUjyNex-\/?utm_source=ig_embed&amp;utm_campaign=loading\" target=\"_blank\" rel=\"noopener noreferrer nofollow\"> <\/p>\n<div>\n<div><\/div>\n<div>\n<div><\/div>\n<div><\/div>\n<\/div>\n<\/div>\n<div><\/div>\n<div><svg width=\"50px\" height=\"50px\" viewbox=\"0 0 60 60\" version=\"1.1\" xmlns=\"https:\/\/www.w3.org\/2000\/svg\" xmlns:xlink=\"https:\/\/www.w3.org\/1999\/xlink\"><g stroke=\"none\" stroke-width=\"1\" fill=\"none\" fill-rule=\"evenodd\"><g transform=\"translate(-511.000000, -20.000000)\" fill=\"#000000\"><g><path d=\"M556.869,30.41 C554.814,30.41 553.148,32.076 553.148,34.131 C553.148,36.186 554.814,37.852 556.869,37.852 C558.924,37.852 560.59,36.186 560.59,34.131 C560.59,32.076 558.924,30.41 556.869,30.41 M541,60.657 C535.114,60.657 530.342,55.887 530.342,50 C530.342,44.114 535.114,39.342 541,39.342 C546.887,39.342 551.658,44.114 551.658,50 C551.658,55.887 546.887,60.657 541,60.657 M541,33.886 C532.1,33.886 524.886,41.1 524.886,50 C524.886,58.899 532.1,66.113 541,66.113 C549.9,66.113 557.115,58.899 557.115,50 C557.115,41.1 549.9,33.886 541,33.886 M565.378,62.101 C565.244,65.022 564.756,66.606 564.346,67.663 C563.803,69.06 563.154,70.057 562.106,71.106 C561.058,72.155 560.06,72.803 558.662,73.347 C557.607,73.757 556.021,74.244 553.102,74.378 C549.944,74.521 548.997,74.552 541,74.552 C533.003,74.552 532.056,74.521 528.898,74.378 C525.979,74.244 524.393,73.757 523.338,73.347 C521.94,72.803 520.942,72.155 519.894,71.106 C518.846,70.057 518.197,69.06 517.654,67.663 C517.244,66.606 516.755,65.022 516.623,62.101 C516.479,58.943 516.448,57.996 516.448,50 C516.448,42.003 516.479,41.056 516.623,37.899 C516.755,34.978 517.244,33.391 517.654,32.338 C518.197,30.938 518.846,29.942 519.894,28.894 C520.942,27.846 521.94,27.196 523.338,26.654 C524.393,26.244 525.979,25.756 528.898,25.623 C532.057,25.479 533.004,25.448 541,25.448 C548.997,25.448 549.943,25.479 553.102,25.623 C556.021,25.756 557.607,26.244 558.662,26.654 C560.06,27.196 561.058,27.846 562.106,28.894 C563.154,29.942 563.803,30.938 564.346,32.338 C564.756,33.391 565.244,34.978 565.378,37.899 C565.522,41.056 565.552,42.003 565.552,50 C565.552,57.996 565.522,58.943 565.378,62.101 M570.82,37.631 C570.674,34.438 570.167,32.258 569.425,30.349 C568.659,28.377 567.633,26.702 565.965,25.035 C564.297,23.368 562.623,22.342 560.652,21.575 C558.743,20.834 556.562,20.326 553.369,20.18 C550.169,20.033 549.148,20 541,20 C532.853,20 531.831,20.033 528.631,20.18 C525.438,20.326 523.257,20.834 521.349,21.575 C519.376,22.342 517.703,23.368 516.035,25.035 C514.368,26.702 513.342,28.377 512.574,30.349 C511.834,32.258 511.326,34.438 511.181,37.631 C511.035,40.831 511,41.851 511,50 C511,58.147 511.035,59.17 511.181,62.369 C511.326,65.562 511.834,67.743 512.574,69.651 C513.342,71.625 514.368,73.296 516.035,74.965 C517.703,76.634 519.376,77.658 521.349,78.425 C523.257,79.167 525.438,79.673 528.631,79.82 C531.831,79.965 532.853,80.001 541,80.001 C549.148,80.001 550.169,79.965 553.369,79.82 C556.562,79.673 558.743,79.167 560.652,78.425 C562.623,77.658 564.297,76.634 565.965,74.965 C567.633,73.296 568.659,71.625 569.425,69.651 C570.167,67.743 570.674,65.562 570.82,62.369 C570.966,59.17 571,58.147 571,50 C571,41.851 570.966,40.831 570.82,37.631\"><\/path><\/g><\/g><\/g><\/svg><\/div>\n<div>\n<div>Ver essa foto no Instagram<\/div>\n<\/div>\n<div><\/div>\n<div>\n<div>\n<div><\/div>\n<div><\/div>\n<div><\/div>\n<\/div>\n<div>\n<div><\/div>\n<div><\/div>\n<\/div>\n<div>\n<div><\/div>\n<div><\/div>\n<div><\/div>\n<\/div>\n<\/div>\n<div>\n<div><\/div>\n<div><\/div>\n<\/div>\n<p><\/a><\/p>\n<p><a href=\"https:\/\/www.instagram.com\/reel\/DJRqUjyNex-\/?utm_source=ig_embed&amp;utm_campaign=loading\" target=\"_blank\" rel=\"noopener noreferrer nofollow\">Uma publica\u00e7\u00e3o compartilhada por Rede TVT (@redetvt)<\/a><\/p>\n<\/div>\n<\/blockquote>\n<h2>A import\u00e2ncia do Dia da Vit\u00f3ria<\/h2>\n<p>A data \u00e9 especialmente simb\u00f3lica para a R\u00fassia, por conta do papel central desempenhado pelo Ex\u00e9rcito Vermelho na derrota do regime de Adolf Hitler. Mais que uma celebra\u00e7\u00e3o militar, o dia tamb\u00e9m relembra os imensos sacrif\u00edcios feitos pela popula\u00e7\u00e3o sovi\u00e9tica durante o conflito.<\/p>\n<p>A participa\u00e7\u00e3o da Uni\u00e3o Sovi\u00e9tica na Segunda Guerra Mundial foi marcada por uma mobiliza\u00e7\u00e3o sem precedentes. Ap\u00f3s ser surpreendida pela invas\u00e3o alem\u00e3 em junho de 1941 \u2014 a chamada Opera\u00e7\u00e3o Barbarossa \u2014, a Uni\u00e3o Sovi\u00e9tica iniciou uma gigantesca campanha de resist\u00eancia e contra-ataque. A guerra no front oriental se tornou o principal teatro de opera\u00e7\u00f5es da Segunda Guerra, reunindo algumas das maiores e mais sangrentas batalhas da hist\u00f3ria, como as de Moscou, Leningrado, Kursk e, especialmente, Stalingrado.<\/p>\n<p>A Batalha de Stalingrado (1942-1943) foi um ponto de inflex\u00e3o decisivo. As tropas sovi\u00e9ticas conseguiram conter e cercar o 6\u00ba Ex\u00e9rcito alem\u00e3o, for\u00e7ando sua rendi\u00e7\u00e3o. Essa vit\u00f3ria n\u00e3o apenas elevou o moral da popula\u00e7\u00e3o sovi\u00e9tica, como tamb\u00e9m enfraqueceu consideravelmente o poder militar nazista. A partir da\u00ed, o Ex\u00e9rcito Vermelho iniciou uma longa e intensa ofensiva rumo ao oeste, libertando territ\u00f3rios ocupados e pressionando o avan\u00e7o aliado pelo oeste europeu.<\/p>\n<p>Ao final da guerra, estima-se que a Uni\u00e3o Sovi\u00e9tica tenha mobilizado mais de 34 milh\u00f5es de soldados. As perdas humanas foram colossais: cerca de 27 milh\u00f5es de sovi\u00e9ticos morreram no conflito, entre militares e civis. Cidades inteiras foram destru\u00eddas, e regi\u00f5es inteiras do pa\u00eds foram devastadas pela guerra. O sofrimento da popula\u00e7\u00e3o sovi\u00e9tica foi agravado pela brutalidade da ocupa\u00e7\u00e3o nazista em \u00e1reas como Belarus, Ucr\u00e2nia e os pa\u00edses b\u00e1lticos, onde milh\u00f5es de civis foram mortos ou deportados.<\/p>\n<p>Apesar das diverg\u00eancias pol\u00edticas e ideol\u00f3gicas entre a Uni\u00e3o Sovi\u00e9tica e os pa\u00edses ocidentais, o esfor\u00e7o militar sovi\u00e9tico foi decisivo para o colapso do Terceiro Reich. Em maio de 1945, tropas do Ex\u00e9rcito Vermelho entraram em Berlim, selando a rendi\u00e7\u00e3o alem\u00e3. A bandeira vermelha hasteada sobre o Reichstag tornou-se um dos maiores s\u00edmbolos do fim da guerra na Europa.<\/p>\n<figure><img fetchpriority=\"high\" fetchpriority=\"high\" decoding=\"async\" width=\"768\" height=\"552\"src=\"https:\/\/redept.org\/blogosfera\/wp-content\/uploads\/2025\/05\/Dia-da-Vitoria-2a-Guerra.jpg\" alt=\"Dia da Vit\u00f3ria\" title=\"80 anos do Dia da Vit\u00f3ria e os s\u00edmbolos em disputa 1\" srcset=\"https:\/\/redept.org\/blogosfera\/wp-content\/uploads\/2025\/05\/Dia-da-Vitoria-2a-Guerra.jpg 768w, https:\/\/tvtnews.com.br\/wp-content\/uploads\/2025\/05\/Dia-da-Vitoria-2a-Guerra-300x216.jpg 300w\" sizes=\"(max-width: 768px) 100vw, 768px\"><figcaption><em>Tomada de Berlim pelo Ex\u00e9rcito Vermelho, em 9 de maio. Foto: Reprodu\u00e7\u00e3o<\/em><\/figcaption><\/figure>\n<h2>Os s\u00edmbolos em disputa<\/h2>\n<p>Durante o <strong>Jornal<\/strong> <strong>TVT News Primeira Edi\u00e7\u00e3o<\/strong>, o comentarista Eduardo Castro lembra que o Ocidente adota Dia D \u2013 em 6 de junho de 1944 \u2013 como marco simb\u00f3lico do in\u00edcio da derrota da Alemanha nazista. \u201cPara os Estados Unidos, n\u00e3o \u00e9 o dia 9 de maio, n\u00e3o \u00e9 o dia em que o Ex\u00e9rcito Vermelho invade Berlim. \u00c9 o Dia D. E essa mensagem \u00e9 passada h\u00e1 80 anos.\u00a0Ent\u00e3o acaba sendo interessante nesse momento que haja uma contra-mensagem, uma mensagem diferente, visual \u00e9 percept\u00edvel, em que estejam presentes os l\u00edderes dos Brics\u201d.<\/p>\n<p>Para a comentarista Laura Capriglione, a presen\u00e7a de Lula e Xi em Moscou durante o Dia da Vit\u00f3ria representa \u201cum grande simbolismo\u201d. \u201cO cinema americano sempre quis mostrar os Estados Unidos como o grande protagonista da vit\u00f3ria contra o nazismo. Mas isso \u00e9 uma mentira de Hollywood. \u00c9 uma mentira martelada um milh\u00e3o de vezes, e a gente acreditou. Mas hoje, quando podemos ter acesso a outros filmes e materiais, foram 20 milh\u00f5es de cidad\u00e3os sovi\u00e9ticos mortos durante a guerra. Ent\u00e3o a maior v\u00edtima do nazismo, quem mais perdeu vidas, foi a URSS, inclusive no territ\u00f3rio que hoje \u00e9 da Ucr\u00e2nia, \u00e9 importante falar\u201d.<\/p>\n<p>Al\u00e9m do Dia D, os ocidentais ainda buscam disputar a mem\u00f3ria relativa \u00e0 vit\u00f3ria sobre a Alemanha nazista utilizando o dia 7 de maio. Foi nesta data, na cidade de Reims, na Fran\u00e7a, que representantes do alto comando militar da Alemanha nazista assinaram a rendi\u00e7\u00e3o perante o general Dwight Eisenhower, comandante das tropas dos Aliados ocidentais. <\/p>\n<p>Os sovi\u00e9ticos, no entanto, que arcaram com maior esfor\u00e7o militar at\u00e9 a conquista de Berlim, bem como tiveram que lidar com as maiores perdas materias e humanas durante o conflito, exigiu uma segunda cerim\u00f4nia, mais formal, a ser realizada em Berlim no dia 8 de maio \u2014 j\u00e1 madrugada do dia 9, segundo o hor\u00e1rio de Moscou, quando os nazistas alem\u00e3es assinaram a rendi\u00e7\u00e3o incondicional, marcando o fim da Segunda Guerra Mundial no continente europeu.<\/p>\n<p>The post <a rel=\"nofollow\" href=\"https:\/\/tvtnews.com.br\/80-anos-do-dia-da-vitoria-e-os-simbolos-em-disputa\/\">80 anos do Dia da Vit\u00f3ria e os s\u00edmbolos em disputa<\/a> appeared first on <a rel=\"nofollow\" href=\"https:\/\/tvtnews.com.br\/\">TVT News<\/a>.<\/p>\n<!-- Begin Yuzo --><div class='yuzo_related_post style-1'  data-version='5.12.89'><!-- without result --><div class='yuzo_clearfixed yuzo__title yuzo__title'><h3>Related Post<\/h3><\/div>\n\t\t\t\t\t\t  <div class=\"relatedthumb \" style=\"width:125px;float:left;overflow:hidden;\">  \n\t\t\t\t\t\t\t  \n\t\t\t\t\t\t\t  <a  href=\"https:\/\/redept.com.br\/blogosfera\/diagnostico-atrasado-gera-perda-de-oportunidade-de-cura-afirma-criador-do-mais-medicos\/\"  >\n\t\t\t\t\t\t\t\t\t  <div class=\"yuzo-img-wrap \" style=\"width: 125px;height:90px;\">\n\t\t\t\t\t\t\t\t\t\t\n\t\t\t\t\t\t\t\t\t\t<div class=\"yuzo-img\" style=\"background:url('https:\/\/redept.org\/blogosfera\/wp-content\/plugins\/yuzo-related-post\/assets\/images\/default.png') 50% 50% no-repeat;width: 125px;height:90px;margin-bottom: 5px;background-size: cover; \"><\/div>\n\t\t\t\t\t\t\t\t\t  <\/div>\n\t\t\t\t\t\t\t\t\t  \n\t\t\t\t\t\t\t\t   <span class=\"yuzo__text--title\" style=\"font-size:13px;\">\u2018Diagn\u00f3stico atrasado gera perda de oportunidade d...<\/span>\n\t\t\t\t\t\t\t  \n\t\t\t\t\t\t\t  \n\t\t\t\t\t\t\t  <\/a>\n\n\t\t\t\t\t\t  <\/div>\n\t\t\t\t\t\t  <div class=\"relatedthumb \" style=\"width:125px;float:left;overflow:hidden;\">  \n\t\t\t\t\t\t\t  \n\t\t\t\t\t\t\t  <a  href=\"https:\/\/redept.com.br\/blogosfera\/programa-dignidade-menstrual-atendeu-21-milhoes-de-pessoas\/\"  >\n\t\t\t\t\t\t\t\t\t  <div class=\"yuzo-img-wrap \" style=\"width: 125px;height:90px;\">\n\t\t\t\t\t\t\t\t\t\t\n\t\t\t\t\t\t\t\t\t\t<div class=\"yuzo-img\" style=\"background:url('https:\/\/redept.org\/blogosfera\/wp-content\/plugins\/yuzo-related-post\/assets\/images\/default.png') 50% 50% no-repeat;width: 125px;height:90px;margin-bottom: 5px;background-size: cover; \"><\/div>\n\t\t\t\t\t\t\t\t\t  <\/div>\n\t\t\t\t\t\t\t\t\t  \n\t\t\t\t\t\t\t\t   <span class=\"yuzo__text--title\" style=\"font-size:13px;\">Programa Dignidade Menstrual atendeu 2,1 milh\u00f5es d...<\/span>\n\t\t\t\t\t\t\t  \n\t\t\t\t\t\t\t  \n\t\t\t\t\t\t\t  <\/a>\n\n\t\t\t\t\t\t  <\/div>\n\t\t\t\t\t\t  <div class=\"relatedthumb \" style=\"width:125px;float:left;overflow:hidden;\">  \n\t\t\t\t\t\t\t  \n\t\t\t\t\t\t\t  <a  href=\"https:\/\/redept.com.br\/blogosfera\/em-marcha-por-terra-e-dignidade-mst-chega-a-porto-alegre-rs-apos-percorrer-quase-100-km\/\"  >\n\t\t\t\t\t\t\t\t\t  <div class=\"yuzo-img-wrap \" style=\"width: 125px;height:90px;\">\n\t\t\t\t\t\t\t\t\t\t\n\t\t\t\t\t\t\t\t\t\t<div class=\"yuzo-img\" style=\"background:url('https:\/\/redept.com.br\/blogosfera\/wp-content\/uploads\/2025\/04\/image-1024x128-1-150x128.png') 50% 50% no-repeat;width: 125px;height:90px;margin-bottom: 5px;background-size: cover; \"><\/div>\n\t\t\t\t\t\t\t\t\t  <\/div>\n\t\t\t\t\t\t\t\t\t  \n\t\t\t\t\t\t\t\t   <span class=\"yuzo__text--title\" style=\"font-size:13px;\">Em marcha por terra e dignidade, MST chega a Porto...<\/span>\n\t\t\t\t\t\t\t  \n\t\t\t\t\t\t\t  \n\t\t\t\t\t\t\t  <\/a>\n\n\t\t\t\t\t\t  <\/div>\n\t\t\t\t\t\t  <div class=\"relatedthumb \" style=\"width:125px;float:left;overflow:hidden;\">  \n\t\t\t\t\t\t\t  \n\t\t\t\t\t\t\t  <a  href=\"https:\/\/redept.com.br\/blogosfera\/video-ao-contrario-do-fracasso-de-bolsonaro-lula-atrai-multidao-em-salvador\/\"  >\n\t\t\t\t\t\t\t\t\t  <div class=\"yuzo-img-wrap \" style=\"width: 125px;height:90px;\">\n\t\t\t\t\t\t\t\t\t\t\n\t\t\t\t\t\t\t\t\t\t<div class=\"yuzo-img\" style=\"background:url('https:\/\/redept.org\/blogosfera\/wp-content\/plugins\/yuzo-related-post\/assets\/images\/default.png') 50% 50% no-repeat;width: 125px;height:90px;margin-bottom: 5px;background-size: cover; \"><\/div>\n\t\t\t\t\t\t\t\t\t  <\/div>\n\t\t\t\t\t\t\t\t\t  \n\t\t\t\t\t\t\t\t   <span class=\"yuzo__text--title\" style=\"font-size:13px;\">V\u00eddeo: Ao contr\u00e1rio do fracasso de Bolsonaro, Lula...<\/span>\n\t\t\t\t\t\t\t  \n\t\t\t\t\t\t\t  \n\t\t\t\t\t\t\t  <\/a>\n\n\t\t\t\t\t\t  <\/div>\n<\/div> <script>\n\t\t\t\t\t\t  jQuery(document).ready(function( $ ){\n\t\t\t\t\t\t\t\/\/jQuery('.yuzo_related_post').equalizer({ overflow : 'relatedthumb' });\n\t\t\t\t\t\t\tjQuery('.yuzo_related_post .yuzo_wraps').equalizer({ columns : '> div' });\n\t\t\t\t\t\t   })\n\t\t\t\t\t\t  <\/script> <!-- End Yuzo :) -->","protected":false},"excerpt":{"rendered":"<p>A R\u00fassia prepara uma grande festa para marcar os 80 anos do Dia da Vit\u00f3ria na pr\u00f3xima sexta-feira (9). A data marca a vit\u00f3ria das tropas da Uni\u00e3o Sovi\u00e9tica e de pa\u00edses aliados contra a Alemanha nazista na Segunda Guerra Mundial.\u00a0Ao lado do presidente russo, Vladmir Putin, confirmaram presen\u00e7a o presidente do Brasil, Luiz In\u00e1cio [&hellip;]<\/p>\n","protected":false},"author":2,"featured_media":25537,"comment_status":"closed","ping_status":"closed","sticky":false,"template":"","format":"standard","meta":{"fifu_image_url":"","fifu_image_alt":"","footnotes":""},"categories":[489,26,43,5403],"tags":[],"class_list":["post-25536","post","type-post","status-publish","format-standard","has-post-thumbnail","hentry","category-destaque-pequeno","category-mundo","category-russia","category-segunda-guerra"],"_links":{"self":[{"href":"https:\/\/redept.com.br\/blogosfera\/wp-json\/wp\/v2\/posts\/25536","targetHints":{"allow":["GET"]}}],"collection":[{"href":"https:\/\/redept.com.br\/blogosfera\/wp-json\/wp\/v2\/posts"}],"about":[{"href":"https:\/\/redept.com.br\/blogosfera\/wp-json\/wp\/v2\/types\/post"}],"author":[{"embeddable":true,"href":"https:\/\/redept.com.br\/blogosfera\/wp-json\/wp\/v2\/users\/2"}],"replies":[{"embeddable":true,"href":"https:\/\/redept.com.br\/blogosfera\/wp-json\/wp\/v2\/comments?post=25536"}],"version-history":[{"count":0,"href":"https:\/\/redept.com.br\/blogosfera\/wp-json\/wp\/v2\/posts\/25536\/revisions"}],"wp:featuredmedia":[{"embeddable":true,"href":"https:\/\/redept.com.br\/blogosfera\/wp-json\/wp\/v2\/media\/25537"}],"wp:attachment":[{"href":"https:\/\/redept.com.br\/blogosfera\/wp-json\/wp\/v2\/media?parent=25536"}],"wp:term":[{"taxonomy":"category","embeddable":true,"href":"https:\/\/redept.com.br\/blogosfera\/wp-json\/wp\/v2\/categories?post=25536"},{"taxonomy":"post_tag","embeddable":true,"href":"https:\/\/redept.com.br\/blogosfera\/wp-json\/wp\/v2\/tags?post=25536"}],"curies":[{"name":"wp","href":"https:\/\/api.w.org\/{rel}","templated":true}]}}