{"id":26125,"date":"2025-05-07T17:05:06","date_gmt":"2025-05-07T20:05:06","guid":{"rendered":"https:\/\/redept.org\/blogosfera\/marcio-jerry-quer-estrutura-municipal-para-garantir-direitos-a-deficientes\/"},"modified":"2025-05-07T17:05:06","modified_gmt":"2025-05-07T20:05:06","slug":"marcio-jerry-quer-estrutura-municipal-para-garantir-direitos-a-deficientes","status":"publish","type":"post","link":"https:\/\/redept.com.br\/blogosfera\/marcio-jerry-quer-estrutura-municipal-para-garantir-direitos-a-deficientes\/","title":{"rendered":"M\u00e1rcio Jerry quer estrutura municipal para garantir direitos a deficientes"},"content":{"rendered":"<p><img fetchpriority=\"high\" width=\"1024\" height=\"682\"src=\"https:\/\/redept.org\/blogosfera\/wp-content\/uploads\/2025\/05\/Marcio-Jerry-1.jpeg\" alt=\"\" decoding=\"async\" srcset=\"https:\/\/vermelho.org.br\/wp-content\/uploads\/2024\/12\/Marcio-Jerry-1024x682.jpeg 1024w, https:\/\/vermelho.org.br\/wp-content\/uploads\/2024\/12\/Marcio-Jerry-300x200.jpeg 300w, https:\/\/vermelho.org.br\/wp-content\/uploads\/2024\/12\/Marcio-Jerry-768x512.jpeg 768w, https:\/\/vermelho.org.br\/wp-content\/uploads\/2024\/12\/Marcio-Jerry-1536x1023.jpeg 1536w, https:\/\/vermelho.org.br\/wp-content\/uploads\/2024\/12\/Marcio-Jerry-272x182.jpeg 272w, https:\/\/redept.org\/blogosfera\/wp-content\/uploads\/2025\/05\/Marcio-Jerry-1.jpeg 1600w\" sizes=\"(max-width: 1024px) 100vw, 1024px\"><\/p>\n<p>Durante audi\u00eancia p\u00fablica realizada na ter\u00e7a-feira (6) na Comiss\u00e3o de Defesa dos Direitos das Pessoas com Defici\u00eancia da C\u00e2mara dos Deputados, o deputado federal M\u00e1rcio Jerry (PCdoB-MA), vice-l\u00edder do governo e ex-presidente do colegiado, afirmou que o debate sobre a consolida\u00e7\u00e3o da legisla\u00e7\u00e3o existente \u00e9 importante, mas que a efetiva\u00e7\u00e3o dos direitos depende da estrutura\u00e7\u00e3o das pol\u00edticas p\u00fablicas em todos os n\u00edveis da federa\u00e7\u00e3o.<\/p>\n<p>\u201cNos 5.569 munic\u00edpios do Brasil, \u00e9 preciso que haja Secretaria Municipal do Direito \u00e0s Pessoas com Defici\u00eancia, com Conselho Municipal e com or\u00e7amento pr\u00f3prio\u201d, defendeu o parlamentar. \u201cN\u00f3s precisamos fazer com que as a\u00e7\u00f5es dos entes federais \u2014 Uni\u00e3o, estados e munic\u00edpios \u2014 sejam racionalmente complementares, para que n\u00f3s possamos ter efetivamente resultados.\u201d<\/p>\n<p>Jerry afirmou que a Comiss\u00e3o est\u00e1 aberta a avaliar a pertin\u00eancia das proposi\u00e7\u00f5es apresentadas. \u201cA Comiss\u00e3o n\u00e3o \u00e9 dona da verdade, e \u00e9 preciso que a gente construa cada vez mais converg\u00eancias, ideias comuns, para fazer avan\u00e7ar a legisla\u00e7\u00e3o e, sobretudo, garantir a efetividade dos direitos das pessoas com defici\u00eancia.\u201d<\/p>\n<p>Ele tamb\u00e9m comentou que o debate em torno da proposta de consolida\u00e7\u00e3o de cerca de 200 leis federais em um novo C\u00f3digo Brasileiro de Inclus\u00e3o tem provocado diverg\u00eancias, mas que a Comiss\u00e3o considerar\u00e1 as contribui\u00e7\u00f5es recebidas. \u201c\u00c9 no debate assim que n\u00f3s podemos avaliar se essa proposta \u00e9 procedente ou n\u00e3o\u201d, afirmou.<\/p>\n<p>Ao final da audi\u00eancia, o deputado comunicou a aprova\u00e7\u00e3o de requerimento de sua autoria para realiza\u00e7\u00e3o, junto ao Governo Federal, de um levantamento sobre a implementa\u00e7\u00e3o das pol\u00edticas federais no \u00e2mbito do programa \u201cNovo Privil\u00e9gio Sem Limites\u201d.<\/p>\n<p>O post <a href=\"https:\/\/vermelho.org.br\/2025\/05\/07\/marcio-jerry-quer-estrutura-municipal-para-garantir-direitos-a-deficientes\/\">M\u00e1rcio Jerry quer estrutura municipal para garantir direitos a deficientes<\/a> apareceu primeiro em <a href=\"https:\/\/vermelho.org.br\/\">Vermelho<\/a>.<\/p>\n<!-- Begin Yuzo --><div class='yuzo_related_post style-1'  data-version='5.12.89'><!-- without result --><div class='yuzo_clearfixed yuzo__title yuzo__title'><h3>Related Post<\/h3><\/div>\n\t\t\t\t\t\t  <div class=\"relatedthumb \" style=\"width:125px;float:left;overflow:hidden;\">  \n\t\t\t\t\t\t\t  \n\t\t\t\t\t\t\t  <a  href=\"https:\/\/redept.com.br\/blogosfera\/parlamentares-pedem-uso-de-fundo-para-indenizar-e-reassentar-familias-atingidas-pelas-enchentes-no-rs\/\"  >\n\t\t\t\t\t\t\t\t\t  <div class=\"yuzo-img-wrap \" style=\"width: 125px;height:90px;\">\n\t\t\t\t\t\t\t\t\t\t\n\t\t\t\t\t\t\t\t\t\t<div class=\"yuzo-img\" style=\"background:url('https:\/\/redept.com.br\/blogosfera\/wp-content\/uploads\/2025\/07\/image-1-150x150.png') 50% 50% no-repeat;width: 125px;height:90px;margin-bottom: 5px;background-size: cover; \"><\/div>\n\t\t\t\t\t\t\t\t\t  <\/div>\n\t\t\t\t\t\t\t\t\t  \n\t\t\t\t\t\t\t\t   <span class=\"yuzo__text--title\" style=\"font-size:13px;\">Parlamentares pedem uso de Fundo para indenizar e ...<\/span>\n\t\t\t\t\t\t\t  \n\t\t\t\t\t\t\t  \n\t\t\t\t\t\t\t  <\/a>\n\n\t\t\t\t\t\t  <\/div>\n\t\t\t\t\t\t  <div class=\"relatedthumb \" style=\"width:125px;float:left;overflow:hidden;\">  \n\t\t\t\t\t\t\t  \n\t\t\t\t\t\t\t  <a  href=\"https:\/\/redept.com.br\/blogosfera\/governo-lula-recupera-recursos-para-educacao-cortados-na-votacao-do-orcamento\/\"  >\n\t\t\t\t\t\t\t\t\t  <div class=\"yuzo-img-wrap \" style=\"width: 125px;height:90px;\">\n\t\t\t\t\t\t\t\t\t\t\n\t\t\t\t\t\t\t\t\t\t<div class=\"yuzo-img\" style=\"background:url('https:\/\/redept.org\/blogosfera\/wp-content\/plugins\/yuzo-related-post\/assets\/images\/default.png') 50% 50% no-repeat;width: 125px;height:90px;margin-bottom: 5px;background-size: cover; \"><\/div>\n\t\t\t\t\t\t\t\t\t  <\/div>\n\t\t\t\t\t\t\t\t\t  \n\t\t\t\t\t\t\t\t   <span class=\"yuzo__text--title\" style=\"font-size:13px;\">Governo Lula recupera recursos para educa\u00e7\u00e3o corta...<\/span>\n\t\t\t\t\t\t\t  \n\t\t\t\t\t\t\t  \n\t\t\t\t\t\t\t  <\/a>\n\n\t\t\t\t\t\t  <\/div>\n\t\t\t\t\t\t  <div class=\"relatedthumb \" style=\"width:125px;float:left;overflow:hidden;\">  \n\t\t\t\t\t\t\t  \n\t\t\t\t\t\t\t  <a  href=\"https:\/\/redept.com.br\/blogosfera\/lira-da-parecer-favoravel-a-proposta-de-isencao-do-imposto-de-renda-para-quem-ganha-ate-r-5-mil-e-tributacao-para-alta-renda\/\"  >\n\t\t\t\t\t\t\t\t\t  <div class=\"yuzo-img-wrap \" style=\"width: 125px;height:90px;\">\n\t\t\t\t\t\t\t\t\t\t\n\t\t\t\t\t\t\t\t\t\t<div class=\"yuzo-img\" style=\"background:url('https:\/\/redept.org\/blogosfera\/wp-content\/plugins\/yuzo-related-post\/assets\/images\/default.png') 50% 50% no-repeat;width: 125px;height:90px;margin-bottom: 5px;background-size: cover; \"><\/div>\n\t\t\t\t\t\t\t\t\t  <\/div>\n\t\t\t\t\t\t\t\t\t  \n\t\t\t\t\t\t\t\t   <span class=\"yuzo__text--title\" style=\"font-size:13px;\">Lira d\u00e1 parecer favor\u00e1vel a proposta de isen\u00e7\u00e3o do...<\/span>\n\t\t\t\t\t\t\t  \n\t\t\t\t\t\t\t  \n\t\t\t\t\t\t\t  <\/a>\n\n\t\t\t\t\t\t  <\/div>\n\t\t\t\t\t\t  <div class=\"relatedthumb \" style=\"width:125px;float:left;overflow:hidden;\">  \n\t\t\t\t\t\t\t  \n\t\t\t\t\t\t\t  <a  href=\"https:\/\/redept.com.br\/blogosfera\/autopsia-no-brasil-confirma-que-juliana-marins-morreu-por-multiplos-traumas-ate-15-minutos-apos-a-queda\/\"  >\n\t\t\t\t\t\t\t\t\t  <div class=\"yuzo-img-wrap \" style=\"width: 125px;height:90px;\">\n\t\t\t\t\t\t\t\t\t\t\n\t\t\t\t\t\t\t\t\t\t<div class=\"yuzo-img\" style=\"background:url('https:\/\/redept.org\/blogosfera\/wp-content\/plugins\/yuzo-related-post\/assets\/images\/default.png') 50% 50% no-repeat;width: 125px;height:90px;margin-bottom: 5px;background-size: cover; \"><\/div>\n\t\t\t\t\t\t\t\t\t  <\/div>\n\t\t\t\t\t\t\t\t\t  \n\t\t\t\t\t\t\t\t   <span class=\"yuzo__text--title\" style=\"font-size:13px;\">Aut\u00f3psia no Brasil confirma que Juliana Marins mor...<\/span>\n\t\t\t\t\t\t\t  \n\t\t\t\t\t\t\t  \n\t\t\t\t\t\t\t  <\/a>\n\n\t\t\t\t\t\t  <\/div>\n<\/div> <script>\n\t\t\t\t\t\t  jQuery(document).ready(function( $ ){\n\t\t\t\t\t\t\t\/\/jQuery('.yuzo_related_post').equalizer({ overflow : 'relatedthumb' });\n\t\t\t\t\t\t\tjQuery('.yuzo_related_post .yuzo_wraps').equalizer({ columns : '> div' });\n\t\t\t\t\t\t   })\n\t\t\t\t\t\t  <\/script> <!-- End Yuzo :) -->","protected":false},"excerpt":{"rendered":"<p>Durante audi\u00eancia p\u00fablica realizada na ter\u00e7a-feira (6) na Comiss\u00e3o de Defesa dos Direitos das Pessoas com Defici\u00eancia da C\u00e2mara dos Deputados, o deputado federal M\u00e1rcio Jerry (PCdoB-MA), vice-l\u00edder do governo e ex-presidente do colegiado, afirmou que o debate sobre a consolida\u00e7\u00e3o da legisla\u00e7\u00e3o existente \u00e9 importante, mas que a efetiva\u00e7\u00e3o dos direitos depende da estrutura\u00e7\u00e3o [&hellip;]<\/p>\n","protected":false},"author":2,"featured_media":26126,"comment_status":"closed","ping_status":"closed","sticky":false,"template":"","format":"standard","meta":{"fifu_image_url":"","fifu_image_alt":"","footnotes":""},"categories":[5466,5467,5468,5469,301,132,5470],"tags":[],"class_list":["post-26125","post","type-post","status-publish","format-standard","has-post-thumbnail","hentry","category-codigo-brasileiro-de-inclusao","category-conselho-municipal-de-deficiencia","category-direitos-das-pessoas-com-deficiencia","category-estrutura-municipal","category-marcio-jerry","category-politica","category-politicas-publicas-inclusivas"],"_links":{"self":[{"href":"https:\/\/redept.com.br\/blogosfera\/wp-json\/wp\/v2\/posts\/26125","targetHints":{"allow":["GET"]}}],"collection":[{"href":"https:\/\/redept.com.br\/blogosfera\/wp-json\/wp\/v2\/posts"}],"about":[{"href":"https:\/\/redept.com.br\/blogosfera\/wp-json\/wp\/v2\/types\/post"}],"author":[{"embeddable":true,"href":"https:\/\/redept.com.br\/blogosfera\/wp-json\/wp\/v2\/users\/2"}],"replies":[{"embeddable":true,"href":"https:\/\/redept.com.br\/blogosfera\/wp-json\/wp\/v2\/comments?post=26125"}],"version-history":[{"count":0,"href":"https:\/\/redept.com.br\/blogosfera\/wp-json\/wp\/v2\/posts\/26125\/revisions"}],"wp:featuredmedia":[{"embeddable":true,"href":"https:\/\/redept.com.br\/blogosfera\/wp-json\/wp\/v2\/media\/26126"}],"wp:attachment":[{"href":"https:\/\/redept.com.br\/blogosfera\/wp-json\/wp\/v2\/media?parent=26125"}],"wp:term":[{"taxonomy":"category","embeddable":true,"href":"https:\/\/redept.com.br\/blogosfera\/wp-json\/wp\/v2\/categories?post=26125"},{"taxonomy":"post_tag","embeddable":true,"href":"https:\/\/redept.com.br\/blogosfera\/wp-json\/wp\/v2\/tags?post=26125"}],"curies":[{"name":"wp","href":"https:\/\/api.w.org\/{rel}","templated":true}]}}