{"id":26508,"date":"2025-05-08T15:57:19","date_gmt":"2025-05-08T18:57:19","guid":{"rendered":"https:\/\/redept.org\/blogosfera\/discriminacao-atinge-529-das-pessoas-com-hiv-aids-mostra-pesquisa\/"},"modified":"2025-05-08T15:57:19","modified_gmt":"2025-05-08T18:57:19","slug":"discriminacao-atinge-529-das-pessoas-com-hiv-aids-mostra-pesquisa","status":"publish","type":"post","link":"https:\/\/redept.com.br\/blogosfera\/discriminacao-atinge-529-das-pessoas-com-hiv-aids-mostra-pesquisa\/","title":{"rendered":"Discrimina\u00e7\u00e3o atinge\u00a052,9% das pessoas com HIV\/aids, mostra pesquisa"},"content":{"rendered":"<section>\n<div>\n<p><strong>Da Ag\u00eancia Brasil<\/strong><\/p>\n<p>Dados do\u00a0 \u00cdndice de Estigma em Rela\u00e7\u00e3o \u00e0s Pessoas Vivendo com HIV 2025\u00a0indicam que 52,9% das pessoas com a condi\u00e7\u00e3o no Brasil j\u00e1 passaram por algum tipo de discrimina\u00e7\u00e3o ao longo da vida, enquanto 38,8% relataram fofocas ou algum tipo de coment\u00e1rio discriminat\u00f3rio.<\/p>\n<p>O documento lan\u00e7ado nesta quinta-feira (8) foi produzido por um cons\u00f3rcio de organiza\u00e7\u00f5es que inclui o Movimento Nacional das Cidad\u00e3s Posithivas, a Rede Nacional de Adolescentes e Jovens vivendo com HIV\/AIDS, a Rede Nacional de Mulheres Travestis e Transexuais e Homens Trans Vivendo e Convivendo com HIV\/Aids e a Articula\u00e7\u00e3o Nacional de Aids, entre outros.<\/p>\n<p>Ao longo de um per\u00edodo de quatro meses do ano passado, 1.275 pessoas de sete capitais brasileiras foram ouvidas, sendo 249 em S\u00e3o Paulo, 273 no Rio de Janeiro, 152 em Salvador, 166 em Porto Alegre, 224 em Recife, 100 em Manaus e 111 em Bras\u00edlia.<\/p>\n<p>\u00a0<\/p>\n<figure aria-describedby=\"caption-attachment-264664\"><img loading=\"lazy\" loading=\"lazy\" decoding=\"async\"src=\"https:\/\/redept.org\/blogosfera\/wp-content\/uploads\/2025\/05\/pesquisa-estigma-aids_mcamgo_abr_08052025-4-2048x1365-1.jpg\" alt=\"\" width=\"1024\" height=\"683\" srcset=\"https:\/\/sul21.com.br\/wp-content\/uploads\/2025\/05\/pesquisa-estigma-aids_mcamgo_abr_08052025-4-1024x683.jpg 1024w, https:\/\/sul21.com.br\/wp-content\/uploads\/2025\/05\/pesquisa-estigma-aids_mcamgo_abr_08052025-4-300x200.jpg 300w, https:\/\/sul21.com.br\/wp-content\/uploads\/2025\/05\/pesquisa-estigma-aids_mcamgo_abr_08052025-4-768x512.jpg 768w, https:\/\/sul21.com.br\/wp-content\/uploads\/2025\/05\/pesquisa-estigma-aids_mcamgo_abr_08052025-4-1536x1024.jpg 1536w, https:\/\/redept.org\/blogosfera\/wp-content\/uploads\/2025\/05\/pesquisa-estigma-aids_mcamgo_abr_08052025-4-2048x1365-1.jpg 2048w, https:\/\/sul21.com.br\/wp-content\/uploads\/2025\/05\/pesquisa-estigma-aids_mcamgo_abr_08052025-4-100x67.jpg 100w, https:\/\/sul21.com.br\/wp-content\/uploads\/2025\/05\/pesquisa-estigma-aids_mcamgo_abr_08052025-4-1920x1280.jpg 1920w, https:\/\/sul21.com.br\/wp-content\/uploads\/2025\/05\/pesquisa-estigma-aids_mcamgo_abr_08052025-4-450x300.jpg 450w, https:\/\/sul21.com.br\/wp-content\/uploads\/2025\/05\/pesquisa-estigma-aids_mcamgo_abr_08052025-4-500x333.jpg 500w, https:\/\/sul21.com.br\/wp-content\/uploads\/2025\/05\/pesquisa-estigma-aids_mcamgo_abr_08052025-4-720x480.jpg 720w, https:\/\/sul21.com.br\/wp-content\/uploads\/2025\/05\/pesquisa-estigma-aids_mcamgo_abr_08052025-4-800x533.jpg 800w, https:\/\/sul21.com.br\/wp-content\/uploads\/2025\/05\/pesquisa-estigma-aids_mcamgo_abr_08052025-4-1080x720.jpg 1080w, https:\/\/sul21.com.br\/wp-content\/uploads\/2025\/05\/pesquisa-estigma-aids_mcamgo_abr_08052025-4-1600x1067.jpg 1600w\" sizes=\"auto, (max-width: 1024px) 100vw, 1024px\"><figcaption>Pesquisadores \u00c2ngelo Brandelli e Thiago Jerohan durante cerim\u00f4nia de lan\u00e7amento do estudo. Foto: Marcelo Camargo\/Ag\u00eancia Brasil<\/figcaption><\/figure>\n<p>Viola\u00e7\u00f5es graves de direitos humanos, incluindo discrimina\u00e7\u00e3o institucional, quebra de sigilo, coer\u00e7\u00e3o em servi\u00e7os de sa\u00fade e viol\u00eancia f\u00edsica foram reveladas pela pesquisa.<\/p>\n<p>\u201cEssas viola\u00e7\u00f5es n\u00e3o apenas ferem a dignidade das pessoas que vivem com HIV, mas tamb\u00e9m criam barreiras ao tratamento e \u00e0 preven\u00e7\u00e3o do HIV\u201d, destaca o texto.<\/p>\n<p>Sobre exposi\u00e7\u00e3o n\u00e3o consentida, por exemplo, 6,6% das pessoas entrevistadas revelaram que tiveram sua sorologia divulgada publicamente sem consentimento.<\/p>\n<p>J\u00e1 em rela\u00e7\u00e3o \u00e0 discrimina\u00e7\u00e3o em servi\u00e7os de sa\u00fade, 11,5% sofreram tratamento discriminat\u00f3rio em servi\u00e7os relacionados ao HIV, como o uso excessivo de luvas e a recusa de atendimento, enquanto 13,1% relataram estigma em servi\u00e7os n\u00e3o relacionados ao HIV.<\/p>\n<\/p><\/div>\n<\/section>\n<section><\/section>\n<section>\n<div>\n        Eventos clim\u00e1ticos extremos\n    <\/div>\n<\/section>\n<section><\/section>\n<section>\n<div>\n<p>Pela primeira vez, o tema eventos clim\u00e1ticos extremos aparece no \u00cdndice de Estigma.\u00a0Cerca de 23% das pessoas relataram ter enfrentado algum tipo de dificuldade para ter acesso a medicamentos antirretrovirais em raz\u00e3o de fen\u00f4menos meteorol\u00f3gicos intensos e fora do padr\u00e3o, como secas, ondas de calor e enchentes.<\/p>\n<\/p><\/div>\n<\/section>\n<section><\/section>\n<section>\n<div>\n        Impactos das viola\u00e7\u00f5es\n    <\/div>\n<\/section>\n<section><\/section>\n<section>\n<div>\n<figure aria-describedby=\"caption-attachment-264666\"><img loading=\"lazy\" loading=\"lazy\" decoding=\"async\"src=\"https:\/\/redept.org\/blogosfera\/wp-content\/uploads\/2025\/05\/pesquisa-estigma-aids_mcamgo_abr_08052025-2048x1365-1.jpg\" alt=\"\" width=\"1024\" height=\"683\" srcset=\"https:\/\/sul21.com.br\/wp-content\/uploads\/2025\/05\/pesquisa-estigma-aids_mcamgo_abr_08052025-1024x683.jpg 1024w, https:\/\/sul21.com.br\/wp-content\/uploads\/2025\/05\/pesquisa-estigma-aids_mcamgo_abr_08052025-300x200.jpg 300w, https:\/\/sul21.com.br\/wp-content\/uploads\/2025\/05\/pesquisa-estigma-aids_mcamgo_abr_08052025-768x512.jpg 768w, https:\/\/sul21.com.br\/wp-content\/uploads\/2025\/05\/pesquisa-estigma-aids_mcamgo_abr_08052025-1536x1024.jpg 1536w, https:\/\/redept.org\/blogosfera\/wp-content\/uploads\/2025\/05\/pesquisa-estigma-aids_mcamgo_abr_08052025-2048x1365-1.jpg 2048w, https:\/\/sul21.com.br\/wp-content\/uploads\/2025\/05\/pesquisa-estigma-aids_mcamgo_abr_08052025-100x67.jpg 100w, https:\/\/sul21.com.br\/wp-content\/uploads\/2025\/05\/pesquisa-estigma-aids_mcamgo_abr_08052025-1920x1280.jpg 1920w, https:\/\/sul21.com.br\/wp-content\/uploads\/2025\/05\/pesquisa-estigma-aids_mcamgo_abr_08052025-450x300.jpg 450w, https:\/\/sul21.com.br\/wp-content\/uploads\/2025\/05\/pesquisa-estigma-aids_mcamgo_abr_08052025-500x333.jpg 500w, https:\/\/sul21.com.br\/wp-content\/uploads\/2025\/05\/pesquisa-estigma-aids_mcamgo_abr_08052025-720x480.jpg 720w, https:\/\/sul21.com.br\/wp-content\/uploads\/2025\/05\/pesquisa-estigma-aids_mcamgo_abr_08052025-800x533.jpg 800w, https:\/\/sul21.com.br\/wp-content\/uploads\/2025\/05\/pesquisa-estigma-aids_mcamgo_abr_08052025-1080x720.jpg 1080w, https:\/\/sul21.com.br\/wp-content\/uploads\/2025\/05\/pesquisa-estigma-aids_mcamgo_abr_08052025-1600x1067.jpg 1600w\" sizes=\"auto, (max-width: 1024px) 100vw, 1024px\"><figcaption>A Secret\u00e1ria Nacional de Di\u00e1logos Sociais, Kenarik Boujikian, durante cerim\u00f4nia de lan\u00e7amento no Pal\u00e1cio do Planalto. Foto: Marcelo Camargo\/Ag\u00eancia Brasil<\/figcaption><\/figure>\n<p>De acordo com o estudo, o medo de rea\u00e7\u00f5es negativas influencia decis\u00f5es importantes \u2013 22,8% dos entrevistados evitaram fazer o teste de HIV por receio da rea\u00e7\u00e3o de outras pessoas, enquanto 8,5% deixaram de procurar servi\u00e7os de sa\u00fade ap\u00f3s vivenciarem situa\u00e7\u00f5es de preconceito.<\/p>\n<p>\u201cOs dados revelam como o estigma ainda \u00e9 uma barreira concreta ao cuidado, \u00e0 preven\u00e7\u00e3o e ao bem-estar\u201d, destacou a pesquisa. \u201cA sa\u00fade mental \u00e9 impactada diretamente em situa\u00e7\u00f5es de estigma e discrimina\u00e7\u00e3o. Sobre este tema, 29,1% responderam que, ap\u00f3s o diagn\u00f3stico, apresentaram sintomas de depress\u00e3o e, em rela\u00e7\u00e3o a ansiedade, o percentual foi de cerca de 41%\u201d.<\/p>\n<\/p><\/div>\n<\/section>\n<section><\/section>\n<section>\n<div>\n        Popula\u00e7\u00f5es-chave    <\/div>\n<\/section>\n<section><\/section>\n<section>\n<div>\n<p>O levantamento mostra ainda que o estigma e a discrimina\u00e7\u00e3o est\u00e3o presentes na vida de pessoas que vivem com HIV, mas, em algumas popula\u00e7\u00f5es, s\u00e3o sentidos de forma ainda mais profunda.\u00a0Entre os grupos citados como mais vulner\u00e1veis est\u00e3o pessoas trans e travestis e profissionais do sexo.<\/p>\n<p>Entre os entrevistados trans e travestis, 86,7% sofreram discrimina\u00e7\u00e3o por identidade de g\u00eanero e 67,7% relataram ass\u00e9dio sexual. J\u00e1 entre as pessoas ouvidas pela pesquisa e que atuam como profissionais do sexo, 73% sofreram ass\u00e9dio sexual e 81,1% vivenciaram alguma forma de estigma.<\/p>\n<p>\u201cO Brasil alcan\u00e7ou, em 2020, a primeira meta 95 \u2014 na qual 95% das pessoas vivendo com HIV devem conhecer seu diagn\u00f3stico \u2013 e, em 2024, atingiu a terceira meta 95 \u2013 referente \u00e0 supress\u00e3o da carga viral em 95% das pessoas em tratamento\u201d, destacou o relat\u00f3rio.<\/p>\n<p>\u201cA meta ainda n\u00e3o alcan\u00e7ada \u2014 garantir que 95% das pessoas diagnosticadas estejam em tratamento \u2014 est\u00e1 diretamente relacionada a determinantes sociais. Sem enfrentar o estigma e a discrimina\u00e7\u00e3o que afastam muitas pessoas dos servi\u00e7os de sa\u00fade, essa meta continuar\u00e1 fora de alcance\u201d, concluiu o documento.<\/p>\n<p>Participaram ainda na produ\u00e7\u00e3o da pesquisa\u00a0o Programa Conjunto das Na\u00e7\u00f5es Unidas sobre HIV\/Aids (Unaids), o Centro de Preven\u00e7\u00e3o e Controle de Doen\u00e7as dos Estados Unidos (CDC, na sigla em ingl\u00eas), a Funda\u00e7\u00e3o Oswaldo Cruz (Fiocruz) e o Departamento de HIV, Aids, Tuberculose, Hepatites Virais e Infec\u00e7\u00f5es Sexualmente Transmiss\u00edveis do Minist\u00e9rio da Sa\u00fade.<\/p>\n<\/p><\/div>\n<\/section>\n<p>O post <a href=\"https:\/\/sul21.com.br\/noticias\/saude\/2025\/05\/discriminacao-atinge-529-das-pessoas-com-hiv-aids-mostra-pesquisa\/\">Discrimina\u00e7\u00e3o atinge\u00a052,9% das pessoas com HIV\/aids, mostra pesquisa<\/a> apareceu primeiro em <a href=\"https:\/\/sul21.com.br\/\">Sul 21<\/a>.<\/p>\n<!-- Begin Yuzo --><div class='yuzo_related_post style-1'  data-version='5.12.89'><!-- without result --><div class='yuzo_clearfixed yuzo__title yuzo__title'><h3>Related Post<\/h3><\/div>\n\t\t\t\t\t\t  <div class=\"relatedthumb \" style=\"width:125px;float:left;overflow:hidden;\">  \n\t\t\t\t\t\t\t  \n\t\t\t\t\t\t\t  <a  href=\"https:\/\/redept.com.br\/blogosfera\/ira-nao-se-curva-a-intimidacao-dos-eua-diz-presidente-apos-novas-falas-de-trump\/\"  >\n\t\t\t\t\t\t\t\t\t  <div class=\"yuzo-img-wrap \" style=\"width: 125px;height:90px;\">\n\t\t\t\t\t\t\t\t\t\t\n\t\t\t\t\t\t\t\t\t\t<div class=\"yuzo-img\" style=\"background:url('https:\/\/redept.com.br\/blogosfera\/wp-content\/uploads\/2026\/02\/1403121209523515032285094-150x150.webp') 50% 50% no-repeat;width: 125px;height:90px;margin-bottom: 5px;background-size: cover; \"><\/div>\n\t\t\t\t\t\t\t\t\t  <\/div>\n\t\t\t\t\t\t\t\t\t  \n\t\t\t\t\t\t\t\t   <span class=\"yuzo__text--title\" style=\"font-size:13px;\">Ir\u00e3 n\u00e3o se curva \u00e0 intimida\u00e7\u00e3o dos EUA, diz presid...<\/span>\n\t\t\t\t\t\t\t  \n\t\t\t\t\t\t\t  \n\t\t\t\t\t\t\t  <\/a>\n\n\t\t\t\t\t\t  <\/div>\n\t\t\t\t\t\t  <div class=\"relatedthumb \" style=\"width:125px;float:left;overflow:hidden;\">  \n\t\t\t\t\t\t\t  \n\t\t\t\t\t\t\t  <a  href=\"https:\/\/redept.com.br\/blogosfera\/mulheres-negras-presas-com-posse-de-maconha-enfrentam-dificuldade-na-revisao-de-penas-racismo-estrutural-diz-advogada\/\"  >\n\t\t\t\t\t\t\t\t\t  <div class=\"yuzo-img-wrap \" style=\"width: 125px;height:90px;\">\n\t\t\t\t\t\t\t\t\t\t\n\t\t\t\t\t\t\t\t\t\t<div class=\"yuzo-img\" style=\"background:url('https:\/\/redept.org\/blogosfera\/wp-content\/plugins\/yuzo-related-post\/assets\/images\/default.png') 50% 50% no-repeat;width: 125px;height:90px;margin-bottom: 5px;background-size: cover; \"><\/div>\n\t\t\t\t\t\t\t\t\t  <\/div>\n\t\t\t\t\t\t\t\t\t  \n\t\t\t\t\t\t\t\t   <span class=\"yuzo__text--title\" style=\"font-size:13px;\">Mulheres negras presas com posse de maconha enfren...<\/span>\n\t\t\t\t\t\t\t  \n\t\t\t\t\t\t\t  \n\t\t\t\t\t\t\t  <\/a>\n\n\t\t\t\t\t\t  <\/div>\n\t\t\t\t\t\t  <div class=\"relatedthumb \" style=\"width:125px;float:left;overflow:hidden;\">  \n\t\t\t\t\t\t\t  \n\t\t\t\t\t\t\t  <a  href=\"https:\/\/redept.com.br\/blogosfera\/justica-reduz-penas-de-condenados-pelo-incendio-na-boate-kiss\/\"  >\n\t\t\t\t\t\t\t\t\t  <div class=\"yuzo-img-wrap \" style=\"width: 125px;height:90px;\">\n\t\t\t\t\t\t\t\t\t\t\n\t\t\t\t\t\t\t\t\t\t<div class=\"yuzo-img\" style=\"background:url('https:\/\/redept.org\/blogosfera\/wp-content\/plugins\/yuzo-related-post\/assets\/images\/default.png') 50% 50% no-repeat;width: 125px;height:90px;margin-bottom: 5px;background-size: cover; \"><\/div>\n\t\t\t\t\t\t\t\t\t  <\/div>\n\t\t\t\t\t\t\t\t\t  \n\t\t\t\t\t\t\t\t   <span class=\"yuzo__text--title\" style=\"font-size:13px;\">Justi\u00e7a reduz penas de condenados pelo inc\u00eandio na...<\/span>\n\t\t\t\t\t\t\t  \n\t\t\t\t\t\t\t  \n\t\t\t\t\t\t\t  <\/a>\n\n\t\t\t\t\t\t  <\/div>\n\t\t\t\t\t\t  <div class=\"relatedthumb \" style=\"width:125px;float:left;overflow:hidden;\">  \n\t\t\t\t\t\t\t  \n\t\t\t\t\t\t\t  <a  href=\"https:\/\/redept.com.br\/blogosfera\/em-nova-jornada-de-lutas-movimentos-do-campo-ocupam-secretaria-de-agricultura-de-alagoas\/\"  >\n\t\t\t\t\t\t\t\t\t  <div class=\"yuzo-img-wrap \" style=\"width: 125px;height:90px;\">\n\t\t\t\t\t\t\t\t\t\t\n\t\t\t\t\t\t\t\t\t\t<div class=\"yuzo-img\" style=\"background:url('https:\/\/redept.com.br\/blogosfera\/wp-content\/uploads\/2025\/07\/Foto-SEAGRI_Mykesio-Max-002-JORNADA-CAMPONESA-2025-150x150.jpeg') 50% 50% no-repeat;width: 125px;height:90px;margin-bottom: 5px;background-size: cover; \"><\/div>\n\t\t\t\t\t\t\t\t\t  <\/div>\n\t\t\t\t\t\t\t\t\t  \n\t\t\t\t\t\t\t\t   <span class=\"yuzo__text--title\" style=\"font-size:13px;\">Em nova jornada de lutas, movimentos do campo ocup...<\/span>\n\t\t\t\t\t\t\t  \n\t\t\t\t\t\t\t  \n\t\t\t\t\t\t\t  <\/a>\n\n\t\t\t\t\t\t  <\/div>\n<\/div> <script>\n\t\t\t\t\t\t  jQuery(document).ready(function( $ ){\n\t\t\t\t\t\t\t\/\/jQuery('.yuzo_related_post').equalizer({ overflow : 'relatedthumb' });\n\t\t\t\t\t\t\tjQuery('.yuzo_related_post .yuzo_wraps').equalizer({ columns : '> div' });\n\t\t\t\t\t\t   })\n\t\t\t\t\t\t  <\/script> <!-- End Yuzo :) -->","protected":false},"excerpt":{"rendered":"<p>Da Ag\u00eancia Brasil Dados do\u00a0 \u00cdndice de Estigma em Rela\u00e7\u00e3o \u00e0s Pessoas Vivendo com HIV 2025\u00a0indicam que 52,9% das pessoas com a condi\u00e7\u00e3o no Brasil j\u00e1 passaram por algum tipo de discrimina\u00e7\u00e3o ao longo da vida, enquanto 38,8% relataram fofocas ou algum tipo de coment\u00e1rio discriminat\u00f3rio. O documento lan\u00e7ado nesta quinta-feira (8) foi produzido por [&hellip;]<\/p>\n","protected":false},"author":2,"featured_media":26509,"comment_status":"closed","ping_status":"closed","sticky":false,"template":"","format":"standard","meta":{"fifu_image_url":"","fifu_image_alt":"","footnotes":""},"categories":[5646,5647,5648,126],"tags":[],"class_list":["post-26508","post","type-post","status-publish","format-standard","has-post-thumbnail","hentry","category-aids","category-hiv","category-hiv-aids","category-saude"],"_links":{"self":[{"href":"https:\/\/redept.com.br\/blogosfera\/wp-json\/wp\/v2\/posts\/26508","targetHints":{"allow":["GET"]}}],"collection":[{"href":"https:\/\/redept.com.br\/blogosfera\/wp-json\/wp\/v2\/posts"}],"about":[{"href":"https:\/\/redept.com.br\/blogosfera\/wp-json\/wp\/v2\/types\/post"}],"author":[{"embeddable":true,"href":"https:\/\/redept.com.br\/blogosfera\/wp-json\/wp\/v2\/users\/2"}],"replies":[{"embeddable":true,"href":"https:\/\/redept.com.br\/blogosfera\/wp-json\/wp\/v2\/comments?post=26508"}],"version-history":[{"count":0,"href":"https:\/\/redept.com.br\/blogosfera\/wp-json\/wp\/v2\/posts\/26508\/revisions"}],"wp:featuredmedia":[{"embeddable":true,"href":"https:\/\/redept.com.br\/blogosfera\/wp-json\/wp\/v2\/media\/26509"}],"wp:attachment":[{"href":"https:\/\/redept.com.br\/blogosfera\/wp-json\/wp\/v2\/media?parent=26508"}],"wp:term":[{"taxonomy":"category","embeddable":true,"href":"https:\/\/redept.com.br\/blogosfera\/wp-json\/wp\/v2\/categories?post=26508"},{"taxonomy":"post_tag","embeddable":true,"href":"https:\/\/redept.com.br\/blogosfera\/wp-json\/wp\/v2\/tags?post=26508"}],"curies":[{"name":"wp","href":"https:\/\/api.w.org\/{rel}","templated":true}]}}