{"id":27140,"date":"2025-05-11T10:18:05","date_gmt":"2025-05-11T13:18:05","guid":{"rendered":"https:\/\/redept.org\/blogosfera\/mst-lanca-conselho-popular-para-plantio-de-arvores-e-producao-de-alimentos-saudaveis\/"},"modified":"2025-05-11T10:18:05","modified_gmt":"2025-05-11T13:18:05","slug":"mst-lanca-conselho-popular-para-plantio-de-arvores-e-producao-de-alimentos-saudaveis","status":"publish","type":"post","link":"https:\/\/redept.com.br\/blogosfera\/mst-lanca-conselho-popular-para-plantio-de-arvores-e-producao-de-alimentos-saudaveis\/","title":{"rendered":"MST lan\u00e7a \u201cConselho Popular para Plantio de \u00c1rvores e Produ\u00e7\u00e3o de Alimentos Saud\u00e1veis\u201d"},"content":{"rendered":"<p><em>Por Di\u00f3genes Rabello\/Equipe de texto 5\u00aa Feira da Reforma Agr\u00e1ria<br \/>Da P\u00e1gina do MST<\/em><\/p>\n<p>Na tarde de hoje, 10 de maio, o Movimento dos Trabalhadores Rurais Sem Terra (MST) lan\u00e7ou, na cidade de S\u00e3o Paulo, o <em>Conselho Popular para Plantio de \u00c1rvores e Produ\u00e7\u00e3o de Alimentos Saud\u00e1veis<\/em>. O lan\u00e7amento aconteceu durante a 5\u00aa Feira Nacional da Reforma Agr\u00e1ria e contou com a presen\u00e7a de representantes de universidades, organiza\u00e7\u00f5es religiosas e outras entidades da sociedade civil que est\u00e3o pautando a quest\u00e3o ambiental e empenhando esfor\u00e7os em construir alternativas em rela\u00e7\u00e3o \u00e0 crise clim\u00e1tica.<\/p>\n<p>Participaram do lan\u00e7amento o Pastor Ariovaldo Ramos, a professora e escritora Virg\u00ednia Mendon\u00e7a, Elenita Gon\u00e7alves, do blog De Olho nos Ruralistas; Jo\u00e3o Peres, do blog Joio e o Trigo e Guaraci Diniz, do Grupo de A\u00e7\u00f5es e Estudos Ambientais.<\/p>\n<figure><img fetchpriority=\"high\" fetchpriority=\"high\" decoding=\"async\" width=\"1024\" height=\"683\" src=\"https:\/\/redept.org\/blogosfera\/wp-content\/uploads\/2025\/05\/PRISCILA-RAMOS-31-1024x683-1.jpg\" alt=\"\" srcset=\"https:\/\/redept.org\/blogosfera\/wp-content\/uploads\/2025\/05\/PRISCILA-RAMOS-31-1024x683-1.jpg 1024w, https:\/\/mst.org.br\/wp-content\/uploads\/2025\/05\/PRISCILA-RAMOS-31-300x200.jpg 300w, https:\/\/mst.org.br\/wp-content\/uploads\/2025\/05\/PRISCILA-RAMOS-31-768x512.jpg 768w, https:\/\/mst.org.br\/wp-content\/uploads\/2025\/05\/PRISCILA-RAMOS-31-1536x1024.jpg 1536w, https:\/\/mst.org.br\/wp-content\/uploads\/2025\/05\/PRISCILA-RAMOS-31.jpg 1920w\" sizes=\"(max-width: 1024px) 100vw, 1024px\"><figcaption><em>Conselho vai atuar junto ao Plano, que recupera mais de 15 mil hectares de florestas. Foto: Priscila Ramos<\/em><\/figcaption><\/figure>\n<p>O Conselho Popular ir\u00e1 atuar como uma frente de mobiliza\u00e7\u00e3o para o plantio de \u00e1rvores em todo o Brasil, promovendo espa\u00e7os de debates p\u00fablicos e monitoramento dos efeitos clim\u00e1ticos e atuando juntamente com as estrat\u00e9gicas do <em>Plano Nacional Plantar \u00c1rvores, Produzir Alimentos Saud\u00e1veis<\/em>, cujo ac\u00famulo de a\u00e7\u00f5es s\u00e3o evidenciadas pelo plantio de mais de 25 milh\u00f5es de \u00e1rvores em todos os biomas, recuperando mais de 15 mil hectares de florestas.\u00a0<\/p>\n<p>Para isso ir\u00e1 se organizar em quatro objetivos centrais: 1) apontando sa\u00eddas verdadeiras para a crise clim\u00e1tica, com escuta ativa da popula\u00e7\u00e3o em seus territ\u00f3rios; 2) dialogar com a sociedade sobre a luta pela terra e pela Reforma Agr\u00e1ria Popular como forma de combater os problemas ambientais; 3) planejar e executar a\u00e7\u00f5es de reflorestamento e recupera\u00e7\u00e3o ambiental, por meio de estrat\u00e9gias produtivas e da forma\u00e7\u00e3o e 4) produzir espa\u00e7os de debates p\u00fablicos e socializa\u00e7\u00e3o de experi\u00eancias exitosas espalhadas pelo Brasil.<\/p>\n<p>Conforme aponta Jo\u00e3o Pedro St\u00e9dile, da Coordena\u00e7\u00e3o Nacional do MST, \u201ca \u00fanica alternativa vi\u00e1vel para o desenvolvimento humano, frente \u00e0 atual crise estrutura do capitalismo, que que combata os efeitos da crise clim\u00e1ticas sobre a camada mais empobrecida da popula\u00e7\u00e3o, \u00e9 plantar \u00e1rvores\u201d.\u00a0<\/p>\n<figure><img decoding=\"async\" width=\"1024\" height=\"683\" src=\"https:\/\/redept.org\/blogosfera\/wp-content\/uploads\/2025\/05\/PRISCILA-RAMOS-11-1024x683-1.jpg\" alt=\"\" srcset=\"https:\/\/redept.org\/blogosfera\/wp-content\/uploads\/2025\/05\/PRISCILA-RAMOS-11-1024x683-1.jpg 1024w, https:\/\/mst.org.br\/wp-content\/uploads\/2025\/05\/PRISCILA-RAMOS-11-300x200.jpg 300w, https:\/\/mst.org.br\/wp-content\/uploads\/2025\/05\/PRISCILA-RAMOS-11-768x512.jpg 768w, https:\/\/mst.org.br\/wp-content\/uploads\/2025\/05\/PRISCILA-RAMOS-11-1536x1024.jpg 1536w, https:\/\/mst.org.br\/wp-content\/uploads\/2025\/05\/PRISCILA-RAMOS-11.jpg 1920w\" sizes=\"(max-width: 1024px) 100vw, 1024px\"><figcaption><em>O enfrentamento \u00e0 crise clim\u00e1tica deve ser um esfor\u00e7o coletivo e envolver toda a sociedade. Foto: Priscila Ramos<\/em><\/figcaption><\/figure>\n<p>O dirigente relembra os epis\u00f3dios de evento extremo clim\u00e1tico de queimadas que aconteceram em S\u00e3o Paulo, em agosto de 2024, onde \u00e1reas de explora\u00e7\u00e3o das monoculturas, como foi o caso da cana-de-a\u00e7\u00facar, foram as afetadas. Enquanto que \u201c\u00e1reas onde fam\u00edlias assentadas que vivem com base na pr\u00e1tica de agroflorestal e onde se concentram as \u00e1reas de assentamentos de Reforma Agr\u00e1ria, n\u00e3o foram afetadas\u201d, relata St\u00e9dile.<\/p>\n<p>O enfrentamento \u00e0 crise clim\u00e1tica \u00e9 um esfor\u00e7o coletivo do governo, das entidades p\u00fablicas e privadas, das organiza\u00e7\u00f5es n\u00e3o governamentais e dos setores da sociedade. H\u00e1 possibilidades de intensificar o plantio de \u00e1rvores para v\u00e1rios contextos territoriais, conforme a situa\u00e7\u00e3o de cada n\u00edvel de degrada\u00e7\u00e3o e de amea\u00e7a, mas para isso \u00e9 necess\u00e1rio a iniciativa. <\/p>\n<p>O MST tem se apropriado dessa pauta para qualificar o debate p\u00fablico sobre os inimigos do clima e os provocadores da degrada\u00e7\u00e3o ambiental, bem como fincar a agroecologia e a Reforma Agr\u00e1ria Popular como sa\u00edda popular para a crise ambiental.<\/p>\n<p>\u201cO MST quer ajudar nesse processo, nossa prioridade \u00e9 plantar \u00e1rvores nos territ\u00f3rios da Reforma Agr\u00e1ria, mas est\u00e1 disposto a plantar \u00e1rvores em qualquer local, no campo ou na cidade. O MST est\u00e1 dentro do debate da crise clim\u00e1tica n\u00e3o por causa do apelo p\u00fablico que ele provoca, mas porque se trata da manuten\u00e7\u00e3o do seu modo de vida e da sua exist\u00eancia, aponta B\u00e1rbara Loureiro, da Coordena\u00e7\u00e3o Nacional do Plano Nacional Plantar \u00c1rvores, Produzir Alimentos Saud\u00e1veis.<\/p>\n<p>O <em>Conselho Popular do Plano Nacional Plantar \u00c1rvores<\/em> \u00e9 um esfor\u00e7o do MST em convidar parceiros para ajudar na efetiva\u00e7\u00e3o do plano, criando uma estrat\u00e9gia coletiva de massificar o plantio e abrir outras possibilidades de di\u00e1logo com a sociedade sobre a crise clim\u00e1tica.<\/p>\n<figure><img decoding=\"async\" width=\"1024\" height=\"683\" src=\"https:\/\/redept.org\/blogosfera\/wp-content\/uploads\/2025\/05\/Emilly-Firmino-1-1-1024x683-1.jpg\" alt=\"\" srcset=\"https:\/\/redept.org\/blogosfera\/wp-content\/uploads\/2025\/05\/Emilly-Firmino-1-1-1024x683-1.jpg 1024w, https:\/\/mst.org.br\/wp-content\/uploads\/2025\/05\/Emilly-Firmino-1-1-300x200.jpg 300w, https:\/\/mst.org.br\/wp-content\/uploads\/2025\/05\/Emilly-Firmino-1-1-768x512.jpg 768w, https:\/\/mst.org.br\/wp-content\/uploads\/2025\/05\/Emilly-Firmino-1-1.jpg 1280w\" sizes=\"(max-width: 1024px) 100vw, 1024px\"><figcaption><em>Pastor Ariovaldo refor\u00e7a urg\u00eancia de estrat\u00e9gias concretas de enfrentamento \u00e0 crise. Foto: Emilly Firmino<\/em><\/figcaption><\/figure>\n<p>Pastor Ariovaldo, membro do Conselho e que fez o discurso do lan\u00e7amento ressaltou que \u201cn\u00f3s sabemos do problema, das suas causas, dos seus resultados e j\u00e1 temos denunciado isso. E agora o que o MST prop\u00f5e, por meio desse Conselho, \u00e9 pensar uma alternativa concreta para participar da solu\u00e7\u00e3o para o problema da quest\u00e3o clim\u00e1tica. Para isso, teremos que mobilizar v\u00e1rios setores da sociedade para pensar e criar estrat\u00e9gias concretas. Esse \u00e9 um projeto revolucion\u00e1rio, pois ele abre oportunidade de conhecer novamente, de reconhecer, o nosso pa\u00eds, conhecer novamente os nossos biomas e os nossos territ\u00f3rios\u201d.<\/p>\n<p><strong>Participam do Conselho:<\/strong><\/p>\n<p>Leonardo Boff \u2013 Te\u00f3logo e Ativista Ambiental<br \/>Eduardo Moreira \u2013 Economista<br \/>Rabino Alexandre Leone<br \/>Pastor Ariovaldo Ramos<br \/>Prof. Dr. Luiz Marques \u2013 Unicamp<br \/>Marcos Palmeira \u2013 Artista<br \/>Dira Paes \u2013 Artista<br \/>C\u00e9lia Gon\u00e7alves \u2013 Makota, povo de Terreiro<br \/>Carol Proner \u2013 ABJD<br \/>Pedro Batista \u2013 Parlamentar<br \/>Nilto Tatto \u2013 Deputado Federal<br \/>Jo\u00e3o Peres \u2013 O Joio e o Trigo<br \/>Alceu Castilho \u2013 De Olho nos Ruralistas<br \/>Guaraci Diniz, do Grupo de A\u00e7\u00f5es e Estudos Ambientais<br \/>Elenita Foga\u00e7a \u2013 De Olho nos Ruralistas<br \/>Virginia Mendon\u00e7a \u2013 Professora e Escritora<br \/>Rita Von Hunty \u2013 Distrito Drag<br \/>Larissa Packer \u2013 Advogada e Ativista Ambiental<\/p>\n<p><em>* Editado por Mariana Castro<\/em><\/p>\n<\/p>\n<p>O post <a href=\"https:\/\/mst.org.br\/2025\/05\/11\/mst-lanca-conselho-popular-para-plantio-de-arvores-e-producao-de-alimentos-saudaveis\/\">MST lan\u00e7a \u201cConselho Popular para Plantio de \u00c1rvores e Produ\u00e7\u00e3o de Alimentos Saud\u00e1veis\u201d<\/a> apareceu primeiro em <a href=\"https:\/\/mst.org.br\/\">MST<\/a>.<\/p>\n<!-- Begin Yuzo --><div class='yuzo_related_post style-1'  data-version='5.12.89'><!-- without result --><div class='yuzo_clearfixed yuzo__title yuzo__title'><h3>Related Post<\/h3><\/div>\n\t\t\t\t\t\t  <div class=\"relatedthumb \" style=\"width:125px;float:left;overflow:hidden;\">  \n\t\t\t\t\t\t\t  \n\t\t\t\t\t\t\t  <a  href=\"https:\/\/redept.com.br\/blogosfera\/eua-anunciam-ajuda-a-cuba-apos-passagem-do-furacao-melissa\/\"  >\n\t\t\t\t\t\t\t\t\t  <div class=\"yuzo-img-wrap \" style=\"width: 125px;height:90px;\">\n\t\t\t\t\t\t\t\t\t\t\n\t\t\t\t\t\t\t\t\t\t<div class=\"yuzo-img\" style=\"background:url('https:\/\/redept.com.br\/blogosfera\/wp-content\/uploads\/2025\/11\/furaccao-cuba-150x150.jpg') 50% 50% no-repeat;width: 125px;height:90px;margin-bottom: 5px;background-size: cover; \"><\/div>\n\t\t\t\t\t\t\t\t\t  <\/div>\n\t\t\t\t\t\t\t\t\t  \n\t\t\t\t\t\t\t\t   <span class=\"yuzo__text--title\" style=\"font-size:13px;\">EUA anunciam ajuda a Cuba ap\u00f3s passagem do furac\u00e3o...<\/span>\n\t\t\t\t\t\t\t  \n\t\t\t\t\t\t\t  \n\t\t\t\t\t\t\t  <\/a>\n\n\t\t\t\t\t\t  <\/div>\n\t\t\t\t\t\t  <div class=\"relatedthumb \" style=\"width:125px;float:left;overflow:hidden;\">  \n\t\t\t\t\t\t\t  \n\t\t\t\t\t\t\t  <a  href=\"https:\/\/redept.com.br\/blogosfera\/ponto-a-ponto-saiba-como-governo-bolsonaro-gestou-fraudes-do-inss\/\"  >\n\t\t\t\t\t\t\t\t\t  <div class=\"yuzo-img-wrap \" style=\"width: 125px;height:90px;\">\n\t\t\t\t\t\t\t\t\t\t\n\t\t\t\t\t\t\t\t\t\t<div class=\"yuzo-img\" style=\"background:url('https:\/\/redept.org\/blogosfera\/wp-content\/plugins\/yuzo-related-post\/assets\/images\/default.png') 50% 50% no-repeat;width: 125px;height:90px;margin-bottom: 5px;background-size: cover; \"><\/div>\n\t\t\t\t\t\t\t\t\t  <\/div>\n\t\t\t\t\t\t\t\t\t  \n\t\t\t\t\t\t\t\t   <span class=\"yuzo__text--title\" style=\"font-size:13px;\">Ponto a ponto: saiba como governo Bolsonaro gestou...<\/span>\n\t\t\t\t\t\t\t  \n\t\t\t\t\t\t\t  \n\t\t\t\t\t\t\t  <\/a>\n\n\t\t\t\t\t\t  <\/div>\n\t\t\t\t\t\t  <div class=\"relatedthumb \" style=\"width:125px;float:left;overflow:hidden;\">  \n\t\t\t\t\t\t\t  \n\t\t\t\t\t\t\t  <a  href=\"https:\/\/redept.com.br\/blogosfera\/fuvest-2027-confira-as-datas-do-vestibular-da-usp\/\"  >\n\t\t\t\t\t\t\t\t\t  <div class=\"yuzo-img-wrap \" style=\"width: 125px;height:90px;\">\n\t\t\t\t\t\t\t\t\t\t\n\t\t\t\t\t\t\t\t\t\t<div class=\"yuzo-img\" style=\"background:url('https:\/\/redept.com.br\/blogosfera\/wp-content\/uploads\/2026\/03\/Prova_FUVEST_Foto-Cecilia-Bastos_USP-Imagens-10-e1766075165384-2-150x150.jpg') 50% 50% no-repeat;width: 125px;height:90px;margin-bottom: 5px;background-size: cover; \"><\/div>\n\t\t\t\t\t\t\t\t\t  <\/div>\n\t\t\t\t\t\t\t\t\t  \n\t\t\t\t\t\t\t\t   <span class=\"yuzo__text--title\" style=\"font-size:13px;\">Fuvest 2027: confira as datas do vestibular da USP<\/span>\n\t\t\t\t\t\t\t  \n\t\t\t\t\t\t\t  \n\t\t\t\t\t\t\t  <\/a>\n\n\t\t\t\t\t\t  <\/div>\n\t\t\t\t\t\t  <div class=\"relatedthumb \" style=\"width:125px;float:left;overflow:hidden;\">  \n\t\t\t\t\t\t\t  \n\t\t\t\t\t\t\t  <a  href=\"https:\/\/redept.com.br\/blogosfera\/lula-e-primeiro-ministro-da-india-buscam-integracao-contra-o-tarifaco\/\"  >\n\t\t\t\t\t\t\t\t\t  <div class=\"yuzo-img-wrap \" style=\"width: 125px;height:90px;\">\n\t\t\t\t\t\t\t\t\t\t\n\t\t\t\t\t\t\t\t\t\t<div class=\"yuzo-img\" style=\"background:url('https:\/\/redept.com.br\/blogosfera\/wp-content\/uploads\/2025\/08\/54151020284_a1ba8f2c0c_k-150x150.jpg') 50% 50% no-repeat;width: 125px;height:90px;margin-bottom: 5px;background-size: cover; \"><\/div>\n\t\t\t\t\t\t\t\t\t  <\/div>\n\t\t\t\t\t\t\t\t\t  \n\t\t\t\t\t\t\t\t   <span class=\"yuzo__text--title\" style=\"font-size:13px;\">Lula e primeiro-ministro da \u00cdndia buscam integra\u00e7\u00e3...<\/span>\n\t\t\t\t\t\t\t  \n\t\t\t\t\t\t\t  \n\t\t\t\t\t\t\t  <\/a>\n\n\t\t\t\t\t\t  <\/div>\n<\/div> <script>\n\t\t\t\t\t\t  jQuery(document).ready(function( $ ){\n\t\t\t\t\t\t\t\/\/jQuery('.yuzo_related_post').equalizer({ overflow : 'relatedthumb' });\n\t\t\t\t\t\t\tjQuery('.yuzo_related_post .yuzo_wraps').equalizer({ columns : '> div' });\n\t\t\t\t\t\t   })\n\t\t\t\t\t\t  <\/script> <!-- End Yuzo :) -->","protected":false},"excerpt":{"rendered":"<p>Por Di\u00f3genes Rabello\/Equipe de texto 5\u00aa Feira da Reforma Agr\u00e1riaDa P\u00e1gina do MST Na tarde de hoje, 10 de maio, o Movimento dos Trabalhadores Rurais Sem Terra (MST) lan\u00e7ou, na cidade de S\u00e3o Paulo, o Conselho Popular para Plantio de \u00c1rvores e Produ\u00e7\u00e3o de Alimentos Saud\u00e1veis. O lan\u00e7amento aconteceu durante a 5\u00aa Feira Nacional da [&hellip;]<\/p>\n","protected":false},"author":2,"featured_media":27141,"comment_status":"open","ping_status":"closed","sticky":false,"template":"","format":"standard","meta":{"fifu_image_url":"","fifu_image_alt":"","footnotes":""},"categories":[196,5775,154,191,5776,5777,5778,2588],"tags":[],"class_list":["post-27140","post","type-post","status-publish","format-standard","has-post-thumbnail","hentry","category-alimentos-saudaveis","category-conselho","category-crise-climatica","category-noticias","category-plantio","category-popula","category-popular","category-v-feira-nacional-da-reforma-agraria"],"_links":{"self":[{"href":"https:\/\/redept.com.br\/blogosfera\/wp-json\/wp\/v2\/posts\/27140","targetHints":{"allow":["GET"]}}],"collection":[{"href":"https:\/\/redept.com.br\/blogosfera\/wp-json\/wp\/v2\/posts"}],"about":[{"href":"https:\/\/redept.com.br\/blogosfera\/wp-json\/wp\/v2\/types\/post"}],"author":[{"embeddable":true,"href":"https:\/\/redept.com.br\/blogosfera\/wp-json\/wp\/v2\/users\/2"}],"replies":[{"embeddable":true,"href":"https:\/\/redept.com.br\/blogosfera\/wp-json\/wp\/v2\/comments?post=27140"}],"version-history":[{"count":0,"href":"https:\/\/redept.com.br\/blogosfera\/wp-json\/wp\/v2\/posts\/27140\/revisions"}],"wp:featuredmedia":[{"embeddable":true,"href":"https:\/\/redept.com.br\/blogosfera\/wp-json\/wp\/v2\/media\/27141"}],"wp:attachment":[{"href":"https:\/\/redept.com.br\/blogosfera\/wp-json\/wp\/v2\/media?parent=27140"}],"wp:term":[{"taxonomy":"category","embeddable":true,"href":"https:\/\/redept.com.br\/blogosfera\/wp-json\/wp\/v2\/categories?post=27140"},{"taxonomy":"post_tag","embeddable":true,"href":"https:\/\/redept.com.br\/blogosfera\/wp-json\/wp\/v2\/tags?post=27140"}],"curies":[{"name":"wp","href":"https:\/\/api.w.org\/{rel}","templated":true}]}}