{"id":27144,"date":"2025-05-11T10:30:52","date_gmt":"2025-05-11T13:30:52","guid":{"rendered":"https:\/\/redept.org\/blogosfera\/finapop-credito-popular-como-pilar-da-reforma-agraria\/"},"modified":"2025-05-11T10:30:52","modified_gmt":"2025-05-11T13:30:52","slug":"finapop-credito-popular-como-pilar-da-reforma-agraria","status":"publish","type":"post","link":"https:\/\/redept.com.br\/blogosfera\/finapop-credito-popular-como-pilar-da-reforma-agraria\/","title":{"rendered":"Finapop: cr\u00e9dito popular como pilar da reforma agr\u00e1ria"},"content":{"rendered":"<figure><img fetchpriority=\"high\" fetchpriority=\"high\" decoding=\"async\" width=\"1024\" height=\"682\" src=\"https:\/\/redept.org\/blogosfera\/wp-content\/uploads\/2025\/05\/Capa-3-1-1024x682-1.jpeg\" alt=\"\" srcset=\"https:\/\/redept.org\/blogosfera\/wp-content\/uploads\/2025\/05\/Capa-3-1-1024x682-1.jpeg 1024w, https:\/\/mst.org.br\/wp-content\/uploads\/2025\/05\/Capa-3-1-300x200.jpeg 300w, https:\/\/mst.org.br\/wp-content\/uploads\/2025\/05\/Capa-3-1-768x512.jpeg 768w, https:\/\/mst.org.br\/wp-content\/uploads\/2025\/05\/Capa-3-1.jpeg 1280w\" sizes=\"(max-width: 1024px) 100vw, 1024px\"><figcaption><em>Diferencial do Finapop est\u00e1 em sua conex\u00e3o direta com as demandas reais dos territ\u00f3rios. Foto: Mykesio Max<\/em><\/figcaption><\/figure>\n<p><em>Por Roberta Quintino<br \/>Da P\u00e1gina do MST\/Equipe de texto da 5\u00aa Feira da Reforma Agr\u00e1ria<\/em><\/p>\n<p>Ter acesso \u00e0 terra \u00e9 o primeiro passo para garantir a produ\u00e7\u00e3o de alimentos saud\u00e1veis no campo, mas sem financiamento, esse direito se torna insuficiente. Equipamentos, infraestrutura, insumos e outras necessidades produtivas exigem investimento e, sem cr\u00e9dito acess\u00edvel, muitas fam\u00edlias n\u00e3o conseguem tirar do papel o potencial da terra que conquistaram.<\/p>\n<p>Nesse contexto, para debater o papel estrat\u00e9gico do cr\u00e9dito no fortalecimento da agricultura familiar e agroecol\u00f3gica, foi realizado nesta sexta (10) o semin\u00e1rio <em>\u201cFinanciamento com Prop\u00f3sito: A experi\u00eancia do Finapop e o papel do cr\u00e9dito na produ\u00e7\u00e3o de alimentos saud\u00e1veis\u201d<\/em>. O <a href=\"https:\/\/finapop.com.br\/\">Finapop <\/a>\u00e9 uma iniciativa de investimento popular solid\u00e1rio que rompe com a l\u00f3gica tradicional do sistema financeiro ao conectar investidores e cooperativas do campo em uma rela\u00e7\u00e3o baseada na confian\u00e7a, na sustentabilidade e na justi\u00e7a social.<\/p>\n<p>A economista Juliana Furno provocou o debate ao lembrar que a reforma agr\u00e1ria n\u00e3o se resume \u00e0 distribui\u00e7\u00e3o de terra, mas depende de pol\u00edticas estruturantes, como o cr\u00e9dito para a produ\u00e7\u00e3o, a mecaniza\u00e7\u00e3o da agricultura familiar, a constru\u00e7\u00e3o de agroind\u00fastrias e a transfer\u00eancia de tecnologia.<\/p>\n<p>\u201cComo vamos financiar um processo de transi\u00e7\u00e3o agroecol\u00f3gica no Brasil se n\u00e3o houver recursos destinados para isso?\u201d, questionou. \u201c\u00c9 preciso industrializar esse pa\u00eds em bases ecologicamente sustent\u00e1veis, e isso passa por repensar o sistema financeiro.\u201d<\/p>\n<figure><img decoding=\"async\" width=\"1024\" height=\"682\" src=\"https:\/\/redept.org\/blogosfera\/wp-content\/uploads\/2025\/05\/Interna-3-1-1024x682-1.jpeg\" alt=\"\" srcset=\"https:\/\/redept.org\/blogosfera\/wp-content\/uploads\/2025\/05\/Interna-3-1-1024x682-1.jpeg 1024w, https:\/\/mst.org.br\/wp-content\/uploads\/2025\/05\/Interna-3-1-300x200.jpeg 300w, https:\/\/mst.org.br\/wp-content\/uploads\/2025\/05\/Interna-3-1-768x512.jpeg 768w, https:\/\/mst.org.br\/wp-content\/uploads\/2025\/05\/Interna-3-1.jpeg 1280w\" sizes=\"(max-width: 1024px) 100vw, 1024px\"><figcaption><em>Em cinco anos, foram movimentados 81 milh\u00f5es de reais em financiamentos a pequenos agricultores. Foto: Mykesio Max<\/em><\/figcaption><\/figure>\n<p>Da dire\u00e7\u00e3o nacional do MST, D\u00e9bora Nunes, destacou que o debate sobre financiamento est\u00e1 no centro da constru\u00e7\u00e3o de um novo projeto de sociedade. \u201cN\u00f3s n\u00e3o temos d\u00favida do modelo de projeto que queremos para o Brasil, um projeto baseado na soberania alimentar, no cuidado com a natureza e na justi\u00e7a social. Mas para isso precisamos de cr\u00e9dito, de ferramentas que nos ajudem a avan\u00e7ar\u201d, defendeu.<\/p>\n<p>L\u00edder da Gest\u00e3o de Recursos da Bemtevi Investimento Social, Juliana Braga, disse que \u201crecursos dispon\u00edveis existem, o problema \u00e9 o acesso\u201d, afirmou. Segundo ela, a burocracia, a exig\u00eancia de garantias, o desconhecimento das linhas de cr\u00e9dito e os altos custos dos empr\u00e9stimos ainda s\u00e3o barreiras reais para a agricultura familiar.<\/p>\n<p>Ela explicou que o saldo de empr\u00e9stimos no sistema financeiro nacional \u00e9 de R$ 6,5 trilh\u00f5es, podendo chegar a R$ 11 trilh\u00f5es considerando opera\u00e7\u00f5es de cr\u00e9dito ampliadas. Braga ressaltou que, embora existam iniciativas como o Finapop, que atendem pequenos produtores com taxas mais justas, esses recursos ainda representam uma fatia muito pequena diante da necessidade do setor. \u201cEstamos falando de milhares ou poucos milh\u00f5es de reais. Mas a cadeia produtiva precisa de bilh\u00f5es para se consolidar\u201d.<\/p>\n<p><strong>Financiamento popular\u00a0<\/strong><\/p>\n<p>Embora ainda seja necess\u00e1rio ampliar os recursos para expans\u00e3o desse sistema de financiamento popular, o Finapop j\u00e1 \u00e9 uma realidade desde 2020. Luis Costa, diretor executivo do Finapop, ressalta que a iniciativa popular \u201cem apenas cinco anos j\u00e1 atendeu mais de 64 entidades, movimentando mais de 81 milh\u00f5es de reais em financiamentos.<\/p>\n<p>Segundo Costa, o diferencial da iniciativa est\u00e1 em sua conex\u00e3o direta com as demandas reais dos territ\u00f3rios. \u201cO cr\u00e9dito por si s\u00f3 n\u00e3o resolve o problema. Nossa atua\u00e7\u00e3o se diferencia por partir das demandas do territ\u00f3rio, desde o acesso \u00e0 semente at\u00e9 o produto final chegar \u00e0 mesa do consumidor\u201d, afirma. Ele destaca ainda que o Finapop oferece acompanhamento durante todo o processo, fortalecendo a autonomia e a sustentabilidade das experi\u00eancias apoiadas.<\/p>\n<p>Assentada da reforma agr\u00e1ria e coordenadora da Cooperativa Central Concentra, em Minas Gerais, Paula Ribeiro compartilhou como o acesso ao cr\u00e9dito do Finapop transformou a realidade de sua cooperativa e impulsionou a produ\u00e7\u00e3o de alimentos saud\u00e1veis.<\/p>\n<p>\u201cN\u00f3s acessamos o primeiro recurso do Finapop em 2020, no valor de R$50 mil. Esse financiamento foi decisivo para ampliar nossa atua\u00e7\u00e3o. Com ele, conseguimos desenvolver melhor nossa estrutura organizativa e fortalecer o nosso sistema cooperativista\u201d, afirmou. Ela tamb\u00e9m explicou que a cooperativa central funciona como uma rede articulada de outras cooperativas locais, permitindo uma gest\u00e3o coletiva mais eficiente e com foco na soberania alimentar.<\/p>\n<p>Paula destacou ainda a dificuldade hist\u00f3rica que assentamentos e cooperativas enfrentam para acessar o cr\u00e9dito p\u00fablico. \u201cSe a gente fica esperando o cr\u00e9dito chegar, n\u00e3o consegue organizar e desenvolver a produ\u00e7\u00e3o. Para ela, o Finapop chega como uma alternativa real e concreta para isso.<\/p>\n<p><strong>O que \u00e9 o Finapop?<\/strong><\/p>\n<p>O Finapop surgiu como resposta direta \u00e0 exclus\u00e3o hist\u00f3rica da agricultura familiar dos grandes circuitos de financiamento. Criado a partir de ideais comuns entre cooperativas da reforma agr\u00e1ria e pessoas interessadas em investir com prop\u00f3sito, o fundo se prop\u00f5e a financiar iniciativas sustent\u00e1veis, promovendo impactos positivos para a sociedade e o meio ambiente.<\/p>\n<p>Na pr\u00e1tica, o Finapop capta recursos de pessoas f\u00edsicas e jur\u00eddicas que desejam apoiar projetos de agricultura familiar agroecol\u00f3gica e os direciona, por meio de projetos para cooperativas organizadas.<\/p>\n<p>Ao contr\u00e1rio dos modelos tradicionais, o Finapop se contrap\u00f5e \u00e0 l\u00f3gica do capital especulativo, que busca lucro a qualquer custo, ou seja, representa um caminho alternativo ao capitalismo financeiro tradicional, priorizando o retorno social e ambiental, e n\u00e3o apenas o financeiro.<\/p>\n<p>Outro aspecto relevante \u00e9 que o <a href=\"https:\/\/finapop.com.br\/plataforma\">Finapop <\/a>permite a participa\u00e7\u00e3o de qualquer pessoa como investidora popular, com contribui\u00e7\u00f5es a partir de 100 reais, fortalecendo a ideia de que o financiamento popular n\u00e3o \u00e9 apenas uma alternativa ao sistema financeiro tradicional, mas uma ferramenta concreta de transforma\u00e7\u00e3o social.<\/p>\n<p><em>* Editado por Mariana Castro<\/em><\/p>\n<p>O post <a href=\"https:\/\/mst.org.br\/2025\/05\/11\/finapop-credito-popular-como-pilar-da-reforma-agraria\/\">Finapop: cr\u00e9dito popular como pilar da reforma agr\u00e1ria<\/a> apareceu primeiro em <a href=\"https:\/\/mst.org.br\/\">MST<\/a>.<\/p>\n<!-- Begin Yuzo --><div class='yuzo_related_post style-1'  data-version='5.12.89'><!-- without result --><div class='yuzo_clearfixed yuzo__title yuzo__title'><h3>Related Post<\/h3><\/div>\n\t\t\t\t\t\t  <div class=\"relatedthumb \" style=\"width:125px;float:left;overflow:hidden;\">  \n\t\t\t\t\t\t\t  \n\t\t\t\t\t\t\t  <a  href=\"https:\/\/redept.com.br\/blogosfera\/bombardeio-de-isarael-no-libano-deixa-254-mortos-e-mais-de-800-feridos\/\"  >\n\t\t\t\t\t\t\t\t\t  <div class=\"yuzo-img-wrap \" style=\"width: 125px;height:90px;\">\n\t\t\t\t\t\t\t\t\t\t\n\t\t\t\t\t\t\t\t\t\t<div class=\"yuzo-img\" style=\"background:url('https:\/\/redept.com.br\/blogosfera\/wp-content\/uploads\/2026\/04\/Guerra-no-Oriente-Medio-se-estende-com-ataque-de-Israel-ao-Libano-150x150.jpg') 50% 50% no-repeat;width: 125px;height:90px;margin-bottom: 5px;background-size: cover; \"><\/div>\n\t\t\t\t\t\t\t\t\t  <\/div>\n\t\t\t\t\t\t\t\t\t  \n\t\t\t\t\t\t\t\t   <span class=\"yuzo__text--title\" style=\"font-size:13px;\">Bombardeio de Isarael no L\u00edbano deixa 254 mortos e...<\/span>\n\t\t\t\t\t\t\t  \n\t\t\t\t\t\t\t  \n\t\t\t\t\t\t\t  <\/a>\n\n\t\t\t\t\t\t  <\/div>\n\t\t\t\t\t\t  <div class=\"relatedthumb \" style=\"width:125px;float:left;overflow:hidden;\">  \n\t\t\t\t\t\t\t  \n\t\t\t\t\t\t\t  <a  href=\"https:\/\/redept.com.br\/blogosfera\/governo-esta-trabalhando-para-reduzir-custo-dos-alimentos-afirma-zarattini\/\"  >\n\t\t\t\t\t\t\t\t\t  <div class=\"yuzo-img-wrap \" style=\"width: 125px;height:90px;\">\n\t\t\t\t\t\t\t\t\t\t\n\t\t\t\t\t\t\t\t\t\t<div class=\"yuzo-img\" style=\"background:url('https:\/\/redept.org\/blogosfera\/wp-content\/plugins\/yuzo-related-post\/assets\/images\/default.png') 50% 50% no-repeat;width: 125px;height:90px;margin-bottom: 5px;background-size: cover; \"><\/div>\n\t\t\t\t\t\t\t\t\t  <\/div>\n\t\t\t\t\t\t\t\t\t  \n\t\t\t\t\t\t\t\t   <span class=\"yuzo__text--title\" style=\"font-size:13px;\">Governo est\u00e1 trabalhando para reduzir custo dos al...<\/span>\n\t\t\t\t\t\t\t  \n\t\t\t\t\t\t\t  \n\t\t\t\t\t\t\t  <\/a>\n\n\t\t\t\t\t\t  <\/div>\n\t\t\t\t\t\t  <div class=\"relatedthumb \" style=\"width:125px;float:left;overflow:hidden;\">  \n\t\t\t\t\t\t\t  \n\t\t\t\t\t\t\t  <a  href=\"https:\/\/redept.com.br\/blogosfera\/conferencia-debate-os-desafios-da-luta-pela-terra-em-alagoas-durante-feira-da-reforma-agraria\/\"  >\n\t\t\t\t\t\t\t\t\t  <div class=\"yuzo-img-wrap \" style=\"width: 125px;height:90px;\">\n\t\t\t\t\t\t\t\t\t\t\n\t\t\t\t\t\t\t\t\t\t<div class=\"yuzo-img\" style=\"background:url('https:\/\/redept.com.br\/blogosfera\/wp-content\/uploads\/2025\/09\/Debora-Nunes-_-Foto_-Daiane-Ros-150x150.jpg') 50% 50% no-repeat;width: 125px;height:90px;margin-bottom: 5px;background-size: cover; \"><\/div>\n\t\t\t\t\t\t\t\t\t  <\/div>\n\t\t\t\t\t\t\t\t\t  \n\t\t\t\t\t\t\t\t   <span class=\"yuzo__text--title\" style=\"font-size:13px;\">Confer\u00eancia debate os desafios da luta pela terra ...<\/span>\n\t\t\t\t\t\t\t  \n\t\t\t\t\t\t\t  \n\t\t\t\t\t\t\t  <\/a>\n\n\t\t\t\t\t\t  <\/div>\n\t\t\t\t\t\t  <div class=\"relatedthumb \" style=\"width:125px;float:left;overflow:hidden;\">  \n\t\t\t\t\t\t\t  \n\t\t\t\t\t\t\t  <a  href=\"https:\/\/redept.com.br\/blogosfera\/atencao-lugar-de-crianca-e-na-politica-publica\/\"  >\n\t\t\t\t\t\t\t\t\t  <div class=\"yuzo-img-wrap \" style=\"width: 125px;height:90px;\">\n\t\t\t\t\t\t\t\t\t\t\n\t\t\t\t\t\t\t\t\t\t<div class=\"yuzo-img\" style=\"background:url('https:\/\/redept.org\/blogosfera\/wp-content\/plugins\/yuzo-related-post\/assets\/images\/default.png') 50% 50% no-repeat;width: 125px;height:90px;margin-bottom: 5px;background-size: cover; \"><\/div>\n\t\t\t\t\t\t\t\t\t  <\/div>\n\t\t\t\t\t\t\t\t\t  \n\t\t\t\t\t\t\t\t   <span class=\"yuzo__text--title\" style=\"font-size:13px;\">Aten\u00e7\u00e3o: lugar de crian\u00e7a \u00e9 na pol\u00edtica p\u00fablica...<\/span>\n\t\t\t\t\t\t\t  \n\t\t\t\t\t\t\t  \n\t\t\t\t\t\t\t  <\/a>\n\n\t\t\t\t\t\t  <\/div>\n<\/div> <script>\n\t\t\t\t\t\t  jQuery(document).ready(function( $ ){\n\t\t\t\t\t\t\t\/\/jQuery('.yuzo_related_post').equalizer({ overflow : 'relatedthumb' });\n\t\t\t\t\t\t\tjQuery('.yuzo_related_post .yuzo_wraps').equalizer({ columns : '> div' });\n\t\t\t\t\t\t   })\n\t\t\t\t\t\t  <\/script> <!-- End Yuzo :) -->","protected":false},"excerpt":{"rendered":"<p>Diferencial do Finapop est\u00e1 em sua conex\u00e3o direta com as demandas reais dos territ\u00f3rios. Foto: Mykesio Max Por Roberta QuintinoDa P\u00e1gina do MST\/Equipe de texto da 5\u00aa Feira da Reforma Agr\u00e1ria Ter acesso \u00e0 terra \u00e9 o primeiro passo para garantir a produ\u00e7\u00e3o de alimentos saud\u00e1veis no campo, mas sem financiamento, esse direito se torna [&hellip;]<\/p>\n","protected":false},"author":2,"featured_media":27145,"comment_status":"open","ping_status":"closed","sticky":false,"template":"","format":"standard","meta":{"fifu_image_url":"","fifu_image_alt":"","footnotes":""},"categories":[746,2222,1333,1405,191,5778,2588],"tags":[],"class_list":["post-27144","post","type-post","status-publish","format-standard","has-post-thumbnail","hentry","category-credito","category-financiamento","category-finapop","category-investimento","category-noticias","category-popular","category-v-feira-nacional-da-reforma-agraria"],"_links":{"self":[{"href":"https:\/\/redept.com.br\/blogosfera\/wp-json\/wp\/v2\/posts\/27144","targetHints":{"allow":["GET"]}}],"collection":[{"href":"https:\/\/redept.com.br\/blogosfera\/wp-json\/wp\/v2\/posts"}],"about":[{"href":"https:\/\/redept.com.br\/blogosfera\/wp-json\/wp\/v2\/types\/post"}],"author":[{"embeddable":true,"href":"https:\/\/redept.com.br\/blogosfera\/wp-json\/wp\/v2\/users\/2"}],"replies":[{"embeddable":true,"href":"https:\/\/redept.com.br\/blogosfera\/wp-json\/wp\/v2\/comments?post=27144"}],"version-history":[{"count":0,"href":"https:\/\/redept.com.br\/blogosfera\/wp-json\/wp\/v2\/posts\/27144\/revisions"}],"wp:featuredmedia":[{"embeddable":true,"href":"https:\/\/redept.com.br\/blogosfera\/wp-json\/wp\/v2\/media\/27145"}],"wp:attachment":[{"href":"https:\/\/redept.com.br\/blogosfera\/wp-json\/wp\/v2\/media?parent=27144"}],"wp:term":[{"taxonomy":"category","embeddable":true,"href":"https:\/\/redept.com.br\/blogosfera\/wp-json\/wp\/v2\/categories?post=27144"},{"taxonomy":"post_tag","embeddable":true,"href":"https:\/\/redept.com.br\/blogosfera\/wp-json\/wp\/v2\/tags?post=27144"}],"curies":[{"name":"wp","href":"https:\/\/api.w.org\/{rel}","templated":true}]}}