{"id":27760,"date":"2025-05-14T14:17:31","date_gmt":"2025-05-14T17:17:31","guid":{"rendered":"https:\/\/redept.org\/blogosfera\/indigena-parakana-e-ferido-a-tiro-em-novo-ataque-a-terra-indigena-apyterewa\/"},"modified":"2025-05-14T14:17:31","modified_gmt":"2025-05-14T17:17:31","slug":"indigena-parakana-e-ferido-a-tiro-em-novo-ataque-a-terra-indigena-apyterewa","status":"publish","type":"post","link":"https:\/\/redept.com.br\/blogosfera\/indigena-parakana-e-ferido-a-tiro-em-novo-ataque-a-terra-indigena-apyterewa\/","title":{"rendered":"Ind\u00edgena Parakan\u00e3 \u00e9 ferido a tiro em novo ataque \u00e0 Terra Ind\u00edgena Apyterewa"},"content":{"rendered":"<p><strong>DOIS IND\u00cdGENAS PARAKAN\u00c3<\/strong> foram surpreendidos por pistoleiros nesta ter\u00e7a-feira (13) na <a href=\"https:\/\/reporterbrasil.org.br\/tags\/terra-indigena-apyterewa\/\" target=\"_blank\" rel=\"noreferrer noopener\">Terra Ind\u00edgena (TI) Apyterewa<\/a>, no sul do Par\u00e1. Um deles levou um tiro de chumbo de rasp\u00e3o na perna, mas conseguiu chegar \u00e0 base da Funai (Funda\u00e7\u00e3o Nacional dos Povos Ind\u00edgenas). O outro ficou desaparecido ap\u00f3s o ataque. Ele foi encontrado horas depois, buscando abrigo na casa de um morador da regi\u00e3o.<\/p>\n<p>Esse foi o quinto ataque a tiros registrado nos \u00faltimos seis meses na terra ind\u00edgena, considerada a mais desmatada da Amaz\u00f4nia. Desde a <a href=\"https:\/\/reporterbrasil.org.br\/2023\/10\/operacao-de-guerra-cerca-invasores-de-ti-mais-desmatada-na-amazonia\/\" target=\"_blank\" rel=\"noreferrer noopener\">opera\u00e7\u00e3o de desintrus\u00e3o realizada em outubro de 2023 pelo governo federal<\/a>, que retirou centenas de invasores, o territ\u00f3rio vive sob tens\u00e3o constante.<\/p>\n<p>Em entrevista \u00e0 <strong>Rep\u00f3rter Brasil<\/strong>, lideran\u00e7a Parakan\u00e3 comenta o descaso do Estado com a seguran\u00e7a dos ind\u00edgenas que vivem na TI. \u201cN\u00e3o sei quantas vezes n\u00f3s j\u00e1 denunciamos. Cad\u00ea as autoridades para tomar provid\u00eancias?\u201d, questiona.<\/p>\n<p>\u201cO governo federal fez o servi\u00e7o dele e tirou todos eles da nossa terra. Mas, cad\u00ea a seguran\u00e7a? Cad\u00ea a atua\u00e7\u00e3o do governo federal tamb\u00e9m?\u201d, complementa.<\/p>\n<figure><img fetchpriority=\"high\" fetchpriority=\"high\" decoding=\"async\" width=\"1024\" height=\"683\" src=\"https:\/\/redept.org\/blogosfera\/wp-content\/uploads\/2025\/05\/ataque-indigenas-apyterewa-1024x683-1.jpg\" alt=\"\" srcset=\"https:\/\/redept.org\/blogosfera\/wp-content\/uploads\/2025\/05\/ataque-indigenas-apyterewa-1024x683-1.jpg 1024w, https:\/\/reporterbrasil.org.br\/wp-content\/uploads\/2025\/05\/ataque-indigenas-apyterewa-300x200.jpg 300w, https:\/\/reporterbrasil.org.br\/wp-content\/uploads\/2025\/05\/ataque-indigenas-apyterewa-768x512.jpg 768w, https:\/\/reporterbrasil.org.br\/wp-content\/uploads\/2025\/05\/ataque-indigenas-apyterewa.jpg 1200w\" sizes=\"(max-width: 1024px) 100vw, 1024px\"><figcaption>Ind\u00edgena Parakan\u00e3 levou um tiro de chumbo de rasp\u00e3o na perna, mas consegui chegar \u00e0 base da Funai (Foto: Arquivo Pessoal)<\/figcaption><\/figure>\n<p>Para proteger o territ\u00f3rio, o povo Parakan\u00e3 passou a <a href=\"https:\/\/reporterbrasil.org.br\/2025\/02\/indigenas-reocupam-fazendas-gado-ilegal-trabalho-escravo-pa-apyterewa\/\" target=\"_blank\" rel=\"noreferrer noopener\">construir <\/a><a href=\"https:\/\/reporterbrasil.org.br\/2025\/02\/indigenas-reocupam-fazendas-gado-ilegal-trabalho-escravo-pa-apyterewa\/\">novas aldeias<\/a> no interior da terra ind\u00edgena, numa tentativa de impedir o retorno de fazendeiros ilegais. No entanto, os <a href=\"https:\/\/reporterbrasil.org.br\/2025\/02\/dois-tiroteios-elevam-tensao-terra-indigena-apyterewa\/\" target=\"_blank\" rel=\"noreferrer noopener\">ataques persistiram, inclusive nas aldeias rec\u00e9m-formadas.<\/a><\/p>\n<p>Em uma den\u00fancia feita em julho de 2024, poucos meses ap\u00f3s o fim da opera\u00e7\u00e3o de desintrus\u00e3o, em fevereiro, a Associa\u00e7\u00e3o Ind\u00edgena Tato\u2019a, que representa os Parakan\u00e3, afirmou que o territ\u00f3rio vinha sendo <a href=\"https:\/\/reporterbrasil.org.br\/2024\/07\/parakana-denunciam-ataque-pistoleiros-terra-indigena-apyterewa\/\" target=\"_blank\" rel=\"noreferrer noopener\">invadido com frequ\u00eancia para a colheita do cacau.<\/a><\/p>\n<p>A <strong>Rep\u00f3rter Brasil <\/strong>procurou a PF (Pol\u00edcia Federal) e a Funai para questionar quais medidas est\u00e3o sendo adotadas para proteger o territ\u00f3rio ap\u00f3s a desintrus\u00e3o e diante dos ataques recentes, mas n\u00e3o obteve resposta at\u00e9 o fechamento desta reportagem.<\/p>\n<div data-elementor-type=\"section\" data-elementor-id=\"77670\" data-elementor-post-type=\"elementor_library\">\n<div data-id=\"17a659f\" data-element_type=\"container\" data-settings='{\"background_background\":\"classic\"}'>\n<div>\n<div data-id=\"386385d\" data-element_type=\"widget\" data-widget_type=\"heading.default\">\n<div>\n<h2>ASSINE NOSSA NEWSLETTER<\/h2>\n<\/p><\/div>\n<\/p><\/div>\n<div data-id=\"6546917\" data-element_type=\"widget\" data-widget_type=\"html.default\">\n<div>\n\t\t\t\t\t\t\t\t\t<\/div>\n<\/p><\/div>\n<div data-id=\"8c2e333\" data-element_type=\"widget\" data-settings='{\"button_width\":\"20\",\"step_next_label\":\"Next\",\"step_previous_label\":\"Previous\",\"button_width_mobile\":\"20\",\"step_type\":\"number_text\",\"step_icon_shape\":\"circle\"}' data-widget_type=\"form.default\">\n<div>\n<div>\n<div>\n\t\t\t\t\t\t\t\t\t\t\t\t<label for=\"form-field-email\"><br \/>\n\t\t\t\t\t\t\t\tEmail\t\t\t\t\t\t\t<\/label><\/p><\/div>\n<div>\n\t\t\t\t\t<button type=\"submit\"><br \/>\n\t\t\t\t\t\t<span><br \/>\n\t\t\t\t\t\t\t\t\t\t\t\t\t\t\t<span><br \/>\n\t\t\t\t\t\t\t\t\t<i aria-hidden=\"true\"><\/i>\t\t\t\t\t\t\t\t\t\t\t\t\t\t\t\t\t\t\t<span>Submit<\/span><br \/>\n\t\t\t\t\t\t\t\t\t\t\t\t\t\t\t\t\t<\/span><br \/>\n\t\t\t\t\t\t\t\t\t\t\t\t\t\t\t\t\t\t\t\t<\/span><br \/>\n\t\t\t\t\t<\/button>\n\t\t\t\t<\/div>\n<\/p><\/div>\n<\/p><\/div>\n<\/p><\/div>\n<\/p><\/div>\n<\/p><\/div>\n<\/p><\/div>\n<h2>Entenda o conflito<\/h2>\n<p>Em outubro de 2023, o governo federal realizou uma <a href=\"https:\/\/reporterbrasil.org.br\/2023\/10\/operacao-de-guerra-cerca-invasores-de-ti-mais-desmatada-na-amazonia\/\" target=\"_blank\" rel=\"noreferrer noopener\">megaopera\u00e7\u00e3o<\/a> para retirar os invasores da TI Apyterewa. A a\u00e7\u00e3o contou com apoio do Ex\u00e9rcito, da PF, da For\u00e7a Nacional, al\u00e9m de agentes da Abin (Ag\u00eancia Brasileira de Intelig\u00eancia), do Ibama (Instituto Brasileiro do Meio Ambiente e dos Recursos Naturais Renov\u00e1veis) e da Funai.<\/p>\n<p>Localizada no sul do Par\u00e1, a TI tem 773 mil hectares \u2013 uma \u00e1rea equivalente a cinco munic\u00edpios de S\u00e3o Paulo. Na \u00e9poca, cerca de 700 ind\u00edgenas viviam na por\u00e7\u00e3o norte, pr\u00f3ximas ao rio Xingu. Havia tamb\u00e9m registros da presen\u00e7a de ind\u00edgenas isolados e de recente contato, segundo o comando da opera\u00e7\u00e3o.<\/p>\n<p>Dos 773 mil hectares do territ\u00f3rio, j\u00e1 foram desmatados mais de 55 mil hectares (cerca de 14% do total). Mais da metade da destrui\u00e7\u00e3o ocorreu durante o governo do ex-presidente Jair Bolsonaro (PL), entre 2019 e 2022.<\/p>\n<p>Durante o processo de demarca\u00e7\u00e3o da terra ind\u00edgena, ao longo dos anos 2000, a Funai identificou 1.175 posseiros na \u00e1rea, conforme dados obtidos pela <strong>Rep\u00f3rter Brasil<\/strong> via Lei de Acesso \u00e0 Informa\u00e7\u00e3o. Desse total, o \u00f3rg\u00e3o reconheceu 292 como ocupantes de boa-f\u00e9, com direito a compensa\u00e7\u00f5es por benfeitorias. J\u00e1 os 883 restantes foram considerados de m\u00e1-f\u00e9, sem qualquer direito \u00e0s terras onde estavam instalados.<\/p>\n<div data-elementor-type=\"container\" data-elementor-id=\"75228\" data-elementor-post-type=\"elementor_library\">\n<div data-id=\"5e8db1e6\" data-element_type=\"container\">\n<div>\n<div data-id=\"36eb6c91\" data-element_type=\"container\">\n<div>\n<div data-id=\"6f52f515\" data-element_type=\"container\">\n<div data-id=\"65d9f401\" data-element_type=\"widget\" data-widget_type=\"divider.default\">\n<div>\n<div>\n\t\t\t<span><br \/>\n\t\t\t\t\t\t<\/span>\n\t\t<\/div>\n<\/p><\/div>\n<\/p><\/div>\n<\/p><\/div>\n<div data-id=\"134a1245\" data-element_type=\"container\">\n<div>\n<div data-id=\"10fe55fe\" data-element_type=\"widget\" data-widget_type=\"text-editor.default\">\n<div>\n<p>Leia tamb\u00e9m<\/p>\n<\/p><\/div>\n<\/p><\/div>\n<\/p><\/div>\n<\/p><\/div>\n<\/p><\/div>\n<\/p><\/div>\n<div data-id=\"3c9495ae\" data-element_type=\"widget\" data-settings='{\"template_id\":\"75221\",\"columns\":1,\"row_gap\":{\"unit\":\"px\",\"size\":10,\"sizes\":[]},\"_skin\":\"post\",\"columns_tablet\":\"2\",\"columns_mobile\":\"1\",\"edit_handle_selector\":\"[data-elementor-type=\"loop-item\"]\",\"row_gap_tablet\":{\"unit\":\"px\",\"size\":\"\",\"sizes\":[]},\"row_gap_mobile\":{\"unit\":\"px\",\"size\":\"\",\"sizes\":[]}}' data-widget_type=\"loop-grid.post\">\n<div>\n<div>\n\t\t<\/div>\n<\/p><\/div>\n<\/p><\/div>\n<\/p><\/div>\n<\/p><\/div>\n<\/p><\/div>\n<p>The post <a href=\"https:\/\/reporterbrasil.org.br\/2025\/05\/indigena-parakana-ferido-ataque-terra-indigena-apyterewa\/\">Ind\u00edgena Parakan\u00e3 \u00e9 ferido a tiro em novo ataque \u00e0 Terra Ind\u00edgena Apyterewa<\/a> appeared first on <a href=\"https:\/\/reporterbrasil.org.br\/\">Rep\u00f3rter Brasil<\/a>.<\/p>\n<!-- Begin Yuzo --><div class='yuzo_related_post style-1'  data-version='5.12.89'><!-- without result --><div class='yuzo_clearfixed yuzo__title yuzo__title'><h3>Related Post<\/h3><\/div>\n\t\t\t\t\t\t  <div class=\"relatedthumb \" style=\"width:125px;float:left;overflow:hidden;\">  \n\t\t\t\t\t\t\t  \n\t\t\t\t\t\t\t  <a  href=\"https:\/\/redept.com.br\/blogosfera\/mexico-se-propoe-a-mediar-conflito-entre-cuba-e-eua\/\"  >\n\t\t\t\t\t\t\t\t\t  <div class=\"yuzo-img-wrap \" style=\"width: 125px;height:90px;\">\n\t\t\t\t\t\t\t\t\t\t\n\t\t\t\t\t\t\t\t\t\t<div class=\"yuzo-img\" style=\"background:url('https:\/\/redept.org\/blogosfera\/wp-content\/plugins\/yuzo-related-post\/assets\/images\/default.png') 50% 50% no-repeat;width: 125px;height:90px;margin-bottom: 5px;background-size: cover; \"><\/div>\n\t\t\t\t\t\t\t\t\t  <\/div>\n\t\t\t\t\t\t\t\t\t  \n\t\t\t\t\t\t\t\t   <span class=\"yuzo__text--title\" style=\"font-size:13px;\">M\u00e9xico se prop\u00f5e a mediar conflito entre Cuba e EU...<\/span>\n\t\t\t\t\t\t\t  \n\t\t\t\t\t\t\t  \n\t\t\t\t\t\t\t  <\/a>\n\n\t\t\t\t\t\t  <\/div>\n\t\t\t\t\t\t  <div class=\"relatedthumb \" style=\"width:125px;float:left;overflow:hidden;\">  \n\t\t\t\t\t\t\t  \n\t\t\t\t\t\t\t  <a  href=\"https:\/\/redept.com.br\/blogosfera\/brasil-de-fato-e-convidado-no-ciclo-de-debates-novas-fronteiras-do-ativismo-social-em-porto-alegre\/\"  >\n\t\t\t\t\t\t\t\t\t  <div class=\"yuzo-img-wrap \" style=\"width: 125px;height:90px;\">\n\t\t\t\t\t\t\t\t\t\t\n\t\t\t\t\t\t\t\t\t\t<div class=\"yuzo-img\" style=\"background:url('https:\/\/redept.org\/blogosfera\/wp-content\/plugins\/yuzo-related-post\/assets\/images\/default.png') 50% 50% no-repeat;width: 125px;height:90px;margin-bottom: 5px;background-size: cover; \"><\/div>\n\t\t\t\t\t\t\t\t\t  <\/div>\n\t\t\t\t\t\t\t\t\t  \n\t\t\t\t\t\t\t\t   <span class=\"yuzo__text--title\" style=\"font-size:13px;\">Brasil de Fato \u00e9 convidado no Ciclo de Debates Nov...<\/span>\n\t\t\t\t\t\t\t  \n\t\t\t\t\t\t\t  \n\t\t\t\t\t\t\t  <\/a>\n\n\t\t\t\t\t\t  <\/div>\n\t\t\t\t\t\t  <div class=\"relatedthumb \" style=\"width:125px;float:left;overflow:hidden;\">  \n\t\t\t\t\t\t\t  \n\t\t\t\t\t\t\t  <a  href=\"https:\/\/redept.com.br\/blogosfera\/trabalho-da-cpmi-do-inss-demonstra-acerto-medidas-de-fiscalizacao-do-governo\/\"  >\n\t\t\t\t\t\t\t\t\t  <div class=\"yuzo-img-wrap \" style=\"width: 125px;height:90px;\">\n\t\t\t\t\t\t\t\t\t\t\n\t\t\t\t\t\t\t\t\t\t<div class=\"yuzo-img\" style=\"background:url('https:\/\/redept.org\/blogosfera\/wp-content\/plugins\/yuzo-related-post\/assets\/images\/default.png') 50% 50% no-repeat;width: 125px;height:90px;margin-bottom: 5px;background-size: cover; \"><\/div>\n\t\t\t\t\t\t\t\t\t  <\/div>\n\t\t\t\t\t\t\t\t\t  \n\t\t\t\t\t\t\t\t   <span class=\"yuzo__text--title\" style=\"font-size:13px;\">Trabalho da CPMI do INSS demonstra acerto medidas ...<\/span>\n\t\t\t\t\t\t\t  \n\t\t\t\t\t\t\t  \n\t\t\t\t\t\t\t  <\/a>\n\n\t\t\t\t\t\t  <\/div>\n\t\t\t\t\t\t  <div class=\"relatedthumb \" style=\"width:125px;float:left;overflow:hidden;\">  \n\t\t\t\t\t\t\t  \n\t\t\t\t\t\t\t  <a  href=\"https:\/\/redept.com.br\/blogosfera\/april-17-internationalized-as-the-international-day-of-peasant-struggles-a-planting-in-memory-of-the-global-peasant-struggle\/\"  >\n\t\t\t\t\t\t\t\t\t  <div class=\"yuzo-img-wrap \" style=\"width: 125px;height:90px;\">\n\t\t\t\t\t\t\t\t\t\t\n\t\t\t\t\t\t\t\t\t\t<div class=\"yuzo-img\" style=\"background:url('https:\/\/redept.com.br\/blogosfera\/wp-content\/uploads\/2026\/04\/PHOTO-2026-04-17-15-48-00-2jpg-150x150.jpeg') 50% 50% no-repeat;width: 125px;height:90px;margin-bottom: 5px;background-size: cover; \"><\/div>\n\t\t\t\t\t\t\t\t\t  <\/div>\n\t\t\t\t\t\t\t\t\t  \n\t\t\t\t\t\t\t\t   <span class=\"yuzo__text--title\" style=\"font-size:13px;\">April 17, internationalized as the International D...<\/span>\n\t\t\t\t\t\t\t  \n\t\t\t\t\t\t\t  \n\t\t\t\t\t\t\t  <\/a>\n\n\t\t\t\t\t\t  <\/div>\n<\/div> <script>\n\t\t\t\t\t\t  jQuery(document).ready(function( $ ){\n\t\t\t\t\t\t\t\/\/jQuery('.yuzo_related_post').equalizer({ overflow : 'relatedthumb' });\n\t\t\t\t\t\t\tjQuery('.yuzo_related_post .yuzo_wraps').equalizer({ columns : '> div' });\n\t\t\t\t\t\t   })\n\t\t\t\t\t\t  <\/script> <!-- End Yuzo :) -->","protected":false},"excerpt":{"rendered":"<p>DOIS IND\u00cdGENAS PARAKAN\u00c3 foram surpreendidos por pistoleiros nesta ter\u00e7a-feira (13) na Terra Ind\u00edgena (TI) Apyterewa, no sul do Par\u00e1. Um deles levou um tiro de chumbo de rasp\u00e3o na perna, mas conseguiu chegar \u00e0 base da Funai (Funda\u00e7\u00e3o Nacional dos Povos Ind\u00edgenas). O outro ficou desaparecido ap\u00f3s o ataque. Ele foi encontrado horas depois, buscando [&hellip;]<\/p>\n","protected":false},"author":2,"featured_media":27761,"comment_status":"open","ping_status":"closed","sticky":false,"template":"","format":"standard","meta":{"fifu_image_url":"","fifu_image_alt":"","footnotes":""},"categories":[5879,5993,761,5994,5471,5799,5995],"tags":[],"class_list":["post-27760","post","type-post","status-publish","format-standard","has-post-thumbnail","hentry","category-conteudo-original-em-portugues","category-curtas","category-indigenas","category-parakana","category-politica-nacional","category-reportagens","category-terra-indigena-apyterewa"],"_links":{"self":[{"href":"https:\/\/redept.com.br\/blogosfera\/wp-json\/wp\/v2\/posts\/27760","targetHints":{"allow":["GET"]}}],"collection":[{"href":"https:\/\/redept.com.br\/blogosfera\/wp-json\/wp\/v2\/posts"}],"about":[{"href":"https:\/\/redept.com.br\/blogosfera\/wp-json\/wp\/v2\/types\/post"}],"author":[{"embeddable":true,"href":"https:\/\/redept.com.br\/blogosfera\/wp-json\/wp\/v2\/users\/2"}],"replies":[{"embeddable":true,"href":"https:\/\/redept.com.br\/blogosfera\/wp-json\/wp\/v2\/comments?post=27760"}],"version-history":[{"count":0,"href":"https:\/\/redept.com.br\/blogosfera\/wp-json\/wp\/v2\/posts\/27760\/revisions"}],"wp:featuredmedia":[{"embeddable":true,"href":"https:\/\/redept.com.br\/blogosfera\/wp-json\/wp\/v2\/media\/27761"}],"wp:attachment":[{"href":"https:\/\/redept.com.br\/blogosfera\/wp-json\/wp\/v2\/media?parent=27760"}],"wp:term":[{"taxonomy":"category","embeddable":true,"href":"https:\/\/redept.com.br\/blogosfera\/wp-json\/wp\/v2\/categories?post=27760"},{"taxonomy":"post_tag","embeddable":true,"href":"https:\/\/redept.com.br\/blogosfera\/wp-json\/wp\/v2\/tags?post=27760"}],"curies":[{"name":"wp","href":"https:\/\/api.w.org\/{rel}","templated":true}]}}