{"id":27799,"date":"2025-05-14T16:29:34","date_gmt":"2025-05-14T19:29:34","guid":{"rendered":"https:\/\/redept.org\/blogosfera\/cracolandia-sumiu-o-que-esta-acontecendo\/"},"modified":"2025-05-14T16:29:34","modified_gmt":"2025-05-14T19:29:34","slug":"cracolandia-sumiu-o-que-esta-acontecendo","status":"publish","type":"post","link":"https:\/\/redept.com.br\/blogosfera\/cracolandia-sumiu-o-que-esta-acontecendo\/","title":{"rendered":"Cracol\u00e2ndia sumiu? O que est\u00e1 acontecendo?"},"content":{"rendered":"<p>A <a href=\"https:\/\/tvtnews.com.br\/tag\/cracolandia\/\" data-type=\"post_tag\" data-id=\"4652\">Cracol\u00e2ndia<\/a> sumiu? Onde ela foi parar? Ela segue existindo. As pessoas com <a href=\"https:\/\/tvtnews.com.br\/novo-plano-nacional-de-politicas-sobre-drogas-recebe-contribuicoes-da-sociedade\/\" data-type=\"post\" data-id=\"739458\">depend\u00eancia qu\u00edmica<\/a> n\u00e3o deixaram de existir da noite para o dia. O que est\u00e1 acontecendo s\u00e3o atos de viol\u00eancia por parte da <a href=\"https:\/\/tvtnews.com.br\/tag\/pm\/\" data-type=\"post_tag\" data-id=\"4565\">Pol\u00edcia Milita<\/a>r de S\u00e3o Paulo que tem dispersado o grupo pela cidade. Saiba mais na <a href=\"https:\/\/tvtnews.com.br\/\" data-type=\"page\" data-id=\"733503\">TVT News<\/a>.<\/p>\n<\/p>\n<h3>A Cracol\u00e2ndia sumiu?<\/h3>\n<\/p>\n<p>De acordo com reportagem do jornal O Estado de S.Paulo, o vice-prefeito Mello Ara\u00fajo (PL) afirmou que duas a\u00e7\u00f5es retiraram 120 usu\u00e1rios da <a href=\"https:\/\/tvtnews.com.br\/comuda-denuncia-violacoes-com-muro-na-cracolandia\/\" data-type=\"post\" data-id=\"735548\">Cracol\u00e2ndia<\/a>. A primeira aconteceu na segunda-feira (12), com o deslocamento de 80 pessoas, e outras 42 pessoas na ter\u00e7a-feira (13).<\/p>\n<p>A a\u00e7\u00e3o aconteceu com apoio da Guarda Municipal e do Batalh\u00e3o de Choque da Pol\u00edcia Militar (PM), com c\u00e3es farejadores. <\/p>\n<p>Os parte dos dependentes qu\u00edmicos foram levados para unidades de tratamento do munic\u00edpio, enquanto outros decidiram buscar as pr\u00f3prias fam\u00edlias. <\/p>\n<p>O vice-prefeito Mello Ara\u00fajo alega que \u201celes saem voluntariamente porque sabem que v\u00e3o para lugares em melhores condi\u00e7\u00f5es\u201d.<\/p>\n<p>Segundo dados de mar\u00e7o de 2024, do Programa Dronepol, da Divis\u00e3o de Tecnologias Geoespaciais, na parte da manh\u00e3, o local concentrava cerca de 519 usu\u00e1rios e de tarde o n\u00famero subia para 726. Ou seja, a a\u00e7\u00e3o que deslocou 120 pessoas n\u00e3o seria capaz de sumir com a Cracol\u00e2ndia.<\/p>\n<p>Nesta quarta-feira (14), o padre Julio Lancellotti, publicou uma den\u00fancia an\u00f4nima que afirma que a prefeitura de SP deslocou os dependentes qu\u00edmicos para o bairro Parque Santos Dumont, em <a href=\"https:\/\/tvtnews.com.br\/racismo-no-aeroporto-guarulhos-denuncia-deputada\/\" data-type=\"post\" data-id=\"744726\">Guarulho<\/a>s.<\/p>\n<p>O bairro da regi\u00e3o metropolitana de S\u00e3o Paulo fica a mais de 30 quil\u00f4metros de dist\u00e2ncia de onde se localizava a Cracol\u00e2ndia, no cruzamento da Rua General Couto de Magalh\u00e3es com Rua dos Protestantes, na Santa Efig\u00eania.<\/p>\n<p>Al\u00e9m disso, sobreviver minimamente nas ruas da Cracol\u00e2ndia se torna, diariamente, mais dif\u00edcil com o aumento da <a href=\"https:\/\/tvtnews.com.br\/tag\/violencia-policial\/\" data-type=\"post_tag\" data-id=\"4324\">viol\u00eancia policial<\/a>. O que torna o discurso do vice-prefeito at\u00e9 correto: os dependentes qu\u00edmicos fogem da Cracol\u00e2ndia, mas n\u00e3o deixam de existir e de ser um problema grave de sa\u00fade p\u00fablica.<\/p>\n<\/p>\n<figure><img fetchpriority=\"high\" fetchpriority=\"high\" decoding=\"async\" width=\"1024\" height=\"576\"src=\"https:\/\/redept.org\/blogosfera\/wp-content\/uploads\/2025\/05\/cracolandia-vazia.jpg\" alt=\"cracolandia-sumiu-o-que-esta-acontecendo-apos-erguer-muro-que-segregava-a-prefeitura-fez-a-cracolandia-sumir-foto-paulo-pinto-agencia-brasil-tvt-news\" title=\"Cracol\u00e2ndia sumiu? O que est\u00e1 acontecendo? 1\" srcset=\"https:\/\/tvtnews.com.br\/wp-content\/uploads\/2025\/05\/cracolandia-vazia-1024x576.jpg 1024w, https:\/\/tvtnews.com.br\/wp-content\/uploads\/2025\/05\/cracolandia-vazia-300x169.jpg 300w, https:\/\/tvtnews.com.br\/wp-content\/uploads\/2025\/05\/cracolandia-vazia-768x432.jpg 768w, https:\/\/tvtnews.com.br\/wp-content\/uploads\/2025\/05\/cracolandia-vazia-1536x864.jpg 1536w, https:\/\/redept.org\/blogosfera\/wp-content\/uploads\/2025\/05\/cracolandia-vazia.jpg 1600w\" sizes=\"(max-width: 1024px) 100vw, 1024px\"><figcaption>Ap\u00f3s erguer muro que segregava, a prefeitura fez a Cracol\u00e2ndia \u201csumir\u201d. Foto: Paulo Pinto\/Ag\u00eancia Brasil<\/figcaption><\/figure>\n<\/p>\n<h3>O aumento da viol\u00eancia policial com os dependentes qu\u00edmicos em SP<\/h3>\n<\/p>\n<p>O advogado e pesquisador do Centro de Estudos da Metr\u00f3pole da USP, Giordano Magri, explicou ao <a href=\"https:\/\/tvtnews.com.br\/jornal-tvt-news-primeira-edicao-14-05-2025\/\" data-type=\"link\" data-id=\"https:\/\/tvtnews.com.br\/jornal-tvt-news-primeira-edicao-14-05-2025\/\">jornal TVT News Primeira Edi\u00e7\u00e3o,<\/a> que a prefeitura fechou pontos de reciclagem, teve a\u00e7\u00f5es contra hot\u00e9is da regi\u00e3o para impedir a entrada de usu\u00e1rios de drogas e intensificou a persegui\u00e7\u00e3o de movimentos sociais que atuam na Cracol\u00e2ndia para isolar os dependentes qu\u00edmicos.<\/p>\n<p>\u201cAs for\u00e7as de seguran\u00e7a come\u00e7am n\u00e3o s\u00f3 mais infligindo viol\u00eancia contra essas pessoas, fazendo elas circularem, como minando estrangulando e acabando com todas as estrat\u00e9gias e infraestruturas de sobreviv\u00eancia\u201d, afirma Magri.<\/p>\n<\/p>\n<figure>\n<div>\n<\/div>\n<\/figure>\n<p>Segundo relatos colhidos pelo movimento A Craco Resiste, que se posiciona contra a viol\u00eancia no local, junto ao projeto de extens\u00e3o da Universidade de S\u00e3o Paulo (USP) e a Universidade Federal de S\u00e3o Paulo (<a href=\"https:\/\/tvtnews.com.br\/vala-clandestina-de-perus-pesquisa-identificacao\/\" data-type=\"post\" data-id=\"740530\">Unifesp<\/a>), houve uma orienta\u00e7\u00e3o para que a GCM aumentasse a viol\u00eancia das abordagens.<\/p>\n<p>As entrevistas colhidas afirmaram que \u201cos guardas passaram a bater mais no rosto e na cabe\u00e7a das pessoas, para al\u00e9m das outras agress\u00f5es j\u00e1 cotidianas, com uso de spray de pimenta e apropria\u00e7\u00e3o de pertences pessoais, como roupas e dinheiro\u201d, escreveu A Craco Resiste.<\/p>\n<figure>\n<div>\n<blockquote data-secret=\"MBQKTH1O4O\"><p><a href=\"https:\/\/tvtnews.com.br\/o-que-esta-acontecendo-na-favela-do-moinho\/\">Afinal, o que est\u00e1 acontecendo na Favela do Moinho?<\/a><\/p><\/blockquote>\n<\/div>\n<\/figure>\n<p>A Cracol\u00e2ndia \u00e9 um problema de sa\u00fade p\u00fablica em S\u00e3o Paulo desde a d\u00e9cada de 1990, por\u00e9m \u00e9 tratada como uma quest\u00e3o de seguran\u00e7a para a cidade. O que leva as pol\u00edticas p\u00fablicas serem inadequadas para a situa\u00e7\u00e3o e as a\u00e7\u00f5es serem violentas.<\/p>\n<p>Em 2012, aconteceu a Opera\u00e7\u00e3o Dor e Sofrimento, na gest\u00e3o municipal de Gilberto Kassab. Na \u00e9poca, a pol\u00edcia foi orientada para impedir que as pessoas em situa\u00e7\u00e3o de rua permanecessem nas cal\u00e7adas, o que fez com que o grupo perambulasse nas ruas. O caso ficou conhecido na imprensa como \u201cprociss\u00f5es do crack\u201d.<\/p>\n<blockquote data-instgrm-captioned data-instgrm-permalink=\"https:\/\/www.instagram.com\/p\/DJmLG4YO8GX\/?utm_source=ig_embed&amp;utm_campaign=loading\" data-instgrm-version=\"14\">\n<div> <a href=\"https:\/\/www.instagram.com\/p\/DJmLG4YO8GX\/?utm_source=ig_embed&amp;utm_campaign=loading\" target=\"_blank\" rel=\"noopener noreferrer nofollow\"> <\/p>\n<div>\n<div><\/div>\n<div>\n<div><\/div>\n<div><\/div>\n<\/div>\n<\/div>\n<div><\/div>\n<div><svg width=\"50px\" height=\"50px\" viewbox=\"0 0 60 60\" version=\"1.1\" xmlns=\"https:\/\/www.w3.org\/2000\/svg\" xmlns:xlink=\"https:\/\/www.w3.org\/1999\/xlink\"><g stroke=\"none\" stroke-width=\"1\" fill=\"none\" fill-rule=\"evenodd\"><g transform=\"translate(-511.000000, -20.000000)\" fill=\"#000000\"><g><path d=\"M556.869,30.41 C554.814,30.41 553.148,32.076 553.148,34.131 C553.148,36.186 554.814,37.852 556.869,37.852 C558.924,37.852 560.59,36.186 560.59,34.131 C560.59,32.076 558.924,30.41 556.869,30.41 M541,60.657 C535.114,60.657 530.342,55.887 530.342,50 C530.342,44.114 535.114,39.342 541,39.342 C546.887,39.342 551.658,44.114 551.658,50 C551.658,55.887 546.887,60.657 541,60.657 M541,33.886 C532.1,33.886 524.886,41.1 524.886,50 C524.886,58.899 532.1,66.113 541,66.113 C549.9,66.113 557.115,58.899 557.115,50 C557.115,41.1 549.9,33.886 541,33.886 M565.378,62.101 C565.244,65.022 564.756,66.606 564.346,67.663 C563.803,69.06 563.154,70.057 562.106,71.106 C561.058,72.155 560.06,72.803 558.662,73.347 C557.607,73.757 556.021,74.244 553.102,74.378 C549.944,74.521 548.997,74.552 541,74.552 C533.003,74.552 532.056,74.521 528.898,74.378 C525.979,74.244 524.393,73.757 523.338,73.347 C521.94,72.803 520.942,72.155 519.894,71.106 C518.846,70.057 518.197,69.06 517.654,67.663 C517.244,66.606 516.755,65.022 516.623,62.101 C516.479,58.943 516.448,57.996 516.448,50 C516.448,42.003 516.479,41.056 516.623,37.899 C516.755,34.978 517.244,33.391 517.654,32.338 C518.197,30.938 518.846,29.942 519.894,28.894 C520.942,27.846 521.94,27.196 523.338,26.654 C524.393,26.244 525.979,25.756 528.898,25.623 C532.057,25.479 533.004,25.448 541,25.448 C548.997,25.448 549.943,25.479 553.102,25.623 C556.021,25.756 557.607,26.244 558.662,26.654 C560.06,27.196 561.058,27.846 562.106,28.894 C563.154,29.942 563.803,30.938 564.346,32.338 C564.756,33.391 565.244,34.978 565.378,37.899 C565.522,41.056 565.552,42.003 565.552,50 C565.552,57.996 565.522,58.943 565.378,62.101 M570.82,37.631 C570.674,34.438 570.167,32.258 569.425,30.349 C568.659,28.377 567.633,26.702 565.965,25.035 C564.297,23.368 562.623,22.342 560.652,21.575 C558.743,20.834 556.562,20.326 553.369,20.18 C550.169,20.033 549.148,20 541,20 C532.853,20 531.831,20.033 528.631,20.18 C525.438,20.326 523.257,20.834 521.349,21.575 C519.376,22.342 517.703,23.368 516.035,25.035 C514.368,26.702 513.342,28.377 512.574,30.349 C511.834,32.258 511.326,34.438 511.181,37.631 C511.035,40.831 511,41.851 511,50 C511,58.147 511.035,59.17 511.181,62.369 C511.326,65.562 511.834,67.743 512.574,69.651 C513.342,71.625 514.368,73.296 516.035,74.965 C517.703,76.634 519.376,77.658 521.349,78.425 C523.257,79.167 525.438,79.673 528.631,79.82 C531.831,79.965 532.853,80.001 541,80.001 C549.148,80.001 550.169,79.965 553.369,79.82 C556.562,79.673 558.743,79.167 560.652,78.425 C562.623,77.658 564.297,76.634 565.965,74.965 C567.633,73.296 568.659,71.625 569.425,69.651 C570.167,67.743 570.674,65.562 570.82,62.369 C570.966,59.17 571,58.147 571,50 C571,41.851 570.966,40.831 570.82,37.631\"><\/path><\/g><\/g><\/g><\/svg><\/div>\n<div>\n<div>Ver essa foto no Instagram<\/div>\n<\/div>\n<div><\/div>\n<div>\n<div>\n<div><\/div>\n<div><\/div>\n<div><\/div>\n<\/div>\n<div>\n<div><\/div>\n<div><\/div>\n<\/div>\n<div>\n<div><\/div>\n<div><\/div>\n<div><\/div>\n<\/div>\n<\/div>\n<div>\n<div><\/div>\n<div><\/div>\n<\/div>\n<p><\/a><\/p>\n<p><a href=\"https:\/\/www.instagram.com\/p\/DJmLG4YO8GX\/?utm_source=ig_embed&amp;utm_campaign=loading\" target=\"_blank\" rel=\"noopener noreferrer nofollow\">Uma publica\u00e7\u00e3o compartilhada por A Craco Resiste (@cracoresiste)<\/a><\/p>\n<\/div>\n<\/blockquote>\n<h3>Leia outras not\u00edcias sobre viol\u00eancia no centro de S\u00e3o Paulo<\/h3>\n<ul>\n<li><a href=\"https:\/\/tvtnews.com.br\/moinho-paraisopolis-reagem-truculencia-tarcisio\/\">Moinho e Parais\u00f3polis reagem \u00e0 trucul\u00eancia do governo Tarc\u00edsio<\/a><\/li>\n<li><a href=\"https:\/\/tvtnews.com.br\/deputada-denuncia-violencia-na-favela-do-moinho\/\">Deputada denuncia viol\u00eancia policial em reintegra\u00e7\u00e3o na Favela do Moinho<\/a><\/li>\n<\/ul>\n<\/p>\n<p>The post <a rel=\"nofollow\" href=\"https:\/\/tvtnews.com.br\/cracolandia-sumiu-o-que-esta-acontecendo\/\">Cracol\u00e2ndia sumiu? O que est\u00e1 acontecendo?<\/a> appeared first on <a rel=\"nofollow\" href=\"https:\/\/tvtnews.com.br\/\">TVT News<\/a>.<\/p>\n<!-- Begin Yuzo --><div class='yuzo_related_post style-1'  data-version='5.12.89'><!-- without result --><div class='yuzo_clearfixed yuzo__title yuzo__title'><h3>Related Post<\/h3><\/div>\n\t\t\t\t\t\t  <div class=\"relatedthumb \" style=\"width:125px;float:left;overflow:hidden;\">  \n\t\t\t\t\t\t\t  \n\t\t\t\t\t\t\t  <a  href=\"https:\/\/redept.com.br\/blogosfera\/lula-lidera-indice-de-desempenho-digital-com-discurso-soberano\/\"  >\n\t\t\t\t\t\t\t\t\t  <div class=\"yuzo-img-wrap \" style=\"width: 125px;height:90px;\">\n\t\t\t\t\t\t\t\t\t\t\n\t\t\t\t\t\t\t\t\t\t<div class=\"yuzo-img\" style=\"background:url('https:\/\/redept.org\/blogosfera\/wp-content\/plugins\/yuzo-related-post\/assets\/images\/default.png') 50% 50% no-repeat;width: 125px;height:90px;margin-bottom: 5px;background-size: cover; \"><\/div>\n\t\t\t\t\t\t\t\t\t  <\/div>\n\t\t\t\t\t\t\t\t\t  \n\t\t\t\t\t\t\t\t   <span class=\"yuzo__text--title\" style=\"font-size:13px;\">Lula lidera \u00edndice de desempenho digital com discu...<\/span>\n\t\t\t\t\t\t\t  \n\t\t\t\t\t\t\t  \n\t\t\t\t\t\t\t  <\/a>\n\n\t\t\t\t\t\t  <\/div>\n\t\t\t\t\t\t  <div class=\"relatedthumb \" style=\"width:125px;float:left;overflow:hidden;\">  \n\t\t\t\t\t\t\t  \n\t\t\t\t\t\t\t  <a  href=\"https:\/\/redept.com.br\/blogosfera\/o-que-disse-o-chanceler-chines-wang-yi-e-o-que-disse-o-jornal-o-globo\/\"  >\n\t\t\t\t\t\t\t\t\t  <div class=\"yuzo-img-wrap \" style=\"width: 125px;height:90px;\">\n\t\t\t\t\t\t\t\t\t\t\n\t\t\t\t\t\t\t\t\t\t<div class=\"yuzo-img\" style=\"background:url('https:\/\/redept.com.br\/blogosfera\/wp-content\/uploads\/2026\/03\/Opcao-1-150x150.png') 50% 50% no-repeat;width: 125px;height:90px;margin-bottom: 5px;background-size: cover; \"><\/div>\n\t\t\t\t\t\t\t\t\t  <\/div>\n\t\t\t\t\t\t\t\t\t  \n\t\t\t\t\t\t\t\t   <span class=\"yuzo__text--title\" style=\"font-size:13px;\">O que disse o chanceler chin\u00eas Wang Yi e o que dis...<\/span>\n\t\t\t\t\t\t\t  \n\t\t\t\t\t\t\t  \n\t\t\t\t\t\t\t  <\/a>\n\n\t\t\t\t\t\t  <\/div>\n\t\t\t\t\t\t  <div class=\"relatedthumb \" style=\"width:125px;float:left;overflow:hidden;\">  \n\t\t\t\t\t\t\t  \n\t\t\t\t\t\t\t  <a  href=\"https:\/\/redept.com.br\/blogosfera\/ufmg-rumo-ao-centenario-democracia-e-cuidado-marcam-comemoracao-de-98-anos\/\"  >\n\t\t\t\t\t\t\t\t\t  <div class=\"yuzo-img-wrap \" style=\"width: 125px;height:90px;\">\n\t\t\t\t\t\t\t\t\t\t\n\t\t\t\t\t\t\t\t\t\t<div class=\"yuzo-img\" style=\"background:url('https:\/\/redept.org\/blogosfera\/wp-content\/plugins\/yuzo-related-post\/assets\/images\/default.png') 50% 50% no-repeat;width: 125px;height:90px;margin-bottom: 5px;background-size: cover; \"><\/div>\n\t\t\t\t\t\t\t\t\t  <\/div>\n\t\t\t\t\t\t\t\t\t  \n\t\t\t\t\t\t\t\t   <span class=\"yuzo__text--title\" style=\"font-size:13px;\">UFMG rumo ao centen\u00e1rio: democracia e cuidado marc...<\/span>\n\t\t\t\t\t\t\t  \n\t\t\t\t\t\t\t  \n\t\t\t\t\t\t\t  <\/a>\n\n\t\t\t\t\t\t  <\/div>\n\t\t\t\t\t\t  <div class=\"relatedthumb \" style=\"width:125px;float:left;overflow:hidden;\">  \n\t\t\t\t\t\t\t  \n\t\t\t\t\t\t\t  <a  href=\"https:\/\/redept.com.br\/blogosfera\/para-enxergar-o-ira-sem-os-filtros-da-midia\/\"  >\n\t\t\t\t\t\t\t\t\t  <div class=\"yuzo-img-wrap \" style=\"width: 125px;height:90px;\">\n\t\t\t\t\t\t\t\t\t\t\n\t\t\t\t\t\t\t\t\t\t<div class=\"yuzo-img\" style=\"background:url('https:\/\/redept.com.br\/blogosfera\/wp-content\/uploads\/2026\/02\/260227-MossadeghB-150x150.jpg') 50% 50% no-repeat;width: 125px;height:90px;margin-bottom: 5px;background-size: cover; \"><\/div>\n\t\t\t\t\t\t\t\t\t  <\/div>\n\t\t\t\t\t\t\t\t\t  \n\t\t\t\t\t\t\t\t   <span class=\"yuzo__text--title\" style=\"font-size:13px;\">Para enxergar o Ir\u00e3 sem os filtros da m\u00eddia<\/span>\n\t\t\t\t\t\t\t  \n\t\t\t\t\t\t\t  \n\t\t\t\t\t\t\t  <\/a>\n\n\t\t\t\t\t\t  <\/div>\n<\/div> <script>\n\t\t\t\t\t\t  jQuery(document).ready(function( $ ){\n\t\t\t\t\t\t\t\/\/jQuery('.yuzo_related_post').equalizer({ overflow : 'relatedthumb' });\n\t\t\t\t\t\t\tjQuery('.yuzo_related_post .yuzo_wraps').equalizer({ columns : '> div' });\n\t\t\t\t\t\t   })\n\t\t\t\t\t\t  <\/script> <!-- End Yuzo :) -->","protected":false},"excerpt":{"rendered":"<p>A Cracol\u00e2ndia sumiu? Onde ela foi parar? Ela segue existindo. As pessoas com depend\u00eancia qu\u00edmica n\u00e3o deixaram de existir da noite para o dia. O que est\u00e1 acontecendo s\u00e3o atos de viol\u00eancia por parte da Pol\u00edcia Militar de S\u00e3o Paulo que tem dispersado o grupo pela cidade. Saiba mais na TVT News. A Cracol\u00e2ndia sumiu? [&hellip;]<\/p>\n","protected":false},"author":2,"featured_media":27800,"comment_status":"closed","ping_status":"closed","sticky":false,"template":"","format":"standard","meta":{"fifu_image_url":"","fifu_image_alt":"","footnotes":""},"categories":[264,3199,473,2099,492,29,506],"tags":[],"class_list":["post-27799","post","type-post","status-publish","format-standard","has-post-thumbnail","hentry","category-cidadania","category-cracolandia","category-destaque-medio","category-pm","category-prefeitura-de-sao-paulo","category-sao-paulo","category-violencia-policial"],"_links":{"self":[{"href":"https:\/\/redept.com.br\/blogosfera\/wp-json\/wp\/v2\/posts\/27799","targetHints":{"allow":["GET"]}}],"collection":[{"href":"https:\/\/redept.com.br\/blogosfera\/wp-json\/wp\/v2\/posts"}],"about":[{"href":"https:\/\/redept.com.br\/blogosfera\/wp-json\/wp\/v2\/types\/post"}],"author":[{"embeddable":true,"href":"https:\/\/redept.com.br\/blogosfera\/wp-json\/wp\/v2\/users\/2"}],"replies":[{"embeddable":true,"href":"https:\/\/redept.com.br\/blogosfera\/wp-json\/wp\/v2\/comments?post=27799"}],"version-history":[{"count":0,"href":"https:\/\/redept.com.br\/blogosfera\/wp-json\/wp\/v2\/posts\/27799\/revisions"}],"wp:featuredmedia":[{"embeddable":true,"href":"https:\/\/redept.com.br\/blogosfera\/wp-json\/wp\/v2\/media\/27800"}],"wp:attachment":[{"href":"https:\/\/redept.com.br\/blogosfera\/wp-json\/wp\/v2\/media?parent=27799"}],"wp:term":[{"taxonomy":"category","embeddable":true,"href":"https:\/\/redept.com.br\/blogosfera\/wp-json\/wp\/v2\/categories?post=27799"},{"taxonomy":"post_tag","embeddable":true,"href":"https:\/\/redept.com.br\/blogosfera\/wp-json\/wp\/v2\/tags?post=27799"}],"curies":[{"name":"wp","href":"https:\/\/api.w.org\/{rel}","templated":true}]}}