{"id":28051,"date":"2025-05-15T19:04:54","date_gmt":"2025-05-15T22:04:54","guid":{"rendered":"https:\/\/redept.org\/blogosfera\/vendas-no-comercio-crescem-08-e-atingem-maior-nivel-em-25-anos\/"},"modified":"2025-05-15T19:04:54","modified_gmt":"2025-05-15T22:04:54","slug":"vendas-no-comercio-crescem-08-e-atingem-maior-nivel-em-25-anos","status":"publish","type":"post","link":"https:\/\/redept.com.br\/blogosfera\/vendas-no-comercio-crescem-08-e-atingem-maior-nivel-em-25-anos\/","title":{"rendered":"Vendas no com\u00e9rcio crescem 0,8% e atingem maior n\u00edvel em 25 anos"},"content":{"rendered":"<p><img loading=\"lazy\" width=\"1024\" height=\"576\"src=\"https:\/\/redept.org\/blogosfera\/wp-content\/uploads\/2025\/05\/livraria_Marcelo-Camargo_Agencia-Brasil.jpg\" alt=\"\" decoding=\"async\" loading=\"lazy\" srcset=\"https:\/\/vermelho.org.br\/wp-content\/uploads\/2025\/05\/livraria_Marcelo-Camargo_Agencia-Brasil-1024x576.jpg 1024w, https:\/\/vermelho.org.br\/wp-content\/uploads\/2025\/05\/livraria_Marcelo-Camargo_Agencia-Brasil-300x169.jpg 300w, https:\/\/vermelho.org.br\/wp-content\/uploads\/2025\/05\/livraria_Marcelo-Camargo_Agencia-Brasil-768x432.jpg 768w, https:\/\/vermelho.org.br\/wp-content\/uploads\/2025\/05\/livraria_Marcelo-Camargo_Agencia-Brasil-1536x864.jpg 1536w, https:\/\/redept.org\/blogosfera\/wp-content\/uploads\/2025\/05\/livraria_Marcelo-Camargo_Agencia-Brasil.jpg 1890w\" sizes=\"auto, (max-width: 1024px) 100vw, 1024px\"><\/p>\n<p>As vendas no com\u00e9rcio varejista brasileiro cresceram 0,8% entre fevereiro e mar\u00e7o, chegando ao maior n\u00edvel da s\u00e9rie hist\u00f3rica do IBGE (Instituto Brasileiro de Geografia e Estat\u00edstica), iniciada em 2000. Esta \u00e9 a terceira taxa consecutiva de aumento.<\/p>\n<p>Segundo a Pesquisa Mensal de Com\u00e9rcio (PMC), com o resultado, a m\u00e9dia m\u00f3vel trimestral foi de 0,6%, ap\u00f3s avan\u00e7o de 0,3% no trimestre encerrado em fevereiro.<\/p>\n<p>O gerente da PMC, Cristiano Santos, chama aten\u00e7\u00e3o para a distribui\u00e7\u00e3o desse avan\u00e7o entre diversos setores. \u201cTivemos seis atividades em crescimento, inclusive as com mais peso, como a farmac\u00eautica e hiper e supermercados. Os meses anteriores mostram uma volta ao protagonismo de hiper e super, especialmente em fevereiro, com alta de 1,2%\u201d, salientou.<\/p>\n<p>Seis das oito atividades investigadas na pesquisa avan\u00e7aram em mar\u00e7o deste ano. Dentre elas, os destaques foram os setores de Livros, jornais, revistas e papelaria (28,2%) e Equipamentos e material para escrit\u00f3rio, inform\u00e1tica e comunica\u00e7\u00e3o (3,0%).<\/p>\n<p><strong>Leia tamb\u00e9m: <\/strong><a href=\"https:\/\/vermelho.org.br\/2025\/05\/12\/alckmin-rebate-empresarios-e-lista-acoes-do-governo-que-impulsionam-economia\/\">Alckmin rebate empres\u00e1rios e lista a\u00e7\u00f5es do governo que impulsionam economia<\/a><\/p>\n<p>\u201cO setor de livros, jornais, revistas e papelaria tem experienciado nos \u00faltimos anos um m\u00eas de fevereiro com crescimento pronunciado, sobretudo por conta de vendas de livros did\u00e1ticos. No ano de 2025 esse desempenho positivo n\u00e3o aconteceu em fevereiro para o setor, se deslocando para mar\u00e7o, por conta de varia\u00e7\u00f5es no calend\u00e1rio escolar e varia\u00e7\u00f5es nos momentos de fechamento de contratos novos\u201d, argumenta Santos.<\/p>\n<p>Tamb\u00e9m tiveram desempenho positivo os setores Outros artigos de uso pessoal e dom\u00e9stico (1,5%); Artigos farmac\u00eauticos, m\u00e9dicos, ortop\u00e9dicos e de perfumaria (1,2%); Tecidos, vestu\u00e1rio e cal\u00e7ados (1,2%) e Hiper, supermercados, produtos\u00a0aliment\u00edcios, bebidas e fumo (0,4%).<\/p>\n<p>Com resultado inverso est\u00e3o os segmentos de M\u00f3veis e eletrodom\u00e9sticos (-0,4%) e Combust\u00edveis e lubrificantes (-2,1%).<\/p>\n<p>Na compara\u00e7\u00e3o com mar\u00e7o do ano passado, a PMC aponta que tiveram crescimento os setores de M\u00f3veis e eletrodom\u00e9sticos (3,3%); Artigos farmac\u00eauticos, m\u00e9dicos, ortop\u00e9dicos e de perfumaria (2,1%) e Tecidos, vestu\u00e1rio e cal\u00e7ados (1,4%).<\/p>\n<p>J\u00e1 na ponta oposta, apresentaram recuo os seguintes setores: Livros, jornais, revistas e papelaria (-6,9%); Outros artigos de uso pessoal e dom\u00e9stico (-6,3%); Equipamentos e material para escrit\u00f3rio, inform\u00e1tica e comunica\u00e7\u00e3o (-2,1%); Hiper, supermercados, produtos\u00a0 aliment\u00edcios, bebidas e fumo (-1,4%) e\u00a0 Combust\u00edveis e lubrificantes (-0,8%).<\/p>\n<p>Com informa\u00e7\u00f5es da Ag\u00eancia IBGE<\/p>\n<p>O post <a href=\"https:\/\/vermelho.org.br\/2025\/05\/15\/vendas-no-comercio-crescem-08-e-atingem-maior-nivel-em-25-anos\/\">Vendas no com\u00e9rcio crescem 0,8% e atingem maior n\u00edvel em 25 anos<\/a> apareceu primeiro em <a href=\"https:\/\/vermelho.org.br\/\">Vermelho<\/a>.<\/p>\n<!-- Begin Yuzo --><div class='yuzo_related_post style-1'  data-version='5.12.89'><!-- without result --><div class='yuzo_clearfixed yuzo__title yuzo__title'><h3>Related Post<\/h3><\/div>\n\t\t\t\t\t\t  <div class=\"relatedthumb \" style=\"width:125px;float:left;overflow:hidden;\">  \n\t\t\t\t\t\t\t  \n\t\t\t\t\t\t\t  <a  href=\"https:\/\/redept.com.br\/blogosfera\/trabalhar-sem-direitos-envelhecer-sem-protecao\/\"  >\n\t\t\t\t\t\t\t\t\t  <div class=\"yuzo-img-wrap \" style=\"width: 125px;height:90px;\">\n\t\t\t\t\t\t\t\t\t\t\n\t\t\t\t\t\t\t\t\t\t<div class=\"yuzo-img\" style=\"background:url('https:\/\/redept.com.br\/blogosfera\/wp-content\/uploads\/2025\/11\/Screenshot-2025-11-04-at-17-11-55-capa-entregadoras-terceirizadas-do-ifood-nao-registram-funcionarios-junto-ao-governo-federal-1jpg-imagem-JPEG-640-427-pixels-150x150.png') 50% 50% no-repeat;width: 125px;height:90px;margin-bottom: 5px;background-size: cover; \"><\/div>\n\t\t\t\t\t\t\t\t\t  <\/div>\n\t\t\t\t\t\t\t\t\t  \n\t\t\t\t\t\t\t\t   <span class=\"yuzo__text--title\" style=\"font-size:13px;\">Trabalhar sem direitos, envelhecer sem prote\u00e7\u00e3o<\/span>\n\t\t\t\t\t\t\t  \n\t\t\t\t\t\t\t  \n\t\t\t\t\t\t\t  <\/a>\n\n\t\t\t\t\t\t  <\/div>\n\t\t\t\t\t\t  <div class=\"relatedthumb \" style=\"width:125px;float:left;overflow:hidden;\">  \n\t\t\t\t\t\t\t  \n\t\t\t\t\t\t\t  <a  href=\"https:\/\/www.pragmatismopolitico.com.br\/2025\/10\/morre-mais-um-brasileiro-que-foi-defender-zelensky-na-guerra-contra-a-russia.html\"  >\n\t\t\t\t\t\t\t\t\t  <div class=\"yuzo-img-wrap \" style=\"width: 125px;height:90px;\">\n\t\t\t\t\t\t\t\t\t\t\n\t\t\t\t\t\t\t\t\t\t<div class=\"yuzo-img\" style=\"background:url('https:\/\/www.pragmatismopolitico.com.br\/wp-content\/uploads\/2025\/10\/pbucrania.jpg') 50% 50% no-repeat;width: 125px;height:90px;margin-bottom: 5px;background-size: cover; \"><\/div>\n\t\t\t\t\t\t\t\t\t  <\/div>\n\t\t\t\t\t\t\t\t\t  \n\t\t\t\t\t\t\t\t   <span class=\"yuzo__text--title\" style=\"font-size:13px;\">Morre mais um brasileiro que foi defender Zelensky...<\/span>\n\t\t\t\t\t\t\t  \n\t\t\t\t\t\t\t  \n\t\t\t\t\t\t\t  <\/a>\n\n\t\t\t\t\t\t  <\/div>\n\t\t\t\t\t\t  <div class=\"relatedthumb \" style=\"width:125px;float:left;overflow:hidden;\">  \n\t\t\t\t\t\t\t  \n\t\t\t\t\t\t\t  <a  href=\"https:\/\/redept.com.br\/blogosfera\/curso-fake-foi-punicao-psol-aciona-mp-contra-prefeito-de-sp-por-afastar-diretores-de-escolas-publicas\/\"  >\n\t\t\t\t\t\t\t\t\t  <div class=\"yuzo-img-wrap \" style=\"width: 125px;height:90px;\">\n\t\t\t\t\t\t\t\t\t\t\n\t\t\t\t\t\t\t\t\t\t<div class=\"yuzo-img\" style=\"background:url('https:\/\/redept.org\/blogosfera\/wp-content\/plugins\/yuzo-related-post\/assets\/images\/default.png') 50% 50% no-repeat;width: 125px;height:90px;margin-bottom: 5px;background-size: cover; \"><\/div>\n\t\t\t\t\t\t\t\t\t  <\/div>\n\t\t\t\t\t\t\t\t\t  \n\t\t\t\t\t\t\t\t   <span class=\"yuzo__text--title\" style=\"font-size:13px;\">\u2018Curso fake foi puni\u00e7\u00e3o\u2019: Psol aciona MP contra pr...<\/span>\n\t\t\t\t\t\t\t  \n\t\t\t\t\t\t\t  \n\t\t\t\t\t\t\t  <\/a>\n\n\t\t\t\t\t\t  <\/div>\n\t\t\t\t\t\t  <div class=\"relatedthumb \" style=\"width:125px;float:left;overflow:hidden;\">  \n\t\t\t\t\t\t\t  \n\t\t\t\t\t\t\t  <a  href=\"https:\/\/redept.com.br\/blogosfera\/legitimos-donos-de-gaza-retornam-as-ruinas-do-enclave-em-israel-apos-cessar-fogo-video\/\"  >\n\t\t\t\t\t\t\t\t\t  <div class=\"yuzo-img-wrap \" style=\"width: 125px;height:90px;\">\n\t\t\t\t\t\t\t\t\t\t\n\t\t\t\t\t\t\t\t\t\t<div class=\"yuzo-img\" style=\"background:url('https:\/\/redept.org\/blogosfera\/wp-content\/plugins\/yuzo-related-post\/assets\/images\/default.png') 50% 50% no-repeat;width: 125px;height:90px;margin-bottom: 5px;background-size: cover; \"><\/div>\n\t\t\t\t\t\t\t\t\t  <\/div>\n\t\t\t\t\t\t\t\t\t  \n\t\t\t\t\t\t\t\t   <span class=\"yuzo__text--title\" style=\"font-size:13px;\">Leg\u00edtimos donos de Gaza retornam \u00e0s ru\u00ednas do encl...<\/span>\n\t\t\t\t\t\t\t  \n\t\t\t\t\t\t\t  \n\t\t\t\t\t\t\t  <\/a>\n\n\t\t\t\t\t\t  <\/div>\n<\/div> <script>\n\t\t\t\t\t\t  jQuery(document).ready(function( $ ){\n\t\t\t\t\t\t\t\/\/jQuery('.yuzo_related_post').equalizer({ overflow : 'relatedthumb' });\n\t\t\t\t\t\t\tjQuery('.yuzo_related_post .yuzo_wraps').equalizer({ columns : '> div' });\n\t\t\t\t\t\t   })\n\t\t\t\t\t\t  <\/script> <!-- End Yuzo :) -->","protected":false},"excerpt":{"rendered":"<p>As vendas no com\u00e9rcio varejista brasileiro cresceram 0,8% entre fevereiro e mar\u00e7o, chegando ao maior n\u00edvel da s\u00e9rie hist\u00f3rica do IBGE (Instituto Brasileiro de Geografia e Estat\u00edstica), iniciada em 2000. Esta \u00e9 a terceira taxa consecutiva de aumento. Segundo a Pesquisa Mensal de Com\u00e9rcio (PMC), com o resultado, a m\u00e9dia m\u00f3vel trimestral foi de 0,6%, [&hellip;]<\/p>\n","protected":false},"author":2,"featured_media":28052,"comment_status":"closed","ping_status":"closed","sticky":false,"template":"","format":"standard","meta":{"fifu_image_url":"","fifu_image_alt":"","footnotes":""},"categories":[1767,3740,221,481,4962],"tags":[],"class_list":["post-28051","post","type-post","status-publish","format-standard","has-post-thumbnail","hentry","category-comercio","category-comercio-varejista","category-economia","category-ibge","category-pesquisa-mensal-de-comercio"],"_links":{"self":[{"href":"https:\/\/redept.com.br\/blogosfera\/wp-json\/wp\/v2\/posts\/28051","targetHints":{"allow":["GET"]}}],"collection":[{"href":"https:\/\/redept.com.br\/blogosfera\/wp-json\/wp\/v2\/posts"}],"about":[{"href":"https:\/\/redept.com.br\/blogosfera\/wp-json\/wp\/v2\/types\/post"}],"author":[{"embeddable":true,"href":"https:\/\/redept.com.br\/blogosfera\/wp-json\/wp\/v2\/users\/2"}],"replies":[{"embeddable":true,"href":"https:\/\/redept.com.br\/blogosfera\/wp-json\/wp\/v2\/comments?post=28051"}],"version-history":[{"count":0,"href":"https:\/\/redept.com.br\/blogosfera\/wp-json\/wp\/v2\/posts\/28051\/revisions"}],"wp:featuredmedia":[{"embeddable":true,"href":"https:\/\/redept.com.br\/blogosfera\/wp-json\/wp\/v2\/media\/28052"}],"wp:attachment":[{"href":"https:\/\/redept.com.br\/blogosfera\/wp-json\/wp\/v2\/media?parent=28051"}],"wp:term":[{"taxonomy":"category","embeddable":true,"href":"https:\/\/redept.com.br\/blogosfera\/wp-json\/wp\/v2\/categories?post=28051"},{"taxonomy":"post_tag","embeddable":true,"href":"https:\/\/redept.com.br\/blogosfera\/wp-json\/wp\/v2\/tags?post=28051"}],"curies":[{"name":"wp","href":"https:\/\/api.w.org\/{rel}","templated":true}]}}