{"id":28628,"date":"2025-05-19T17:31:28","date_gmt":"2025-05-19T20:31:28","guid":{"rendered":"https:\/\/redept.org\/blogosfera\/iffhs-coloca-messi-no-topo-e-pele-em-segundo-lugar-entre-os-maiores-da-historia\/"},"modified":"2025-05-19T17:31:28","modified_gmt":"2025-05-19T20:31:28","slug":"iffhs-coloca-messi-no-topo-e-pele-em-segundo-lugar-entre-os-maiores-da-historia","status":"publish","type":"post","link":"https:\/\/redept.com.br\/blogosfera\/iffhs-coloca-messi-no-topo-e-pele-em-segundo-lugar-entre-os-maiores-da-historia\/","title":{"rendered":"IFFHS coloca Messi no topo e Pel\u00e9 em segundo lugar entre os maiores da hist\u00f3ria"},"content":{"rendered":"<\/p>\n<p>A IFFHS (Federa\u00e7\u00e3o Internacional de Hist\u00f3ria e Estat\u00edsticas do Futebol) divulgou um ranking com os dez maiores jogadores da hist\u00f3ria. A lista re\u00fane nomes que marcaram gera\u00e7\u00f5es e deixaram legado no<a href=\"https:\/\/tvtnews.com.br\/tag\/futebol\/\" data-type=\"post_tag\" data-id=\"4581\"> futebol<\/a> mundial. Saiba mais em <a href=\"https:\/\/tvtnews.com.br\/\" data-type=\"page\" data-id=\"733503\">TVT News<\/a>.<\/p>\n<p>A federa\u00e7\u00e3o n\u00e3o detalhou os crit\u00e9rios usados no ranking, mas o levantamento considera toda a carreira dos atletas, incluindo n\u00fameros, estat\u00edsticas e conquistas.<\/p>\n<p>O <a href=\"https:\/\/tvtnews.com.br\/tag\/argentina\/\" data-type=\"post_tag\" data-id=\"4427\">argentino<\/a> Lionel Messi aparece na primeira coloca\u00e7\u00e3o, seguido de Pel\u00e9 e Diego Maradona.<\/p>\n<p>Al\u00e9m de Messi e <a href=\"https:\/\/tvtnews.com.br\/museu-do-futebol-lanca-livro-gratuito-de-cronicas\/\" data-type=\"post\" data-id=\"733476\">Pel\u00e9<\/a>, o ranking da IFFHS inclui mais dois brasileiros: Ronaldo Fen\u00f4meno, em sexto lugar, e Ronaldinho Ga\u00facho, na d\u00e9cima posi\u00e7\u00e3o.<\/p>\n<p>O<a href=\"https:\/\/tvtnews.com.br\/tag\/brasil\/\" data-type=\"post_tag\" data-id=\"4494\"> Brasil<\/a>, inclusive, \u00e9 o pa\u00eds com mais jogadores no Top 10 do ranking elaborado pela\u00a0IFFHS.<\/p>\n<\/p>\n<h2>Veja 10 maiores jogadores de futebol da hist\u00f3ria segundo a IFFHS:<\/h2>\n<ol>\n<li>Lionel Messi (Argentina)<\/li>\n<li>Pel\u00e9 (Brasil)<\/li>\n<li>Diego Maradona (Argentina)<\/li>\n<li>Cristiano Ronaldo (Portugal)<\/li>\n<li>Johan Cruyff (Holanda)<\/li>\n<li>Ronaldo (Brasil)<\/li>\n<li>Zinedine Zidane (Fran\u00e7a)<\/li>\n<li>Franz Beckenbauer (Alemanha)<\/li>\n<li>Alfredo Di St\u00e9fano (Espanha)<\/li>\n<li>Ronaldinho Ga\u00facho (Brasil)<\/li>\n<\/ol>\n<figure><\/figure>\n<\/p>\n<h2>Bolas de ouro<\/h2>\n<p>Messi \u00e9 o maior vencedor da <a href=\"https:\/\/tvtnews.com.br\/marta-e-vini-junior-sao-premiados-no-fifa-best-2024\/\" data-type=\"post\" data-id=\"733404\">Bola de Ouro<\/a>, com oito t\u00edtulos ao longo da carreira. Pel\u00e9, por sua vez, recebeu uma Bola de Ouro simb\u00f3lica em 2015, j\u00e1 que, entre 1956 e 1995, apenas jogadores europeus podiam concorrer. A FIFA reconhece que o Rei do Futebol teria vencido sete vezes, entre 1958 e 1970.<\/p>\n<p><\/p>\n<h2>Repercuss\u00e3o: Pel\u00e9 \u00e9 maior que Messi?<\/h2>\n<p>A lista gerou discuss\u00f5es nas redes sociais. Enquanto muitas pessoas concordaram com os nomes escolhidos, outras discordaram. Como a IFFHS n\u00e3o explicou a metodologia usada para o ranking, o resultado acabou gerando ainda mais controv\u00e9rsia. Veja abaixo alguns coment\u00e1rios:<\/p>\n<blockquote>\n<p lang=\"pt\" dir=\"ltr\">Piada kkkkkkkkk n\u00e3o fez nem metade das coisas que o Pel\u00e9 fez. Se o Messi \u00e9 o melhor de todos os tempos, ent\u00e3o a hist\u00f3ria do futebol \u00e9 escrita a l\u00e1pis. <a href=\"https:\/\/t.co\/wjF2aNe67t\" target=\"_blank\" rel=\"noopener noreferrer nofollow\">pic.twitter.com\/wjF2aNe67t<\/a><\/p>\n<p>\u2014 Davi (@DaviWalker117) <a href=\"https:\/\/twitter.com\/DaviWalker117\/status\/1924199805120610450?ref_src=twsrc%5Etfw\" target=\"_blank\" rel=\"noopener noreferrer nofollow\">May 18, 2025<\/a><\/p><\/blockquote>\n<blockquote>\n<p lang=\"pt\" dir=\"ltr\">Voc\u00eas BURROS n\u00e3o sabem que a federa\u00e7\u00e3o de hist\u00f3ria E ESTAT\u00cdSTICAS do tem em base ESTAT\u00cdSTICAS e n\u00e3o votos nem opini\u00f5es, por isso a vossa opini\u00e3o n\u00e3o importa e sim MESSI \u00c9 O MELHOR DA HIST\u00d3RIA, j\u00e1 podem chorar \u00e0 vontade<\/p>\n<p>\u2014 Racel <imgsrc=\"\" alt=\"\ud83d\udc3c\"> (@vitinhov_06) <a href=\"https:\/\/twitter.com\/vitinhov_06\/status\/1924546960398155975?ref_src=twsrc%5Etfw\" target=\"_blank\" rel=\"noopener noreferrer nofollow\">May 19, 2025<\/a><\/p><\/blockquote>\n<p><\/p>\n<h4>Veja tamb\u00e9m: as not\u00edcias mais lidas da TVT News<\/h4>\n<p>Veja quais s\u00e3o as not\u00edcias mais lidas do \u00faltimo m\u00eas na TVT News<\/p>\n<ul>\n<li><a href=\"https:\/\/tvtnews.com.br\/copa-do-mundo-2026-quais-sao-paises-classificados\/\">Copa do Mundo 2026: quais s\u00e3o os pa\u00edses classificados?<\/a><\/li>\n<li><a href=\"https:\/\/tvtnews.com.br\/oscars-2025-acompanhe-a-cerimonia-com-a-tvt-news\/\">Veja lista completa dos Oscars 2025<\/a><\/li>\n<li><a href=\"https:\/\/tvtnews.com.br\/21-de-abril-dia-de-tiradentes-a-construcao-do-heroi\/\">21 de abril, Dia de Tiradentes: a constru\u00e7\u00e3o do her\u00f3i nacional<\/a><\/li>\n<li><a href=\"https:\/\/tvtnews.com.br\/acompanhe-o-estado-de-saude-do-papa-francisco\/\">Veja como foram os \u00faltimos dias do Papa Francisco<\/a><\/li>\n<li><a href=\"https:\/\/tvtnews.com.br\/papa-do-brasil-quem-sao-os-cardeais-brasileiros-no-conclave\/\">Quem s\u00e3o os cardeais brasileiros no conclave<\/a><\/li>\n<li><a href=\"https:\/\/tvtnews.com.br\/primeiro-de-maio-comemore-o-dia-do-trabalhador-e-da-trabalhadora\/\">1\u00b0 de maio: comemore o Dia do Trabalhador e da Trabalhadora<\/a><\/li>\n<\/ul>\n<p>The post <a rel=\"nofollow\" href=\"https:\/\/tvtnews.com.br\/iffhs-messi-no-topo-e-pele-em-segundo-lugar\/\">IFFHS coloca Messi no topo e Pel\u00e9 em segundo lugar entre os maiores da hist\u00f3ria<\/a> appeared first on <a rel=\"nofollow\" href=\"https:\/\/tvtnews.com.br\/\">TVT News<\/a>.<\/p>\n<!-- Begin Yuzo --><div class='yuzo_related_post style-1'  data-version='5.12.89'><!-- without result --><div class='yuzo_clearfixed yuzo__title yuzo__title'><h3>Related Post<\/h3><\/div>\n\t\t\t\t\t\t  <div class=\"relatedthumb \" style=\"width:125px;float:left;overflow:hidden;\">  \n\t\t\t\t\t\t\t  \n\t\t\t\t\t\t\t  <a  href=\"https:\/\/redept.com.br\/blogosfera\/selecao-brasileira-feminina-faz-historia-e-vence-estados-unidos-apos-mais-de-dez-anos\/\"  >\n\t\t\t\t\t\t\t\t\t  <div class=\"yuzo-img-wrap \" style=\"width: 125px;height:90px;\">\n\t\t\t\t\t\t\t\t\t\t\n\t\t\t\t\t\t\t\t\t\t<div class=\"yuzo-img\" style=\"background:url('https:\/\/redept.com.br\/blogosfera\/wp-content\/uploads\/2025\/04\/kerolin-selecao-2048x1358-1-150x150.webp') 50% 50% no-repeat;width: 125px;height:90px;margin-bottom: 5px;background-size: cover; \"><\/div>\n\t\t\t\t\t\t\t\t\t  <\/div>\n\t\t\t\t\t\t\t\t\t  \n\t\t\t\t\t\t\t\t   <span class=\"yuzo__text--title\" style=\"font-size:13px;\">Sele\u00e7\u00e3o brasileira feminina faz hist\u00f3ria e vence E...<\/span>\n\t\t\t\t\t\t\t  \n\t\t\t\t\t\t\t  \n\t\t\t\t\t\t\t  <\/a>\n\n\t\t\t\t\t\t  <\/div>\n\t\t\t\t\t\t  <div class=\"relatedthumb \" style=\"width:125px;float:left;overflow:hidden;\">  \n\t\t\t\t\t\t\t  \n\t\t\t\t\t\t\t  <a  href=\"https:\/\/redept.com.br\/blogosfera\/caos-apos-chuva-no-rio-de-janeiro-expoe-urgencia-de-medidas-de-adaptacao-climatica-nas-periferias-e-centros-urbanos\/\"  >\n\t\t\t\t\t\t\t\t\t  <div class=\"yuzo-img-wrap \" style=\"width: 125px;height:90px;\">\n\t\t\t\t\t\t\t\t\t\t\n\t\t\t\t\t\t\t\t\t\t<div class=\"yuzo-img\" style=\"background:url('https:\/\/redept.org\/blogosfera\/wp-content\/plugins\/yuzo-related-post\/assets\/images\/default.png') 50% 50% no-repeat;width: 125px;height:90px;margin-bottom: 5px;background-size: cover; \"><\/div>\n\t\t\t\t\t\t\t\t\t  <\/div>\n\t\t\t\t\t\t\t\t\t  \n\t\t\t\t\t\t\t\t   <span class=\"yuzo__text--title\" style=\"font-size:13px;\">Caos ap\u00f3s chuva no Rio de Janeiro exp\u00f5e urg\u00eancia d...<\/span>\n\t\t\t\t\t\t\t  \n\t\t\t\t\t\t\t  \n\t\t\t\t\t\t\t  <\/a>\n\n\t\t\t\t\t\t  <\/div>\n\t\t\t\t\t\t  <div class=\"relatedthumb \" style=\"width:125px;float:left;overflow:hidden;\">  \n\t\t\t\t\t\t\t  \n\t\t\t\t\t\t\t  <a  href=\"https:\/\/redept.com.br\/blogosfera\/comissao-de-seguranca-da-assembleia-legislativa-de-sp-se-reuniu-apenas-2-vezes-ao-longo-de-2025\/\"  >\n\t\t\t\t\t\t\t\t\t  <div class=\"yuzo-img-wrap \" style=\"width: 125px;height:90px;\">\n\t\t\t\t\t\t\t\t\t\t\n\t\t\t\t\t\t\t\t\t\t<div class=\"yuzo-img\" style=\"background:url('https:\/\/redept.org\/blogosfera\/wp-content\/plugins\/yuzo-related-post\/assets\/images\/default.png') 50% 50% no-repeat;width: 125px;height:90px;margin-bottom: 5px;background-size: cover; \"><\/div>\n\t\t\t\t\t\t\t\t\t  <\/div>\n\t\t\t\t\t\t\t\t\t  \n\t\t\t\t\t\t\t\t   <span class=\"yuzo__text--title\" style=\"font-size:13px;\">Comiss\u00e3o de Seguran\u00e7a da Assembleia Legislativa de...<\/span>\n\t\t\t\t\t\t\t  \n\t\t\t\t\t\t\t  \n\t\t\t\t\t\t\t  <\/a>\n\n\t\t\t\t\t\t  <\/div>\n\t\t\t\t\t\t  <div class=\"relatedthumb \" style=\"width:125px;float:left;overflow:hidden;\">  \n\t\t\t\t\t\t\t  \n\t\t\t\t\t\t\t  <a  href=\"https:\/\/redept.com.br\/blogosfera\/zeca-dirceu-reune-mais-de-300-liderancas-em-defesa-da-soberania-nacional\/\"  >\n\t\t\t\t\t\t\t\t\t  <div class=\"yuzo-img-wrap \" style=\"width: 125px;height:90px;\">\n\t\t\t\t\t\t\t\t\t\t\n\t\t\t\t\t\t\t\t\t\t<div class=\"yuzo-img\" style=\"background:url('https:\/\/redept.org\/blogosfera\/wp-content\/plugins\/yuzo-related-post\/assets\/images\/default.png') 50% 50% no-repeat;width: 125px;height:90px;margin-bottom: 5px;background-size: cover; \"><\/div>\n\t\t\t\t\t\t\t\t\t  <\/div>\n\t\t\t\t\t\t\t\t\t  \n\t\t\t\t\t\t\t\t   <span class=\"yuzo__text--title\" style=\"font-size:13px;\">Zeca Dirceu re\u00fane mais de 300 lideran\u00e7as em defesa...<\/span>\n\t\t\t\t\t\t\t  \n\t\t\t\t\t\t\t  \n\t\t\t\t\t\t\t  <\/a>\n\n\t\t\t\t\t\t  <\/div>\n<\/div> <script>\n\t\t\t\t\t\t  jQuery(document).ready(function( $ ){\n\t\t\t\t\t\t\t\/\/jQuery('.yuzo_related_post').equalizer({ overflow : 'relatedthumb' });\n\t\t\t\t\t\t\tjQuery('.yuzo_related_post .yuzo_wraps').equalizer({ columns : '> div' });\n\t\t\t\t\t\t   })\n\t\t\t\t\t\t  <\/script> <!-- End Yuzo :) -->","protected":false},"excerpt":{"rendered":"<p>A IFFHS (Federa\u00e7\u00e3o Internacional de Hist\u00f3ria e Estat\u00edsticas do Futebol) divulgou um ranking com os dez maiores jogadores da hist\u00f3ria. A lista re\u00fane nomes que marcaram gera\u00e7\u00f5es e deixaram legado no futebol mundial. Saiba mais em TVT News. A federa\u00e7\u00e3o n\u00e3o detalhou os crit\u00e9rios usados no ranking, mas o levantamento considera toda a carreira dos [&hellip;]<\/p>\n","protected":false},"author":2,"featured_media":0,"comment_status":"closed","ping_status":"closed","sticky":false,"template":"","format":"standard","meta":{"fifu_image_url":"","fifu_image_alt":"","footnotes":""},"categories":[473,1507,227],"tags":[],"class_list":["post-28628","post","type-post","status-publish","format-standard","hentry","category-destaque-medio","category-esportes","category-futebol"],"_links":{"self":[{"href":"https:\/\/redept.com.br\/blogosfera\/wp-json\/wp\/v2\/posts\/28628","targetHints":{"allow":["GET"]}}],"collection":[{"href":"https:\/\/redept.com.br\/blogosfera\/wp-json\/wp\/v2\/posts"}],"about":[{"href":"https:\/\/redept.com.br\/blogosfera\/wp-json\/wp\/v2\/types\/post"}],"author":[{"embeddable":true,"href":"https:\/\/redept.com.br\/blogosfera\/wp-json\/wp\/v2\/users\/2"}],"replies":[{"embeddable":true,"href":"https:\/\/redept.com.br\/blogosfera\/wp-json\/wp\/v2\/comments?post=28628"}],"version-history":[{"count":0,"href":"https:\/\/redept.com.br\/blogosfera\/wp-json\/wp\/v2\/posts\/28628\/revisions"}],"wp:attachment":[{"href":"https:\/\/redept.com.br\/blogosfera\/wp-json\/wp\/v2\/media?parent=28628"}],"wp:term":[{"taxonomy":"category","embeddable":true,"href":"https:\/\/redept.com.br\/blogosfera\/wp-json\/wp\/v2\/categories?post=28628"},{"taxonomy":"post_tag","embeddable":true,"href":"https:\/\/redept.com.br\/blogosfera\/wp-json\/wp\/v2\/tags?post=28628"}],"curies":[{"name":"wp","href":"https:\/\/api.w.org\/{rel}","templated":true}]}}