{"id":29149,"date":"2025-05-21T14:41:07","date_gmt":"2025-05-21T17:41:07","guid":{"rendered":"https:\/\/redept.org\/blogosfera\/sindbancarios-lanca-documentario-sobre-trabalhadores-atingidos-pela-enchente\/"},"modified":"2025-05-21T14:41:07","modified_gmt":"2025-05-21T17:41:07","slug":"sindbancarios-lanca-documentario-sobre-trabalhadores-atingidos-pela-enchente","status":"publish","type":"post","link":"https:\/\/redept.com.br\/blogosfera\/sindbancarios-lanca-documentario-sobre-trabalhadores-atingidos-pela-enchente\/","title":{"rendered":"SindBanc\u00e1rios lan\u00e7a document\u00e1rio sobre trabalhadores atingidos pela enchente"},"content":{"rendered":"<section>\n<div>\n<p>Na pr\u00f3xima ter\u00e7a-feira, (27), o SindBanc\u00e1rios ir\u00e1 lan\u00e7ar um document\u00e1rio curta-metragem sobre quem viveu na pele os efeitos da maior trag\u00e9dia clim\u00e1tica j\u00e1 registrada no Rio Grande do Sul. O filme \u201cMarcas D\u2019\u00c1gua \u2013 Mem\u00f3ria dos banc\u00e1rios ga\u00fachos nas enchentes de 2024\u2033 fala sobre o impacto humano, al\u00e9m do profissional, que a cat\u00e1strofe provocou na vida de milhares de banc\u00e1rios<\/p>\n<p>O document\u00e1rio ser\u00e1 exibido em sess\u00e3o \u00fanica, \u00e0s 19h, no CineBanc\u00e1rios. Ainda, a estreia ter\u00e1 transmiss\u00e3o simult\u00e2nea pelo <a href=\"https:\/\/www.youtube.com\/@SindBancariosPoA\" target=\"_blank\" rel=\"noopener\" data-saferedirecturl=\"https:\/\/www.google.com\/url?q=https:\/\/www.youtube.com\/@SindBancariosPoA&amp;source=gmail&amp;ust=1747934476097000&amp;usg=AOvVaw0UW-bnoQEdlmMyyPSQ4w4H\">canal do Sindicato no YouTube<\/a>. Com dire\u00e7\u00e3o de Thiago Lazeri, o projeto nasceu do desejo do SindBanc\u00e1rios de preservar n\u00e3o s\u00f3 a mem\u00f3ria da trag\u00e9dia, mas tamb\u00e9m as marcas f\u00edsicas e emocionais deixadas pela enchente de maio de 2024.<\/p>\n<p>A sess\u00e3o ser\u00e1 aberta ao p\u00fablico geral, com distribui\u00e7\u00e3o de senhas a partir das 18h conforme a lota\u00e7\u00e3o da sala na Rua Gen. C\u00e2mara, 424. Antes da exibi\u00e7\u00e3o, haver\u00e1 uma apresenta\u00e7\u00e3o com coment\u00e1rios sobre os bastidores da produ\u00e7\u00e3o do document\u00e1rio e as hist\u00f3rias coletadas pela equipe.<\/p>\n<p>Encerrando a noite, a Casa dos Banc\u00e1rios far\u00e1 a pr\u00e9-inaugura\u00e7\u00e3o do restaurante Armaz\u00e9m do Campo, novo espa\u00e7o no t\u00e9rreo do local. A cozinha ser\u00e1 operada por membros do assentamento Integra\u00e7\u00e3o Ga\u00facha, do Movimento dos Trabalhadores Rurais Sem Terra, de Eldorado do Sul,\u00a0 que tamb\u00e9m foi duramente atingido pela enchente. A abertura oficial ao p\u00fablico est\u00e1 prevista para a pr\u00f3xima semana.<\/p>\n<\/p><\/div>\n<\/section>\n<p>O post <a href=\"https:\/\/sul21.com.br\/noticias\/cultura\/2025\/05\/sindbancarios-lanca-documentario-sobre-trabalhadores-atingidos-pela-enchente\/\">SindBanc\u00e1rios lan\u00e7a document\u00e1rio sobre trabalhadores atingidos pela enchente<\/a> apareceu primeiro em <a href=\"https:\/\/sul21.com.br\/\">Sul 21<\/a>.<\/p>\n<!-- Begin Yuzo --><div class='yuzo_related_post style-1'  data-version='5.12.89'><!-- without result --><div class='yuzo_clearfixed yuzo__title yuzo__title'><h3>Related Post<\/h3><\/div>\n\t\t\t\t\t\t  <div class=\"relatedthumb \" style=\"width:125px;float:left;overflow:hidden;\">  \n\t\t\t\t\t\t\t  \n\t\t\t\t\t\t\t  <a  href=\"https:\/\/redept.com.br\/blogosfera\/campanha-do-pt-por-taxacao-dos-mais-ricos-mira-congresso-que-fala-em-corte-mas-aumenta-seus-gastos-diz-cientista-politico\/\"  >\n\t\t\t\t\t\t\t\t\t  <div class=\"yuzo-img-wrap \" style=\"width: 125px;height:90px;\">\n\t\t\t\t\t\t\t\t\t\t\n\t\t\t\t\t\t\t\t\t\t<div class=\"yuzo-img\" style=\"background:url('https:\/\/redept.org\/blogosfera\/wp-content\/plugins\/yuzo-related-post\/assets\/images\/default.png') 50% 50% no-repeat;width: 125px;height:90px;margin-bottom: 5px;background-size: cover; \"><\/div>\n\t\t\t\t\t\t\t\t\t  <\/div>\n\t\t\t\t\t\t\t\t\t  \n\t\t\t\t\t\t\t\t   <span class=\"yuzo__text--title\" style=\"font-size:13px;\">Campanha do PT por taxa\u00e7\u00e3o dos mais ricos mira Con...<\/span>\n\t\t\t\t\t\t\t  \n\t\t\t\t\t\t\t  \n\t\t\t\t\t\t\t  <\/a>\n\n\t\t\t\t\t\t  <\/div>\n\t\t\t\t\t\t  <div class=\"relatedthumb \" style=\"width:125px;float:left;overflow:hidden;\">  \n\t\t\t\t\t\t\t  \n\t\t\t\t\t\t\t  <a  href=\"https:\/\/redept.com.br\/blogosfera\/pms-denunciados-por-homicidio-de-morador-do-condominio-princesa-isabel-irao-a-juri\/\"  >\n\t\t\t\t\t\t\t\t\t  <div class=\"yuzo-img-wrap \" style=\"width: 125px;height:90px;\">\n\t\t\t\t\t\t\t\t\t\t\n\t\t\t\t\t\t\t\t\t\t<div class=\"yuzo-img\" style=\"background:url('https:\/\/redept.org\/blogosfera\/wp-content\/plugins\/yuzo-related-post\/assets\/images\/default.png') 50% 50% no-repeat;width: 125px;height:90px;margin-bottom: 5px;background-size: cover; \"><\/div>\n\t\t\t\t\t\t\t\t\t  <\/div>\n\t\t\t\t\t\t\t\t\t  \n\t\t\t\t\t\t\t\t   <span class=\"yuzo__text--title\" style=\"font-size:13px;\">PMs denunciados por homic\u00eddio de morador do condom...<\/span>\n\t\t\t\t\t\t\t  \n\t\t\t\t\t\t\t  \n\t\t\t\t\t\t\t  <\/a>\n\n\t\t\t\t\t\t  <\/div>\n\t\t\t\t\t\t  <div class=\"relatedthumb \" style=\"width:125px;float:left;overflow:hidden;\">  \n\t\t\t\t\t\t\t  \n\t\t\t\t\t\t\t  <a  href=\"https:\/\/redept.com.br\/blogosfera\/oposicao-e-que-deve-temer-cpmi-do-inss-diz-randolfe\/\"  >\n\t\t\t\t\t\t\t\t\t  <div class=\"yuzo-img-wrap \" style=\"width: 125px;height:90px;\">\n\t\t\t\t\t\t\t\t\t\t\n\t\t\t\t\t\t\t\t\t\t<div class=\"yuzo-img\" style=\"background:url('https:\/\/redept.org\/blogosfera\/wp-content\/plugins\/yuzo-related-post\/assets\/images\/default.png') 50% 50% no-repeat;width: 125px;height:90px;margin-bottom: 5px;background-size: cover; \"><\/div>\n\t\t\t\t\t\t\t\t\t  <\/div>\n\t\t\t\t\t\t\t\t\t  \n\t\t\t\t\t\t\t\t   <span class=\"yuzo__text--title\" style=\"font-size:13px;\">Oposi\u00e7\u00e3o \u00e9 que deve temer CPMI do INSS, diz Randol...<\/span>\n\t\t\t\t\t\t\t  \n\t\t\t\t\t\t\t  \n\t\t\t\t\t\t\t  <\/a>\n\n\t\t\t\t\t\t  <\/div>\n\t\t\t\t\t\t  <div class=\"relatedthumb \" style=\"width:125px;float:left;overflow:hidden;\">  \n\t\t\t\t\t\t\t  \n\t\t\t\t\t\t\t  <a  href=\"https:\/\/redept.com.br\/blogosfera\/pgr-envia-ao-stf-parecer-para-manter-prisao-de-braga-netto\/\"  >\n\t\t\t\t\t\t\t\t\t  <div class=\"yuzo-img-wrap \" style=\"width: 125px;height:90px;\">\n\t\t\t\t\t\t\t\t\t\t\n\t\t\t\t\t\t\t\t\t\t<div class=\"yuzo-img\" style=\"background:url('https:\/\/redept.org\/blogosfera\/wp-content\/plugins\/yuzo-related-post\/assets\/images\/default.png') 50% 50% no-repeat;width: 125px;height:90px;margin-bottom: 5px;background-size: cover; \"><\/div>\n\t\t\t\t\t\t\t\t\t  <\/div>\n\t\t\t\t\t\t\t\t\t  \n\t\t\t\t\t\t\t\t   <span class=\"yuzo__text--title\" style=\"font-size:13px;\">PGR envia ao STF parecer para manter pris\u00e3o de Bra...<\/span>\n\t\t\t\t\t\t\t  \n\t\t\t\t\t\t\t  \n\t\t\t\t\t\t\t  <\/a>\n\n\t\t\t\t\t\t  <\/div>\n<\/div> <script>\n\t\t\t\t\t\t  jQuery(document).ready(function( $ ){\n\t\t\t\t\t\t\t\/\/jQuery('.yuzo_related_post').equalizer({ overflow : 'relatedthumb' });\n\t\t\t\t\t\t\tjQuery('.yuzo_related_post .yuzo_wraps').equalizer({ columns : '> div' });\n\t\t\t\t\t\t   })\n\t\t\t\t\t\t  <\/script> <!-- End Yuzo :) -->","protected":false},"excerpt":{"rendered":"<p>Na pr\u00f3xima ter\u00e7a-feira, (27), o SindBanc\u00e1rios ir\u00e1 lan\u00e7ar um document\u00e1rio curta-metragem sobre quem viveu na pele os efeitos da maior trag\u00e9dia clim\u00e1tica j\u00e1 registrada no Rio Grande do Sul. O filme \u201cMarcas D\u2019\u00c1gua \u2013 Mem\u00f3ria dos banc\u00e1rios ga\u00fachos nas enchentes de 2024\u2033 fala sobre o impacto humano, al\u00e9m do profissional, que a cat\u00e1strofe provocou na [&hellip;]<\/p>\n","protected":false},"author":2,"featured_media":0,"comment_status":"closed","ping_status":"closed","sticky":false,"template":"","format":"standard","meta":{"fifu_image_url":"","fifu_image_alt":"","footnotes":""},"categories":[488,309,87,6647],"tags":[],"class_list":["post-29149","post","type-post","status-publish","format-standard","hentry","category-cinema","category-cultura","category-enchente","category-sindbancarios"],"_links":{"self":[{"href":"https:\/\/redept.com.br\/blogosfera\/wp-json\/wp\/v2\/posts\/29149","targetHints":{"allow":["GET"]}}],"collection":[{"href":"https:\/\/redept.com.br\/blogosfera\/wp-json\/wp\/v2\/posts"}],"about":[{"href":"https:\/\/redept.com.br\/blogosfera\/wp-json\/wp\/v2\/types\/post"}],"author":[{"embeddable":true,"href":"https:\/\/redept.com.br\/blogosfera\/wp-json\/wp\/v2\/users\/2"}],"replies":[{"embeddable":true,"href":"https:\/\/redept.com.br\/blogosfera\/wp-json\/wp\/v2\/comments?post=29149"}],"version-history":[{"count":0,"href":"https:\/\/redept.com.br\/blogosfera\/wp-json\/wp\/v2\/posts\/29149\/revisions"}],"wp:attachment":[{"href":"https:\/\/redept.com.br\/blogosfera\/wp-json\/wp\/v2\/media?parent=29149"}],"wp:term":[{"taxonomy":"category","embeddable":true,"href":"https:\/\/redept.com.br\/blogosfera\/wp-json\/wp\/v2\/categories?post=29149"},{"taxonomy":"post_tag","embeddable":true,"href":"https:\/\/redept.com.br\/blogosfera\/wp-json\/wp\/v2\/tags?post=29149"}],"curies":[{"name":"wp","href":"https:\/\/api.w.org\/{rel}","templated":true}]}}