{"id":29287,"date":"2025-05-22T17:39:36","date_gmt":"2025-05-22T20:39:36","guid":{"rendered":"https:\/\/redept.org\/blogosfera\/honestino-guimaraes-presidente-da-une-assassinado-pela-ditadura-militar\/"},"modified":"2025-05-22T17:39:36","modified_gmt":"2025-05-22T20:39:36","slug":"honestino-guimaraes-presidente-da-une-assassinado-pela-ditadura-militar","status":"publish","type":"post","link":"https:\/\/redept.com.br\/blogosfera\/honestino-guimaraes-presidente-da-une-assassinado-pela-ditadura-militar\/","title":{"rendered":"Honestino Guimar\u00e3es, presidente da UNE assassinado pela ditadura militar"},"content":{"rendered":"<p><img fetchpriority=\"high\" width=\"1170\" height=\"700\"src=\"https:\/\/redept.org\/blogosfera\/wp-content\/uploads\/2025\/05\/5c-gui-unb-arquivo-cb1.webp\" alt=\"\" link_thumbnail=\"\" decoding=\"async\" srcset=\"https:\/\/redept.org\/blogosfera\/wp-content\/uploads\/2025\/05\/5c-gui-unb-arquivo-cb1.webp 1170w, https:\/\/averdade.org.br\/wp-content\/uploads\/2025\/05\/5c-gui-unb-arquivo-cb1-350x209.webp 350w, https:\/\/averdade.org.br\/wp-content\/uploads\/2025\/05\/5c-gui-unb-arquivo-cb1-1024x613.webp 1024w, https:\/\/averdade.org.br\/wp-content\/uploads\/2025\/05\/5c-gui-unb-arquivo-cb1-250x150.webp 250w, https:\/\/averdade.org.br\/wp-content\/uploads\/2025\/05\/5c-gui-unb-arquivo-cb1-768x459.webp 768w, https:\/\/averdade.org.br\/wp-content\/uploads\/2025\/05\/5c-gui-unb-arquivo-cb1-150x90.webp 150w, https:\/\/averdade.org.br\/wp-content\/uploads\/2025\/05\/5c-gui-unb-arquivo-cb1-300x179.webp 300w, https:\/\/averdade.org.br\/wp-content\/uploads\/2025\/05\/5c-gui-unb-arquivo-cb1-696x416.webp 696w, https:\/\/averdade.org.br\/wp-content\/uploads\/2025\/05\/5c-gui-unb-arquivo-cb1-1068x639.webp 1068w\" sizes=\"(max-width: 1170px) 100vw, 1170px\"><\/p>\n<p><strong>Conhe\u00e7a a hist\u00f3ria de Honestino Guimar\u00e3es, her\u00f3i da luta contra a Ditadura Militar Fascista.<\/strong><\/p>\n<p><b>Leo Ribeiro e\u00a0<\/b><b>Raissa Studart | Bras\u00edlia<\/b><\/p>\n<hr>\n<p><i><span>\u201cA persegui\u00e7\u00e3o dos exploradores n\u00e3o me intimida\u201d<\/span><\/i><\/p>\n<p><span>HER\u00d3IS DO POVO BRASILEIRO \u2013 Honestino Monteiro Guimar\u00e3es, Gui, nasceu no dia 28 de mar\u00e7o de 1947 em Itabera\u00ed, interior de Goi\u00e1s, filho de Benedito e Maria Rosa, irm\u00e3o de Luiz Carlos e Norton. Honestino e seus irm\u00e3os foram ensinados desde cedo a estudar muito, cultivar a solidariedade com o povo desassistido pelo governo local e soprar velas de anivers\u00e1rio em cima de um bolo com a bandeira da Uni\u00e3o Sovi\u00e9tica.\u00a0\u00a0<\/span><\/p>\n<p><span>Com a constru\u00e7\u00e3o da nova capital no governo Juscelino Kubitschek e as promessas de estabilidade financeira que chegavam por ondas de r\u00e1dio, os Monteiro Guimar\u00e3es seguiram o mesmo caminho percorrido por tantas outras fam\u00edlias dos interiores brasileiros e se despediram para sempre da vida caipira. Em 1960, fixaram-se no centro de Bras\u00edlia, numa casa do primo de Honestino.\u00a0\u00a0<\/span><\/p>\n<h4><b>Luta estudantil<\/b><span>\u00a0<\/span><\/h4>\n<p><span>Sempre bom aluno, Honestino se destacou rapidamente na nova escola, o Centro de Ensino M\u00e9dio Elefante Branco. L\u00e1, fundou o gr\u00eamio estudantil, que carrega seu nome at\u00e9 hoje. Organizou com amigos a distribui\u00e7\u00e3o de um jornal dos estudantes, a fim de suscitar o pensamento cr\u00edtico referente \u00e0 situa\u00e7\u00e3o do pa\u00eds e do sistema educacional, por\u00e9m as atividades foram interrompidas pelo secret\u00e1rio de educa\u00e7\u00e3o do DF que visitava o col\u00e9gio, e logo tratou de interditar a circula\u00e7\u00e3o do jornal. Consequentemente, Honestino e seus amigos levantaram piquetes para impedir a entrada do secret\u00e1rio e o liberaram somente quando o \u00faltimo exemplar do jornal foi vendido.\u00a0<\/span><\/p>\n<p><span>Dois anos mais tarde, Honestino e o irm\u00e3o s\u00e3o admitidos no Col\u00e9gio Integrado de Ensino M\u00e9dio (CIEM), fundado por Darcy Ribeiro e An\u00edsio Teixeira com o objetivo de inaugurar um inovador sistema de ensino que buscava exercitar a autonomia do aluno. L\u00e1, Honestino funda o gr\u00eamio e ajuda na cria\u00e7\u00e3o do Conselho de Representantes. A experi\u00eancia\u00a0secundarista chegava ao fim com a aprova\u00e7\u00e3o em primeiro lugar no curso de Geologia. Honestino teria sua primeira aula como aluno da UnB em 1966.<\/span><\/p>\n<h4><span>\u202f<\/span><b>Lideran\u00e7a universit\u00e1ria<\/b><span>\u00a0<\/span><\/h4>\n<p><span>O inc\u00eandio da sede da Uni\u00e3o Nacional dos Estudantes (UNE), no Rio de Janeiro, foi um dos primeiros atos do golpe militar, demonstrando a disposi\u00e7\u00e3o dos militares em reprimir os estudantes. Na UnB, a impossibilidade legal de se formar um Diret\u00f3rio Central dos Estudantes (DCE) livre foi driblada pelos estudantes atrav\u00e9s da Federa\u00e7\u00e3o dos Estudantes da Universidade de Bras\u00edlia (Feub). Um ano depois que Honestino entrou na gradua\u00e7\u00e3o, ocupou o cargo de presid\u00eancia da entidade, denunciou a opress\u00e3o imperialista americana, organizou passeatas e panfletagens.\u00a0<\/span><\/p>\n<p><span>A Passeata dos Cem Mil, em 26 de junho de 1968 no Rio de Janeiro, foi uma forte resposta ao assassinato do Edson Lu\u00eds. Um m\u00eas depois, era Bras\u00edlia que entrava em ebuli\u00e7\u00e3o com uma grande manifesta\u00e7\u00e3o em 28 de julho lotando a Avenida W3 Norte. A ditadura aumenta seu grau de persegui\u00e7\u00e3o e Honestino n\u00e3o teria sequer mais um m\u00eas de paz. Em agosto do mesmo ano, o Ex\u00e9rcito invade o campus universit\u00e1rio e o prende junto a outros 60 colegas.\u00a0<\/span><\/p>\n<p><span>Ainda preso, faltando apenas um trimestre para se formar, em setembro de 1968, Honestino foi expulso da Universidade em decorr\u00eancia da sua atua\u00e7\u00e3o pol\u00edtica. Pouco tempo depois, em fevereiro de 1969, foi expedido o decreto 477, que justificava a expuls\u00e3o de estudantes e professores que realizassem qualquer ato \u201csubversivo\u201d como passeatas ou distribui\u00e7\u00e3o de panfletos.<\/span><\/p>\n<h4><b>Vida clandestina<\/b><span>\u00a0<\/span><\/h4>\n<p><span>Ap\u00f3s quatro meses preso, \u00e9 solto e, \u00e0s v\u00e9speras da instaura\u00e7\u00e3o do AI-5, em dezembro de 1968, Honestino e Isaura fogem para o Estado de Goi\u00e1s. O jovem casal n\u00e3o podia passar muitos dias no mesmo lugar e, dependendo de amigos para garantir moradia e alimenta\u00e7\u00e3o, foi de Goi\u00e1s para S\u00e3o Paulo.\u00a0<\/span><\/p>\n<p><span>Ele assumiu a vice-presid\u00eancia da UNE em 1969, na gest\u00e3o de Jean-Marc von der Weid, e dois anos mais tarde, em 1971, foi eleito presidente. Cumpria, na clandestinidade, suas tarefas na UNE e militava na A\u00e7\u00e3o Popular Marxista-Leninista.<\/span><\/p>\n<p><span>Em meio a um mundo de incertezas e temores, nasce sua filha Juliana, em 1970. A clandestinidade seguia necess\u00e1ria na luta contra\u00a0a ditadura, de modo que Honestino e Isaura decidem se separar pouco depois de se tornarem pais. Gui cada vez mais se preparava para caso fosse preso e torturado. Mesmo correndo riscos, n\u00e3o deixava de ir aos grupos de estudos, de produzir poesias e de participar de assembleias estudantis.<\/span><\/p>\n<p><span>Em janeiro de 1973, esteve junto da m\u00e3e pela \u00faltima vez. Entregou uma den\u00fancia, batizada de \u201cMandado de Seguran\u00e7a Popular\u201d, documento a ser distribu\u00eddo \u00e0s entidades de promo\u00e7\u00e3o dos direitos humanos, a fim de que pudesse gerar alguma como\u00e7\u00e3o para garantir a sua integridade f\u00edsica. O Mandado compunha uma den\u00fancia ao aparelho de repress\u00e3o, das injusti\u00e7as a que estava submetido, al\u00e9m de compartilhar seus ideais e suas motiva\u00e7\u00f5es para a luta.\u00a0<\/span><\/p>\n<p><span>\u00a0N<\/span><span>o dia 10 de outubro de 1973, Honestino saiu para encontrar um camarada e nunca retornou. Tr\u00eas dias depois, sua m\u00e3e, Maria Rosa recebeu a not\u00edcia, em c\u00f3digo, por telegrama, \u201cHonestino foi internado no Rio\u201d. Na mesma madrugada, ela contatou Gusto, novo parceiro de Isaura, para a divulga\u00e7\u00e3o do Mandado, mas nenhum jornal aceitou public\u00e1-lo.\u00a0Quando se discutia qual o maior legado deixado por Honestino, Maria Rosa jamais hesitou: \u201cEle n\u00e3o deixou a UNE morrer\u201d.<\/span><\/p>\n<p><span>Em 1979, na cidade de Salvador (BA), no congresso de reconstru\u00e7\u00e3o da UNE, com mais de 10 mil participantes, foi colocado um gigantesco painel com a sua foto e deixaram, na mesa que presidia os trabalhos, uma cadeira vazia em sua homenagem.<\/span><\/p>\n<h4><b>Mem\u00f3ria, Verdade e Justi\u00e7a<\/b><span>\u00a0<\/span><\/h4>\n<p><span>As amea\u00e7as por participar do movimento estudantil eram grandes. Honestino sabia dos riscos envolvidos e se preparou f\u00edsica e mentalmente, como relatou em sua carta: <\/span><i><span>\u201cA persegui\u00e7\u00e3o dos exploradores n\u00e3o me intimida. Recebo-a como uma evid\u00eancia de que \u00e9 justo o caminho que trilho\u201d.<\/span><\/i><\/p>\n<p><span>Honestino era um quadro revolucion\u00e1rio marxista, com profunda convic\u00e7\u00e3o na luta e com clareza do papel das massas no processo de derrubada da ditadura e da constru\u00e7\u00e3o do socialismo: <\/span><i><span>\u201cSei que a luta ser\u00e1 longa e \u00e1rdua. Mas acredito firmemente na for\u00e7a da atua\u00e7\u00e3o coletiva das massas. E esta luta sem a real participa\u00e7\u00e3o das massas trabalhadoras n\u00e3o nos levar\u00e1 a nada\u201d.<\/span><\/i><\/p>\n<p><span>Sua integridade e compromisso com a revolu\u00e7\u00e3o brasileira \u00e9 evidente pelo fato de que, mesmo sob tortura, n\u00e3o revelou os segredos da organiza\u00e7\u00e3o: sua pris\u00e3o n\u00e3o gerou outras e o apartamento em que morava com sua namorada, Rosa, nunca foi encontrado pela repress\u00e3o.\u00a0<\/span><\/p>\n<p><span>Os processos correram em sigilo por d\u00e9cadas. Para a fam\u00edlia, todos aqueles anos em luto pareciam uma ang\u00fastia infinita. \u201cSem liberdade pela metade\u201d foi a palavra de ordem durante a vota\u00e7\u00e3o da Lei da Anistia. Repara\u00e7\u00e3o pode ser diferente de justi\u00e7a, ou de liberdade, mas, para a fam\u00edlia de Honestino, at\u00e9 as repara\u00e7\u00f5es pareciam vir sempre pela metade. Vinte e dois anos depois de seu desaparecimento, sua m\u00e3e recebe a certid\u00e3o de \u00f3bito de Gui, que n\u00e3o indicava a causa da morte, nem o m\u00e9dico atestante ou o local do corpo.\u00a0<\/span><\/p>\n<p><span>No dia 28 de mar\u00e7o de 2025, Honestino faria 78 anos, e o legado das suas lutas por uma sociedade justa e democr\u00e1tica vive em todos n\u00f3s. \u00c9 por isso que, junto de sua fam\u00edlia e de todas as outras fam\u00edlias de mortos e desaparecidos pol\u00edticos, lutamos pela revis\u00e3o da Lei da Anistia. Sem uma justi\u00e7a de transi\u00e7\u00e3o, n\u00e3o ser\u00e1 consolidada a democracia e estaremos sempre ref\u00e9ns das for\u00e7as armadas e suas tentativas recorrentes de golpe. \u00c9 necess\u00e1ria a puni\u00e7\u00e3o dos golpistas e torturadores de 1964 e de hoje para que nunca mais se repita tamanha viol\u00eancia contra o povo brasileiro.\u00a0<\/span><\/p>\n<p><span>Os fascistas militares achavam que assassinando Honestino acabariam com seus ideais. Erraram! Honestino vive! Cada dia est\u00e1 mais vivo e suas ideias est\u00e3o cada vez mais presentes nas novas gera\u00e7\u00f5es. Desde 1997, seu nome estampa o hist\u00f3rico DCE da UnB, al\u00e9m do Museu Nacional da Rep\u00fablica Honestino Guimar\u00e3es, localizado no cora\u00e7\u00e3o de Bras\u00edlia, e at\u00e9 a ponte que carregava o nome do ditador Costa e Silva hoje leva o seu nome.\u00a0<\/span><\/p>\n<p><span>Honestino se manteve firme at\u00e9 os \u00faltimos momentos, como demonstra em sua carta: <\/span><i><span>\u201cTenho vivido estes anos por um ideal que vem se mantendo aceso, creio, jamais se apagar\u00e1 \u2013 a luta pela causa do povo\u201d.<\/span><\/i><i><\/i><\/p>\n<ul>\n<li aria-level=\"1\"><i><span>Refer\u00eancia: Almeida, Betty. Paix\u00e3o de Honestino Guimar\u00e3es. Bras\u00edlia: Editora UnB, 2016.\u00a0<\/span><\/i><\/li>\n<\/ul>\n<p><em>Mat\u00e9ria publicada na edi\u00e7\u00e3o n\u00b0 311 do Jornal A Verdade.<\/em><\/p>\n<p>\u00a0<\/p>\n<!-- Begin Yuzo --><div class='yuzo_related_post style-1'  data-version='5.12.89'><!-- without result --><div class='yuzo_clearfixed yuzo__title yuzo__title'><h3>Related Post<\/h3><\/div>\n\t\t\t\t\t\t  <div class=\"relatedthumb \" style=\"width:125px;float:left;overflow:hidden;\">  \n\t\t\t\t\t\t\t  \n\t\t\t\t\t\t\t  <a  href=\"https:\/\/redept.com.br\/blogosfera\/quem-e-essa-mulher-conheca-as-politicas-publicas-de-combate-ao-feminicidio-do-governo-lula\/\"  >\n\t\t\t\t\t\t\t\t\t  <div class=\"yuzo-img-wrap \" style=\"width: 125px;height:90px;\">\n\t\t\t\t\t\t\t\t\t\t\n\t\t\t\t\t\t\t\t\t\t<div class=\"yuzo-img\" style=\"background:url('https:\/\/redept.org\/blogosfera\/wp-content\/plugins\/yuzo-related-post\/assets\/images\/default.png') 50% 50% no-repeat;width: 125px;height:90px;margin-bottom: 5px;background-size: cover; \"><\/div>\n\t\t\t\t\t\t\t\t\t  <\/div>\n\t\t\t\t\t\t\t\t\t  \n\t\t\t\t\t\t\t\t   <span class=\"yuzo__text--title\" style=\"font-size:13px;\">Quem \u00e9 essa mulher? Conhe\u00e7a as pol\u00edticas p\u00fablicas ...<\/span>\n\t\t\t\t\t\t\t  \n\t\t\t\t\t\t\t  \n\t\t\t\t\t\t\t  <\/a>\n\n\t\t\t\t\t\t  <\/div>\n\t\t\t\t\t\t  <div class=\"relatedthumb \" style=\"width:125px;float:left;overflow:hidden;\">  \n\t\t\t\t\t\t\t  \n\t\t\t\t\t\t\t  <a  href=\"https:\/\/redept.com.br\/blogosfera\/tripulante-de-caca-dos-eua-abatido-pelo-ira-e-resgatado-diz-imprensa-estadunidense\/\"  >\n\t\t\t\t\t\t\t\t\t  <div class=\"yuzo-img-wrap \" style=\"width: 125px;height:90px;\">\n\t\t\t\t\t\t\t\t\t\t\n\t\t\t\t\t\t\t\t\t\t<div class=\"yuzo-img\" style=\"background:url('https:\/\/redept.org\/blogosfera\/wp-content\/plugins\/yuzo-related-post\/assets\/images\/default.png') 50% 50% no-repeat;width: 125px;height:90px;margin-bottom: 5px;background-size: cover; \"><\/div>\n\t\t\t\t\t\t\t\t\t  <\/div>\n\t\t\t\t\t\t\t\t\t  \n\t\t\t\t\t\t\t\t   <span class=\"yuzo__text--title\" style=\"font-size:13px;\">Tripulante de ca\u00e7a dos EUA abatido pelo Ir\u00e3 \u00e9 resg...<\/span>\n\t\t\t\t\t\t\t  \n\t\t\t\t\t\t\t  \n\t\t\t\t\t\t\t  <\/a>\n\n\t\t\t\t\t\t  <\/div>\n\t\t\t\t\t\t  <div class=\"relatedthumb \" style=\"width:125px;float:left;overflow:hidden;\">  \n\t\t\t\t\t\t\t  \n\t\t\t\t\t\t\t  <a  href=\"https:\/\/redept.com.br\/blogosfera\/cenario-de-disputa-acirrada-dificilmente-vai-mudar-ate-a-eleicao-observa-cientista-politica\/\"  >\n\t\t\t\t\t\t\t\t\t  <div class=\"yuzo-img-wrap \" style=\"width: 125px;height:90px;\">\n\t\t\t\t\t\t\t\t\t\t\n\t\t\t\t\t\t\t\t\t\t<div class=\"yuzo-img\" style=\"background:url('https:\/\/redept.org\/blogosfera\/wp-content\/plugins\/yuzo-related-post\/assets\/images\/default.png') 50% 50% no-repeat;width: 125px;height:90px;margin-bottom: 5px;background-size: cover; \"><\/div>\n\t\t\t\t\t\t\t\t\t  <\/div>\n\t\t\t\t\t\t\t\t\t  \n\t\t\t\t\t\t\t\t   <span class=\"yuzo__text--title\" style=\"font-size:13px;\">\u2018Cen\u00e1rio de disputa acirrada dificilmente vai muda...<\/span>\n\t\t\t\t\t\t\t  \n\t\t\t\t\t\t\t  \n\t\t\t\t\t\t\t  <\/a>\n\n\t\t\t\t\t\t  <\/div>\n\t\t\t\t\t\t  <div class=\"relatedthumb \" style=\"width:125px;float:left;overflow:hidden;\">  \n\t\t\t\t\t\t\t  \n\t\t\t\t\t\t\t  <a  href=\"https:\/\/redept.com.br\/blogosfera\/elizabeth-teixeira-recebe-titulo-de-doutora-honoris-causa-pela-ufpb\/\"  >\n\t\t\t\t\t\t\t\t\t  <div class=\"yuzo-img-wrap \" style=\"width: 125px;height:90px;\">\n\t\t\t\t\t\t\t\t\t\t\n\t\t\t\t\t\t\t\t\t\t<div class=\"yuzo-img\" style=\"background:url('https:\/\/redept.com.br\/blogosfera\/wp-content\/uploads\/2025\/07\/IMG_3841-150x150.jpeg') 50% 50% no-repeat;width: 125px;height:90px;margin-bottom: 5px;background-size: cover; \"><\/div>\n\t\t\t\t\t\t\t\t\t  <\/div>\n\t\t\t\t\t\t\t\t\t  \n\t\t\t\t\t\t\t\t   <span class=\"yuzo__text--title\" style=\"font-size:13px;\">Elizabeth Teixeira recebe t\u00edtulo de Doutora Honori...<\/span>\n\t\t\t\t\t\t\t  \n\t\t\t\t\t\t\t  \n\t\t\t\t\t\t\t  <\/a>\n\n\t\t\t\t\t\t  <\/div>\n<\/div> <script>\n\t\t\t\t\t\t  jQuery(document).ready(function( $ ){\n\t\t\t\t\t\t\t\/\/jQuery('.yuzo_related_post').equalizer({ overflow : 'relatedthumb' });\n\t\t\t\t\t\t\tjQuery('.yuzo_related_post .yuzo_wraps').equalizer({ columns : '> div' });\n\t\t\t\t\t\t   })\n\t\t\t\t\t\t  <\/script> <!-- End Yuzo :) -->","protected":false},"excerpt":{"rendered":"<p>Conhe\u00e7a a hist\u00f3ria de Honestino Guimar\u00e3es, her\u00f3i da luta contra a Ditadura Militar Fascista. Leo Ribeiro e\u00a0Raissa Studart | Bras\u00edlia \u201cA persegui\u00e7\u00e3o dos exploradores n\u00e3o me intimida\u201d HER\u00d3IS DO POVO BRASILEIRO \u2013 Honestino Monteiro Guimar\u00e3es, Gui, nasceu no dia 28 de mar\u00e7o de 1947 em Itabera\u00ed, interior de Goi\u00e1s, filho de Benedito e Maria Rosa, [&hellip;]<\/p>\n","protected":false},"author":2,"featured_media":29288,"comment_status":"open","ping_status":"closed","sticky":false,"template":"","format":"standard","meta":{"fifu_image_url":"","fifu_image_alt":"","footnotes":""},"categories":[544,6681,461,6682,86,462],"tags":[],"class_list":["post-29287","post","type-post","status-publish","format-standard","has-post-thumbnail","hentry","category-ditadura-militar","category-herois-do-povo","category-historia","category-honestino-guimaraes","category-jornal-impresso","category-lutas-e-herois-do-povo"],"_links":{"self":[{"href":"https:\/\/redept.com.br\/blogosfera\/wp-json\/wp\/v2\/posts\/29287","targetHints":{"allow":["GET"]}}],"collection":[{"href":"https:\/\/redept.com.br\/blogosfera\/wp-json\/wp\/v2\/posts"}],"about":[{"href":"https:\/\/redept.com.br\/blogosfera\/wp-json\/wp\/v2\/types\/post"}],"author":[{"embeddable":true,"href":"https:\/\/redept.com.br\/blogosfera\/wp-json\/wp\/v2\/users\/2"}],"replies":[{"embeddable":true,"href":"https:\/\/redept.com.br\/blogosfera\/wp-json\/wp\/v2\/comments?post=29287"}],"version-history":[{"count":0,"href":"https:\/\/redept.com.br\/blogosfera\/wp-json\/wp\/v2\/posts\/29287\/revisions"}],"wp:featuredmedia":[{"embeddable":true,"href":"https:\/\/redept.com.br\/blogosfera\/wp-json\/wp\/v2\/media\/29288"}],"wp:attachment":[{"href":"https:\/\/redept.com.br\/blogosfera\/wp-json\/wp\/v2\/media?parent=29287"}],"wp:term":[{"taxonomy":"category","embeddable":true,"href":"https:\/\/redept.com.br\/blogosfera\/wp-json\/wp\/v2\/categories?post=29287"},{"taxonomy":"post_tag","embeddable":true,"href":"https:\/\/redept.com.br\/blogosfera\/wp-json\/wp\/v2\/tags?post=29287"}],"curies":[{"name":"wp","href":"https:\/\/api.w.org\/{rel}","templated":true}]}}