{"id":29387,"date":"2025-05-22T10:45:36","date_gmt":"2025-05-22T13:45:36","guid":{"rendered":"https:\/\/redept.org\/blogosfera\/nikolas-cobra-hugo-motta-que-responde-que-anistia-nao-vai-passar-a-forca-na-camara\/"},"modified":"2025-05-22T10:45:36","modified_gmt":"2025-05-22T13:45:36","slug":"nikolas-cobra-hugo-motta-que-responde-que-anistia-nao-vai-passar-a-forca-na-camara","status":"publish","type":"post","link":"https:\/\/redept.com.br\/blogosfera\/nikolas-cobra-hugo-motta-que-responde-que-anistia-nao-vai-passar-a-forca-na-camara\/","title":{"rendered":"Nikolas cobra Hugo Motta que responde que anistia n\u00e3o vai passar \u00e0 for\u00e7a na C\u00e2mara"},"content":{"rendered":"<p>O presidente da C\u00e2mara, Hugo Motta (Republicanos-PB), disse a deputados que n\u00e3o h\u00e1 consenso na casa sobre anistia ampla para os presos e condenados nos ataques golpistas de 8 de janeiro. O texto n\u00e3o passar\u00e1 na for\u00e7a, afirmou ainda.<\/p>\n<p>A fala foi feita durante reuni\u00e3o de l\u00edderes na ter\u00e7a-feira (20), em resposta ao deputado Nikolas Ferreira (PL-MG). Com outros integrantes da oposi\u00e7\u00e3o, ele participou da reuni\u00e3o para cobrar o presidente da casa sobre anistia e CPI (Comiss\u00e3o Parlamentar de Inqu\u00e9rito) do INSS.<\/p>\n<p>Sobre a comiss\u00e3o, a debate foi mais r\u00e1pido e Motta citou a quest\u00e3o regimental, de que h\u00e1 outros requerimentos a fila. A discuss\u00e3o esquentou quando passou para anistia. De acordo com pessoas que participaram da reuni\u00e3o, Nikolas pediu a Motta um posicionamento p\u00fablico sobre o tema, relembrando que na sala dele estiveram os seis filhos de um fugitivo do 8 de janeiro, h\u00e1 poucos meses.<\/p>\n<p>O projeto de lei reuniu as assinaturas necess\u00e1rias para que seja declarada a sua urg\u00eancia (quando o texto pode ir direto para plen\u00e1rio), mas a prerrogativa final da pauta \u00e9 do presidente da casa. Ele, com o respaldo do col\u00e9gio de l\u00edderes, decidiu no m\u00eas passado n\u00e3o levar o tema para plen\u00e1rio.<\/p>\n<p>Segundo relatos, Motta demonstrou irrita\u00e7\u00e3o ao responder o deputado na reuni\u00e3o de ter\u00e7a-feira (20). Em determinado momento, mencionou estar cansado de ser questionado sobre o tema em todo lugar, e que ningu\u00e9m mais do que ele quer ver situa\u00e7\u00e3o resolvida.<\/p>\n<p>Ele disse ainda que os l\u00edderes decidiram adiar a an\u00e1lise do texto, porque n\u00e3o h\u00e1 consenso sobre a anistia ampla, geral e irrestrita, como consta hoje no projeto, apesar das sinaliza\u00e7\u00f5es do PL de torn\u00e1-lo mas restrito.<\/p>\n<p>Motta disse que o projeto n\u00e3o vai passar na base da for\u00e7a. E que, do jeito que est\u00e1, ainda que seja aprovado na C\u00e2mara, no Senado e o presidente Lula (PT) sancione, ser\u00e1 declarado inconstitucional pelo STF (Supremo Tribunal Federal).<\/p>\n<p>O presidente da casa se queixou ainda de que o l\u00edder do PL, S\u00f3stenes Cavalcante (RJ), teria conseguido assinaturas afirmando que o foco do texto seria em pessoas injusti\u00e7adas, quando o projeto tamb\u00e9m garante anistia aos r\u00e9us acusados de liderar a trama golpista. Apesar de Motta n\u00e3o mencionar ningu\u00e9m nominalmente, Jair Bolsonaro (PL) seria um dos beneficiados na proposta.<\/p>\n<p>Bolsonaristas querem anistia ampla, geral e irrestrita<br \/>\nS\u00f3stenes retrucou que ainda n\u00e3o houve discuss\u00e3o do m\u00e9rito, que h\u00e1 outros 12 apensados, e que n\u00e3o submeter\u00e1 o texto ao STF antes.<\/p>\n<p>\u201cEle [Motta] disse que precisa construir um texto que n\u00e3o seja declarado inconstitucional pelo STF. Eu n\u00e3o tenho condi\u00e7\u00e3o de construir um texto que agrade a ministro do Supremo, porque s\u00e3o eles que est\u00e3o errando\u201d, disse S\u00f3stenes a jornalistas, ap\u00f3s a reuni\u00e3o.<\/p>\n<p>Durante a discuss\u00e3o, o l\u00edder do PP, Luizinho (RJ), falou para o PL apresentar um novo texto que fosse mais restrito e que pudessem trabalhar em cima dele.<\/p>\n<p>Como a Folha de S.Paulo mostrou, o pr\u00f3prio Bolsonaro, depois de encontro com Motta, tinha dado aval para o partido elaborar um relat\u00f3rio mais enxuto. Mas a iniciativa n\u00e3o prosperou.<\/p>\n<p>Desde ent\u00e3o, bolsonaristas t\u00eam refor\u00e7ado a defesa de uma anistia ampla, geral e irrestrita aos presos dos ataques golpistas de 8 de janeiro. No \u00faltimo dia 7, Bolsonaro chegou a participar de ato em Bras\u00edlia sobre o tema, apesar de haver contraindica\u00e7\u00e3o da sua equipe m\u00e9dica.<\/p>\n<p>Em breve discurso, Bolsonaro disse que n\u00e3o v\u00e3o \u201cabaixar a cabe\u00e7a\u201d e que a anistia \u00e9 prerrogativa do Parlamento, sem mencionar o STF (Supremo Tribunal Federal). \u201cO Brasil nasceu com voca\u00e7\u00e3o da liberdade. O que estamos vivendo no momento \u00e9 muito triste e doloroso, mas n\u00e3o vamos perder esperan\u00e7a\u201d, disse emocionado.<\/p>\n<p>O Monitor do Debate Pol\u00edtico do Cebrap (Centro Brasileiro de An\u00e1lise e Planejamento) e a ONG More in Common fez uma estimativa com base em imagens a\u00e9reas e afirmou que havia cerca de 4.000 pessoas na manifesta\u00e7\u00e3o no hor\u00e1rio de pico, segundo o ICL.<\/p>\n<p>The post <a href=\"https:\/\/antropofagista.com.br\/2025\/05\/22\/nikolas-cobra-hugo-motta-que-responde-que-anistia-nao-vai-passar-a-forca-na-camara\/\">Nikolas cobra Hugo Motta que responde que anistia n\u00e3o vai passar \u00e0 for\u00e7a na C\u00e2mara<\/a> first appeared on <a href=\"https:\/\/antropofagista.com.br\/\">Antropofagista<\/a>.<\/p>\n<!-- Begin Yuzo --><div class='yuzo_related_post style-1'  data-version='5.12.89'><!-- without result --><div class='yuzo_clearfixed yuzo__title yuzo__title'><h3>Related Post<\/h3><\/div>\n\t\t\t\t\t\t  <div class=\"relatedthumb \" style=\"width:125px;float:left;overflow:hidden;\">  \n\t\t\t\t\t\t\t  \n\t\t\t\t\t\t\t  <a  href=\"https:\/\/redept.com.br\/blogosfera\/nosso-inimigo-tem-nome-e-ibaneis-rocha-diz-diretora-do-sinpro-df\/\"  >\n\t\t\t\t\t\t\t\t\t  <div class=\"yuzo-img-wrap \" style=\"width: 125px;height:90px;\">\n\t\t\t\t\t\t\t\t\t\t\n\t\t\t\t\t\t\t\t\t\t<div class=\"yuzo-img\" style=\"background:url('https:\/\/redept.com.br\/blogosfera\/wp-content\/uploads\/2025\/07\/bdf-20250625-163015-7cb3c5-150x150.jpeg') 50% 50% no-repeat;width: 125px;height:90px;margin-bottom: 5px;background-size: cover; \"><\/div>\n\t\t\t\t\t\t\t\t\t  <\/div>\n\t\t\t\t\t\t\t\t\t  \n\t\t\t\t\t\t\t\t   <span class=\"yuzo__text--title\" style=\"font-size:13px;\">\u2018Nosso inimigo tem nome: \u00e9 Ibaneis Rocha\u2019, diz dir...<\/span>\n\t\t\t\t\t\t\t  \n\t\t\t\t\t\t\t  \n\t\t\t\t\t\t\t  <\/a>\n\n\t\t\t\t\t\t  <\/div>\n\t\t\t\t\t\t  <div class=\"relatedthumb \" style=\"width:125px;float:left;overflow:hidden;\">  \n\t\t\t\t\t\t\t  \n\t\t\t\t\t\t\t  <a  href=\"https:\/\/redept.com.br\/blogosfera\/citando-possivel-fuga-moraes-nega-devolver-passaporte-de-bolsonaro\/\"  >\n\t\t\t\t\t\t\t\t\t  <div class=\"yuzo-img-wrap \" style=\"width: 125px;height:90px;\">\n\t\t\t\t\t\t\t\t\t\t\n\t\t\t\t\t\t\t\t\t\t<div class=\"yuzo-img\" style=\"background:url('https:\/\/redept.org\/blogosfera\/wp-content\/plugins\/yuzo-related-post\/assets\/images\/default.png') 50% 50% no-repeat;width: 125px;height:90px;margin-bottom: 5px;background-size: cover; \"><\/div>\n\t\t\t\t\t\t\t\t\t  <\/div>\n\t\t\t\t\t\t\t\t\t  \n\t\t\t\t\t\t\t\t   <span class=\"yuzo__text--title\" style=\"font-size:13px;\">Citando poss\u00edvel fuga, Moraes nega devolver passap...<\/span>\n\t\t\t\t\t\t\t  \n\t\t\t\t\t\t\t  \n\t\t\t\t\t\t\t  <\/a>\n\n\t\t\t\t\t\t  <\/div>\n\t\t\t\t\t\t  <div class=\"relatedthumb \" style=\"width:125px;float:left;overflow:hidden;\">  \n\t\t\t\t\t\t\t  \n\t\t\t\t\t\t\t  <a  href=\"https:\/\/redept.com.br\/blogosfera\/criminoso-sexual-citou-bolsonaro-em-conversa-com-steve-bannon-mostram-arquivos-liberados-pelo-doj\/\"  >\n\t\t\t\t\t\t\t\t\t  <div class=\"yuzo-img-wrap \" style=\"width: 125px;height:90px;\">\n\t\t\t\t\t\t\t\t\t\t\n\t\t\t\t\t\t\t\t\t\t<div class=\"yuzo-img\" style=\"background:url('https:\/\/redept.org\/blogosfera\/wp-content\/plugins\/yuzo-related-post\/assets\/images\/default.png') 50% 50% no-repeat;width: 125px;height:90px;margin-bottom: 5px;background-size: cover; \"><\/div>\n\t\t\t\t\t\t\t\t\t  <\/div>\n\t\t\t\t\t\t\t\t\t  \n\t\t\t\t\t\t\t\t   <span class=\"yuzo__text--title\" style=\"font-size:13px;\">Criminoso sexual citou Bolsonaro em conversa com S...<\/span>\n\t\t\t\t\t\t\t  \n\t\t\t\t\t\t\t  \n\t\t\t\t\t\t\t  <\/a>\n\n\t\t\t\t\t\t  <\/div>\n\t\t\t\t\t\t  <div class=\"relatedthumb \" style=\"width:125px;float:left;overflow:hidden;\">  \n\t\t\t\t\t\t\t  \n\t\t\t\t\t\t\t  <a  href=\"https:\/\/redept.com.br\/blogosfera\/juri-popular-condena-ex-policial-bolsonarista-a-20-anos-de-prisao-por-assassinato-do-dirigente-do-pt-marcelo-arruda\/\"  >\n\t\t\t\t\t\t\t\t\t  <div class=\"yuzo-img-wrap \" style=\"width: 125px;height:90px;\">\n\t\t\t\t\t\t\t\t\t\t\n\t\t\t\t\t\t\t\t\t\t<div class=\"yuzo-img\" style=\"background:url('https:\/\/redept.org\/blogosfera\/wp-content\/plugins\/yuzo-related-post\/assets\/images\/default.png') 50% 50% no-repeat;width: 125px;height:90px;margin-bottom: 5px;background-size: cover; \"><\/div>\n\t\t\t\t\t\t\t\t\t  <\/div>\n\t\t\t\t\t\t\t\t\t  \n\t\t\t\t\t\t\t\t   <span class=\"yuzo__text--title\" style=\"font-size:13px;\">J\u00fari popular condena ex-policial bolsonarista a 20...<\/span>\n\t\t\t\t\t\t\t  \n\t\t\t\t\t\t\t  \n\t\t\t\t\t\t\t  <\/a>\n\n\t\t\t\t\t\t  <\/div>\n<\/div> <script>\n\t\t\t\t\t\t  jQuery(document).ready(function( $ ){\n\t\t\t\t\t\t\t\/\/jQuery('.yuzo_related_post').equalizer({ overflow : 'relatedthumb' });\n\t\t\t\t\t\t\tjQuery('.yuzo_related_post .yuzo_wraps').equalizer({ columns : '> div' });\n\t\t\t\t\t\t   })\n\t\t\t\t\t\t  <\/script> <!-- End Yuzo :) -->","protected":false},"excerpt":{"rendered":"<p>O presidente da C\u00e2mara, Hugo Motta (Republicanos-PB), disse a deputados que n\u00e3o h\u00e1 consenso na casa sobre anistia ampla para os presos e condenados nos ataques golpistas de 8 de janeiro. O texto n\u00e3o passar\u00e1 na for\u00e7a, afirmou ainda. A fala foi feita durante reuni\u00e3o de l\u00edderes na ter\u00e7a-feira (20), em resposta ao deputado Nikolas [&hellip;]<\/p>\n","protected":false},"author":2,"featured_media":0,"comment_status":"open","ping_status":"closed","sticky":false,"template":"","format":"standard","meta":{"fifu_image_url":"","fifu_image_alt":"","footnotes":""},"categories":[970,3325,6750,132],"tags":[],"class_list":["post-29387","post","type-post","status-publish","format-standard","hentry","category-anistia","category-hugo-motta","category-nikolas","category-politica"],"_links":{"self":[{"href":"https:\/\/redept.com.br\/blogosfera\/wp-json\/wp\/v2\/posts\/29387","targetHints":{"allow":["GET"]}}],"collection":[{"href":"https:\/\/redept.com.br\/blogosfera\/wp-json\/wp\/v2\/posts"}],"about":[{"href":"https:\/\/redept.com.br\/blogosfera\/wp-json\/wp\/v2\/types\/post"}],"author":[{"embeddable":true,"href":"https:\/\/redept.com.br\/blogosfera\/wp-json\/wp\/v2\/users\/2"}],"replies":[{"embeddable":true,"href":"https:\/\/redept.com.br\/blogosfera\/wp-json\/wp\/v2\/comments?post=29387"}],"version-history":[{"count":0,"href":"https:\/\/redept.com.br\/blogosfera\/wp-json\/wp\/v2\/posts\/29387\/revisions"}],"wp:attachment":[{"href":"https:\/\/redept.com.br\/blogosfera\/wp-json\/wp\/v2\/media?parent=29387"}],"wp:term":[{"taxonomy":"category","embeddable":true,"href":"https:\/\/redept.com.br\/blogosfera\/wp-json\/wp\/v2\/categories?post=29387"},{"taxonomy":"post_tag","embeddable":true,"href":"https:\/\/redept.com.br\/blogosfera\/wp-json\/wp\/v2\/tags?post=29387"}],"curies":[{"name":"wp","href":"https:\/\/api.w.org\/{rel}","templated":true}]}}