{"id":29695,"date":"2025-05-24T15:59:57","date_gmt":"2025-05-24T18:59:57","guid":{"rendered":"https:\/\/redept.org\/blogosfera\/lula-parabeniza-wagner-moura-e-kleber-mendonca-por-premios-no-festival-de-cannes\/"},"modified":"2025-05-24T15:59:57","modified_gmt":"2025-05-24T18:59:57","slug":"lula-parabeniza-wagner-moura-e-kleber-mendonca-por-premios-no-festival-de-cannes","status":"publish","type":"post","link":"https:\/\/redept.com.br\/blogosfera\/lula-parabeniza-wagner-moura-e-kleber-mendonca-por-premios-no-festival-de-cannes\/","title":{"rendered":"Lula parabeniza Wagner Moura e Kleber Mendon\u00e7a por pr\u00eamios no Festival de Cannes"},"content":{"rendered":"<p><span>O presidente brasileiro Luiz In\u00e1cio Lula da Silva parabenizou neste s\u00e1bado (24\/05) o <a href=\"https:\/\/operamundi.uol.com.br\/cultura\/wagner-moura-vence-premio-de-melhor-ator-no-festival-de-cannes\/\">ator Wagner Moura<\/a> e o <a href=\"https:\/\/operamundi.uol.com.br\/cultura\/kleber-mendonca-filha-conquista-premio-de-melhor-direcao-em-cannes\/\">diretor Kleber Mendon\u00e7a Filho<\/a> pelas conquistas no Festival de Cannes, o maior evento cinematogr\u00e1fico da Fran\u00e7a, nas categorias de Melhor Ator e Melhor Diretor, respectivamente, por meio do<a href=\"https:\/\/operamundi.uol.com.br\/cultura\/o-agente-secreto-recebe-dois-premios-independentes-no-festival-de-cannes\/\"> filme<\/a><\/span><i><span> O Agente Secreto<\/span><\/i><span>.<\/span><\/p>\n<p><span>Em publica\u00e7\u00e3o no X, o mandat\u00e1rio afirmou que as duas recompensas no evento \u201cmostram que o cinema de nosso pa\u00eds n\u00e3o deve nada para ningu\u00e9m.<\/span><\/p>\n<p><span>\u201c[\u2026] seguiremos encantando os p\u00fablicos e os cr\u00edticos ao redor do planeta com filmes que mostram nosso talento, nossa cultura e cap\u00edtulos importantes de nossa pr\u00f3pria hist\u00f3ria\u201d, escreveu Lula.<\/span><\/p>\n<blockquote data-media-max-width=\"560\">\n<p dir=\"ltr\" lang=\"pt\">Hoje \u00e9 dia de sentir ainda mais orgulho de ser brasileiro. De comemorar o reconhecimento que nossa arte tem no mundo. E de curtir a felicidade de viver em um pa\u00eds que tem gigantes do porte de <a href=\"https:\/\/twitter.com\/kmendoncafilho?ref_src=twsrc%5Etfw\">@kmendoncafilho<\/a> e Wagner Moura.<\/p>\n<p>Os dois pr\u00eamios que O Agente Secreto conquistou h\u00e1\u2026 <a href=\"https:\/\/t.co\/kh9YC1uKDd\">pic.twitter.com\/kh9YC1uKDd<\/a><\/p>\n<p>\u2014 Lula (@LulaOficial) <a href=\"https:\/\/twitter.com\/LulaOficial\/status\/1926335431567683681?ref_src=twsrc%5Etfw\">May 24, 2025<\/a><\/p>\n<\/blockquote>\n<p>Pela plataforma Instagram, o presidente disse que \u201choje \u00e9 dia de sentir ainda mais orgulho de ser brasileiro\u201d e de \u201ccomemorar o reconhecimentos que a nossa arte tem no mundo\u201d.<\/p>\n<blockquote data-instgrm-captioned=\"\" data-instgrm-permalink=\"https:\/\/www.instagram.com\/p\/DKC4ppMur2h\/?utm_source=ig_embed&amp;utm_campaign=loading\" data-instgrm-version=\"14\">\n<div>\n<p>\u00a0<\/p>\n<div>\n<div><\/div>\n<div>\n<div><\/div>\n<div><\/div>\n<\/div>\n<\/div>\n<div><\/div>\n<div><\/div>\n<div>\n<div>Ver essa foto no Instagram<\/div>\n<\/div>\n<div><\/div>\n<div>\n<div>\n<div><\/div>\n<div><\/div>\n<div><\/div>\n<\/div>\n<div>\n<div><\/div>\n<div><\/div>\n<\/div>\n<div>\n<div><\/div>\n<div><\/div>\n<div><\/div>\n<\/div>\n<\/div>\n<div>\n<div><\/div>\n<div><\/div>\n<\/div>\n<p>\u00a0<\/p>\n<p><a href=\"https:\/\/www.instagram.com\/p\/DKC4ppMur2h\/?utm_source=ig_embed&amp;utm_campaign=loading\" target=\"_blank\" rel=\"noopener\">Uma publica\u00e7\u00e3o compartilhada por Luiz Ina\u0301cio Lula da Silva (@lulaoficial)<\/a><\/p>\n<\/div>\n<\/blockquote>\n<p>Na tarde deste s\u00e1bado, o cinema brasileiro protagonizou novas conquistas, desta vez, no Festival de Cannes. Enquanto Wagner Moura venceu o pr\u00eamio de Melhor Ator da edi\u00e7\u00e3o deste ano, o cineasta Kleber Mendon\u00e7a Filho foi nomeado o Melhor Diretor, ambos pela obra <em>O Agente Secreto<\/em>.<\/p>\n<p>O post <a href=\"https:\/\/operamundi.uol.com.br\/cultura\/lula-parabeniza-wagner-moura-e-kleber-mendonca-por-premios-no-festival-de-cannes\/\">Lula parabeniza Wagner Moura e Kleber Mendon\u00e7a por pr\u00eamios no Festival de Cannes<\/a> apareceu primeiro em <a href=\"https:\/\/operamundi.uol.com.br\/\">Opera Mundi<\/a>.<\/p>\n<!-- Begin Yuzo --><div class='yuzo_related_post style-1'  data-version='5.12.89'><!-- without result --><div class='yuzo_clearfixed yuzo__title yuzo__title'><h3>Related Post<\/h3><\/div>\n\t\t\t\t\t\t  <div class=\"relatedthumb \" style=\"width:125px;float:left;overflow:hidden;\">  \n\t\t\t\t\t\t\t  \n\t\t\t\t\t\t\t  <a  href=\"https:\/\/redept.com.br\/blogosfera\/mesmo-com-margem-fiscal-fazenda-indica-limitacoes-significativas-para-reajuste-a-servidores-no-rs\/\"  >\n\t\t\t\t\t\t\t\t\t  <div class=\"yuzo-img-wrap \" style=\"width: 125px;height:90px;\">\n\t\t\t\t\t\t\t\t\t\t\n\t\t\t\t\t\t\t\t\t\t<div class=\"yuzo-img\" style=\"background:url('https:\/\/redept.com.br\/blogosfera\/wp-content\/uploads\/2025\/03\/dieese-gasto-com-pessoal-150x150.jpg') 50% 50% no-repeat;width: 125px;height:90px;margin-bottom: 5px;background-size: cover; \"><\/div>\n\t\t\t\t\t\t\t\t\t  <\/div>\n\t\t\t\t\t\t\t\t\t  \n\t\t\t\t\t\t\t\t   <span class=\"yuzo__text--title\" style=\"font-size:13px;\">Mesmo com margem fiscal, Fazenda indica \u2018limita\u00e7\u00f5e...<\/span>\n\t\t\t\t\t\t\t  \n\t\t\t\t\t\t\t  \n\t\t\t\t\t\t\t  <\/a>\n\n\t\t\t\t\t\t  <\/div>\n\t\t\t\t\t\t  <div class=\"relatedthumb \" style=\"width:125px;float:left;overflow:hidden;\">  \n\t\t\t\t\t\t\t  \n\t\t\t\t\t\t\t  <a  href=\"https:\/\/redept.com.br\/blogosfera\/privatizacoes-e-mudancas-na-cptm-prejudicam-passageiros-de-longa-distancia\/\"  >\n\t\t\t\t\t\t\t\t\t  <div class=\"yuzo-img-wrap \" style=\"width: 125px;height:90px;\">\n\t\t\t\t\t\t\t\t\t\t\n\t\t\t\t\t\t\t\t\t\t<div class=\"yuzo-img\" style=\"background:url('https:\/\/redept.org\/blogosfera\/wp-content\/plugins\/yuzo-related-post\/assets\/images\/default.png') 50% 50% no-repeat;width: 125px;height:90px;margin-bottom: 5px;background-size: cover; \"><\/div>\n\t\t\t\t\t\t\t\t\t  <\/div>\n\t\t\t\t\t\t\t\t\t  \n\t\t\t\t\t\t\t\t   <span class=\"yuzo__text--title\" style=\"font-size:13px;\">Privatiza\u00e7\u00f5es e mudan\u00e7as na CPTM prejudicam passag...<\/span>\n\t\t\t\t\t\t\t  \n\t\t\t\t\t\t\t  \n\t\t\t\t\t\t\t  <\/a>\n\n\t\t\t\t\t\t  <\/div>\n\t\t\t\t\t\t  <div class=\"relatedthumb \" style=\"width:125px;float:left;overflow:hidden;\">  \n\t\t\t\t\t\t\t  \n\t\t\t\t\t\t\t  <a  href=\"https:\/\/redept.com.br\/blogosfera\/divulgacao-de-relatorio-do-golpe-reforca-pressao-contra-projeto-de-anistia\/\"  >\n\t\t\t\t\t\t\t\t\t  <div class=\"yuzo-img-wrap \" style=\"width: 125px;height:90px;\">\n\t\t\t\t\t\t\t\t\t\t\n\t\t\t\t\t\t\t\t\t\t<div class=\"yuzo-img\" style=\"background:url('https:\/\/redept.com.br\/blogosfera\/wp-content\/uploads\/2024\/11\/dsc8416-2048x1363-1-150x150.jpg') 50% 50% no-repeat;width: 125px;height:90px;margin-bottom: 5px;background-size: cover; \"><\/div>\n\t\t\t\t\t\t\t\t\t  <\/div>\n\t\t\t\t\t\t\t\t\t  \n\t\t\t\t\t\t\t\t   <span class=\"yuzo__text--title\" style=\"font-size:13px;\">Divulga\u00e7\u00e3o de relat\u00f3rio do golpe refor\u00e7a press\u00e3o c...<\/span>\n\t\t\t\t\t\t\t  \n\t\t\t\t\t\t\t  \n\t\t\t\t\t\t\t  <\/a>\n\n\t\t\t\t\t\t  <\/div>\n\t\t\t\t\t\t  <div class=\"relatedthumb \" style=\"width:125px;float:left;overflow:hidden;\">  \n\t\t\t\t\t\t\t  \n\t\t\t\t\t\t\t  <a  href=\"https:\/\/sul21.com.br\/opiniao\/2025\/10\/isencao-do-ir-para-quem-ganha-ate-r-5-mil-vitoria-do-povo-brasileiro-por-denise-pessoa\/\"  >\n\t\t\t\t\t\t\t\t\t  <div class=\"yuzo-img-wrap \" style=\"width: 125px;height:90px;\">\n\t\t\t\t\t\t\t\t\t\t\n\t\t\t\t\t\t\t\t\t\t<div class=\"yuzo-img\" style=\"background:url('https:\/\/redept.org\/blogosfera\/wp-content\/plugins\/yuzo-related-post\/assets\/images\/default.png') 50% 50% no-repeat;width: 125px;height:90px;margin-bottom: 5px;background-size: cover; \"><\/div>\n\t\t\t\t\t\t\t\t\t  <\/div>\n\t\t\t\t\t\t\t\t\t  \n\t\t\t\t\t\t\t\t   <span class=\"yuzo__text--title\" style=\"font-size:13px;\">Isen\u00e7\u00e3o do IR para quem ganha at\u00e9 R$ 5 mil: vit\u00f3ri...<\/span>\n\t\t\t\t\t\t\t  \n\t\t\t\t\t\t\t  \n\t\t\t\t\t\t\t  <\/a>\n\n\t\t\t\t\t\t  <\/div>\n<\/div> <script>\n\t\t\t\t\t\t  jQuery(document).ready(function( $ ){\n\t\t\t\t\t\t\t\/\/jQuery('.yuzo_related_post').equalizer({ overflow : 'relatedthumb' });\n\t\t\t\t\t\t\tjQuery('.yuzo_related_post .yuzo_wraps').equalizer({ columns : '> div' });\n\t\t\t\t\t\t   })\n\t\t\t\t\t\t  <\/script> <!-- End Yuzo :) -->","protected":false},"excerpt":{"rendered":"<p>O presidente brasileiro Luiz In\u00e1cio Lula da Silva parabenizou neste s\u00e1bado (24\/05) o ator Wagner Moura e o diretor Kleber Mendon\u00e7a Filho pelas conquistas no Festival de Cannes, o maior evento cinematogr\u00e1fico da Fran\u00e7a, nas categorias de Melhor Ator e Melhor Diretor, respectivamente, por meio do filme O Agente Secreto. Em publica\u00e7\u00e3o no X, o [&hellip;]<\/p>\n","protected":false},"author":2,"featured_media":0,"comment_status":"closed","ping_status":"closed","sticky":false,"template":"","format":"standard","meta":{"fifu_image_url":"","fifu_image_alt":"","footnotes":""},"categories":[6866,488,309,6867,6868,5896,22,2647,112,6857,6180],"tags":[],"class_list":["post-29695","post","type-post","status-publish","format-standard","hentry","category-ator","category-cinema","category-cultura","category-diretor","category-evento","category-festival-de-cannes","category-franca","category-kleber-mendonca-filho","category-lula","category-premio","category-wagner-moura"],"_links":{"self":[{"href":"https:\/\/redept.com.br\/blogosfera\/wp-json\/wp\/v2\/posts\/29695","targetHints":{"allow":["GET"]}}],"collection":[{"href":"https:\/\/redept.com.br\/blogosfera\/wp-json\/wp\/v2\/posts"}],"about":[{"href":"https:\/\/redept.com.br\/blogosfera\/wp-json\/wp\/v2\/types\/post"}],"author":[{"embeddable":true,"href":"https:\/\/redept.com.br\/blogosfera\/wp-json\/wp\/v2\/users\/2"}],"replies":[{"embeddable":true,"href":"https:\/\/redept.com.br\/blogosfera\/wp-json\/wp\/v2\/comments?post=29695"}],"version-history":[{"count":0,"href":"https:\/\/redept.com.br\/blogosfera\/wp-json\/wp\/v2\/posts\/29695\/revisions"}],"wp:attachment":[{"href":"https:\/\/redept.com.br\/blogosfera\/wp-json\/wp\/v2\/media?parent=29695"}],"wp:term":[{"taxonomy":"category","embeddable":true,"href":"https:\/\/redept.com.br\/blogosfera\/wp-json\/wp\/v2\/categories?post=29695"},{"taxonomy":"post_tag","embeddable":true,"href":"https:\/\/redept.com.br\/blogosfera\/wp-json\/wp\/v2\/tags?post=29695"}],"curies":[{"name":"wp","href":"https:\/\/api.w.org\/{rel}","templated":true}]}}