{"id":29759,"date":"2025-05-25T09:13:36","date_gmt":"2025-05-25T12:13:36","guid":{"rendered":"https:\/\/redept.org\/blogosfera\/restaurante-do-armazem-do-campo-reabre-no-sindibancarios-nesta-quarta-feira-28\/"},"modified":"2025-05-25T09:13:36","modified_gmt":"2025-05-25T12:13:36","slug":"restaurante-do-armazem-do-campo-reabre-no-sindibancarios-nesta-quarta-feira-28","status":"publish","type":"post","link":"https:\/\/redept.com.br\/blogosfera\/restaurante-do-armazem-do-campo-reabre-no-sindibancarios-nesta-quarta-feira-28\/","title":{"rendered":"Restaurante do Armaz\u00e9m do Campo reabre no SindiBanc\u00e1rios nesta quarta-feira (28)"},"content":{"rendered":"<section>\n<div>\n<p><span>A partir da pr\u00f3xima quarta-feira (28), o SindBanc\u00e1rios contar\u00e1 com um novo espa\u00e7o na sua sede, na Rua General C\u00e2mara, 424: o restaurante Armaz\u00e9m do Campo, cuja cozinha ser\u00e1 operada por membros do assentamento Integra\u00e7\u00e3o Ga\u00facha, do Movimento dos Trabalhadores Rurais Sem Terra (MST) de Eldorado do Sul.<\/span><\/p>\n<p><span>O Armaz\u00e9m do Campo faz parte de uma rede de lojas do MST que vende produtos oriundos da reforma agr\u00e1ria e da agricultura familiar. \u201cA gente j\u00e1 vinha mostrando os produtos da reforma agr\u00e1ria, mostrando que ela d\u00e1 certo\u201d, diz Agatha Picollo, da Cooperativa Central dos Assentamentos do RS (COCEARGS).\u00a0<\/span><\/p>\n<p><span>O antigo restaurante de Porto Alegre, que ficava na Cidade Baixa, fechou em fevereiro de 2024 e, logo depois, surgiu a oportunidade de se mudarem para a Casa dos Banc\u00e1rios. Por\u00e9m, a enchente atrasou os planos por um ano. No mesmo local onde est\u00e1 o novo restaurante funcionou, por um m\u00eas, uma cozinha solid\u00e1ria operada pelo sindicato para distribuir refei\u00e7\u00f5es durante a crise clim\u00e1tica.<\/span><\/p>\n<p>\u00a0<\/p>\n<figure aria-describedby=\"caption-attachment-265924\"><img fetchpriority=\"high\" fetchpriority=\"high\" decoding=\"async\"src=\"https:\/\/redept.org\/blogosfera\/wp-content\/uploads\/2025\/05\/Imagem-do-WhatsApp-de-2025-05-22-as-174631_2fee097a-scaled-e1748021716668-2048x1536-1.jpg\" alt=\"\" width=\"1024\" height=\"768\" srcset=\"https:\/\/sul21.com.br\/wp-content\/uploads\/2025\/05\/Imagem-do-WhatsApp-de-2025-05-22-as-17.46.31_2fee097a-scaled-e1748021716668-1024x768.jpg 1024w, https:\/\/sul21.com.br\/wp-content\/uploads\/2025\/05\/Imagem-do-WhatsApp-de-2025-05-22-as-17.46.31_2fee097a-scaled-e1748021716668-300x225.jpg 300w, https:\/\/sul21.com.br\/wp-content\/uploads\/2025\/05\/Imagem-do-WhatsApp-de-2025-05-22-as-17.46.31_2fee097a-scaled-e1748021716668-768x576.jpg 768w, https:\/\/sul21.com.br\/wp-content\/uploads\/2025\/05\/Imagem-do-WhatsApp-de-2025-05-22-as-17.46.31_2fee097a-scaled-e1748021716668-1536x1152.jpg 1536w, https:\/\/redept.org\/blogosfera\/wp-content\/uploads\/2025\/05\/Imagem-do-WhatsApp-de-2025-05-22-as-174631_2fee097a-scaled-e1748021716668-2048x1536-1.jpg 2048w, https:\/\/sul21.com.br\/wp-content\/uploads\/2025\/05\/Imagem-do-WhatsApp-de-2025-05-22-as-17.46.31_2fee097a-scaled-e1748021716668-100x75.jpg 100w, https:\/\/sul21.com.br\/wp-content\/uploads\/2025\/05\/Imagem-do-WhatsApp-de-2025-05-22-as-17.46.31_2fee097a-scaled-e1748021716668-500x375.jpg 500w, https:\/\/sul21.com.br\/wp-content\/uploads\/2025\/05\/Imagem-do-WhatsApp-de-2025-05-22-as-17.46.31_2fee097a-scaled-e1748021716668-720x540.jpg 720w, https:\/\/sul21.com.br\/wp-content\/uploads\/2025\/05\/Imagem-do-WhatsApp-de-2025-05-22-as-17.46.31_2fee097a-scaled-e1748021716668-800x600.jpg 800w, https:\/\/sul21.com.br\/wp-content\/uploads\/2025\/05\/Imagem-do-WhatsApp-de-2025-05-22-as-17.46.31_2fee097a-scaled-e1748021716668-1080x810.jpg 1080w, https:\/\/sul21.com.br\/wp-content\/uploads\/2025\/05\/Imagem-do-WhatsApp-de-2025-05-22-as-17.46.31_2fee097a-scaled-e1748021716668-1600x1200.jpg 1600w\" sizes=\"(max-width: 1024px) 100vw, 1024px\"><figcaption>O Armaz\u00e9m comercializa produtos que v\u00eam da agricultura familiar e da reforma agr\u00e1ria. Foto: Divulga\u00e7\u00e3o<\/figcaption><\/figure>\n<p><span>\u201cNosso objetivo n\u00e3o \u00e9 a quest\u00e3o comercial, mas a quest\u00e3o pol\u00edtica\u201d, destaca Tiago Vasconcellos Pedroso, diretor financeiro do SindBanc\u00e1rios. Segundo ele, o foco \u00e9 em divulgar o CineBanc\u00e1rios, um pequeno cinema gerido pelos banc\u00e1rios, e fortalecer o movimento. \u201cO sindicato j\u00e1 \u00e9 um territ\u00f3rio de luta. Casam bem as duas coisas\u201d, afirma.<\/span><\/p>\n<p><span>Antes da abertura oficial no dia 28, o SindBanc\u00e1rios far\u00e1 uma pr\u00e9-inaugura\u00e7\u00e3o para <\/span><a href=\"https:\/\/sul21.com.br\/noticias\/cultura\/2025\/05\/sindbancarios-lanca-documentario-sobre-trabalhadores-atingidos-pela-enchente\/\"><span>celebrar o lan\u00e7amento do document\u00e1rio curta-metragem<\/span><\/a><span>, \u201cMarcas D\u2019\u00c1gua \u2013 Mem\u00f3ria dos banc\u00e1rios ga\u00fachos nas enchentes de 2024\u2033, que fala sobre o impacto humano, al\u00e9m do profissional, que a cat\u00e1strofe provocou na vida de milhares de banc\u00e1rios.<\/span><\/p>\n<p><span>\u201cEu espero uma boa aceita\u00e7\u00e3o do restaurante. Eu imagino que isso v\u00e1 ser positivo para o cinema como passeio cultural\u201d, comenta Pedroso. Para ele, a rela\u00e7\u00e3o entre o cinema e o restaurante ser\u00e1 \u201csimbi\u00f3tica\u201d. Agatha Picollo espera que o Armaz\u00e9m possa ser \u201cum ponto de encontro. Temos uma boa clientela que nos pede produtos\u201d.<\/span><\/p>\n<p>O antigo Armaz\u00e9m do Campo da Cidade Baixa tamb\u00e9m era conhecido pelos shows e eventos, principalmente as apresenta\u00e7\u00f5es de samba. No primeiro m\u00eas de atua\u00e7\u00e3o, o restaurante estar\u00e1 em um per\u00edodo de teste e avalia\u00e7\u00e3o. Ainda n\u00e3o h\u00e1 eventos marcados, mas a organiza\u00e7\u00e3o do restaurante diz que \u00e9 \u201cuma demanda que queremos que aconte\u00e7a e faremos o poss\u00edvel para isso\u201d. O local abre suas portas nesta quarta (28) \u00e0s 9h.<\/p>\n<p><strong>Hor\u00e1rio de funcionamento:\u00a0<\/strong><\/p>\n<p>Segunda-feira: das 9h \u00e0s 18h<br \/>\nTer\u00e7a a Sexta: das 9h \u00e0s 22h<br \/>\nS\u00e1bado e Domingo: 14h \u00e0s 22h<\/p>\n<\/p><\/div>\n<\/section>\n<p>O post <a href=\"https:\/\/sul21.com.br\/noticias\/geral\/2025\/05\/restaurante-do-armazem-do-campo-reabre-no-sindibancarios-nesta-quarta-feira-28\/\">Restaurante do Armaz\u00e9m do Campo reabre no SindiBanc\u00e1rios nesta quarta-feira (28)<\/a> apareceu primeiro em <a href=\"https:\/\/sul21.com.br\/\">Sul 21<\/a>.<\/p>\n<!-- Begin Yuzo --><div class='yuzo_related_post style-1'  data-version='5.12.89'><!-- without result --><div class='yuzo_clearfixed yuzo__title yuzo__title'><h3>Related Post<\/h3><\/div>\n\t\t\t\t\t\t  <div class=\"relatedthumb \" style=\"width:125px;float:left;overflow:hidden;\">  \n\t\t\t\t\t\t\t  \n\t\t\t\t\t\t\t  <a  href=\"https:\/\/redept.com.br\/blogosfera\/responsabilidade-primaria-por-ambiente-digital-seguro-e-das-plataformas-diz-lula\/\"  >\n\t\t\t\t\t\t\t\t\t  <div class=\"yuzo-img-wrap \" style=\"width: 125px;height:90px;\">\n\t\t\t\t\t\t\t\t\t\t\n\t\t\t\t\t\t\t\t\t\t<div class=\"yuzo-img\" style=\"background:url('https:\/\/redept.com.br\/blogosfera\/wp-content\/uploads\/2026\/03\/eca-digital2_-Foto-Ricardo-Stuckert-_-PR-150x150.jpg') 50% 50% no-repeat;width: 125px;height:90px;margin-bottom: 5px;background-size: cover; \"><\/div>\n\t\t\t\t\t\t\t\t\t  <\/div>\n\t\t\t\t\t\t\t\t\t  \n\t\t\t\t\t\t\t\t   <span class=\"yuzo__text--title\" style=\"font-size:13px;\">Responsabilidade prim\u00e1ria por ambiente digital seg...<\/span>\n\t\t\t\t\t\t\t  \n\t\t\t\t\t\t\t  \n\t\t\t\t\t\t\t  <\/a>\n\n\t\t\t\t\t\t  <\/div>\n\t\t\t\t\t\t  <div class=\"relatedthumb \" style=\"width:125px;float:left;overflow:hidden;\">  \n\t\t\t\t\t\t\t  \n\t\t\t\t\t\t\t  <a  href=\"https:\/\/redept.com.br\/blogosfera\/parada-do-orgulho-lgbt-de-sao-paulo-divulga-tema-oficial-e-celebra-sua-30a-edicao\/\"  >\n\t\t\t\t\t\t\t\t\t  <div class=\"yuzo-img-wrap \" style=\"width: 125px;height:90px;\">\n\t\t\t\t\t\t\t\t\t\t\n\t\t\t\t\t\t\t\t\t\t<div class=\"yuzo-img\" style=\"background:url('https:\/\/redept.org\/blogosfera\/wp-content\/plugins\/yuzo-related-post\/assets\/images\/default.png') 50% 50% no-repeat;width: 125px;height:90px;margin-bottom: 5px;background-size: cover; \"><\/div>\n\t\t\t\t\t\t\t\t\t  <\/div>\n\t\t\t\t\t\t\t\t\t  \n\t\t\t\t\t\t\t\t   <span class=\"yuzo__text--title\" style=\"font-size:13px;\">Parada do Orgulho LGBT+ de S\u00e3o Paulo divulga tema ...<\/span>\n\t\t\t\t\t\t\t  \n\t\t\t\t\t\t\t  \n\t\t\t\t\t\t\t  <\/a>\n\n\t\t\t\t\t\t  <\/div>\n\t\t\t\t\t\t  <div class=\"relatedthumb \" style=\"width:125px;float:left;overflow:hidden;\">  \n\t\t\t\t\t\t\t  \n\t\t\t\t\t\t\t  <a  href=\"https:\/\/redept.com.br\/blogosfera\/comissao-aprova-projeto-de-ana-paula-lima-que-garante-tratamento-hormonal-para-climaterio-no-sus\/\"  >\n\t\t\t\t\t\t\t\t\t  <div class=\"yuzo-img-wrap \" style=\"width: 125px;height:90px;\">\n\t\t\t\t\t\t\t\t\t\t\n\t\t\t\t\t\t\t\t\t\t<div class=\"yuzo-img\" style=\"background:url('https:\/\/redept.org\/blogosfera\/wp-content\/plugins\/yuzo-related-post\/assets\/images\/default.png') 50% 50% no-repeat;width: 125px;height:90px;margin-bottom: 5px;background-size: cover; \"><\/div>\n\t\t\t\t\t\t\t\t\t  <\/div>\n\t\t\t\t\t\t\t\t\t  \n\t\t\t\t\t\t\t\t   <span class=\"yuzo__text--title\" style=\"font-size:13px;\">Comiss\u00e3o aprova projeto de Ana Paula Lima que gara...<\/span>\n\t\t\t\t\t\t\t  \n\t\t\t\t\t\t\t  \n\t\t\t\t\t\t\t  <\/a>\n\n\t\t\t\t\t\t  <\/div>\n\t\t\t\t\t\t  <div class=\"relatedthumb \" style=\"width:125px;float:left;overflow:hidden;\">  \n\t\t\t\t\t\t\t  \n\t\t\t\t\t\t\t  <a  href=\"https:\/\/redept.com.br\/blogosfera\/ibaneis-rocha-passa-a-ser-investigado-no-stj-no-ambito-do-escandalo-do-banco-master-que-abala-as-bases-do-poder-no-df\/\"  >\n\t\t\t\t\t\t\t\t\t  <div class=\"yuzo-img-wrap \" style=\"width: 125px;height:90px;\">\n\t\t\t\t\t\t\t\t\t\t\n\t\t\t\t\t\t\t\t\t\t<div class=\"yuzo-img\" style=\"background:url('https:\/\/redept.org\/blogosfera\/wp-content\/plugins\/yuzo-related-post\/assets\/images\/default.png') 50% 50% no-repeat;width: 125px;height:90px;margin-bottom: 5px;background-size: cover; \"><\/div>\n\t\t\t\t\t\t\t\t\t  <\/div>\n\t\t\t\t\t\t\t\t\t  \n\t\t\t\t\t\t\t\t   <span class=\"yuzo__text--title\" style=\"font-size:13px;\">Ibaneis Rocha passa a ser investigado no STJ, no \u00e2...<\/span>\n\t\t\t\t\t\t\t  \n\t\t\t\t\t\t\t  \n\t\t\t\t\t\t\t  <\/a>\n\n\t\t\t\t\t\t  <\/div>\n<\/div> <script>\n\t\t\t\t\t\t  jQuery(document).ready(function( $ ){\n\t\t\t\t\t\t\t\/\/jQuery('.yuzo_related_post').equalizer({ overflow : 'relatedthumb' });\n\t\t\t\t\t\t\tjQuery('.yuzo_related_post .yuzo_wraps').equalizer({ columns : '> div' });\n\t\t\t\t\t\t   })\n\t\t\t\t\t\t  <\/script> <!-- End Yuzo :) -->","protected":false},"excerpt":{"rendered":"<p>A partir da pr\u00f3xima quarta-feira (28), o SindBanc\u00e1rios contar\u00e1 com um novo espa\u00e7o na sua sede, na Rua General C\u00e2mara, 424: o restaurante Armaz\u00e9m do Campo, cuja cozinha ser\u00e1 operada por membros do assentamento Integra\u00e7\u00e3o Ga\u00facha, do Movimento dos Trabalhadores Rurais Sem Terra (MST) de Eldorado do Sul. O Armaz\u00e9m do Campo faz parte de [&hellip;]<\/p>\n","protected":false},"author":2,"featured_media":29760,"comment_status":"closed","ping_status":"closed","sticky":false,"template":"","format":"standard","meta":{"fifu_image_url":"","fifu_image_alt":"","footnotes":""},"categories":[2461,5545,94,302,195,6647,5541],"tags":[],"class_list":["post-29759","post","type-post","status-publish","format-standard","has-post-thumbnail","hentry","category-agricultura-familiar","category-cinebancarios","category-geral","category-mst","category-reforma-agraria","category-sindbancarios","category-topo1"],"_links":{"self":[{"href":"https:\/\/redept.com.br\/blogosfera\/wp-json\/wp\/v2\/posts\/29759","targetHints":{"allow":["GET"]}}],"collection":[{"href":"https:\/\/redept.com.br\/blogosfera\/wp-json\/wp\/v2\/posts"}],"about":[{"href":"https:\/\/redept.com.br\/blogosfera\/wp-json\/wp\/v2\/types\/post"}],"author":[{"embeddable":true,"href":"https:\/\/redept.com.br\/blogosfera\/wp-json\/wp\/v2\/users\/2"}],"replies":[{"embeddable":true,"href":"https:\/\/redept.com.br\/blogosfera\/wp-json\/wp\/v2\/comments?post=29759"}],"version-history":[{"count":0,"href":"https:\/\/redept.com.br\/blogosfera\/wp-json\/wp\/v2\/posts\/29759\/revisions"}],"wp:featuredmedia":[{"embeddable":true,"href":"https:\/\/redept.com.br\/blogosfera\/wp-json\/wp\/v2\/media\/29760"}],"wp:attachment":[{"href":"https:\/\/redept.com.br\/blogosfera\/wp-json\/wp\/v2\/media?parent=29759"}],"wp:term":[{"taxonomy":"category","embeddable":true,"href":"https:\/\/redept.com.br\/blogosfera\/wp-json\/wp\/v2\/categories?post=29759"},{"taxonomy":"post_tag","embeddable":true,"href":"https:\/\/redept.com.br\/blogosfera\/wp-json\/wp\/v2\/tags?post=29759"}],"curies":[{"name":"wp","href":"https:\/\/api.w.org\/{rel}","templated":true}]}}