{"id":29858,"date":"2025-05-26T15:10:02","date_gmt":"2025-05-26T18:10:02","guid":{"rendered":"https:\/\/redept.org\/blogosfera\/pgr-pede-inquerito-contra-eduardo-bolsonaro-por-acoes-nos-eua\/"},"modified":"2025-05-26T15:10:02","modified_gmt":"2025-05-26T18:10:02","slug":"pgr-pede-inquerito-contra-eduardo-bolsonaro-por-acoes-nos-eua","status":"publish","type":"post","link":"https:\/\/redept.com.br\/blogosfera\/pgr-pede-inquerito-contra-eduardo-bolsonaro-por-acoes-nos-eua\/","title":{"rendered":"PGR pede inqu\u00e9rito contra Eduardo Bolsonaro por a\u00e7\u00f5es nos EUA"},"content":{"rendered":"<p><img fetchpriority=\"high\" width=\"754\" height=\"566\"src=\"https:\/\/redept.org\/blogosfera\/wp-content\/uploads\/2025\/05\/eduardo_bolsonaro127525.jpg\" alt=\"\" decoding=\"async\" srcset=\"https:\/\/redept.org\/blogosfera\/wp-content\/uploads\/2025\/05\/eduardo_bolsonaro127525.jpg 754w, https:\/\/vermelho.org.br\/wp-content\/uploads\/2019\/10\/eduardo_bolsonaro127525-300x225.jpg 300w\" sizes=\"(max-width: 754px) 100vw, 754px\"><\/p>\n<p>A Procuradoria-Geral da Rep\u00fablica (PGR) pediu ao Supremo Tribunal Federal (STF) que seja aberto inqu\u00e9rito contra o deputado federal Eduardo Bolsonaro (PL). O motivo \u00e9 a a\u00e7\u00e3o de Eduardo nos Estados Unidos contra autoridades brasileiras, enquanto est\u00e1 licenciado do seu mandato no Congresso Nacional.<\/p>\n<p>O relator do pedido \u00e9 o ministro Alexandre de Moraes, que j\u00e1 analisa casos de atos antidemocr\u00e1ticos. Ele dever\u00e1 decidir se aceita ou n\u00e3o a den\u00fancia.<\/p>\n<p>O procurador-geral da Rep\u00fablica, Paulo Gonet, coloca na solicita\u00e7\u00e3o documentos comprobat\u00f3rios das investidas de Eduardo contra agentes federais no intuito de constranger a Justi\u00e7a brasileira.<\/p>\n<p>A finalidade do deputado \u00e9 provocar san\u00e7\u00f5es internacionais contra membros do judici\u00e1rio, sendo o principal alvo deles o pr\u00f3prio ministro Moraes. Os \u2018bolsonaristas\u2019 buscam se articular junto \u00e0 extrema direita do governo Donald Trump no sentido de influenciar nas investiga\u00e7\u00f5es que pesam contra Jair Bolsonaro. A cada dia que passa o cerco contra o ex-presidente se fecha mais, principalmente pela acusa\u00e7\u00e3o de liderar o plano por um golpe de Estado.<\/p>\n<p><strong>Leia mais: <\/strong><a href=\"https:\/\/vermelho.org.br\/2025\/03\/18\/fuga-de-eduardo-bolsonaro-e-para-escapar-da-justica-dizem-deputados\/\">Fuga de Eduardo Bolsonaro \u00e9 para escapar da Justi\u00e7a, dizem deputados<\/a><\/p>\n<p>Assim, a PGR re\u00fane desde postagens em redes sociais at\u00e9 entrevistas do deputado licenciado para demonstrar que suas a\u00e7\u00f5es visam interferir, com press\u00e3o internacional, a legitimidade dos processos judiciais no Brasil.<\/p>\n<p>No pedido \u00e9 colocado: <em>\u201cDesde o in\u00edcio do ano, o Deputado Federal Eduardo Bolsonaro vem, reiterada e publicamente, afirmando que est\u00e1 se dedicando a conseguir do governo dos Estados Unidos a imposi\u00e7\u00e3o de san\u00e7\u00f5es contra integrantes do Supremo Tribunal Federal, da Procuradoria-Geral da Rep\u00fablica e da Pol\u00edcia Federal, pelo que considera ser uma persegui\u00e7\u00e3o pol\u00edtica a si mesmo e a seu pai, apontado em den\u00fancia em curso no Supremo Tribunal Federal como l\u00edder de organiza\u00e7\u00e3o criminosa empenhada em romper com a ordem institucional democr\u00e1tica para se estender \u00e0 frente da Presid\u00eancia da Rep\u00fablica, n\u00e3o obstante os resultados das elei\u00e7\u00f5es de 2022.\u201d<\/em><\/p>\n<p>Gonet ainda pede que a Pol\u00edcia Federal ou\u00e7a o ex-presidente Bolsonaro, sendo que ele \u00e9 o principal beneficiado dos atos do filho nos EUA. Os custos de Eduardo fora do pa\u00eds, uma vez que est\u00e1 com o sal\u00e1rio suspenso enquanto est\u00e1 afastado do mandato, s\u00e3o mantidos por Jair, como j\u00e1 afirmado.<\/p>\n<p>Tamb\u00e9m \u00e9 solicitado que Eduardo se manifeste com a sugest\u00e3o de que seja encaminhada notifica\u00e7\u00e3o aos endere\u00e7os eletr\u00f4nicos dele: <em>[\u2026] diante da gravidade dos fatos, da prem\u00eancia de tempo e da seriedade das provid\u00eancias em tela, que o sr. Eduardo Bolsonaro seja convidado a se manifestar sobre os fatos que comp\u00f5em esta peti\u00e7\u00e3o, por escrito, no prazo que V. Exa. estipular. Sugiro que a digna Pol\u00edcia Federal encaminhe a notifica\u00e7\u00e3o aos endere\u00e7os eletr\u00f4nicos de que dispuser ligados ao sr. Eduardo Bolsonaro, sabendo-se que ele se encontra fora do Brasil, mas est\u00e1 em permanente contato e uso dos meios<\/em><em> eletr\u00f4nicos de comunica\u00e7\u00e3o.\u201d<\/em><\/p>\n<p>A movimenta\u00e7\u00e3o do filho de Bolsonaro nos EUA \u00e9 acompanhada tamb\u00e9m pelo governo brasileiro que mant\u00e9m di\u00e1logo em n\u00edvel diplom\u00e1tico para evitar que a situa\u00e7\u00e3o ganhe novos contornos.<\/p>\n<p><strong>Leia mais: <\/strong><a href=\"https:\/\/vermelho.org.br\/2025\/05\/16\/brasil-cogita-reagir-se-ameaca-dos-eua-de-punir-moraes-se-confirmar\/\">Brasil cogita reagir se amea\u00e7a dos EUA de punir Moraes se confirmar<\/a><\/p>\n<p>A decis\u00e3o de abrir di\u00e1logo aconteceu ap\u00f3s o secret\u00e1rio de Estado dos EUA, Marco Rubio, sinalizar publicamente pelas indica\u00e7\u00f5es de Eduardo. As poss\u00edveis san\u00e7\u00f5es incluem impossibilidade de entrar nos Estados Unidos, assim como bloqueio de bens e contas no pa\u00eds.<\/p>\n<p>No caso, n\u00e3o s\u00e3o somente as a\u00e7\u00f5es do filho \u201c03\u201d que visam constranger autoridades brasileiras. As \u201cBig Techs\u201d, gigantes de tecnologia, tamb\u00e9m podem estar por tr\u00e1s dessa articula\u00e7\u00e3o por meio de Elon Musk, que ocupa o cargo no Departamento de Efici\u00eancia Governamental (DOGE), e tenta <a href=\"https:\/\/vermelho.org.br\/2024\/08\/20\/__trashed-7\/\">desgastar a atua\u00e7\u00e3o de Alexandre de Moraes desde que a rede social X foi sancionada e multada no Brasil <\/a>por descumprir decis\u00f5es judiciais.<\/p>\n<p>O post <a href=\"https:\/\/vermelho.org.br\/2025\/05\/26\/pgr-pede-inquerito-contra-eduardo-bolsonaro-por-acoes-nos-eua\/\">PGR pede inqu\u00e9rito contra Eduardo Bolsonaro por a\u00e7\u00f5es nos EUA<\/a> apareceu primeiro em <a href=\"https:\/\/vermelho.org.br\/\">Vermelho<\/a>.<\/p>\n<!-- Begin Yuzo --><div class='yuzo_related_post style-1'  data-version='5.12.89'><!-- without result --><div class='yuzo_clearfixed yuzo__title yuzo__title'><h3>Related Post<\/h3><\/div>\n\t\t\t\t\t\t  <div class=\"relatedthumb \" style=\"width:125px;float:left;overflow:hidden;\">  \n\t\t\t\t\t\t\t  \n\t\t\t\t\t\t\t  <a  href=\"https:\/\/redept.com.br\/blogosfera\/congresso-do-pcdob-lula-conclama-militancia-para-derrotar-extrema-direita\/\"  >\n\t\t\t\t\t\t\t\t\t  <div class=\"yuzo-img-wrap \" style=\"width: 125px;height:90px;\">\n\t\t\t\t\t\t\t\t\t\t\n\t\t\t\t\t\t\t\t\t\t<div class=\"yuzo-img\" style=\"background:url('https:\/\/redept.com.br\/blogosfera\/wp-content\/uploads\/2025\/10\/Congresso-PCdoB-150x150.jpg') 50% 50% no-repeat;width: 125px;height:90px;margin-bottom: 5px;background-size: cover; \"><\/div>\n\t\t\t\t\t\t\t\t\t  <\/div>\n\t\t\t\t\t\t\t\t\t  \n\t\t\t\t\t\t\t\t   <span class=\"yuzo__text--title\" style=\"font-size:13px;\">Congresso do PCdoB: Lula conclama milit\u00e2ncia para ...<\/span>\n\t\t\t\t\t\t\t  \n\t\t\t\t\t\t\t  \n\t\t\t\t\t\t\t  <\/a>\n\n\t\t\t\t\t\t  <\/div>\n\t\t\t\t\t\t  <div class=\"relatedthumb \" style=\"width:125px;float:left;overflow:hidden;\">  \n\t\t\t\t\t\t\t  \n\t\t\t\t\t\t\t  <a  href=\"https:\/\/redept.com.br\/blogosfera\/o-ruidoso-colapso-da-ordem-ocidental\/\"  >\n\t\t\t\t\t\t\t\t\t  <div class=\"yuzo-img-wrap \" style=\"width: 125px;height:90px;\">\n\t\t\t\t\t\t\t\t\t\t\n\t\t\t\t\t\t\t\t\t\t<div class=\"yuzo-img\" style=\"background:url('https:\/\/redept.com.br\/blogosfera\/wp-content\/uploads\/2025\/08\/250805-Colapso-150x150.jpg') 50% 50% no-repeat;width: 125px;height:90px;margin-bottom: 5px;background-size: cover; \"><\/div>\n\t\t\t\t\t\t\t\t\t  <\/div>\n\t\t\t\t\t\t\t\t\t  \n\t\t\t\t\t\t\t\t   <span class=\"yuzo__text--title\" style=\"font-size:13px;\">O ruidoso colapso da ordem ocidental<\/span>\n\t\t\t\t\t\t\t  \n\t\t\t\t\t\t\t  \n\t\t\t\t\t\t\t  <\/a>\n\n\t\t\t\t\t\t  <\/div>\n\t\t\t\t\t\t  <div class=\"relatedthumb \" style=\"width:125px;float:left;overflow:hidden;\">  \n\t\t\t\t\t\t\t  \n\t\t\t\t\t\t\t  <a  href=\"https:\/\/redept.com.br\/blogosfera\/isencao-do-ir-para-quem-ganha-ate-r-5-mil-avanca-na-camara\/\"  >\n\t\t\t\t\t\t\t\t\t  <div class=\"yuzo-img-wrap \" style=\"width: 125px;height:90px;\">\n\t\t\t\t\t\t\t\t\t\t\n\t\t\t\t\t\t\t\t\t\t<div class=\"yuzo-img\" style=\"background:url('https:\/\/redept.com.br\/blogosfera\/wp-content\/uploads\/2025\/07\/img20250710162859717-768x473-1-150x150.jpg') 50% 50% no-repeat;width: 125px;height:90px;margin-bottom: 5px;background-size: cover; \"><\/div>\n\t\t\t\t\t\t\t\t\t  <\/div>\n\t\t\t\t\t\t\t\t\t  \n\t\t\t\t\t\t\t\t   <span class=\"yuzo__text--title\" style=\"font-size:13px;\">Isen\u00e7\u00e3o do IR para quem ganha at\u00e9 R$ 5 mil avan\u00e7a ...<\/span>\n\t\t\t\t\t\t\t  \n\t\t\t\t\t\t\t  \n\t\t\t\t\t\t\t  <\/a>\n\n\t\t\t\t\t\t  <\/div>\n\t\t\t\t\t\t  <div class=\"relatedthumb \" style=\"width:125px;float:left;overflow:hidden;\">  \n\t\t\t\t\t\t\t  \n\t\t\t\t\t\t\t  <a  href=\"https:\/\/redept.com.br\/blogosfera\/conferencia-das-mulheres-faz-alerta-sobre-cancer-de-mama\/\"  >\n\t\t\t\t\t\t\t\t\t  <div class=\"yuzo-img-wrap \" style=\"width: 125px;height:90px;\">\n\t\t\t\t\t\t\t\t\t\t\n\t\t\t\t\t\t\t\t\t\t<div class=\"yuzo-img\" style=\"background:url('https:\/\/redept.org\/blogosfera\/wp-content\/plugins\/yuzo-related-post\/assets\/images\/default.png') 50% 50% no-repeat;width: 125px;height:90px;margin-bottom: 5px;background-size: cover; \"><\/div>\n\t\t\t\t\t\t\t\t\t  <\/div>\n\t\t\t\t\t\t\t\t\t  \n\t\t\t\t\t\t\t\t   <span class=\"yuzo__text--title\" style=\"font-size:13px;\">Confer\u00eancia das Mulheres faz alerta sobre c\u00e2ncer d...<\/span>\n\t\t\t\t\t\t\t  \n\t\t\t\t\t\t\t  \n\t\t\t\t\t\t\t  <\/a>\n\n\t\t\t\t\t\t  <\/div>\n<\/div> <script>\n\t\t\t\t\t\t  jQuery(document).ready(function( $ ){\n\t\t\t\t\t\t\t\/\/jQuery('.yuzo_related_post').equalizer({ overflow : 'relatedthumb' });\n\t\t\t\t\t\t\tjQuery('.yuzo_related_post .yuzo_wraps').equalizer({ columns : '> div' });\n\t\t\t\t\t\t   })\n\t\t\t\t\t\t  <\/script> <!-- End Yuzo :) -->","protected":false},"excerpt":{"rendered":"<p>A Procuradoria-Geral da Rep\u00fablica (PGR) pediu ao Supremo Tribunal Federal (STF) que seja aberto inqu\u00e9rito contra o deputado federal Eduardo Bolsonaro (PL). O motivo \u00e9 a a\u00e7\u00e3o de Eduardo nos Estados Unidos contra autoridades brasileiras, enquanto est\u00e1 licenciado do seu mandato no Congresso Nacional. O relator do pedido \u00e9 o ministro Alexandre de Moraes, que [&hellip;]<\/p>\n","protected":false},"author":2,"featured_media":29859,"comment_status":"closed","ping_status":"closed","sticky":false,"template":"","format":"standard","meta":{"fifu_image_url":"","fifu_image_alt":"","footnotes":""},"categories":[1261,3375,9,824,288,1570,2460,260],"tags":[],"class_list":["post-29858","post","type-post","status-publish","format-standard","has-post-thumbnail","hentry","category-alexandre-de-moraes","category-eduardo-bolsonaro","category-eua","category-jair-bolsonaro","category-justica","category-pgr","category-procuradoria-geral-da-republica-pgr","category-stf"],"_links":{"self":[{"href":"https:\/\/redept.com.br\/blogosfera\/wp-json\/wp\/v2\/posts\/29858","targetHints":{"allow":["GET"]}}],"collection":[{"href":"https:\/\/redept.com.br\/blogosfera\/wp-json\/wp\/v2\/posts"}],"about":[{"href":"https:\/\/redept.com.br\/blogosfera\/wp-json\/wp\/v2\/types\/post"}],"author":[{"embeddable":true,"href":"https:\/\/redept.com.br\/blogosfera\/wp-json\/wp\/v2\/users\/2"}],"replies":[{"embeddable":true,"href":"https:\/\/redept.com.br\/blogosfera\/wp-json\/wp\/v2\/comments?post=29858"}],"version-history":[{"count":0,"href":"https:\/\/redept.com.br\/blogosfera\/wp-json\/wp\/v2\/posts\/29858\/revisions"}],"wp:featuredmedia":[{"embeddable":true,"href":"https:\/\/redept.com.br\/blogosfera\/wp-json\/wp\/v2\/media\/29859"}],"wp:attachment":[{"href":"https:\/\/redept.com.br\/blogosfera\/wp-json\/wp\/v2\/media?parent=29858"}],"wp:term":[{"taxonomy":"category","embeddable":true,"href":"https:\/\/redept.com.br\/blogosfera\/wp-json\/wp\/v2\/categories?post=29858"},{"taxonomy":"post_tag","embeddable":true,"href":"https:\/\/redept.com.br\/blogosfera\/wp-json\/wp\/v2\/tags?post=29858"}],"curies":[{"name":"wp","href":"https:\/\/api.w.org\/{rel}","templated":true}]}}