{"id":29979,"date":"2025-05-27T09:47:19","date_gmt":"2025-05-27T12:47:19","guid":{"rendered":"https:\/\/redept.org\/blogosfera\/comunidade-maila-sabrina-o-que-foi-o-que-e-e-a-potencia-do-que-se-torna\/"},"modified":"2025-05-27T09:47:19","modified_gmt":"2025-05-27T12:47:19","slug":"comunidade-maila-sabrina-o-que-foi-o-que-e-e-a-potencia-do-que-se-torna","status":"publish","type":"post","link":"https:\/\/redept.com.br\/blogosfera\/comunidade-maila-sabrina-o-que-foi-o-que-e-e-a-potencia-do-que-se-torna\/","title":{"rendered":"Comunidade Maila Sabrina: O que foi, o que \u00e9, e a pot\u00eancia do que se torna"},"content":{"rendered":"<figure><img fetchpriority=\"high\" fetchpriority=\"high\" decoding=\"async\" width=\"1024\" height=\"768\" src=\"https:\/\/redept.org\/blogosfera\/wp-content\/uploads\/2025\/05\/image-3-8-1024x768-1.jpg\" alt=\"\" srcset=\"https:\/\/redept.org\/blogosfera\/wp-content\/uploads\/2025\/05\/image-3-8-1024x768-1.jpg 1024w, https:\/\/mst.org.br\/wp-content\/uploads\/2025\/05\/image-3-8-300x225.jpg 300w, https:\/\/mst.org.br\/wp-content\/uploads\/2025\/05\/image-3-8-768x576.jpg 768w, https:\/\/mst.org.br\/wp-content\/uploads\/2025\/05\/image-3-8.jpg 1280w\" sizes=\"(max-width: 1024px) 100vw, 1024px\"><figcaption><em>Foto: Carolina Calixto<\/em><\/figcaption><\/figure>\n<p><em>Por Carolina Calixto* <\/em><br \/><em>Da P\u00e1gina do MST<\/em><\/p>\n<p>Ouso dizer que, em sonhos profundos da mem\u00f3ria, eu soube e desejei escrever este artigo que escrevo hoje, para voc\u00eas. Para n\u00f3s. N\u00f3s que tamb\u00e9m sonhamos com uma emancipa\u00e7\u00e3o humana, da natureza e dos seres viventes que habitam esta Terra conosco.<\/p>\n<p>H\u00e1 quatro anos atr\u00e1s, na minha condi\u00e7\u00e3o de pesquisadora, eu entregava, com l\u00e1grimas nos olhos e acompanhada por muita gente boa e querida, o fruto do meu trabalho, obtendo assim o t\u00edtulo de Mestre em Direitos Humanos. Mais do que isso, este trabalho marcou n\u00e3o s\u00f3 a mim, mas a toda uma comunidade, um Movimento. Eu falava, e ainda falo, do \u2013 agora, com tanto orgulho, assentamento \u2013<a href=\"https:\/\/mst.org.br\/2025\/05\/22\/lula-visita-parana-para-anuncio-de-assentamento-da-reforma-agraria-dia-29-de-maio\/\" target=\"_blank\" rel=\"noreferrer noopener\">Maila Sabrina<\/a>. Da for\u00e7a que este lugar possui, da beleza e especialmente, das pessoas que fazem o Maila ser o que \u00e9, o que foi e o que ser\u00e1.<\/p>\n<p>Dizer a hist\u00f3ria do MST e do assentamento Maila Sabrina \u00e9 tamb\u00e9m lembrar a mem\u00f3ria viva e construir diariamente, em coletivo, as lutas pela efetiva\u00e7\u00e3o dos direitos humanos fundamentais, previstos na Constitui\u00e7\u00e3o Federal brasileira, sejam eles o de uma educa\u00e7\u00e3o para todos, moradia digna e justa, comida saud\u00e1vel e livre de veneno, reforma agr\u00e1ria popular, fomento de uma economia solid\u00e1ria e outra l\u00f3gica de mercado, menos excludente e desigual.<\/p>\n<p>O legado acumulado do MST \u00e9 anterior a sua formaliza\u00e7\u00e3o, naquela reuni\u00e3o em 1984, pois as demandas sociais e pol\u00edticas j\u00e1 existiam e o clamor por justi\u00e7a social, pela ocupa\u00e7\u00e3o dos espa\u00e7os pelo povo eram latentes.\u00a0<\/p>\n<figure><img decoding=\"async\" width=\"768\" height=\"1024\" src=\"https:\/\/redept.org\/blogosfera\/wp-content\/uploads\/2025\/05\/image-27-768x1024-1.jpeg\" alt=\"\" srcset=\"https:\/\/redept.org\/blogosfera\/wp-content\/uploads\/2025\/05\/image-27-768x1024-1.jpeg 768w, https:\/\/mst.org.br\/wp-content\/uploads\/2025\/05\/image-27-225x300.jpeg 225w, https:\/\/mst.org.br\/wp-content\/uploads\/2025\/05\/image-27.jpeg 960w\" sizes=\"(max-width: 768px) 100vw, 768px\"><figcaption><em>Foto: Carolina Calixto<\/em><\/figcaption><\/figure>\n<p>A centralidade no ser humano, o cuidado com as pessoas e com a coletividade e o seu entorno (a preocupa\u00e7\u00e3o com o meio-ambiente \u00e9 uma das frentes do Movimento) se tornam o motivo pelo qual o MST n\u00e3o s\u00f3 prospera at\u00e9 os dias atuais, mas porque \u00e9 um dos movimentos populares mais emblem\u00e1ticos do mundo.<\/p>\n<p>O antes acampamento, agora assentamento Maila Sabrina, \u00e9 lar de mais de 370 fam\u00edlias e conta com 23 anos de exist\u00eancia e resist\u00eancia, no que antes era um dos maiores latif\u00fandios do estado do Paran\u00e1, terra que era al\u00e9m de improdutiva, sofria com abusos de devasta\u00e7\u00e3o ambiental, em descumprimento com a lei que estabelece a Reserva Legal.\u00a0<\/p>\n<p>A comunidade que l\u00e1 habita, criou seu mundo com cores e sabores, transformando o que era gan\u00e2ncia em uma verdadeira comunh\u00e3o: frequentemente realizavam doa\u00e7\u00f5es de alimentos e outros bens a outras comunidades urbanas, participavam ativamente em prol da resolu\u00e7\u00e3o das quest\u00f5es que atingiam a cidade de Ortigueira, onde o assentamento est\u00e1 localizado, e outras cidades pr\u00f3ximas, como Faxinal. Quem tivesse olhos e bom senso era capaz de ver e sentir o bem sendo realizado por essas pessoas, onde quer que fosse. As bandeiras do MST de educa\u00e7\u00e3o, igualdade de g\u00eanero, moradia, cooperativismo, reforma agr\u00e1ria, alimenta\u00e7\u00e3o saud\u00e1vel, tudo isso estava e est\u00e1 sendo representado pelo assentamento Maila Sabrina.<\/p>\n<figure><img decoding=\"async\" width=\"1024\" height=\"768\" src=\"https:\/\/redept.org\/blogosfera\/wp-content\/uploads\/2025\/05\/image-3-9-1024x768-1.jpg\" alt=\"\" srcset=\"https:\/\/redept.org\/blogosfera\/wp-content\/uploads\/2025\/05\/image-3-9-1024x768-1.jpg 1024w, https:\/\/mst.org.br\/wp-content\/uploads\/2025\/05\/image-3-9-300x225.jpg 300w, https:\/\/mst.org.br\/wp-content\/uploads\/2025\/05\/image-3-9-768x576.jpg 768w, https:\/\/mst.org.br\/wp-content\/uploads\/2025\/05\/image-3-9.jpg 1280w\" sizes=\"(max-width: 1024px) 100vw, 1024px\"><figcaption><em>Foto: Carolina Calixto<\/em><\/figcaption><\/figure>\n<p>O que o futuro reserva para o MST e o Maila, ent\u00e3o? O que se pode esperar? O que foi desenvolvido, constru\u00eddo no Maila Sabrina, n\u00e3o pode ser destru\u00eddo e n\u00e3o tem repara\u00e7\u00e3o. Daqui para frente, s\u00f3 consigo enxergar um horizonte de, como me disse um grande amigo, certa vez: \u201crepartir a terra, a comida, plantar a semente, encaixar-se nessa nova perspectiva.\u201d \u00c9 o que espero, por muitos e muitos anos, para todos aqueles que buscam um Brasil diferente. Um Brasil renascido. Sei que h\u00e1 tantos por a\u00ed para compartilhar deste sonho comigo e com essa gente forte e destemida do assentamento Maila Sabrina.<\/p>\n<p><em>*Carolina Calixto \u00e9 pesquisadora, Doutoranda em Ci\u00eancia, Tecnologia e Sociedade pela UTFPR, Mestre em Direitos Humanos e Democracia pela UFPR e militante do MST.<\/em><\/p>\n<p><em>**Editado por Fernanda Alc\u00e2ntara<\/em><\/p>\n<p>O post <a href=\"https:\/\/mst.org.br\/2025\/05\/27\/comunidade-maila-sabrina-o-que-foi-o-que-e-e-a-potencia-do-que-se-torna\/\">Comunidade Maila Sabrina: O que foi, o que \u00e9, e a pot\u00eancia do que se torna<\/a> apareceu primeiro em <a href=\"https:\/\/mst.org.br\/\">MST<\/a>.<\/p>\n<!-- Begin Yuzo --><div class='yuzo_related_post style-1'  data-version='5.12.89'><!-- without result --><div class='yuzo_clearfixed yuzo__title yuzo__title'><h3>Related Post<\/h3><\/div>\n\t\t\t\t\t\t  <div class=\"relatedthumb \" style=\"width:125px;float:left;overflow:hidden;\">  \n\t\t\t\t\t\t\t  \n\t\t\t\t\t\t\t  <a  href=\"https:\/\/redept.com.br\/blogosfera\/lula-nao-sobe-a-rampa-assessor-de-braga-netto-esquematizou-etapas-do-golpe-mostra-relatorio-da-pf\/\"  >\n\t\t\t\t\t\t\t\t\t  <div class=\"yuzo-img-wrap \" style=\"width: 125px;height:90px;\">\n\t\t\t\t\t\t\t\t\t\t\n\t\t\t\t\t\t\t\t\t\t<div class=\"yuzo-img\" style=\"background:url('https:\/\/redept.org\/blogosfera\/wp-content\/plugins\/yuzo-related-post\/assets\/images\/default.png') 50% 50% no-repeat;width: 125px;height:90px;margin-bottom: 5px;background-size: cover; \"><\/div>\n\t\t\t\t\t\t\t\t\t  <\/div>\n\t\t\t\t\t\t\t\t\t  \n\t\t\t\t\t\t\t\t   <span class=\"yuzo__text--title\" style=\"font-size:13px;\">\u2018Lula n\u00e3o sobe a rampa\u2019: assessor de B...<\/span>\n\t\t\t\t\t\t\t  \n\t\t\t\t\t\t\t  \n\t\t\t\t\t\t\t  <\/a>\n\n\t\t\t\t\t\t  <\/div>\n\t\t\t\t\t\t  <div class=\"relatedthumb \" style=\"width:125px;float:left;overflow:hidden;\">  \n\t\t\t\t\t\t\t  \n\t\t\t\t\t\t\t  <a  href=\"https:\/\/redept.com.br\/blogosfera\/no-brasil-milhares-somam-se-a-marcha-global-contra-genocidio-em-gaza\/\"  >\n\t\t\t\t\t\t\t\t\t  <div class=\"yuzo-img-wrap \" style=\"width: 125px;height:90px;\">\n\t\t\t\t\t\t\t\t\t\t\n\t\t\t\t\t\t\t\t\t\t<div class=\"yuzo-img\" style=\"background:url('https:\/\/redept.com.br\/blogosfera\/wp-content\/uploads\/2025\/06\/toquio-mkimpo_kidX-150x150.png') 50% 50% no-repeat;width: 125px;height:90px;margin-bottom: 5px;background-size: cover; \"><\/div>\n\t\t\t\t\t\t\t\t\t  <\/div>\n\t\t\t\t\t\t\t\t\t  \n\t\t\t\t\t\t\t\t   <span class=\"yuzo__text--title\" style=\"font-size:13px;\">No Brasil, milhares somam-se \u00e0 Marcha Global contr...<\/span>\n\t\t\t\t\t\t\t  \n\t\t\t\t\t\t\t  \n\t\t\t\t\t\t\t  <\/a>\n\n\t\t\t\t\t\t  <\/div>\n\t\t\t\t\t\t  <div class=\"relatedthumb \" style=\"width:125px;float:left;overflow:hidden;\">  \n\t\t\t\t\t\t\t  \n\t\t\t\t\t\t\t  <a  href=\"https:\/\/redept.com.br\/blogosfera\/espanha-ve-complacencia-da-ue-com-acoes-de-israel-em-gaza\/\"  >\n\t\t\t\t\t\t\t\t\t  <div class=\"yuzo-img-wrap \" style=\"width: 125px;height:90px;\">\n\t\t\t\t\t\t\t\t\t\t\n\t\t\t\t\t\t\t\t\t\t<div class=\"yuzo-img\" style=\"background:url('https:\/\/redept.com.br\/blogosfera\/wp-content\/uploads\/2025\/06\/73037013_303-150x150.jpg') 50% 50% no-repeat;width: 125px;height:90px;margin-bottom: 5px;background-size: cover; \"><\/div>\n\t\t\t\t\t\t\t\t\t  <\/div>\n\t\t\t\t\t\t\t\t\t  \n\t\t\t\t\t\t\t\t   <span class=\"yuzo__text--title\" style=\"font-size:13px;\">Espanha v\u00ea complac\u00eancia da UE com a\u00e7\u00f5es de Israel ...<\/span>\n\t\t\t\t\t\t\t  \n\t\t\t\t\t\t\t  \n\t\t\t\t\t\t\t  <\/a>\n\n\t\t\t\t\t\t  <\/div>\n\t\t\t\t\t\t  <div class=\"relatedthumb \" style=\"width:125px;float:left;overflow:hidden;\">  \n\t\t\t\t\t\t\t  \n\t\t\t\t\t\t\t  <a  href=\"https:\/\/redept.com.br\/blogosfera\/nem-independencia-nem-soberania-sem-direito-a-moradia\/\"  >\n\t\t\t\t\t\t\t\t\t  <div class=\"yuzo-img-wrap \" style=\"width: 125px;height:90px;\">\n\t\t\t\t\t\t\t\t\t\t\n\t\t\t\t\t\t\t\t\t\t<div class=\"yuzo-img\" style=\"background:url('https:\/\/redept.com.br\/blogosfera\/wp-content\/uploads\/2025\/09\/ocupacao-ocupacoes-150x150.webp') 50% 50% no-repeat;width: 125px;height:90px;margin-bottom: 5px;background-size: cover; \"><\/div>\n\t\t\t\t\t\t\t\t\t  <\/div>\n\t\t\t\t\t\t\t\t\t  \n\t\t\t\t\t\t\t\t   <span class=\"yuzo__text--title\" style=\"font-size:13px;\">Nem independ\u00eancia nem soberania sem direito \u00e0 mora...<\/span>\n\t\t\t\t\t\t\t  \n\t\t\t\t\t\t\t  \n\t\t\t\t\t\t\t  <\/a>\n\n\t\t\t\t\t\t  <\/div>\n<\/div> <script>\n\t\t\t\t\t\t  jQuery(document).ready(function( $ ){\n\t\t\t\t\t\t\t\/\/jQuery('.yuzo_related_post').equalizer({ overflow : 'relatedthumb' });\n\t\t\t\t\t\t\tjQuery('.yuzo_related_post .yuzo_wraps').equalizer({ columns : '> div' });\n\t\t\t\t\t\t   })\n\t\t\t\t\t\t  <\/script> <!-- End Yuzo :) -->","protected":false},"excerpt":{"rendered":"<p>Foto: Carolina Calixto Por Carolina Calixto* Da P\u00e1gina do MST Ouso dizer que, em sonhos profundos da mem\u00f3ria, eu soube e desejei escrever este artigo que escrevo hoje, para voc\u00eas. Para n\u00f3s. N\u00f3s que tamb\u00e9m sonhamos com uma emancipa\u00e7\u00e3o humana, da natureza e dos seres viventes que habitam esta Terra conosco. H\u00e1 quatro anos atr\u00e1s, [&hellip;]<\/p>\n","protected":false},"author":2,"featured_media":29980,"comment_status":"open","ping_status":"closed","sticky":false,"template":"","format":"standard","meta":{"fifu_image_url":"","fifu_image_alt":"","footnotes":""},"categories":[101,244,198,7010,191,319,200],"tags":[],"class_list":["post-29979","post","type-post","status-publish","format-standard","has-post-thumbnail","hentry","category-artigo","category-artigos","category-assentamento","category-lula-no-parana","category-noticias","category-parana","category-reforma-agraria-popular"],"_links":{"self":[{"href":"https:\/\/redept.com.br\/blogosfera\/wp-json\/wp\/v2\/posts\/29979","targetHints":{"allow":["GET"]}}],"collection":[{"href":"https:\/\/redept.com.br\/blogosfera\/wp-json\/wp\/v2\/posts"}],"about":[{"href":"https:\/\/redept.com.br\/blogosfera\/wp-json\/wp\/v2\/types\/post"}],"author":[{"embeddable":true,"href":"https:\/\/redept.com.br\/blogosfera\/wp-json\/wp\/v2\/users\/2"}],"replies":[{"embeddable":true,"href":"https:\/\/redept.com.br\/blogosfera\/wp-json\/wp\/v2\/comments?post=29979"}],"version-history":[{"count":0,"href":"https:\/\/redept.com.br\/blogosfera\/wp-json\/wp\/v2\/posts\/29979\/revisions"}],"wp:featuredmedia":[{"embeddable":true,"href":"https:\/\/redept.com.br\/blogosfera\/wp-json\/wp\/v2\/media\/29980"}],"wp:attachment":[{"href":"https:\/\/redept.com.br\/blogosfera\/wp-json\/wp\/v2\/media?parent=29979"}],"wp:term":[{"taxonomy":"category","embeddable":true,"href":"https:\/\/redept.com.br\/blogosfera\/wp-json\/wp\/v2\/categories?post=29979"},{"taxonomy":"post_tag","embeddable":true,"href":"https:\/\/redept.com.br\/blogosfera\/wp-json\/wp\/v2\/tags?post=29979"}],"curies":[{"name":"wp","href":"https:\/\/api.w.org\/{rel}","templated":true}]}}