{"id":30089,"date":"2025-05-27T15:30:26","date_gmt":"2025-05-27T18:30:26","guid":{"rendered":"https:\/\/redept.org\/blogosfera\/inflacao-cai-e-projecao-do-pib-melhora-apesar-de-pessimismo-do-mercado\/"},"modified":"2025-05-27T15:30:26","modified_gmt":"2025-05-27T18:30:26","slug":"inflacao-cai-e-projecao-do-pib-melhora-apesar-de-pessimismo-do-mercado","status":"publish","type":"post","link":"https:\/\/redept.com.br\/blogosfera\/inflacao-cai-e-projecao-do-pib-melhora-apesar-de-pessimismo-do-mercado\/","title":{"rendered":"Infla\u00e7\u00e3o cai e proje\u00e7\u00e3o do PIB melhora, apesar de pessimismo do mercado"},"content":{"rendered":"<p><img fetchpriority=\"high\" width=\"1024\" height=\"652\"src=\"https:\/\/redept.org\/blogosfera\/wp-content\/uploads\/2025\/05\/inflacao-alimentos_Rafa-Neddermeyer_Agencia-Brasil.jpg\" alt=\"\" decoding=\"async\" srcset=\"https:\/\/vermelho.org.br\/wp-content\/uploads\/2025\/05\/inflacao-alimentos_Rafa-Neddermeyer_Agencia-Brasil-1024x652.jpg 1024w, https:\/\/vermelho.org.br\/wp-content\/uploads\/2025\/05\/inflacao-alimentos_Rafa-Neddermeyer_Agencia-Brasil-300x191.jpg 300w, https:\/\/vermelho.org.br\/wp-content\/uploads\/2025\/05\/inflacao-alimentos_Rafa-Neddermeyer_Agencia-Brasil-768x489.jpg 768w, https:\/\/redept.org\/blogosfera\/wp-content\/uploads\/2025\/05\/inflacao-alimentos_Rafa-Neddermeyer_Agencia-Brasil.jpg 1299w\" sizes=\"(max-width: 1024px) 100vw, 1024px\"><\/p>\n<p>A infla\u00e7\u00e3o de maio caiu 0,07 ponto percentual em rela\u00e7\u00e3o a abril, ficando em 0,36%, segundo o IPCA-15 (\u00cdndice Nacional de Pre\u00e7os ao Consumidor Amplo ). Este \u00e9 o menor \u00edndice para este m\u00eas desde 2020. Enquanto isso, a aposta do mercado era de 0,38% a 0,53%. Al\u00e9m disso, o mercado reviu sua estimativa sobre a riqueza produzida pelo pa\u00eds (o PIB) neste ano, que saiu de 2,02% h\u00e1 uma semana para 2,14% agora.<\/p>\n<p>No ano, o IPCA-15 acumula alta de 2,80% e, em 12 meses, 5,40%, abaixo dos 5,49% observados nos 12 meses imediatamente anteriores. Em maio de 2024, o IPCA-15 foi de 0,44%. O c\u00e1lculo, feito pelo Instituto Brasileiro de Geografia e Estat\u00edstica (IBGE), analisou os pre\u00e7os entre os dias 15 de abril e 15 deste m\u00eas.<\/p>\n<p>Novamente, o mercado financeiro errou em suas estimativas. Enquanto o IPCA-15 ficou em 0,36% neste m\u00eas, a proje\u00e7\u00e3o do setor feita pela ag\u00eancia Bloomberg apostava que o \u00edndice inflacion\u00e1rio ficaria entre 0,38% e 0,53%, com mediana de 0,44%.<\/p>\n<p><strong>Leia tamb\u00e9m:<\/strong> <a href=\"https:\/\/vermelho.org.br\/2025\/05\/19\/com-5a-revisao-seguida-do-mercado-previsao-da-inflacao-cai-para-55-em-2025\/\">Com 5\u00aa revis\u00e3o seguida do mercado, previs\u00e3o da infla\u00e7\u00e3o cai para 5,5% em 2025<\/a><\/p>\n<p>O maior impacto para o resultado de maio veio da energia el\u00e9trica residencial, que registrou avan\u00e7o de 1,68%, influenciada pela mudan\u00e7a na bandeira tarif\u00e1ria amarela, que resulta em cobran\u00e7a adicional nas contas.<\/p>\n<p>Considerando os nove segmentos pesquisados, os de transportes e artigos de resid\u00eancia apresentaram varia\u00e7\u00e3o negativa de 0,29% e 0,07% respectivamente.\u2028<\/p>\n<p>No grupo alimenta\u00e7\u00e3o e bebidas \u2014 que variou de 1,14% em abril para 0,39% em maio \u2014, a alimenta\u00e7\u00e3o no domic\u00edlio desacelerou de 1,29% para 0,30%. Contribu\u00edram para o resultado as quedas do tomate (7,28%), do arroz (4,31%) e das frutas (1,64%). Por outro lado, destacam-se as altas da batata-inglesa (21,75%), da cebola (6,14%) e do caf\u00e9 mo\u00eddo (4,82%).<\/p>\n<p>A alimenta\u00e7\u00e3o fora do domic\u00edlio tamb\u00e9m desacelerou em rela\u00e7\u00e3o ao m\u00eas de abril, saindo de 0,77% para 0,63%. O lanche, que havia subido 1,23% em abril, registrou em maio alta de 0,84%, e a refei\u00e7\u00e3o saiu de 0,50% para 0,49% em maio.<\/p>\n<p>No polo oposto, tiveram aumento os grupos de vestu\u00e1rio, com 0,92%; sa\u00fade e cuidados pessoais, com 0,91%; e habita\u00e7\u00e3o, com 0,67%.<\/p>\n<p><strong>PIB revisto. De novo<\/strong><\/p>\n<p>Mas, n\u00e3o foi apenas na proje\u00e7\u00e3o inflacion\u00e1ria que o mercado voltou a \u201cerrar\u201d em suas apostas sobre a economia brasileira, de acordo com o Boletim Focus, do Banco Central, divulgado nesta segunda-feira (26).<\/p>\n<p>H\u00e1 uma semana, o mercado estimava um avan\u00e7o de 2,02% para este ano,\u00a0mas acabou tendo de rever seus c\u00e1lculos, aumentado o n\u00edvel de crescimento para 2,14% agora.<\/p>\n<p><strong>Leia tamb\u00e9m:<\/strong> <a href=\"https:\/\/vermelho.org.br\/2025\/05\/15\/vendas-no-comercio-crescem-08-e-atingem-maior-nivel-em-25-anos\/\">Vendas no com\u00e9rcio crescem 0,8% e atingem maior n\u00edvel em 25 anos<\/a><\/p>\n<p>Da mesma forma, a cota\u00e7\u00e3o do d\u00f3lar tamb\u00e9m teve de ser revista para R$ 5,80, ante os R$ 5,82 projetados na semana passada e os R$ 5,90 previstos h\u00e1 quatro semanas. As proje\u00e7\u00f5es relativas aos anos subsequentes se mant\u00eam est\u00e1veis, em R$ 5,90 (2026) e R$ 5,80 (2027).<\/p>\n<p>No que diz respeito \u00e0 infla\u00e7\u00e3o e \u00e0 taxa de juros, as proje\u00e7\u00f5es foram mantidas. A estimativa para o \u00cdndice Nacional de Pre\u00e7os ao Consumidor Amplo\u00a0(IPCA) \u2013 considerado a infla\u00e7\u00e3o oficial do pa\u00eds \u2013 para o ano de 2025 manteve-se em 5,5%. Para 2026, a infla\u00e7\u00e3o estimada \u00e9 de de 4,5% e para 2027, 4%.<\/p>\n<p>Quanto \u00e0 Selic, o mercado prev\u00ea \u00edndices de 12,5% em 2026 e de 10,5% no ano seguinte.<\/p>\n<p>O post <a href=\"https:\/\/vermelho.org.br\/2025\/05\/27\/inflacao-cai-e-projecao-do-pib-melhora-apesar-de-pessimismo-do-mercado\/\">Infla\u00e7\u00e3o cai e proje\u00e7\u00e3o do PIB melhora, apesar de pessimismo do mercado<\/a> apareceu primeiro em <a href=\"https:\/\/vermelho.org.br\/\">Vermelho<\/a>.<\/p>\n<!-- Begin Yuzo --><div class='yuzo_related_post style-1'  data-version='5.12.89'><!-- without result --><div class='yuzo_clearfixed yuzo__title yuzo__title'><h3>Related Post<\/h3><\/div>\n\t\t\t\t\t\t  <div class=\"relatedthumb \" style=\"width:125px;float:left;overflow:hidden;\">  \n\t\t\t\t\t\t\t  \n\t\t\t\t\t\t\t  <a  href=\"https:\/\/redept.com.br\/blogosfera\/o-pt-entrou-na-era-digital-diz-jilmar-tatto-secretario-de-comunicacao-do-partido\/\"  >\n\t\t\t\t\t\t\t\t\t  <div class=\"yuzo-img-wrap \" style=\"width: 125px;height:90px;\">\n\t\t\t\t\t\t\t\t\t\t\n\t\t\t\t\t\t\t\t\t\t<div class=\"yuzo-img\" style=\"background:url('https:\/\/redept.org\/blogosfera\/wp-content\/plugins\/yuzo-related-post\/assets\/images\/default.png') 50% 50% no-repeat;width: 125px;height:90px;margin-bottom: 5px;background-size: cover; \"><\/div>\n\t\t\t\t\t\t\t\t\t  <\/div>\n\t\t\t\t\t\t\t\t\t  \n\t\t\t\t\t\t\t\t   <span class=\"yuzo__text--title\" style=\"font-size:13px;\">\u201cO PT entrou na era digital\u201d, diz Jilmar Tatto, se...<\/span>\n\t\t\t\t\t\t\t  \n\t\t\t\t\t\t\t  \n\t\t\t\t\t\t\t  <\/a>\n\n\t\t\t\t\t\t  <\/div>\n\t\t\t\t\t\t  <div class=\"relatedthumb \" style=\"width:125px;float:left;overflow:hidden;\">  \n\t\t\t\t\t\t\t  \n\t\t\t\t\t\t\t  <a  href=\"https:\/\/sul21.com.br\/noticias\/geral\/2025\/12\/contran-aprova-resolucao-que-retira-exigencia-de-autoescola-para-cnh\/\"  >\n\t\t\t\t\t\t\t\t\t  <div class=\"yuzo-img-wrap \" style=\"width: 125px;height:90px;\">\n\t\t\t\t\t\t\t\t\t\t\n\t\t\t\t\t\t\t\t\t\t<div class=\"yuzo-img\" style=\"background:url('https:\/\/agenciabrasil.ebc.com.br\/ebc.png?id=1670312&amp;o=node') 50% 50% no-repeat;width: 125px;height:90px;margin-bottom: 5px;background-size: cover; \"><\/div>\n\t\t\t\t\t\t\t\t\t  <\/div>\n\t\t\t\t\t\t\t\t\t  \n\t\t\t\t\t\t\t\t   <span class=\"yuzo__text--title\" style=\"font-size:13px;\">Contran aprova resolu\u00e7\u00e3o que retira exig\u00eancia de a...<\/span>\n\t\t\t\t\t\t\t  \n\t\t\t\t\t\t\t  \n\t\t\t\t\t\t\t  <\/a>\n\n\t\t\t\t\t\t  <\/div>\n\t\t\t\t\t\t  <div class=\"relatedthumb \" style=\"width:125px;float:left;overflow:hidden;\">  \n\t\t\t\t\t\t\t  \n\t\t\t\t\t\t\t  <a  href=\"https:\/\/redept.com.br\/blogosfera\/bolsonaro-e-reus-do-nucleo-1-tem-ate-hoje-para-apresentarem-recursos-ao-stf\/\"  >\n\t\t\t\t\t\t\t\t\t  <div class=\"yuzo-img-wrap \" style=\"width: 125px;height:90px;\">\n\t\t\t\t\t\t\t\t\t\t\n\t\t\t\t\t\t\t\t\t\t<div class=\"yuzo-img\" style=\"background:url('https:\/\/redept.org\/blogosfera\/wp-content\/plugins\/yuzo-related-post\/assets\/images\/default.png') 50% 50% no-repeat;width: 125px;height:90px;margin-bottom: 5px;background-size: cover; \"><\/div>\n\t\t\t\t\t\t\t\t\t  <\/div>\n\t\t\t\t\t\t\t\t\t  \n\t\t\t\t\t\t\t\t   <span class=\"yuzo__text--title\" style=\"font-size:13px;\">Bolsonaro e r\u00e9us do n\u00facleo 1 t\u00eam at\u00e9 hoje para apr...<\/span>\n\t\t\t\t\t\t\t  \n\t\t\t\t\t\t\t  \n\t\t\t\t\t\t\t  <\/a>\n\n\t\t\t\t\t\t  <\/div>\n\t\t\t\t\t\t  <div class=\"relatedthumb \" style=\"width:125px;float:left;overflow:hidden;\">  \n\t\t\t\t\t\t\t  \n\t\t\t\t\t\t\t  <a  href=\"https:\/\/redept.com.br\/blogosfera\/lula-telefona-para-trump\/\"  >\n\t\t\t\t\t\t\t\t\t  <div class=\"yuzo-img-wrap \" style=\"width: 125px;height:90px;\">\n\t\t\t\t\t\t\t\t\t\t\n\t\t\t\t\t\t\t\t\t\t<div class=\"yuzo-img\" style=\"background:url('https:\/\/redept.com.br\/blogosfera\/wp-content\/uploads\/2025\/12\/Lula-Trump-kl-5-e1763682014281-150x150.webp') 50% 50% no-repeat;width: 125px;height:90px;margin-bottom: 5px;background-size: cover; \"><\/div>\n\t\t\t\t\t\t\t\t\t  <\/div>\n\t\t\t\t\t\t\t\t\t  \n\t\t\t\t\t\t\t\t   <span class=\"yuzo__text--title\" style=\"font-size:13px;\">Lula telefona para Trump<\/span>\n\t\t\t\t\t\t\t  \n\t\t\t\t\t\t\t  \n\t\t\t\t\t\t\t  <\/a>\n\n\t\t\t\t\t\t  <\/div>\n<\/div> <script>\n\t\t\t\t\t\t  jQuery(document).ready(function( $ ){\n\t\t\t\t\t\t\t\/\/jQuery('.yuzo_related_post').equalizer({ overflow : 'relatedthumb' });\n\t\t\t\t\t\t\tjQuery('.yuzo_related_post .yuzo_wraps').equalizer({ columns : '> div' });\n\t\t\t\t\t\t   })\n\t\t\t\t\t\t  <\/script> <!-- End Yuzo :) -->","protected":false},"excerpt":{"rendered":"<p>A infla\u00e7\u00e3o de maio caiu 0,07 ponto percentual em rela\u00e7\u00e3o a abril, ficando em 0,36%, segundo o IPCA-15 (\u00cdndice Nacional de Pre\u00e7os ao Consumidor Amplo ). Este \u00e9 o menor \u00edndice para este m\u00eas desde 2020. Enquanto isso, a aposta do mercado era de 0,38% a 0,53%. Al\u00e9m disso, o mercado reviu sua estimativa sobre [&hellip;]<\/p>\n","protected":false},"author":2,"featured_media":30090,"comment_status":"closed","ping_status":"closed","sticky":false,"template":"","format":"standard","meta":{"fifu_image_url":"","fifu_image_alt":"","footnotes":""},"categories":[1234,221,122,529,578],"tags":[],"class_list":["post-30089","post","type-post","status-publish","format-standard","has-post-thumbnail","hentry","category-boletim-focus","category-economia","category-inflacao","category-ipca-15","category-pib"],"_links":{"self":[{"href":"https:\/\/redept.com.br\/blogosfera\/wp-json\/wp\/v2\/posts\/30089","targetHints":{"allow":["GET"]}}],"collection":[{"href":"https:\/\/redept.com.br\/blogosfera\/wp-json\/wp\/v2\/posts"}],"about":[{"href":"https:\/\/redept.com.br\/blogosfera\/wp-json\/wp\/v2\/types\/post"}],"author":[{"embeddable":true,"href":"https:\/\/redept.com.br\/blogosfera\/wp-json\/wp\/v2\/users\/2"}],"replies":[{"embeddable":true,"href":"https:\/\/redept.com.br\/blogosfera\/wp-json\/wp\/v2\/comments?post=30089"}],"version-history":[{"count":0,"href":"https:\/\/redept.com.br\/blogosfera\/wp-json\/wp\/v2\/posts\/30089\/revisions"}],"wp:featuredmedia":[{"embeddable":true,"href":"https:\/\/redept.com.br\/blogosfera\/wp-json\/wp\/v2\/media\/30090"}],"wp:attachment":[{"href":"https:\/\/redept.com.br\/blogosfera\/wp-json\/wp\/v2\/media?parent=30089"}],"wp:term":[{"taxonomy":"category","embeddable":true,"href":"https:\/\/redept.com.br\/blogosfera\/wp-json\/wp\/v2\/categories?post=30089"},{"taxonomy":"post_tag","embeddable":true,"href":"https:\/\/redept.com.br\/blogosfera\/wp-json\/wp\/v2\/tags?post=30089"}],"curies":[{"name":"wp","href":"https:\/\/api.w.org\/{rel}","templated":true}]}}