{"id":30187,"date":"2025-05-27T16:50:14","date_gmt":"2025-05-27T19:50:14","guid":{"rendered":"https:\/\/redept.org\/blogosfera\/joao-amazonas-uma-vida-de-luta-em-prol-do-brasil\/"},"modified":"2025-05-27T16:50:14","modified_gmt":"2025-05-27T19:50:14","slug":"joao-amazonas-uma-vida-de-luta-em-prol-do-brasil","status":"publish","type":"post","link":"https:\/\/redept.com.br\/blogosfera\/joao-amazonas-uma-vida-de-luta-em-prol-do-brasil\/","title":{"rendered":"Jo\u00e3o Amazonas: uma vida de luta em prol do Brasil"},"content":{"rendered":"<p>H\u00e1 23 anos, em 27 de maio de 2002, falecia Jo\u00e3o Amazonas, um dos maiores l\u00edderes do movimento comunista brasileiro.<\/p>\n<p>Ativo na milit\u00e2ncia desde a juventude, ele ajudou a organizar o movimento oper\u00e1rio no Par\u00e1 e integrou a c\u00e9lebre bancada comunista eleita para a Assembleia Nacional Constituinte de 1946, onde se destacou pela defesa dos direitos dos trabalhadores.<\/p>\n<p>Sua vida foi permeada por pris\u00f5es pol\u00edticas, ex\u00edlios e persegui\u00e7\u00f5es. Ele foi fundador e l\u00edder hist\u00f3rico do Partido Comunista do Brasil (PCdoB) e um dos organizadores da Guerrilha do Araguaia, movimento armado que combateu a ditadura militar.<\/p>\n<p>Ap\u00f3s seu retorno do ex\u00edlio, Amazonas integrou a campanha das Diretas J\u00e1 e fortaleceu o movimento pela redemocratiza\u00e7\u00e3o. Ele foi tamb\u00e9m um importante te\u00f3rico, dedicando-se a analisar o capitalismo e a propor caminhos para o socialismo no Brasil.<\/p>\n<h3>Da juventude \u00e0 milit\u00e2ncia no PCB<\/h3>\n<p>Jo\u00e3o Amazonas nasceu em Bel\u00e9m, capital do Par\u00e1, em 1\u00ba de janeiro de 1912. Era um dos oito filhos da marajoara Raymunda Leal e do comerciante portugu\u00eas Jo\u00e3o de Souza Pedroso. A morte precoce do pai, vitimado pela tuberculose, obrigou Jo\u00e3o Amazonas a trabalhar desde cedo. Ele conciliava o trabalho na F\u00e1brica Palmeira com os estudos na Escola Pr\u00e1tica de Com\u00e9rcio.<\/p>\n<p>Amazonas iniciou sua milit\u00e2ncia pol\u00edtica no contexto da Revolu\u00e7\u00e3o de 1930 \u2014 o movimento armado que encerrou o pacto olig\u00e1rquico da Primeira Rep\u00fablica e deu origem \u00e0 Era Vargas. Ele mobilizou os funcion\u00e1rios da F\u00e1brica Palmeira e denunciou a empresa junto ao Minist\u00e9rio Trabalho, acusando-a de n\u00e3o cumprir a carga hor\u00e1ria de oito horas, ent\u00e3o recentemente estabelecida.<\/p>\n<p>Alguns anos depois, em 1935, Amazonas se filiou ao Partido Comunista do Brasil (antigo PCB) e logo se tornou integrante do comit\u00ea estadual da agremia\u00e7\u00e3o. Nesse mesmo ano, ele fundou uma c\u00e9lula comunista na empresa em que trabalhava e organizou o sindicato da sua categoria \u2014 ato que lhe custou sua primeira pris\u00e3o pol\u00edtica.<br \/>\nAmazonas tamb\u00e9m assumiu o cargo de dirigente regional da Alian\u00e7a Nacional Libertadora (ANL), uma frente antifascista vinculada ao PCB, que fazia oposi\u00e7\u00e3o ao integralismo e ao governo Vargas, composta majoritariamente por militantes comunistas e tenentistas.<\/p>\n<p>Em novembro de 1935, militares ligados \u00e0 ANL deram in\u00edcio ao Levante Comunista. A revolta mobilizou unidades em Natal, Recife e Rio de Janeiro, mas foi rapidamente debelada pelas for\u00e7as governamentais. O movimento ensejou a violenta repress\u00e3o do governo Vargas, levando \u00e0 pris\u00e3o de milhares de comunistas.<\/p>\n<h3>As pris\u00f5es pol\u00edticas e a reorganiza\u00e7\u00e3o do PCB<\/h3>\n<p>Jo\u00e3o Amazonas foi preso em janeiro de 1936. Ele ficaria encarcerado no Pres\u00eddio S\u00e3o Jos\u00e9 por mais de um ano, at\u00e9 ser absolvido em junho de 1937. Ap\u00f3s sua liberta\u00e7\u00e3o, Amazonas voltou a atuar no movimento oper\u00e1rio. Ele foi membro ativo da Uni\u00e3o dos Prolet\u00e1rios de Bel\u00e9m e ajudou a fundar diversos sindicatos ao longo dos anos 30.<\/p>\n<p>Em 1940, Amazonas foi novamente preso, em meio a uma nova onda de repress\u00e3o aos comunistas coordenada por Filinto M\u00fcller, chefe da pol\u00edcia pol\u00edtica de Get\u00falio Vargas. Condenado pelo Tribunal de Seguran\u00e7a Nacional, Amazonas foi submetido a uma rotina de torturas e maus tratos, mas logrou obter a transfer\u00eancia para outra unidade prisional ap\u00f3s decretar uma greve de fome.<\/p>\n<p>Em 1941, Amazonas fugiu da pris\u00e3o acompanhado de outros quatro membros do PCB. Refugiou-se em Goi\u00e1s e depois seguiu viagem at\u00e9 o Rio de Janeiro, onde se juntou \u00e0 Comiss\u00e3o Nacional de Organiza\u00e7\u00e3o Provis\u00f3ria (CNOP). A comiss\u00e3o fora criada com o objetivo de reorganizar o partido, totalmente desarticulado pela repress\u00e3o do Estado Novo.<\/p>\n<p>Amazonas participou dos esfor\u00e7os de reconstru\u00e7\u00e3o do PCB em Minas Gerais e na Bahia. Em 1943, ele tomou parte da Confer\u00eancia da Mantiqueira, principal marco da reestrutura\u00e7\u00e3o do partido.<\/p>\n<p>Na ocasi\u00e3o, Amazonas foi eleito integrante do Comit\u00ea Central e da Comiss\u00e3o Executiva e assumiu a Secretaria Sindical e de Massas. Luiz Carlos Prestes, ainda preso pela ditadura de Vargas, foi nomeado Secret\u00e1rio-Geral.<br \/>\nA reorganiza\u00e7\u00e3o do PCB possibilitou que o partido colhesse os frutos da vit\u00f3ria da frente nacional contra o fascismo e do movimento pela redemocratiza\u00e7\u00e3o.<\/p>\n<p>Legalizado em 1945, o partido capitalizou o prest\u00edgio internacional do comunismo, impulsionado pelo papel da Uni\u00e3o Sovi\u00e9tica na vit\u00f3ria aliada, atraindo intelectuais, trabalhadores urbanos e setores da classe m\u00e9dia \u2014 e ganhando capilaridade e influ\u00eancia nos sindicatos e movimentos populares.<\/p>\n<figure aria-describedby=\"caption-attachment-220350\"><img loading=\"lazy\" loading=\"lazy\" decoding=\"async\"src=\"https:\/\/redept.org\/blogosfera\/wp-content\/uploads\/2025\/05\/20180621110648_12a22f4b1ac51d14e2042467e24ac2fe9d97804ee5691b89e55c0784a28c3581.jpeg\" alt=\"\" width=\"800\" height=\"600\" srcset=\"https:\/\/redept.org\/blogosfera\/wp-content\/uploads\/2025\/05\/20180621110648_12a22f4b1ac51d14e2042467e24ac2fe9d97804ee5691b89e55c0784a28c3581.jpeg 800w, https:\/\/operamundi.uol.com.br\/wp-content\/uploads\/2025\/05\/20180621110648_12a22f4b1ac51d14e2042467e24ac2fe9d97804ee5691b89e55c0784a28c3581-300x225.jpeg 300w, https:\/\/operamundi.uol.com.br\/wp-content\/uploads\/2025\/05\/20180621110648_12a22f4b1ac51d14e2042467e24ac2fe9d97804ee5691b89e55c0784a28c3581-768x576.jpeg 768w, https:\/\/operamundi.uol.com.br\/wp-content\/uploads\/2025\/05\/20180621110648_12a22f4b1ac51d14e2042467e24ac2fe9d97804ee5691b89e55c0784a28c3581-150x113.jpeg 150w, https:\/\/operamundi.uol.com.br\/wp-content\/uploads\/2025\/05\/20180621110648_12a22f4b1ac51d14e2042467e24ac2fe9d97804ee5691b89e55c0784a28c3581-750x563.jpeg 750w\" sizes=\"auto, (max-width: 800px) 100vw, 800px\"><figcaption>O l\u00edder do PCdoB, Jo\u00e3o Amazonas <br \/>Divulga\u00e7\u00e3o\/PCdoB<\/figcaption><\/figure>\n<h3>A bancada comunista<\/h3>\n<p>Convertido em um partido de massas, o PCB obteve um bom desempenho eleitoral nas elei\u00e7\u00f5es de 1945, elegendo um senador e 14 deputados. Jo\u00e3o Amazonas integrou a bancada hist\u00f3rica dos comunistas na Assembleia Nacional Constituinte, elegendo-se deputado federal pelo Rio de Janeiro.<\/p>\n<p>Amazonas dedicou seu mandato \u00e0s quest\u00f5es trabalhistas, defendendo o direito de greve, a liberdade sindical, a proibi\u00e7\u00e3o do trabalho infantil e a institui\u00e7\u00e3o da Justi\u00e7a do Trabalho. Tamb\u00e9m subscreveu os \u201cQuinze Pontos do Programa M\u00ednimo de Uni\u00e3o Nacional\u201d, elaborado pelo PCB, encampando bandeiras como a extens\u00e3o do direito ao voto aos analfabetos e militares de baixa patente.<\/p>\n<p>Na condi\u00e7\u00e3o de dirigente nacional do Movimento Unificador dos Trabalhadores (MUT), Amazonas participou do Congresso Sindical e ajudou a fundar a Confedera\u00e7\u00e3o dos Trabalhadores do Brasil (CTB). O alinhamento do governo brasileiro ao bloco anticomunista da Guerra Fria, entretanto, levaria o partido novamente \u00e0 ilegalidade.<\/p>\n<p>J\u00e1 em 1947, o PCB teve seu registro eleitoral cancelado. Jo\u00e3o Amazonas reagiu escrevendo os textos \u201cEm defesa dos mandatos do povo\u201d e \u201cContra a cassa\u00e7\u00e3o dos mandatos e pela defesa nacional\u201d \u2014 este \u00faltimo em colabora\u00e7\u00e3o com Carlos Marighella e Maur\u00edcio Grabois.<\/p>\n<p>No ano seguinte, Amazonas teve seu mandato cassado, assim como os demais parlamentares do partido. Ele seguiu atuando clandestinamente, tornando-se um dos principais dirigentes do PCB, ao lado de Luiz Carlos Prestes e Di\u00f3genes Arruda.<\/p>\n<h3>A cis\u00e3o e a funda\u00e7\u00e3o do PCdoB<\/h3>\n<p>Entre 1953 e 1955, Amazonas viveu na Uni\u00e3o Sovi\u00e9tica, onde participou de cursos de forma\u00e7\u00e3o pol\u00edtica. Ele tamb\u00e9m tomou parte dos debates insuflados pelo XX Congresso do Partido Comunista da Uni\u00e3o Sovi\u00e9tica, durante o qual Nikita Kruschev apresentou seus relat\u00f3rios com den\u00fancias contra Josef Stalin.<\/p>\n<p>Os debates levaram o PCB a uma crise interna, com a divis\u00e3o dos correligion\u00e1rios em dois grupos bem definidos \u2014 o de Luiz Carlos Prestes, que aceitou a nova orienta\u00e7\u00e3o sovi\u00e9tica, e o de Jo\u00e3o Amazonas, Maur\u00edcio Grabois e Pedro Pomar, que rejeitaram a postura de Kruschev como revisionista.<\/p>\n<p>Acusado de ser \u201cstalinista\u201d, Amazonas foi submetido a severas cr\u00edticas publicadas pelos \u00f3rg\u00e3os de imprensa do PCB, al\u00e9m de ter sido afastado de seu posto na comiss\u00e3o executiva da legenda.<\/p>\n<p>Ap\u00f3s o lan\u00e7amento da Declara\u00e7\u00e3o de Mar\u00e7o, em que o PCB modificou sua linha partid\u00e1ria para acomodar os princ\u00edpios de transi\u00e7\u00e3o pac\u00edfica para o socialismo e de manuten\u00e7\u00e3o dos processos democr\u00e1ticos, ocorreu a cis\u00e3o definitiva entre as duas tend\u00eancias.<\/p>\n<p>Sob a lideran\u00e7a de Amazonas, o grupo dissidente divulgou a Carta dos Cem, acusando a dire\u00e7\u00e3o do PCB de violar os estatutos partid\u00e1rios.<\/p>\n<p>Em 1962, Amazonas e os dissidentes do PCB (j\u00e1 renomeado como Partido Comunista Brasileiro) convocaram um novo congresso extraordin\u00e1rio, oficializando a cis\u00e3o e fundando o Partido Comunista do Brasil (PCdoB).<\/p>\n<p>A nova legenda reafirmava sua ades\u00e3o aos fundamentos do marxismo-leninismo, defendia o legado de Josef Stalin e reivindicava o modelo do socialismo chin\u00eas.<\/p>\n<p>O PcdoB tamb\u00e9m tinha por princ\u00edpio a defesa do internacionalismo prolet\u00e1rio, a oposi\u00e7\u00e3o ao imperialismo e a aceita\u00e7\u00e3o da estrat\u00e9gia da guerra revolucion\u00e1ria como meio leg\u00edtimo para a tomada do poder.<\/p>\n<p>Amazonas foi eleito secret\u00e1rio-geral do PCdoB e atuou para consolidar a nova agremia\u00e7\u00e3o, lan\u00e7ando o seu \u00f3rg\u00e3o de imprensa oficial (\u201cA Classe Oper\u00e1ria\u201d) e obtendo o reconhecimento internacional, recebendo o status de \u201clegenda irm\u00e3\u201d do Partido Comunista da China (PCCh) e do Partido do Trabalho da Alb\u00e2nia.<\/p>\n<h3>O golpe de 1964 e a Guerrilha do Araguaia<\/h3>\n<p>Ap\u00f3s a deposi\u00e7\u00e3o de Jo\u00e3o Goulart no golpe de 1964 e a subsequente instaura\u00e7\u00e3o da ditadura militar, o PCdoB se tornou um dos alvos dos aparelhos repressivos do regime.<\/p>\n<p>Amazonas buscou articular a resist\u00eancia \u00e0 ditadura com a cria\u00e7\u00e3o de dois eixos de a\u00e7\u00e3o, consistindo na cria\u00e7\u00e3o de frentes antifascistas nas cidades e de n\u00facleos de luta armada no campo. Em maio de 1966, ap\u00f3s retornar das comemora\u00e7\u00f5es do Dia do Trabalhador em Cuba, o dirigente teve seus direitos pol\u00edticos cassados por dez anos.<\/p>\n<p>A partir do m\u00eas seguinte, Amazonas passou a enviar secretamente militantes do partido para a regi\u00e3o do \u201cBico do Papagaio\u201d, na divisa entre os estados do Par\u00e1, Maranh\u00e3o e Tocantins, onde foi estabelecido um n\u00facleo de treinamento e guerrilha. Era o in\u00edcio do movimento revolucion\u00e1rio da Guerrilha do Araguaia, que atuaria na regi\u00e3o ao longo de sete anos.<\/p>\n<p>Em 1967, Amazonas viajou para a China, para observar a implementa\u00e7\u00e3o da Revolu\u00e7\u00e3o Cultural. Ap\u00f3s voltar para o Brasil, transferiu-se para a regi\u00e3o do Araguaia, onde se dedicou \u00e0 prepara\u00e7\u00e3o da guerrilha e ajudou no trabalho de forma\u00e7\u00e3o pol\u00edtica junto \u00e0s comunidades camponesas e ribeirinhas da regi\u00e3o.<\/p>\n<p>A partir de 1972, o general Em\u00edlio Garrastazu M\u00e9dici iniciou o cerco \u00e0 Guerrilha do Araguaia. A pris\u00e3o dos membros da comiss\u00e3o dirigente da guerrilha em 1973 facilitou o isolamento dos guerrilheiros, enfraquecendo o movimento. O ex\u00e9rcito coordenou uma s\u00e9rie de expedi\u00e7\u00f5es de enfrentamento contra a organiza\u00e7\u00e3o, levando ao exterm\u00ednio da maioria dos guerrilheiros e \u00e0 completa desarticula\u00e7\u00e3o do movimento em 1975.<\/p>\n<p>Amazonas estava em S\u00e3o Paulo durante a repress\u00e3o \u00e0 guerrilha, mas tamb\u00e9m foi alvo das opera\u00e7\u00f5es militares. Em dezembro de 1976, os agentes da repress\u00e3o tentaram mat\u00e1-lo durante o Massacre da Lapa \u2014 uma violenta incurs\u00e3o contra um aparelho do PcdoB na capital paulista.<\/p>\n<p>O ataque resultou no assassinato de Pedro Pomar, \u00c2ngelo Arroyo e Jo\u00e3o Batista Franco Drummond e na pris\u00e3o de v\u00e1rios dirigentes. Os militares acreditavam que Amazonas estaria presente na reuni\u00e3o, mas ele havia deixado o pa\u00eds alguns dias antes.<\/p>\n<h3>Retorno do ex\u00edlio e redemocratiza\u00e7\u00e3o<\/h3>\n<p>Perseguido pelos militares, Amazonas se exilou na Alb\u00e2nia. Em 1976, empreendeu sua \u00faltima viagem \u00e0 China. O PCdoB romperia oficialmente com o PCCh pouco tempo depois, criticando a mudan\u00e7a da linha pol\u00edtica oficializada no pa\u00eds ap\u00f3s a morte de Mao Zedong.<\/p>\n<p>Amazonas retornou ao Brasil ap\u00f3s a promulga\u00e7\u00e3o da Lei da Anistia, em agosto de 1979. Com a extin\u00e7\u00e3o do sistema bipartid\u00e1rio, recusou a possibilidade de reunifica\u00e7\u00e3o do PCdoB com o PCB, acusando a legenda antecessora de revisionismo e de possuir uma \u201ctend\u00eancia abertamente de direita\u201d.<\/p>\n<p>Ao mesmo tempo, Amazonas teve de lidar com uma s\u00e9ria crise em seu partido, resultante de disputas internas que levaram \u00e0 destitui\u00e7\u00e3o das dire\u00e7\u00f5es regionais de S\u00e3o Paulo e da Bahia e ao afastamento de v\u00e1rios membros do comit\u00ea central.<\/p>\n<p>Apesar do ambiente de distens\u00e3o, Amazonas seguiu como alvo da persegui\u00e7\u00e3o do regime. Em 1982, ele foi processado pela Lei de Seguran\u00e7a Nacional, sob a acusa\u00e7\u00e3o de incitar a luta armada no livro \u201cGuerrilha do Araguaia: Uma Epopeia pela Liberdade\u201d.<\/p>\n<p>Na elei\u00e7\u00e3o de 1982, os candidatos do PCdoB concorreram pelo Partido do Movimento Democr\u00e1tico Brasileiro (PMDB), uma vez que a legenda ainda n\u00e3o havia sido legalizada. O PCdoB retornou \u00e0 legalidade em 1985, participando sob legenda pr\u00f3pria no pleito do ano seguinte, em que elegeu seis deputados federais.<\/p>\n<p>Amazonas participou da campanha pelas Diretas J\u00e1 e apoiou a candidatura de Tancredo Neves no Col\u00e9gio Eleitoral. Ele tamb\u00e9m apoiou o governo de transi\u00e7\u00e3o de Jos\u00e9 Sarney, afirmando ser necess\u00e1rio defender o gabinete civil diante da crescente hostilidade dos militares.<\/p>\n<p>Posteriormente, Amazonas rompeu com o governo Sarney, criticando a persist\u00eancia da crise econ\u00f4mica e denunciando a falta de medidas de apoio \u00e0 classe trabalhadora. O PCdoB iniciou, ent\u00e3o, um movimento de crescente alinhamento com o PT e o PSB. Sob a lideran\u00e7a de Amazonas, o PCdoB participou da Assembleia Nacional Constituinte, que redigiu a Constitui\u00e7\u00e3o Federal de 1988.<\/p>\n<p>O l\u00edder do PCdoB criticou duramente as reformas empreendidas por Mikhail Gorbachev na Uni\u00e3o Sovi\u00e9tica, descrevendo-as como uma \u201cfarsa capitalista\u201d e enxergando sua origem no \u201cretrocesso iniciado em 1956 com Kruschev\u201d. Em 1990, ele apoiou a tentativa de golpe do Partido Comunista contra Gorbachev \u2014 fato que lhe rendeu muitas cr\u00edticas de colegas de partido.<\/p>\n<h3>Os \u00faltimos anos<\/h3>\n<p>Em 1989, concluindo o processo de redemocratiza\u00e7\u00e3o, foi organizada a primeira elei\u00e7\u00e3o direta para a presid\u00eancia desde o golpe militar de 1964. No pleito, Amazonas e o PCdoB apoiaram a candidatura de Lula, candidato do PT, integrando a coliga\u00e7\u00e3o da Frente Brasil Popular, composta tamb\u00e9m pelo PSB e pelo PV.<\/p>\n<p>Amazonas voltou a apoiar as candidaturas de Lula em 1994 e 1998. Paralelamente, liderou a oposi\u00e7\u00e3o do PCdoB ao governo de Fernando Henrique Cardoso, orientando voto dos parlamentares contra a extin\u00e7\u00e3o dos monop\u00f3lios estatais e as privatiza\u00e7\u00f5es.<\/p>\n<p>Os anos 80 e 90 tamb\u00e9m foram marcados pela intensifica\u00e7\u00e3o da produ\u00e7\u00e3o intelectual de Amazonas. Foi nesse per\u00edodo que ele publicou algumas de suas obras mais relevantes, incluindo \u201cPela Liberdade e Pela Democracia popular\u201d, \u201cSocialismo: Ideal da Classe Oper\u00e1ria, Aspira\u00e7\u00e3o de Todos os Povos\u201d e \u201cOs desafios do Socialismo no s\u00e9culo XXI\u201d.<\/p>\n<p>Debilitado, Jo\u00e3o Amazonas deixou a presid\u00eancia do PCdoB em 2001. Ele faleceu em S\u00e3o Paulo no ano seguinte, em 27 de maio de 2002, aos 90 anos de idade. Seu \u00faltimo pedido foi para que suas cinzas fossem lan\u00e7adas na regi\u00e3o do Araguaia, permitindo seu reencontro simb\u00f3lico com os companheiros que tombaram na guerrilha.<\/p>\n<p>O post <a href=\"https:\/\/operamundi.uol.com.br\/pensar-a-historia\/joao-amazonas-uma-vida-de-luta-em-prol-do-brasil\/\">Jo\u00e3o Amazonas: uma vida de luta em prol do Brasil<\/a> apareceu primeiro em <a href=\"https:\/\/operamundi.uol.com.br\/\">Opera Mundi<\/a>.<\/p>\n<!-- Begin Yuzo --><div class='yuzo_related_post style-1'  data-version='5.12.89'><!-- without result --><div class='yuzo_clearfixed yuzo__title yuzo__title'><h3>Related Post<\/h3><\/div>\n\t\t\t\t\t\t  <div class=\"relatedthumb \" style=\"width:125px;float:left;overflow:hidden;\">  \n\t\t\t\t\t\t\t  \n\t\t\t\t\t\t\t  <a  href=\"https:\/\/redept.com.br\/blogosfera\/universidade-federal-do-ceara-concede-diploma-postumo-a-bergson-farias\/\"  >\n\t\t\t\t\t\t\t\t\t  <div class=\"yuzo-img-wrap \" style=\"width: 125px;height:90px;\">\n\t\t\t\t\t\t\t\t\t\t\n\t\t\t\t\t\t\t\t\t\t<div class=\"yuzo-img\" style=\"background:url('https:\/\/redept.com.br\/blogosfera\/wp-content\/uploads\/2025\/05\/bergson_Foto-Guilherme-Silva_UFC-150x150.jpg') 50% 50% no-repeat;width: 125px;height:90px;margin-bottom: 5px;background-size: cover; \"><\/div>\n\t\t\t\t\t\t\t\t\t  <\/div>\n\t\t\t\t\t\t\t\t\t  \n\t\t\t\t\t\t\t\t   <span class=\"yuzo__text--title\" style=\"font-size:13px;\">Universidade Federal do Cear\u00e1 concede diploma p\u00f3st...<\/span>\n\t\t\t\t\t\t\t  \n\t\t\t\t\t\t\t  \n\t\t\t\t\t\t\t  <\/a>\n\n\t\t\t\t\t\t  <\/div>\n\t\t\t\t\t\t  <div class=\"relatedthumb \" style=\"width:125px;float:left;overflow:hidden;\">  \n\t\t\t\t\t\t\t  \n\t\t\t\t\t\t\t  <a  href=\"https:\/\/redept.com.br\/blogosfera\/revisao-do-iof-pode-destravar-combate-a-privilegios-mas-levar-a-cortes-sociais\/\"  >\n\t\t\t\t\t\t\t\t\t  <div class=\"yuzo-img-wrap \" style=\"width: 125px;height:90px;\">\n\t\t\t\t\t\t\t\t\t\t\n\t\t\t\t\t\t\t\t\t\t<div class=\"yuzo-img\" style=\"background:url('https:\/\/redept.org\/blogosfera\/wp-content\/plugins\/yuzo-related-post\/assets\/images\/default.png') 50% 50% no-repeat;width: 125px;height:90px;margin-bottom: 5px;background-size: cover; \"><\/div>\n\t\t\t\t\t\t\t\t\t  <\/div>\n\t\t\t\t\t\t\t\t\t  \n\t\t\t\t\t\t\t\t   <span class=\"yuzo__text--title\" style=\"font-size:13px;\">Revis\u00e3o do IOF pode destravar combate a privil\u00e9gio...<\/span>\n\t\t\t\t\t\t\t  \n\t\t\t\t\t\t\t  \n\t\t\t\t\t\t\t  <\/a>\n\n\t\t\t\t\t\t  <\/div>\n\t\t\t\t\t\t  <div class=\"relatedthumb \" style=\"width:125px;float:left;overflow:hidden;\">  \n\t\t\t\t\t\t\t  \n\t\t\t\t\t\t\t  <a  href=\"https:\/\/redept.com.br\/blogosfera\/venezuela-denuncia-entrada-de-terroristas-armados-para-suposto-ataque-a-lideres-e-embaixadas\/\"  >\n\t\t\t\t\t\t\t\t\t  <div class=\"yuzo-img-wrap \" style=\"width: 125px;height:90px;\">\n\t\t\t\t\t\t\t\t\t\t\n\t\t\t\t\t\t\t\t\t\t<div class=\"yuzo-img\" style=\"background:url('https:\/\/redept.org\/blogosfera\/wp-content\/plugins\/yuzo-related-post\/assets\/images\/default.png') 50% 50% no-repeat;width: 125px;height:90px;margin-bottom: 5px;background-size: cover; \"><\/div>\n\t\t\t\t\t\t\t\t\t  <\/div>\n\t\t\t\t\t\t\t\t\t  \n\t\t\t\t\t\t\t\t   <span class=\"yuzo__text--title\" style=\"font-size:13px;\">Venezuela denuncia entrada de terroristas armados ...<\/span>\n\t\t\t\t\t\t\t  \n\t\t\t\t\t\t\t  \n\t\t\t\t\t\t\t  <\/a>\n\n\t\t\t\t\t\t  <\/div>\n\t\t\t\t\t\t  <div class=\"relatedthumb \" style=\"width:125px;float:left;overflow:hidden;\">  \n\t\t\t\t\t\t\t  \n\t\t\t\t\t\t\t  <a  href=\"https:\/\/redept.com.br\/blogosfera\/com-crescimento-de-12-agro-puxa-pib-mas-pouco-contribui-com-bem-estar\/\"  >\n\t\t\t\t\t\t\t\t\t  <div class=\"yuzo-img-wrap \" style=\"width: 125px;height:90px;\">\n\t\t\t\t\t\t\t\t\t\t\n\t\t\t\t\t\t\t\t\t\t<div class=\"yuzo-img\" style=\"background:url('https:\/\/redept.org\/blogosfera\/wp-content\/plugins\/yuzo-related-post\/assets\/images\/default.png') 50% 50% no-repeat;width: 125px;height:90px;margin-bottom: 5px;background-size: cover; \"><\/div>\n\t\t\t\t\t\t\t\t\t  <\/div>\n\t\t\t\t\t\t\t\t\t  \n\t\t\t\t\t\t\t\t   <span class=\"yuzo__text--title\" style=\"font-size:13px;\">Com crescimento de 12%, agro puxa PIB, mas pouco c...<\/span>\n\t\t\t\t\t\t\t  \n\t\t\t\t\t\t\t  \n\t\t\t\t\t\t\t  <\/a>\n\n\t\t\t\t\t\t  <\/div>\n<\/div> <script>\n\t\t\t\t\t\t  jQuery(document).ready(function( $ ){\n\t\t\t\t\t\t\t\/\/jQuery('.yuzo_related_post').equalizer({ overflow : 'relatedthumb' });\n\t\t\t\t\t\t\tjQuery('.yuzo_related_post .yuzo_wraps').equalizer({ columns : '> div' });\n\t\t\t\t\t\t   })\n\t\t\t\t\t\t  <\/script> <!-- End Yuzo :) -->","protected":false},"excerpt":{"rendered":"<p>H\u00e1 23 anos, em 27 de maio de 2002, falecia Jo\u00e3o Amazonas, um dos maiores l\u00edderes do movimento comunista brasileiro. Ativo na milit\u00e2ncia desde a juventude, ele ajudou a organizar o movimento oper\u00e1rio no Par\u00e1 e integrou a c\u00e9lebre bancada comunista eleita para a Assembleia Nacional Constituinte de 1946, onde se destacou pela defesa dos [&hellip;]<\/p>\n","protected":false},"author":2,"featured_media":30188,"comment_status":"closed","ping_status":"closed","sticky":false,"template":"","format":"standard","meta":{"fifu_image_url":"","fifu_image_alt":"","footnotes":""},"categories":[45,1311,307,1284,1797,7080,868,1664,692,5622,7081,480],"tags":[],"class_list":["post-30187","post","type-post","status-publish","format-standard","has-post-thumbnail","hentry","category-brasil","category-comunismo","category-direitos-humanos","category-ditadura","category-golpe","category-joao-amazonas","category-movimento-operario","category-pcb","category-pcdob","category-pensar-a-historia","category-prisoes-politicas","category-trabalhadores"],"_links":{"self":[{"href":"https:\/\/redept.com.br\/blogosfera\/wp-json\/wp\/v2\/posts\/30187","targetHints":{"allow":["GET"]}}],"collection":[{"href":"https:\/\/redept.com.br\/blogosfera\/wp-json\/wp\/v2\/posts"}],"about":[{"href":"https:\/\/redept.com.br\/blogosfera\/wp-json\/wp\/v2\/types\/post"}],"author":[{"embeddable":true,"href":"https:\/\/redept.com.br\/blogosfera\/wp-json\/wp\/v2\/users\/2"}],"replies":[{"embeddable":true,"href":"https:\/\/redept.com.br\/blogosfera\/wp-json\/wp\/v2\/comments?post=30187"}],"version-history":[{"count":0,"href":"https:\/\/redept.com.br\/blogosfera\/wp-json\/wp\/v2\/posts\/30187\/revisions"}],"wp:featuredmedia":[{"embeddable":true,"href":"https:\/\/redept.com.br\/blogosfera\/wp-json\/wp\/v2\/media\/30188"}],"wp:attachment":[{"href":"https:\/\/redept.com.br\/blogosfera\/wp-json\/wp\/v2\/media?parent=30187"}],"wp:term":[{"taxonomy":"category","embeddable":true,"href":"https:\/\/redept.com.br\/blogosfera\/wp-json\/wp\/v2\/categories?post=30187"},{"taxonomy":"post_tag","embeddable":true,"href":"https:\/\/redept.com.br\/blogosfera\/wp-json\/wp\/v2\/tags?post=30187"}],"curies":[{"name":"wp","href":"https:\/\/api.w.org\/{rel}","templated":true}]}}