{"id":30207,"date":"2025-05-27T16:59:25","date_gmt":"2025-05-27T19:59:25","guid":{"rendered":"https:\/\/redept.org\/blogosfera\/dois-anos-apos-anunciar-anexo-para-bpe-sedac-nem-contratou-projeto-para-predio-da-lanceiros-negros\/"},"modified":"2025-05-27T16:59:25","modified_gmt":"2025-05-27T19:59:25","slug":"dois-anos-apos-anunciar-anexo-para-bpe-sedac-nem-contratou-projeto-para-predio-da-lanceiros-negros","status":"publish","type":"post","link":"https:\/\/redept.com.br\/blogosfera\/dois-anos-apos-anunciar-anexo-para-bpe-sedac-nem-contratou-projeto-para-predio-da-lanceiros-negros\/","title":{"rendered":"Dois anos ap\u00f3s anunciar anexo para BPE, Sedac nem contratou projeto para pr\u00e9dio da Lanceiros Negros"},"content":{"rendered":"<section>\n<div>\n<p>Em abril de 2023, a Secretaria Estadual da Cultura (Sedac)<a href=\"https:\/\/sul21.com.br\/noticias\/geral\/2023\/04\/predio-da-ocupacao-lanceiros-negros-sera-transformado-em-anexo-da-biblioteca-publica\/\" target=\"_blank\" rel=\"noopener\"> anunciou que estava assumindo a gest\u00e3o do pr\u00e9dio<\/a> localizado na esquina entre as ruas Andrade Neves e General C\u00e2mara, no Centro Hist\u00f3rico de Porto Alegre. Patrim\u00f4nio do Estado, o local foi palco, entre 14 de novembro de 2015 e 14 de junho de 2017, da ocupa\u00e7\u00e3o Lanceiros Negros, um marco da luta por moradia na Capital na d\u00e9cada passada. \u00c0 \u00e9poca do an\u00fancio, o im\u00f3vel j\u00e1 estava h\u00e1 quase seis anos desocupado, desde a remo\u00e7\u00e3o for\u00e7ada das fam\u00edlias da Lanceiros. Passados mais dois anos, o pr\u00e9dio ainda n\u00e3o tem nenhum sinal de utiliza\u00e7\u00e3o.<\/p>\n<p><strong>Leia mais:\u00a0<\/strong><br \/>\n<a href=\"https:\/\/sul21.com.br\/noticias\/geral\/2019\/07\/era-uma-casa-hoje-nao-e-nada-predio-da-lanceiros-negros-segue-abandonado\/\">Era uma casa, hoje n\u00e3o \u00e9 nada: pr\u00e9dio da Lanceiros Negros segue abandonado<\/a><br \/>\n<a href=\"https:\/\/sul21.com.br\/noticias\/geral\/2017\/06\/com-bombas-e-repressao-bm-inicia-operacao-de-reintegracao-de-posse-da-lanceiros-negros\/\" target=\"_blank\" rel=\"noopener\">Com bombas e repress\u00e3o, BM realiza opera\u00e7\u00e3o de reintegra\u00e7\u00e3o de posse da Lanceiros Negros<\/a><\/p>\n<p>Nesta segunda-feira (26), a reportagem<strong> Sul21<\/strong> procurou a Sedac para saber qual era o andamento do projeto para ocupar o im\u00f3vel como um anexo da Biblioteca P\u00fablica do Estado (BPE), localizada entre as ruas Riachuelo e General C\u00e2mara, conforme anunciado em 2023 pela ent\u00e3o secret\u00e1ria Beatriz Ara\u00fajo. Inicialmente, a Sedac informou que o assunto deveria ser tratado com a Secretaria de Obras P\u00fablicas (SOP) do Estado, mas, nesta ter\u00e7a-feira (27), informou que estava passando \u00e0 responsabilidade da Cultura. No entanto, reconheceu que ainda n\u00e3o h\u00e1 nenhum projeto de restaura\u00e7\u00e3o do pr\u00e9dio, nem de defini\u00e7\u00e3o sobre a origem dos recursos para a reforma.<\/p>\n<p>\u201cA Sedac se reuniu hoje pela manh\u00e3 com a Secretaria de Obras P\u00fablicas (SOP), ocasi\u00e3o em que ficou acordado que a SOP nos conceder\u00e1 a delega\u00e7\u00e3o de compet\u00eancia para conduzir o processo da nova BPE. A partir disso, o Departamento de Mem\u00f3ria e Patrim\u00f4nio (DMP) ficar\u00e1 respons\u00e1vel pela elabora\u00e7\u00e3o do projeto de restaura\u00e7\u00e3o do pr\u00e9dio. Em seguida, ser\u00e1 iniciado um processo de contrata\u00e7\u00e3o, por inexigibilidade, de uma empresa especializada em restauro. A defini\u00e7\u00e3o da origem dos recursos para a obra ainda est\u00e1 pendente. Ap\u00f3s a conclus\u00e3o do or\u00e7amento, a \u00e1rea administrativa, junto com o Gabinete da Sedac, dar\u00e3o in\u00edcio \u00e0 busca pelos recursos necess\u00e1rios para a execu\u00e7\u00e3o da restaura\u00e7\u00e3o. A elabora\u00e7\u00e3o do projeto, somada \u00e0 tramita\u00e7\u00e3o do processo de contrata\u00e7\u00e3o por inexigibilidade, pode se estender at\u00e9 o final deste ano\u201d, diz nota encaminhada pela Sedac \u00e0 reportagem.<\/p>\n<p>A letargia para a destina\u00e7\u00e3o do im\u00f3vel contrasta com a urg\u00eancia com a qual o governo do Estado tratou a ocupa\u00e7\u00e3o Lanceiros Negros. Durante os pouco mais de 18 meses de ocupa\u00e7\u00e3o, travou uma batalha judicial e tentou realizar opera\u00e7\u00f5es de despejo em m\u00faltiplas oportunidades, at\u00e9 que a Brigada Militar conseguiu efetuar a remo\u00e7\u00e3o durante a noite de 14 de junho de 2017 e a madrugada do dia seguinte. Uma reintegra\u00e7\u00e3o de posse feita \u00e0 base de muita bomba de g\u00e1s lacrimog\u00eanio.<\/p>\n<p>\u00a0<\/p>\n<figure aria-describedby=\"caption-attachment-169887\"><img fetchpriority=\"high\" fetchpriority=\"high\" decoding=\"async\"src=\"https:\/\/redept.org\/blogosfera\/wp-content\/uploads\/2025\/05\/20170615-jornal-sul21-gs-140617-0614-12.jpg\" alt=\"\" width=\"900\" height=\"600\" srcset=\"https:\/\/redept.org\/blogosfera\/wp-content\/uploads\/2025\/05\/20170615-jornal-sul21-gs-140617-0614-12.jpg 900w, https:\/\/sul21.com.br\/wp-content\/uploads\/2017\/06\/20170615-jornal-sul21-gs-140617-0614-12-300x200.jpg 300w, https:\/\/sul21.com.br\/wp-content\/uploads\/2017\/06\/20170615-jornal-sul21-gs-140617-0614-12-768x512.jpg 768w, https:\/\/sul21.com.br\/wp-content\/uploads\/2017\/06\/20170615-jornal-sul21-gs-140617-0614-12-100x67.jpg 100w, https:\/\/sul21.com.br\/wp-content\/uploads\/2017\/06\/20170615-jornal-sul21-gs-140617-0614-12-450x300.jpg 450w, https:\/\/sul21.com.br\/wp-content\/uploads\/2017\/06\/20170615-jornal-sul21-gs-140617-0614-12-500x333.jpg 500w, https:\/\/sul21.com.br\/wp-content\/uploads\/2017\/06\/20170615-jornal-sul21-gs-140617-0614-12-720x480.jpg 720w, https:\/\/sul21.com.br\/wp-content\/uploads\/2017\/06\/20170615-jornal-sul21-gs-140617-0614-12-800x533.jpg 800w\" sizes=\"(max-width: 900px) 100vw, 900px\"><figcaption>BM usa g\u00e1s contra quem estava em frente \u00e0 ocupa\u00e7\u00e3o Lanceiros Negros no dia da reintegra\u00e7\u00e3o de posse | Foto: Guilherme Santos\/Sul21<\/figcaption><\/figure>\n<p>Originalmente, o pr\u00e9dio havia abrigado escrit\u00f3rios do Minist\u00e9rio P\u00fablico do Rio Grande do Sul, mas estava desocupado desde que o \u00f3rg\u00e3o mudou-se para sua sede atual, em 2006. Pouco antes da ocupa\u00e7\u00e3o, o governo do Estado havia iniciado uma reforma estrutural do im\u00f3vel. A inten\u00e7\u00e3o, dizia \u00e0 \u00e9poca, era que o pr\u00e9dio fosse utilizado por algum \u00f3rg\u00e3o estatal. Dias ap\u00f3s o despejo, a ideia era que fosse ocupado pela Defesa Civil e por setores da Casa Civil.<\/p>\n<p>Depois, ainda em 2017, os futuros inquilinos mudaram. Passaria a ser a sede da Empresa Ga\u00facha de Rodovias (EGR). Em setembro de 2018, a Prefeitura de Porto Alegre chegou at\u00e9 a autorizar o in\u00edcio de obras de recupera\u00e7\u00e3o do im\u00f3vel. Nada mudou at\u00e9 que, em maio de 2019, a EGR, em vias de ser extinta pela gest\u00e3o de Jos\u00e9 Ivo Sartori, decidiu abrir m\u00e3o da reforma nunca iniciada.<\/p>\n<p>O pr\u00e9dio s\u00f3 retornou \u00e0 pauta do governo em abril de 2023, com o an\u00fancio da Sedac de que a gest\u00e3o fora transferida do Departamento de Administra\u00e7\u00e3o do Patrim\u00f4nio do Estado (Deape). \u201cAos 152 anos, a Biblioteca P\u00fablica do Estado vive um momento de grande renova\u00e7\u00e3o em sua estrutura. Estamos trabalhando para que o valioso patrim\u00f4nio cultural que a institui\u00e7\u00e3o abriga esteja cada vez mais acess\u00edvel para o p\u00fablico. Pela natureza das atividades que pretendemos desenvolver no anexo, ele ser\u00e1 um novo espa\u00e7o de inclus\u00e3o e de acolhimento, a servi\u00e7o da educa\u00e7\u00e3o e da cultura\u201d, explicou a agora ex-secret\u00e1ria Beatriz, \u00e0 \u00e9poca.<\/p>\n<p>O ent\u00e3o diretor do Departamento de Mem\u00f3ria e Patrim\u00f4nio da Sedac, Eduardo Hahn, chegou a dizer que a pasta estudava a possibilidade de realizar um concurso p\u00fablico, a partir do Instituto de Arquitetos do Brasil, com o objetivo de selecionar um projeto arquitet\u00f4nico para a obra de revitaliza\u00e7\u00e3o e adequa\u00e7\u00e3o do pr\u00e9dio. Nunca aconteceu.<\/p>\n<p>Contudo, em abril de 2025, pouco antes de deixar o cargo, Beatriz deu a Ordem de Servi\u00e7o para in\u00edcio do restauro, conserva\u00e7\u00e3o e requalifica\u00e7\u00e3o de espa\u00e7os da Biblioteca P\u00fablica do Estado, com investimentos de cerca de R$ 12 milh\u00f5es previstos para moderniza\u00e7\u00e3o das redes el\u00e9trica e hidr\u00e1ulica, implanta\u00e7\u00e3o de climatiza\u00e7\u00e3o e melhorias na acessibilidade, incluindo a instala\u00e7\u00e3o de um novo elevador. Mais uma vez, nenhuma men\u00e7\u00e3o ao pr\u00e9dio da esquina da Andrade Neves com a General C\u00e2mara.<\/p>\n<\/p><\/div>\n<\/section>\n<p>O post <a href=\"https:\/\/sul21.com.br\/noticias\/cultura\/2025\/05\/dois-anos-apos-anunciar-anexo-para-bpe-sedac-nem-contratou-projeto-para-predio-da-lanceiros-negros\/\">Dois anos ap\u00f3s anunciar anexo para BPE, Sedac nem contratou projeto para pr\u00e9dio da Lanceiros Negros<\/a> apareceu primeiro em <a href=\"https:\/\/sul21.com.br\/\">Sul 21<\/a>.<\/p>\n<!-- Begin Yuzo --><div class='yuzo_related_post style-1'  data-version='5.12.89'><!-- without result --><div class='yuzo_clearfixed yuzo__title yuzo__title'><h3>Related Post<\/h3><\/div>\n\t\t\t\t\t\t  <div class=\"relatedthumb \" style=\"width:125px;float:left;overflow:hidden;\">  \n\t\t\t\t\t\t\t  \n\t\t\t\t\t\t\t  <a  href=\"https:\/\/redept.com.br\/blogosfera\/extrema-direita-manobra-para-viajar-com-dinheiro-publico-e-visitar-golpista-nos-estados-unidos\/\"  >\n\t\t\t\t\t\t\t\t\t  <div class=\"yuzo-img-wrap \" style=\"width: 125px;height:90px;\">\n\t\t\t\t\t\t\t\t\t\t\n\t\t\t\t\t\t\t\t\t\t<div class=\"yuzo-img\" style=\"background:url('https:\/\/redept.org\/blogosfera\/wp-content\/plugins\/yuzo-related-post\/assets\/images\/default.png') 50% 50% no-repeat;width: 125px;height:90px;margin-bottom: 5px;background-size: cover; \"><\/div>\n\t\t\t\t\t\t\t\t\t  <\/div>\n\t\t\t\t\t\t\t\t\t  \n\t\t\t\t\t\t\t\t   <span class=\"yuzo__text--title\" style=\"font-size:13px;\">Extrema direita manobra para viajar com dinheiro p...<\/span>\n\t\t\t\t\t\t\t  \n\t\t\t\t\t\t\t  \n\t\t\t\t\t\t\t  <\/a>\n\n\t\t\t\t\t\t  <\/div>\n\t\t\t\t\t\t  <div class=\"relatedthumb \" style=\"width:125px;float:left;overflow:hidden;\">  \n\t\t\t\t\t\t\t  \n\t\t\t\t\t\t\t  <a  href=\"https:\/\/redept.com.br\/blogosfera\/pesquisa-futura-apex-2o-turno-lula-tem-481-e-flavio-429\/\"  >\n\t\t\t\t\t\t\t\t\t  <div class=\"yuzo-img-wrap \" style=\"width: 125px;height:90px;\">\n\t\t\t\t\t\t\t\t\t\t\n\t\t\t\t\t\t\t\t\t\t<div class=\"yuzo-img\" style=\"background:url('https:\/\/redept.com.br\/blogosfera\/wp-content\/uploads\/2026\/06\/f6d7fc733663fdf1d83c1275-scaled-e1781620665336-2048x990-1-150x150.jpg') 50% 50% no-repeat;width: 125px;height:90px;margin-bottom: 5px;background-size: cover; \"><\/div>\n\t\t\t\t\t\t\t\t\t  <\/div>\n\t\t\t\t\t\t\t\t\t  \n\t\t\t\t\t\t\t\t   <span class=\"yuzo__text--title\" style=\"font-size:13px;\">Pesquisa Futura\/Apex: 2\u00ba turno Lula tem 48,1% e Fl...<\/span>\n\t\t\t\t\t\t\t  \n\t\t\t\t\t\t\t  \n\t\t\t\t\t\t\t  <\/a>\n\n\t\t\t\t\t\t  <\/div>\n\t\t\t\t\t\t  <div class=\"relatedthumb \" style=\"width:125px;float:left;overflow:hidden;\">  \n\t\t\t\t\t\t\t  \n\t\t\t\t\t\t\t  <a  href=\"https:\/\/redept.com.br\/blogosfera\/governo-avalia-se-mantem-descontos-do-inss-por-entidades\/\"  >\n\t\t\t\t\t\t\t\t\t  <div class=\"yuzo-img-wrap \" style=\"width: 125px;height:90px;\">\n\t\t\t\t\t\t\t\t\t\t\n\t\t\t\t\t\t\t\t\t\t<div class=\"yuzo-img\" style=\"background:url('https:\/\/redept.org\/blogosfera\/wp-content\/plugins\/yuzo-related-post\/assets\/images\/default.png') 50% 50% no-repeat;width: 125px;height:90px;margin-bottom: 5px;background-size: cover; \"><\/div>\n\t\t\t\t\t\t\t\t\t  <\/div>\n\t\t\t\t\t\t\t\t\t  \n\t\t\t\t\t\t\t\t   <span class=\"yuzo__text--title\" style=\"font-size:13px;\">Governo avalia se mant\u00e9m descontos do INSS por ent...<\/span>\n\t\t\t\t\t\t\t  \n\t\t\t\t\t\t\t  \n\t\t\t\t\t\t\t  <\/a>\n\n\t\t\t\t\t\t  <\/div>\n\t\t\t\t\t\t  <div class=\"relatedthumb \" style=\"width:125px;float:left;overflow:hidden;\">  \n\t\t\t\t\t\t\t  \n\t\t\t\t\t\t\t  <a  href=\"https:\/\/redept.com.br\/blogosfera\/economia-popular-e-solidaria-o-esperancar-de-outro-modelo-de-desenvolvimento\/\"  >\n\t\t\t\t\t\t\t\t\t  <div class=\"yuzo-img-wrap \" style=\"width: 125px;height:90px;\">\n\t\t\t\t\t\t\t\t\t\t\n\t\t\t\t\t\t\t\t\t\t<div class=\"yuzo-img\" style=\"background:url('https:\/\/redept.org\/blogosfera\/wp-content\/plugins\/yuzo-related-post\/assets\/images\/default.png') 50% 50% no-repeat;width: 125px;height:90px;margin-bottom: 5px;background-size: cover; \"><\/div>\n\t\t\t\t\t\t\t\t\t  <\/div>\n\t\t\t\t\t\t\t\t\t  \n\t\t\t\t\t\t\t\t   <span class=\"yuzo__text--title\" style=\"font-size:13px;\">Economia popular e solid\u00e1ria, o esperan\u00e7ar de outr...<\/span>\n\t\t\t\t\t\t\t  \n\t\t\t\t\t\t\t  \n\t\t\t\t\t\t\t  <\/a>\n\n\t\t\t\t\t\t  <\/div>\n<\/div> <script>\n\t\t\t\t\t\t  jQuery(document).ready(function( $ ){\n\t\t\t\t\t\t\t\/\/jQuery('.yuzo_related_post').equalizer({ overflow : 'relatedthumb' });\n\t\t\t\t\t\t\tjQuery('.yuzo_related_post .yuzo_wraps').equalizer({ columns : '> div' });\n\t\t\t\t\t\t   })\n\t\t\t\t\t\t  <\/script> <!-- End Yuzo :) -->","protected":false},"excerpt":{"rendered":"<p>Em abril de 2023, a Secretaria Estadual da Cultura (Sedac) anunciou que estava assumindo a gest\u00e3o do pr\u00e9dio localizado na esquina entre as ruas Andrade Neves e General C\u00e2mara, no Centro Hist\u00f3rico de Porto Alegre. Patrim\u00f4nio do Estado, o local foi palco, entre 14 de novembro de 2015 e 14 de junho de 2017, da [&hellip;]<\/p>\n","protected":false},"author":2,"featured_media":30208,"comment_status":"closed","ping_status":"closed","sticky":false,"template":"","format":"standard","meta":{"fifu_image_url":"","fifu_image_alt":"","footnotes":""},"categories":[309,7101,7102,5541],"tags":[],"class_list":["post-30207","post","type-post","status-publish","format-standard","has-post-thumbnail","hentry","category-cultura","category-lanceiros-negros","category-sedac","category-topo1"],"_links":{"self":[{"href":"https:\/\/redept.com.br\/blogosfera\/wp-json\/wp\/v2\/posts\/30207","targetHints":{"allow":["GET"]}}],"collection":[{"href":"https:\/\/redept.com.br\/blogosfera\/wp-json\/wp\/v2\/posts"}],"about":[{"href":"https:\/\/redept.com.br\/blogosfera\/wp-json\/wp\/v2\/types\/post"}],"author":[{"embeddable":true,"href":"https:\/\/redept.com.br\/blogosfera\/wp-json\/wp\/v2\/users\/2"}],"replies":[{"embeddable":true,"href":"https:\/\/redept.com.br\/blogosfera\/wp-json\/wp\/v2\/comments?post=30207"}],"version-history":[{"count":0,"href":"https:\/\/redept.com.br\/blogosfera\/wp-json\/wp\/v2\/posts\/30207\/revisions"}],"wp:featuredmedia":[{"embeddable":true,"href":"https:\/\/redept.com.br\/blogosfera\/wp-json\/wp\/v2\/media\/30208"}],"wp:attachment":[{"href":"https:\/\/redept.com.br\/blogosfera\/wp-json\/wp\/v2\/media?parent=30207"}],"wp:term":[{"taxonomy":"category","embeddable":true,"href":"https:\/\/redept.com.br\/blogosfera\/wp-json\/wp\/v2\/categories?post=30207"},{"taxonomy":"post_tag","embeddable":true,"href":"https:\/\/redept.com.br\/blogosfera\/wp-json\/wp\/v2\/tags?post=30207"}],"curies":[{"name":"wp","href":"https:\/\/api.w.org\/{rel}","templated":true}]}}