{"id":30233,"date":"2025-05-28T11:53:42","date_gmt":"2025-05-28T14:53:42","guid":{"rendered":"https:\/\/redept.org\/blogosfera\/indigenas-denunciam-novo-ataque-a-tiros-na-terra-indigena-apyterewa-no-para\/"},"modified":"2025-05-28T11:53:42","modified_gmt":"2025-05-28T14:53:42","slug":"indigenas-denunciam-novo-ataque-a-tiros-na-terra-indigena-apyterewa-no-para","status":"publish","type":"post","link":"https:\/\/redept.com.br\/blogosfera\/indigenas-denunciam-novo-ataque-a-tiros-na-terra-indigena-apyterewa-no-para\/","title":{"rendered":"Ind\u00edgenas denunciam novo ataque a tiros na Terra Ind\u00edgena Apyterewa, no Par\u00e1"},"content":{"rendered":"<p><strong>IND\u00cdGENAS<\/strong> Parakan\u00e3 denunciaram um novo ataque a bala feito por pistoleiros na <a href=\"https:\/\/reporterbrasil.org.br\/tags\/terra-indigena-apyterewa\/\" target=\"_blank\" rel=\"noreferrer noopener\">Terra Ind\u00edgena (TI) Apyterewa<\/a>, no sul do Par\u00e1, ocorrido no s\u00e1bado (24), duas semanas ap\u00f3s a \u00faltima ocorr\u00eancia. Desta vez, ningu\u00e9m ficou ferido.<\/p>\n<p>Segundo os relatos, os atiradores teriam utilizado metralhadoras e outras armas de alto calibre. Este \u00e9 o sexto ataque registrado na TI Apyterewa nos \u00faltimos seis meses. O territ\u00f3rio \u00e9 considerado o mais desmatado da Amaz\u00f4nia.<\/p>\n<p>Desde a <a href=\"https:\/\/reporterbrasil.org.br\/2023\/10\/operacao-de-guerra-cerca-invasores-de-ti-mais-desmatada-na-amazonia\/\" target=\"_blank\" rel=\"noreferrer noopener\">opera\u00e7\u00e3o de desintrus\u00e3o (retirada de ocupantes irregulares) iniciada em outubro de 2023 pelo governo federal<\/a>, os ataques v\u00eam se repetindo, mantendo o territ\u00f3rio sob tens\u00e3o constante.<\/p>\n<p>Em <a href=\"https:\/\/www.gov.br\/povosindigenas\/pt-br\/assuntos\/noticias\/2025\/05\/policia-federal-atua-para-punir-responsaveis-por-ataques-contra-indigenas-na-ti-apyterewa\" target=\"_blank\" rel=\"noreferrer noopener\">nota<\/a> publicada na segunda-feira (26), o Minist\u00e9rio dos Povos Ind\u00edgenas informou que, ap\u00f3s a nova a\u00e7\u00e3o de pistoleiros, a Pol\u00edcia Federal cumpriu um mandado de busca e apreens\u00e3o no distrito de Taboca, em S\u00e3o F\u00e9lix do Xingu. As investiga\u00e7\u00f5es continuam para identificar todos os envolvidos. <\/p>\n<p>Apesar das medidas, o povo Parakan\u00e3 vem apontando neglig\u00eancia do Estado com a seguran\u00e7a dos ind\u00edgenas da regi\u00e3o. Em julho de 2024, poucos meses ap\u00f3s o encerramento da opera\u00e7\u00e3o de desintrus\u00e3o, a Associa\u00e7\u00e3o Ind\u00edgena Tato\u2019a, que representa os Parakan\u00e3, denunciou que o territ\u00f3rio continuava sendo<a href=\"https:\/\/reporterbrasil.org.br\/2024\/07\/parakana-denunciam-ataque-pistoleiros-terra-indigena-apyterewa\/\" target=\"_blank\" rel=\"noreferrer noopener\"> invadido com frequ\u00eancia para a colheita ilegal de cacau.<\/a><\/p>\n<div data-elementor-type=\"section\" data-elementor-id=\"77670\" data-elementor-post-type=\"elementor_library\">\n<div data-id=\"17a659f\" data-element_type=\"container\" data-settings='{\"background_background\":\"classic\"}'>\n<div>\n<div data-id=\"386385d\" data-element_type=\"widget\" data-widget_type=\"heading.default\">\n<div>\n<h2>ASSINE NOSSA NEWSLETTER<\/h2>\n<\/p><\/div>\n<\/p><\/div>\n<div data-id=\"6546917\" data-element_type=\"widget\" data-widget_type=\"html.default\">\n<div>\n\t\t\t\t\t\t\t\t\t<\/div>\n<\/p><\/div>\n<div data-id=\"8c2e333\" data-element_type=\"widget\" data-settings='{\"button_width\":\"20\",\"step_next_label\":\"Next\",\"step_previous_label\":\"Previous\",\"button_width_mobile\":\"20\",\"step_type\":\"number_text\",\"step_icon_shape\":\"circle\"}' data-widget_type=\"form.default\">\n<div>\n<div>\n<div>\n\t\t\t\t\t\t\t\t\t\t\t\t<label for=\"form-field-email\"><br \/>\n\t\t\t\t\t\t\t\tEmail\t\t\t\t\t\t\t<\/label><\/p><\/div>\n<div>\n\t\t\t\t\t<button type=\"submit\"><br \/>\n\t\t\t\t\t\t<span><br \/>\n\t\t\t\t\t\t\t\t\t\t\t\t\t\t\t<span><br \/>\n\t\t\t\t\t\t\t\t\t<i aria-hidden=\"true\"><\/i>\t\t\t\t\t\t\t\t\t\t\t\t\t\t\t\t\t\t\t<span>Submit<\/span><br \/>\n\t\t\t\t\t\t\t\t\t\t\t\t\t\t\t\t\t<\/span><br \/>\n\t\t\t\t\t\t\t\t\t\t\t\t\t\t\t\t\t\t\t\t<\/span><br \/>\n\t\t\t\t\t<\/button>\n\t\t\t\t<\/div>\n<\/p><\/div>\n<\/p><\/div>\n<\/p><\/div>\n<\/p><\/div>\n<\/p><\/div>\n<\/p><\/div>\n<h2>Entenda o conflito<\/h2>\n<p>Em outubro de 2023, o governo federal realizou uma <a href=\"https:\/\/reporterbrasil.org.br\/2023\/10\/operacao-de-guerra-cerca-invasores-de-ti-mais-desmatada-na-amazonia\/\" target=\"_blank\" rel=\"noreferrer noopener\">megaopera\u00e7\u00e3o <\/a>para retirar os ocupantes irregulares da TI Apyterewa. A a\u00e7\u00e3o contou com apoio do Ex\u00e9rcito, da Pol\u00edcia Federal, da For\u00e7a Nacional, al\u00e9m de agentes da Abin (Ag\u00eancia Brasileira de Intelig\u00eancia), do Ibama (Instituto Brasileiro do Meio Ambiente e dos Recursos Naturais Renov\u00e1veis) e da Funai.<\/p>\n<p>Localizada no sul do Par\u00e1, a Apyterewa tem 773 mil hectares \u2013 uma \u00e1rea equivalente a cinco munic\u00edpios de S\u00e3o Paulo. Na \u00e9poca, cerca de 700 ind\u00edgenas viviam na por\u00e7\u00e3o norte, pr\u00f3ximas ao rio Xingu. Havia tamb\u00e9m registros da presen\u00e7a de ind\u00edgenas isolados e de recente contato, segundo o comando da opera\u00e7\u00e3o.<\/p>\n<p>Dos 773 mil hectares do territ\u00f3rio, j\u00e1 foram desmatados mais de 55 mil hectares (cerca de 14% do total). Mais da metade da destrui\u00e7\u00e3o ocorreu entre 2019 e 2022, per\u00edodo corresponde ao do governo do ex-presidente Jair Bolsonaro (PL).<\/p>\n<p>Durante o processo de demarca\u00e7\u00e3o da terra ind\u00edgena, ao longo dos anos 2000, a Funai identificou 1.175 posseiros na \u00e1rea, conforme dados obtidos pela Rep\u00f3rter Brasil via Lei de Acesso \u00e0 Informa\u00e7\u00e3o. Desse total, o \u00f3rg\u00e3o reconheceu 292 como ocupantes de boa-f\u00e9, com direito a compensa\u00e7\u00f5es por benfeitorias. J\u00e1 os 883 restantes foram considerados de m\u00e1-f\u00e9, sem qualquer direito \u00e0s terras onde estavam instalados.<\/p>\n<div data-elementor-type=\"container\" data-elementor-id=\"75228\" data-elementor-post-type=\"elementor_library\">\n<div data-id=\"5e8db1e6\" data-element_type=\"container\">\n<div>\n<div data-id=\"36eb6c91\" data-element_type=\"container\">\n<div>\n<div data-id=\"6f52f515\" data-element_type=\"container\">\n<div data-id=\"65d9f401\" data-element_type=\"widget\" data-widget_type=\"divider.default\">\n<div>\n<div>\n\t\t\t<span><br \/>\n\t\t\t\t\t\t<\/span>\n\t\t<\/div>\n<\/p><\/div>\n<\/p><\/div>\n<\/p><\/div>\n<div data-id=\"134a1245\" data-element_type=\"container\">\n<div>\n<div data-id=\"10fe55fe\" data-element_type=\"widget\" data-widget_type=\"text-editor.default\">\n<div>\n<p>Leia tamb\u00e9m<\/p>\n<\/p><\/div>\n<\/p><\/div>\n<\/p><\/div>\n<\/p><\/div>\n<\/p><\/div>\n<\/p><\/div>\n<div data-id=\"3c9495ae\" data-element_type=\"widget\" data-settings='{\"template_id\":\"75221\",\"columns\":1,\"row_gap\":{\"unit\":\"px\",\"size\":10,\"sizes\":[]},\"_skin\":\"post\",\"columns_tablet\":\"2\",\"columns_mobile\":\"1\",\"edit_handle_selector\":\"[data-elementor-type=\"loop-item\"]\",\"row_gap_tablet\":{\"unit\":\"px\",\"size\":\"\",\"sizes\":[]},\"row_gap_mobile\":{\"unit\":\"px\",\"size\":\"\",\"sizes\":[]}}' data-widget_type=\"loop-grid.post\">\n<div>\n<div>\n\t\t<\/div>\n<\/p><\/div>\n<\/p><\/div>\n<\/p><\/div>\n<\/p><\/div>\n<\/p><\/div>\n<p>The post <a href=\"https:\/\/reporterbrasil.org.br\/2025\/05\/indigenas-denunciam-novo-ataque-a-tiros-na-terra-indigena-apyterewa-no-para\/\">Ind\u00edgenas denunciam novo ataque a tiros na Terra Ind\u00edgena Apyterewa, no Par\u00e1<\/a> appeared first on <a href=\"https:\/\/reporterbrasil.org.br\/\">Rep\u00f3rter Brasil<\/a>.<\/p>\n<!-- Begin Yuzo --><div class='yuzo_related_post style-1'  data-version='5.12.89'><!-- without result --><div class='yuzo_clearfixed yuzo__title yuzo__title'><h3>Related Post<\/h3><\/div>\n\t\t\t\t\t\t  <div class=\"relatedthumb \" style=\"width:125px;float:left;overflow:hidden;\">  \n\t\t\t\t\t\t\t  \n\t\t\t\t\t\t\t  <a  href=\"https:\/\/redept.com.br\/blogosfera\/master-pf-bloqueia-r-57-bilhoes-e-faz-busca-em-enderecos-de-daniel-vorcaro-e-parentes\/\"  >\n\t\t\t\t\t\t\t\t\t  <div class=\"yuzo-img-wrap \" style=\"width: 125px;height:90px;\">\n\t\t\t\t\t\t\t\t\t\t\n\t\t\t\t\t\t\t\t\t\t<div class=\"yuzo-img\" style=\"background:url('https:\/\/redept.org\/blogosfera\/wp-content\/plugins\/yuzo-related-post\/assets\/images\/default.png') 50% 50% no-repeat;width: 125px;height:90px;margin-bottom: 5px;background-size: cover; \"><\/div>\n\t\t\t\t\t\t\t\t\t  <\/div>\n\t\t\t\t\t\t\t\t\t  \n\t\t\t\t\t\t\t\t   <span class=\"yuzo__text--title\" style=\"font-size:13px;\">Master: PF bloqueia R$ 5,7 bilh\u00f5es e faz busca em ...<\/span>\n\t\t\t\t\t\t\t  \n\t\t\t\t\t\t\t  \n\t\t\t\t\t\t\t  <\/a>\n\n\t\t\t\t\t\t  <\/div>\n\t\t\t\t\t\t  <div class=\"relatedthumb \" style=\"width:125px;float:left;overflow:hidden;\">  \n\t\t\t\t\t\t\t  \n\t\t\t\t\t\t\t  <a  href=\"https:\/\/redept.com.br\/blogosfera\/trump-ama-o-brasil\/\"  >\n\t\t\t\t\t\t\t\t\t  <div class=\"yuzo-img-wrap \" style=\"width: 125px;height:90px;\">\n\t\t\t\t\t\t\t\t\t\t\n\t\t\t\t\t\t\t\t\t\t<div class=\"yuzo-img\" style=\"background:url('https:\/\/redept.com.br\/blogosfera\/wp-content\/uploads\/2025\/06\/54563054049_c5123c4727_k-150x150.jpg') 50% 50% no-repeat;width: 125px;height:90px;margin-bottom: 5px;background-size: cover; \"><\/div>\n\t\t\t\t\t\t\t\t\t  <\/div>\n\t\t\t\t\t\t\t\t\t  \n\t\t\t\t\t\t\t\t   <span class=\"yuzo__text--title\" style=\"font-size:13px;\">Trump \u2018ama\u2019 o Brasil<\/span>\n\t\t\t\t\t\t\t  \n\t\t\t\t\t\t\t  \n\t\t\t\t\t\t\t  <\/a>\n\n\t\t\t\t\t\t  <\/div>\n\t\t\t\t\t\t  <div class=\"relatedthumb \" style=\"width:125px;float:left;overflow:hidden;\">  \n\t\t\t\t\t\t\t  \n\t\t\t\t\t\t\t  <a  href=\"https:\/\/redept.com.br\/blogosfera\/ataques-de-israel-no-sul-do-libano-matam-quatro-pessoas-apesar-de-cessar-fogo\/\"  >\n\t\t\t\t\t\t\t\t\t  <div class=\"yuzo-img-wrap \" style=\"width: 125px;height:90px;\">\n\t\t\t\t\t\t\t\t\t\t\n\t\t\t\t\t\t\t\t\t\t<div class=\"yuzo-img\" style=\"background:url('https:\/\/redept.com.br\/blogosfera\/wp-content\/uploads\/2026\/04\/3cebf939-a866-4162-887d-ba8d80edfc6d-e1772714959365-1-150x150.webp') 50% 50% no-repeat;width: 125px;height:90px;margin-bottom: 5px;background-size: cover; \"><\/div>\n\t\t\t\t\t\t\t\t\t  <\/div>\n\t\t\t\t\t\t\t\t\t  \n\t\t\t\t\t\t\t\t   <span class=\"yuzo__text--title\" style=\"font-size:13px;\">Ataques de Israel no sul do L\u00edbano matam quatro pe...<\/span>\n\t\t\t\t\t\t\t  \n\t\t\t\t\t\t\t  \n\t\t\t\t\t\t\t  <\/a>\n\n\t\t\t\t\t\t  <\/div>\n\t\t\t\t\t\t  <div class=\"relatedthumb \" style=\"width:125px;float:left;overflow:hidden;\">  \n\t\t\t\t\t\t\t  \n\t\t\t\t\t\t\t  <a  href=\"https:\/\/redept.com.br\/blogosfera\/vice-presidente-de-trump-diz-que-invasores-do-capitolio-nao-devem-receber-perdao-presidencial\/\"  >\n\t\t\t\t\t\t\t\t\t  <div class=\"yuzo-img-wrap \" style=\"width: 125px;height:90px;\">\n\t\t\t\t\t\t\t\t\t\t\n\t\t\t\t\t\t\t\t\t\t<div class=\"yuzo-img\" style=\"background:url('https:\/\/redept.org\/blogosfera\/wp-content\/plugins\/yuzo-related-post\/assets\/images\/default.png') 50% 50% no-repeat;width: 125px;height:90px;margin-bottom: 5px;background-size: cover; \"><\/div>\n\t\t\t\t\t\t\t\t\t  <\/div>\n\t\t\t\t\t\t\t\t\t  \n\t\t\t\t\t\t\t\t   <span class=\"yuzo__text--title\" style=\"font-size:13px;\">Vice-presidente de Trump diz que invasores do Capi...<\/span>\n\t\t\t\t\t\t\t  \n\t\t\t\t\t\t\t  \n\t\t\t\t\t\t\t  <\/a>\n\n\t\t\t\t\t\t  <\/div>\n<\/div> <script>\n\t\t\t\t\t\t  jQuery(document).ready(function( $ ){\n\t\t\t\t\t\t\t\/\/jQuery('.yuzo_related_post').equalizer({ overflow : 'relatedthumb' });\n\t\t\t\t\t\t\tjQuery('.yuzo_related_post .yuzo_wraps').equalizer({ columns : '> div' });\n\t\t\t\t\t\t   })\n\t\t\t\t\t\t  <\/script> <!-- End Yuzo :) -->","protected":false},"excerpt":{"rendered":"<p>IND\u00cdGENAS Parakan\u00e3 denunciaram um novo ataque a bala feito por pistoleiros na Terra Ind\u00edgena (TI) Apyterewa, no sul do Par\u00e1, ocorrido no s\u00e1bado (24), duas semanas ap\u00f3s a \u00faltima ocorr\u00eancia. Desta vez, ningu\u00e9m ficou ferido. Segundo os relatos, os atiradores teriam utilizado metralhadoras e outras armas de alto calibre. Este \u00e9 o sexto ataque registrado [&hellip;]<\/p>\n","protected":false},"author":2,"featured_media":0,"comment_status":"open","ping_status":"closed","sticky":false,"template":"","format":"standard","meta":{"fifu_image_url":"","fifu_image_alt":"","footnotes":""},"categories":[5879,761,5994,5471,5799,5995],"tags":[],"class_list":["post-30233","post","type-post","status-publish","format-standard","hentry","category-conteudo-original-em-portugues","category-indigenas","category-parakana","category-politica-nacional","category-reportagens","category-terra-indigena-apyterewa"],"_links":{"self":[{"href":"https:\/\/redept.com.br\/blogosfera\/wp-json\/wp\/v2\/posts\/30233","targetHints":{"allow":["GET"]}}],"collection":[{"href":"https:\/\/redept.com.br\/blogosfera\/wp-json\/wp\/v2\/posts"}],"about":[{"href":"https:\/\/redept.com.br\/blogosfera\/wp-json\/wp\/v2\/types\/post"}],"author":[{"embeddable":true,"href":"https:\/\/redept.com.br\/blogosfera\/wp-json\/wp\/v2\/users\/2"}],"replies":[{"embeddable":true,"href":"https:\/\/redept.com.br\/blogosfera\/wp-json\/wp\/v2\/comments?post=30233"}],"version-history":[{"count":0,"href":"https:\/\/redept.com.br\/blogosfera\/wp-json\/wp\/v2\/posts\/30233\/revisions"}],"wp:attachment":[{"href":"https:\/\/redept.com.br\/blogosfera\/wp-json\/wp\/v2\/media?parent=30233"}],"wp:term":[{"taxonomy":"category","embeddable":true,"href":"https:\/\/redept.com.br\/blogosfera\/wp-json\/wp\/v2\/categories?post=30233"},{"taxonomy":"post_tag","embeddable":true,"href":"https:\/\/redept.com.br\/blogosfera\/wp-json\/wp\/v2\/tags?post=30233"}],"curies":[{"name":"wp","href":"https:\/\/api.w.org\/{rel}","templated":true}]}}