{"id":30419,"date":"2025-05-29T09:32:06","date_gmt":"2025-05-29T12:32:06","guid":{"rendered":"https:\/\/redept.org\/blogosfera\/linha-azul-do-metro-de-sp-apresenta-falha-e-restante-do-sistema-fica-lento\/"},"modified":"2025-05-29T09:32:06","modified_gmt":"2025-05-29T12:32:06","slug":"linha-azul-do-metro-de-sp-apresenta-falha-e-restante-do-sistema-fica-lento","status":"publish","type":"post","link":"https:\/\/redept.com.br\/blogosfera\/linha-azul-do-metro-de-sp-apresenta-falha-e-restante-do-sistema-fica-lento\/","title":{"rendered":"Linha Azul do metr\u00f4 de SP apresenta falha e restante do sistema fica lento"},"content":{"rendered":"<p>A esta\u00e7\u00e3o Ana Rosa da Linha Azul do metr\u00f4 de S\u00e3o Paulo (SP) apresentou falhas no sistema que resultou em paralisa\u00e7\u00e3o dos trens, lentid\u00e3o e superlota\u00e7\u00e3o em todo o transporte p\u00fablico nesta manh\u00e3 de quinta-feira (29). Saiba mais na <a href=\"https:\/\/tvtnews.com.br\/\" data-type=\"page\" data-id=\"733503\">TVT News<\/a>.<\/p>\n<p>Os \u00f4nibus tamb\u00e9m apresentam superlota\u00e7\u00e3o, porque a popula\u00e7\u00e3o est\u00e1 buscando como alternativa para chegar ao trabalho.<\/p>\n<figure><img fetchpriority=\"high\" fetchpriority=\"high\" decoding=\"async\" width=\"446\" height=\"318\"src=\"https:\/\/redept.org\/blogosfera\/wp-content\/uploads\/2025\/05\/metro-as-9h16.png\" alt=\"linha-azul-do-metro-de-sp-apresenta-falha-e-restante-do-sistema-fica-lento-situacao-das-linhas-do-metro-de-sao-paulo-as-9h20min-foto-metro-reproducao-tvt-news\" title=\"Linha Azul do metr\u00f4 de SP apresenta falha e restante do sistema fica lento 1\" srcset=\"https:\/\/redept.org\/blogosfera\/wp-content\/uploads\/2025\/05\/metro-as-9h16.png 446w, https:\/\/tvtnews.com.br\/wp-content\/uploads\/2025\/05\/metro-as-9h16-300x214.png 300w\" sizes=\"(max-width: 446px) 100vw, 446px\"><figcaption>Situa\u00e7\u00e3o das linhas em S\u00e3o Paulo \u00e0s 9h20min. Foto: metr\u00f4\/Reprodu\u00e7\u00e3o<\/figcaption><\/figure>\n<p><em>*Em atualiza\u00e7\u00e3o<\/em> com informa\u00e7\u00f5es do <a href=\"https:\/\/www.metro.sp.gov.br\/sua-viagem\/linhas-estacoes\/linha-3-vermelha\/estacao-pedro-II\/#BancoImagens\" target=\"_blank\" data-type=\"link\" data-id=\"https:\/\/www.metro.sp.gov.br\/sua-viagem\/linhas-estacoes\/linha-3-vermelha\/estacao-pedro-II\/#BancoImagens\" rel=\"noreferrer noopener nofollow\">metr\u00f4<\/a> de SP<\/p>\n<\/p>\n<p>The post <a rel=\"nofollow\" href=\"https:\/\/tvtnews.com.br\/linha-azul-do-metro-de-sp-apresenta-falha-lentidao\/\">Linha Azul do metr\u00f4 de SP apresenta falha e restante do sistema fica lento<\/a> appeared first on <a rel=\"nofollow\" href=\"https:\/\/tvtnews.com.br\/\">TVT News<\/a>.<\/p>\n<!-- Begin Yuzo --><div class='yuzo_related_post style-1'  data-version='5.12.89'><!-- without result --><div class='yuzo_clearfixed yuzo__title yuzo__title'><h3>Related Post<\/h3><\/div>\n\t\t\t\t\t\t  <div class=\"relatedthumb \" style=\"width:125px;float:left;overflow:hidden;\">  \n\t\t\t\t\t\t\t  \n\t\t\t\t\t\t\t  <a  href=\"https:\/\/redept.com.br\/blogosfera\/haddad-critica-desinformacao-sobre-taxa-das-blusinhas-e-defende-legado-na-fazenda\/\"  >\n\t\t\t\t\t\t\t\t\t  <div class=\"yuzo-img-wrap \" style=\"width: 125px;height:90px;\">\n\t\t\t\t\t\t\t\t\t\t\n\t\t\t\t\t\t\t\t\t\t<div class=\"yuzo-img\" style=\"background:url('https:\/\/redept.org\/blogosfera\/wp-content\/plugins\/yuzo-related-post\/assets\/images\/default.png') 50% 50% no-repeat;width: 125px;height:90px;margin-bottom: 5px;background-size: cover; \"><\/div>\n\t\t\t\t\t\t\t\t\t  <\/div>\n\t\t\t\t\t\t\t\t\t  \n\t\t\t\t\t\t\t\t   <span class=\"yuzo__text--title\" style=\"font-size:13px;\">Haddad critica desinforma\u00e7\u00e3o sobre \u201ctaxa das blusi...<\/span>\n\t\t\t\t\t\t\t  \n\t\t\t\t\t\t\t  \n\t\t\t\t\t\t\t  <\/a>\n\n\t\t\t\t\t\t  <\/div>\n\t\t\t\t\t\t  <div class=\"relatedthumb \" style=\"width:125px;float:left;overflow:hidden;\">  \n\t\t\t\t\t\t\t  \n\t\t\t\t\t\t\t  <a  href=\"https:\/\/redept.com.br\/blogosfera\/se-os-latinos-nos-eua-fossem-uma-unica-economia-seria-a-quinta-maior-do-mundo-diz-pesquisadora\/\"  >\n\t\t\t\t\t\t\t\t\t  <div class=\"yuzo-img-wrap \" style=\"width: 125px;height:90px;\">\n\t\t\t\t\t\t\t\t\t\t\n\t\t\t\t\t\t\t\t\t\t<div class=\"yuzo-img\" style=\"background:url('https:\/\/redept.org\/blogosfera\/wp-content\/plugins\/yuzo-related-post\/assets\/images\/default.png') 50% 50% no-repeat;width: 125px;height:90px;margin-bottom: 5px;background-size: cover; \"><\/div>\n\t\t\t\t\t\t\t\t\t  <\/div>\n\t\t\t\t\t\t\t\t\t  \n\t\t\t\t\t\t\t\t   <span class=\"yuzo__text--title\" style=\"font-size:13px;\">\u2018Se os latinos nos EUA fossem uma \u00fanica econ...<\/span>\n\t\t\t\t\t\t\t  \n\t\t\t\t\t\t\t  \n\t\t\t\t\t\t\t  <\/a>\n\n\t\t\t\t\t\t  <\/div>\n\t\t\t\t\t\t  <div class=\"relatedthumb \" style=\"width:125px;float:left;overflow:hidden;\">  \n\t\t\t\t\t\t\t  \n\t\t\t\t\t\t\t  <a  href=\"https:\/\/redept.com.br\/blogosfera\/ex-deputado-e-amigo-pessoal-de-lula-e-morto-a-facadas-pelo-filho-e-choca-militancia-do-pt-leia-nota-do-presidente\/\"  >\n\t\t\t\t\t\t\t\t\t  <div class=\"yuzo-img-wrap \" style=\"width: 125px;height:90px;\">\n\t\t\t\t\t\t\t\t\t\t\n\t\t\t\t\t\t\t\t\t\t<div class=\"yuzo-img\" style=\"background:url('https:\/\/redept.org\/blogosfera\/wp-content\/plugins\/yuzo-related-post\/assets\/images\/default.png') 50% 50% no-repeat;width: 125px;height:90px;margin-bottom: 5px;background-size: cover; \"><\/div>\n\t\t\t\t\t\t\t\t\t  <\/div>\n\t\t\t\t\t\t\t\t\t  \n\t\t\t\t\t\t\t\t   <span class=\"yuzo__text--title\" style=\"font-size:13px;\">Ex-deputado e amigo pessoal de Lula \u00e9 morto a faca...<\/span>\n\t\t\t\t\t\t\t  \n\t\t\t\t\t\t\t  \n\t\t\t\t\t\t\t  <\/a>\n\n\t\t\t\t\t\t  <\/div>\n\t\t\t\t\t\t  <div class=\"relatedthumb \" style=\"width:125px;float:left;overflow:hidden;\">  \n\t\t\t\t\t\t\t  \n\t\t\t\t\t\t\t  <a  href=\"https:\/\/redept.com.br\/blogosfera\/marcha-da-classe-trabalhadora-cobra-fim-da-escala-6x1-e-isencao-do-ir\/\"  >\n\t\t\t\t\t\t\t\t\t  <div class=\"yuzo-img-wrap \" style=\"width: 125px;height:90px;\">\n\t\t\t\t\t\t\t\t\t\t\n\t\t\t\t\t\t\t\t\t\t<div class=\"yuzo-img\" style=\"background:url('https:\/\/redept.com.br\/blogosfera\/wp-content\/uploads\/2025\/04\/WhatsApp-Image-2025-04-29-at-142219-2048x1152-1-150x150.jpeg') 50% 50% no-repeat;width: 125px;height:90px;margin-bottom: 5px;background-size: cover; \"><\/div>\n\t\t\t\t\t\t\t\t\t  <\/div>\n\t\t\t\t\t\t\t\t\t  \n\t\t\t\t\t\t\t\t   <span class=\"yuzo__text--title\" style=\"font-size:13px;\">Marcha da Classe Trabalhadora cobra fim da escala ...<\/span>\n\t\t\t\t\t\t\t  \n\t\t\t\t\t\t\t  \n\t\t\t\t\t\t\t  <\/a>\n\n\t\t\t\t\t\t  <\/div>\n<\/div> <script>\n\t\t\t\t\t\t  jQuery(document).ready(function( $ ){\n\t\t\t\t\t\t\t\/\/jQuery('.yuzo_related_post').equalizer({ overflow : 'relatedthumb' });\n\t\t\t\t\t\t\tjQuery('.yuzo_related_post .yuzo_wraps').equalizer({ columns : '> div' });\n\t\t\t\t\t\t   })\n\t\t\t\t\t\t  <\/script> <!-- End Yuzo :) -->","protected":false},"excerpt":{"rendered":"<p>A esta\u00e7\u00e3o Ana Rosa da Linha Azul do metr\u00f4 de S\u00e3o Paulo (SP) apresentou falhas no sistema que resultou em paralisa\u00e7\u00e3o dos trens, lentid\u00e3o e superlota\u00e7\u00e3o em todo o transporte p\u00fablico nesta manh\u00e3 de quinta-feira (29). Saiba mais na TVT News. Os \u00f4nibus tamb\u00e9m apresentam superlota\u00e7\u00e3o, porque a popula\u00e7\u00e3o est\u00e1 buscando como alternativa para chegar [&hellip;]<\/p>\n","protected":false},"author":2,"featured_media":30420,"comment_status":"closed","ping_status":"closed","sticky":false,"template":"","format":"standard","meta":{"fifu_image_url":"","fifu_image_alt":"","footnotes":""},"categories":[472,94,29,2921],"tags":[],"class_list":["post-30419","post","type-post","status-publish","format-standard","has-post-thumbnail","hentry","category-destaque-ahome","category-geral","category-sao-paulo","category-transportes"],"_links":{"self":[{"href":"https:\/\/redept.com.br\/blogosfera\/wp-json\/wp\/v2\/posts\/30419","targetHints":{"allow":["GET"]}}],"collection":[{"href":"https:\/\/redept.com.br\/blogosfera\/wp-json\/wp\/v2\/posts"}],"about":[{"href":"https:\/\/redept.com.br\/blogosfera\/wp-json\/wp\/v2\/types\/post"}],"author":[{"embeddable":true,"href":"https:\/\/redept.com.br\/blogosfera\/wp-json\/wp\/v2\/users\/2"}],"replies":[{"embeddable":true,"href":"https:\/\/redept.com.br\/blogosfera\/wp-json\/wp\/v2\/comments?post=30419"}],"version-history":[{"count":0,"href":"https:\/\/redept.com.br\/blogosfera\/wp-json\/wp\/v2\/posts\/30419\/revisions"}],"wp:featuredmedia":[{"embeddable":true,"href":"https:\/\/redept.com.br\/blogosfera\/wp-json\/wp\/v2\/media\/30420"}],"wp:attachment":[{"href":"https:\/\/redept.com.br\/blogosfera\/wp-json\/wp\/v2\/media?parent=30419"}],"wp:term":[{"taxonomy":"category","embeddable":true,"href":"https:\/\/redept.com.br\/blogosfera\/wp-json\/wp\/v2\/categories?post=30419"},{"taxonomy":"post_tag","embeddable":true,"href":"https:\/\/redept.com.br\/blogosfera\/wp-json\/wp\/v2\/tags?post=30419"}],"curies":[{"name":"wp","href":"https:\/\/api.w.org\/{rel}","templated":true}]}}