{"id":30465,"date":"2025-05-29T14:17:43","date_gmt":"2025-05-29T17:17:43","guid":{"rendered":"https:\/\/redept.org\/blogosfera\/sao-paulo-lidera-em-seguranca-no-transito-tocantins-tem-pior-indice\/"},"modified":"2025-05-29T14:17:43","modified_gmt":"2025-05-29T17:17:43","slug":"sao-paulo-lidera-em-seguranca-no-transito-tocantins-tem-pior-indice","status":"publish","type":"post","link":"https:\/\/redept.com.br\/blogosfera\/sao-paulo-lidera-em-seguranca-no-transito-tocantins-tem-pior-indice\/","title":{"rendered":"S\u00e3o Paulo lidera em seguran\u00e7a no tr\u00e2nsito; Tocantins tem pior \u00edndice"},"content":{"rendered":"<p>O estado de S\u00e3o Paulo \u00e9 o mais seguro do Brasil em rela\u00e7\u00e3o ao <a href=\"https:\/\/tvtnews.com.br\/tag\/transportes\/\" data-type=\"post_tag\" data-id=\"4593\">tr\u00e2nsito<\/a>. Com uma taxa de 10,9 mortes por 100 mil habitantes, o estado aparece como l\u00edder em seguran\u00e7a vi\u00e1ria no pa\u00eds, conforme estudo do Centro de Lideran\u00e7a P\u00fablica (<a href=\"https:\/\/clp.org.br\/um-diagnostico-sobre-os-acidentes-de-transito-no-brasil\/\" target=\"_blank\" rel=\"noopener noreferrer nofollow\">CLP<\/a>).  Leia mais not\u00edcias sobre tr\u00e2nsito com a <a href=\"https:\/\/tvtnews.com.br\/\">TVT News<\/a>.<\/p>\n<p>Os dados, antecipados \u00e0 imprensa e baseados nas informa\u00e7\u00f5es mais recentes do DataSUS (2023), integram o <em>Ranking de Competitividade dos Estados 2025<\/em>, previsto para lan\u00e7amento oficial em agosto. <\/p>\n<h2>Qual o ranking da seguran\u00e7a do tr\u00e2nsito no Brasil?<\/h2>\n<p>No extremo oposto, Tocantins (37,8) e Mato Grosso (34,9) apresentam as piores taxas de mortalidade no tr\u00e2nsito, mais que o triplo do \u00edndice paulista. A m\u00e9dia nacional \u00e9 de 17,17 \u00f3bitos por 100 mil habitantes, o que evidencia a dimens\u00e3o do desafio enfrentado por algumas unidades federativas.<\/p>\n<p>Al\u00e9m da posi\u00e7\u00e3o de destaque de <a href=\"https:\/\/tvtnews.com.br\/tag\/sao-paulo\/\" data-type=\"post_tag\" data-id=\"4578\">S\u00e3o Paulo<\/a>, outros estados como o Distrito Federal (11,18) e o Rio de Janeiro (12,24) tamb\u00e9m figuram abaixo da m\u00e9dia nacional. A an\u00e1lise regional refor\u00e7a o protagonismo do Sudeste, que possui a menor taxa m\u00e9dia de mortalidade (12,99), contrastando com o Centro-Oeste, que lidera negativamente com 24,68 mortes por 100 mil; 44% acima da m\u00e9dia brasileira.<\/p>\n<h3>Seguran\u00e7a no tr\u00e2nsito: melhores desempenhos estaduais<\/h3>\n<figure>\n<table>\n<thead>\n<tr>\n<th>Estado<\/th>\n<th>Taxa de Mortalidade<\/th>\n<th>Pop. (%)<\/th>\n<th>Mortes (%)<\/th>\n<\/tr>\n<\/thead>\n<tbody>\n<tr>\n<td>S\u00e3o Paulo<\/td>\n<td>10,9<\/td>\n<td>21,87%<\/td>\n<td>13,94%<\/td>\n<\/tr>\n<tr>\n<td><a href=\"https:\/\/tvtnews.com.br\/tag\/brasilia\/\" data-type=\"post_tag\" data-id=\"4523\">Distrito Federal<\/a><\/td>\n<td>11,18<\/td>\n<td>1,39%<\/td>\n<td>0,90%<\/td>\n<\/tr>\n<tr>\n<td>Rio de Janeiro<\/td>\n<td>12,24<\/td>\n<td>7,91%<\/td>\n<td>5,63%<\/td>\n<\/tr>\n<\/tbody>\n<\/table>\n<\/figure>\n<h2>Desigualdades entre munic\u00edpios<\/h2>\n<p>Entre as capitais, S\u00e3o Paulo tamb\u00e9m se sobressai: com apenas 2,58 mortes por 100 mil habitantes, ostenta a menor taxa entre todas, seguida por Bel\u00e9m (6,52). J\u00e1 Palmas (38,98) e Recife (34,79) figuram com os piores \u00edndices entre as capitais. Nos munic\u00edpios de pequeno porte, os n\u00fameros chegam a n\u00edveis cr\u00edticos: Pimenteiras do Oeste (RO) registrou 324 mortes por 100 mil habitantes, seguida por Conquista D\u2019Oeste (MT) com 265, e S\u00e3o Jos\u00e9 do Herval (RS), com 262.<\/p>\n<h3>Capitais \u2013 Menores taxas<\/h3>\n<figure>\n<table>\n<thead>\n<tr>\n<th>Capital<\/th>\n<th>Taxa de Mortalidade<\/th>\n<\/tr>\n<\/thead>\n<tbody>\n<tr>\n<td>S\u00e3o Paulo\/SP<\/td>\n<td>2,58<\/td>\n<\/tr>\n<tr>\n<td>Bel\u00e9m\/PA<\/td>\n<td>6,52<\/td>\n<\/tr>\n<\/tbody>\n<\/table>\n<\/figure>\n<p>O estudo, que integra as a\u00e7\u00f5es do CLP para o <em>Movimento Maio Amarelo<\/em>, alerta para a import\u00e2ncia de pol\u00edticas p\u00fablicas cont\u00ednuas. \u201cReduzir a viol\u00eancia no tr\u00e2nsito exige o fortalecimento das leis de seguran\u00e7a vi\u00e1ria, investimentos em infraestrutura, campanhas educativas e fiscaliza\u00e7\u00e3o eficaz\u201d, afirma Tadeu Barros, diretor-presidente do CLP. Ele tamb\u00e9m destaca o papel fundamental do atendimento p\u00f3s-acidente, que pode ser decisivo na preserva\u00e7\u00e3o de vidas.<\/p>\n<h3>Disparidades populacionais<\/h3>\n<p>Os dados revelam que a propor\u00e7\u00e3o de mortes em rela\u00e7\u00e3o \u00e0 popula\u00e7\u00e3o \u00e9 um indicador relevante. S\u00e3o Paulo, por exemplo, concentra 21,87% da popula\u00e7\u00e3o brasileira, mas apenas 13,94% das mortes no tr\u00e2nsito. J\u00e1 Tocantins, com apenas 0,74% da popula\u00e7\u00e3o nacional, responde por 1,64% das mortes, o dobro do esperado proporcionalmente.<\/p>\n<p>Mato Grosso segue l\u00f3gica semelhante: representa 1,80% da popula\u00e7\u00e3o, mas contribui com 3,66% dos \u00f3bitos. Ambas as unidades federativas demonstram que h\u00e1 um desequil\u00edbrio entre n\u00famero de habitantes e mortes por acidentes vi\u00e1rios.<\/p>\n<h3>O indicador de tr\u00e2nsito<\/h3>\n<p>O indicador de mortalidade nos transportes, analisado pelo CLP, calcula a raz\u00e3o entre o n\u00famero de \u00f3bitos provocados por acidentes de transporte (por local de ocorr\u00eancia) e a popula\u00e7\u00e3o do local (por grupo de 100 mil habitantes). O levantamento abrangeu os 27 estados e 5.221 munic\u00edpios do pa\u00eds, com o objetivo de fomentar a conscientiza\u00e7\u00e3o sobre a gravidade dos acidentes de tr\u00e2nsito e promover a\u00e7\u00f5es concretas por parte do poder p\u00fablico, sociedade civil e setor privado.<\/p>\n<hr>\n<h2>Dados do tr\u00e2nsito<\/h2>\n<h4><strong>M\u00e9dia Nacional<\/strong><\/h4>\n<ul>\n<li><strong>17,17 mortes\/100 mil habitantes<\/strong><\/li>\n<\/ul>\n<hr>\n<h4><strong>Melhores desempenhos estaduais<\/strong><\/h4>\n<figure>\n<table>\n<thead>\n<tr>\n<th>Estado<\/th>\n<th>Taxa de Mortalidade<\/th>\n<th>Pop. (%)<\/th>\n<th>Mortes (%)<\/th>\n<\/tr>\n<\/thead>\n<tbody>\n<tr>\n<td>S\u00e3o Paulo<\/td>\n<td>10,9<\/td>\n<td>21,87%<\/td>\n<td>13,94%<\/td>\n<\/tr>\n<tr>\n<td>Distrito Federal<\/td>\n<td>11,18<\/td>\n<td>1,39%<\/td>\n<td>0,90%<\/td>\n<\/tr>\n<tr>\n<td>Rio de Janeiro<\/td>\n<td>12,24<\/td>\n<td>7,91%<\/td>\n<td>5,63%<\/td>\n<\/tr>\n<\/tbody>\n<\/table>\n<\/figure>\n<hr>\n<h4><strong>Piores desempenhos estaduais<\/strong><\/h4>\n<figure>\n<table>\n<thead>\n<tr>\n<th>Estado<\/th>\n<th>Taxa de Mortalidade<\/th>\n<th>Pop. (%)<\/th>\n<th>Mortes (%)<\/th>\n<\/tr>\n<\/thead>\n<tbody>\n<tr>\n<td>Tocantins<\/td>\n<td>37,8<\/td>\n<td>0,74%<\/td>\n<td>1,64%<\/td>\n<\/tr>\n<tr>\n<td>Mato Grosso<\/td>\n<td>34,9<\/td>\n<td>1,80%<\/td>\n<td>3,66%<\/td>\n<\/tr>\n<\/tbody>\n<\/table>\n<\/figure>\n<hr>\n<h4><strong>Desempenho por Regi\u00e3o<\/strong><\/h4>\n<figure>\n<table>\n<thead>\n<tr>\n<th>Regi\u00e3o<\/th>\n<th>Taxa M\u00e9dia<\/th>\n<\/tr>\n<\/thead>\n<tbody>\n<tr>\n<td>Sudeste<\/td>\n<td>12,99<\/td>\n<\/tr>\n<tr>\n<td>Centro-Oeste<\/td>\n<td>24,68<\/td>\n<\/tr>\n<\/tbody>\n<\/table>\n<\/figure>\n<hr>\n<h4><strong>Capitais \u2013 Menores taxas<\/strong><\/h4>\n<figure>\n<table>\n<thead>\n<tr>\n<th>Capital<\/th>\n<th>Taxa de Mortalidade<\/th>\n<\/tr>\n<\/thead>\n<tbody>\n<tr>\n<td>S\u00e3o Paulo\/SP<\/td>\n<td>2,58<\/td>\n<\/tr>\n<tr>\n<td>Bel\u00e9m\/PA<\/td>\n<td>6,52<\/td>\n<\/tr>\n<\/tbody>\n<\/table>\n<\/figure>\n<hr>\n<h4><strong>Capitais \u2013 Maiores taxas<\/strong><\/h4>\n<figure>\n<table>\n<thead>\n<tr>\n<th>Capital<\/th>\n<th>Taxa de Mortalidade<\/th>\n<\/tr>\n<\/thead>\n<tbody>\n<tr>\n<td>Palmas\/TO<\/td>\n<td>38,98<\/td>\n<\/tr>\n<tr>\n<td>Recife\/PE<\/td>\n<td>34,79<\/td>\n<\/tr>\n<\/tbody>\n<\/table>\n<\/figure>\n<hr>\n<h4><strong>Munic\u00edpios \u2013 Maiores taxas<\/strong><\/h4>\n<figure>\n<table>\n<thead>\n<tr>\n<th>Munic\u00edpio<\/th>\n<th>Taxa de Mortalidade<\/th>\n<\/tr>\n<\/thead>\n<tbody>\n<tr>\n<td>Pimenteiras do Oeste\/RO<\/td>\n<td>324<\/td>\n<\/tr>\n<tr>\n<td>Conquista D\u2019Oeste\/MT<\/td>\n<td>265<\/td>\n<\/tr>\n<tr>\n<td>S\u00e3o Jos\u00e9 do Herval\/RS<\/td>\n<td>262<\/td>\n<\/tr>\n<\/tbody>\n<\/table>\n<\/figure>\n<h4>Veja tamb\u00e9m: as not\u00edcias mais lidas da TVT News<\/h4>\n<p>Veja quais s\u00e3o as not\u00edcias mais lidas do \u00faltimo m\u00eas na TVT News<\/p>\n<ul>\n<li><a href=\"https:\/\/tvtnews.com.br\/copa-do-mundo-2026-quais-sao-paises-classificados\/\">Copa do Mundo 2026: quais s\u00e3o os pa\u00edses classificados?<\/a><\/li>\n<li><a href=\"https:\/\/tvtnews.com.br\/oscars-2025-acompanhe-a-cerimonia-com-a-tvt-news\/\">Veja lista completa dos Oscars 2025<\/a><\/li>\n<li><a href=\"https:\/\/tvtnews.com.br\/21-de-abril-dia-de-tiradentes-a-construcao-do-heroi\/\">21 de abril, Dia de Tiradentes: a constru\u00e7\u00e3o do her\u00f3i nacional<\/a><\/li>\n<li><a href=\"https:\/\/tvtnews.com.br\/papa-do-brasil-quem-sao-os-cardeais-brasileiros-no-conclave\/\">Quem s\u00e3o os cardeais brasileiros que votam no conclave<\/a><\/li>\n<li><a href=\"https:\/\/tvtnews.com.br\/primeiro-de-maio-comemore-o-dia-do-trabalhador-e-da-trabalhadora\/\">1\u00b0 de maio: comemore o Dia do Trabalhador e da Trabalhadora<\/a><\/li>\n<li><a href=\"https:\/\/tvtnews.com.br\/25-livros-para-ler-em-2025\/\">25 livros para ler em 2025<\/a><\/li>\n<\/ul>\n<p>The post <a rel=\"nofollow\" href=\"https:\/\/tvtnews.com.br\/sao-paulo-lidera-em-seguranca-no-transito-tocantins-tem-pior-indice\/\">S\u00e3o Paulo lidera em seguran\u00e7a no tr\u00e2nsito; Tocantins tem pior \u00edndice<\/a> appeared first on <a rel=\"nofollow\" href=\"https:\/\/tvtnews.com.br\/\">TVT News<\/a>.<\/p>\n<!-- Begin Yuzo --><div class='yuzo_related_post style-1'  data-version='5.12.89'><!-- without result --><div class='yuzo_clearfixed yuzo__title yuzo__title'><h3>Related Post<\/h3><\/div>\n\t\t\t\t\t\t  <div class=\"relatedthumb \" style=\"width:125px;float:left;overflow:hidden;\">  \n\t\t\t\t\t\t\t  \n\t\t\t\t\t\t\t  <a  href=\"https:\/\/sul21.com.br\/noticias\/politica\/2025\/09\/anistia-geral-e-irrestrita-e-impossivel-diz-relator-do-pl-da-anistia-na-camara\/\"  >\n\t\t\t\t\t\t\t\t\t  <div class=\"yuzo-img-wrap \" style=\"width: 125px;height:90px;\">\n\t\t\t\t\t\t\t\t\t\t\n\t\t\t\t\t\t\t\t\t\t<div class=\"yuzo-img\" style=\"background:url('https:\/\/agenciabrasil.ebc.com.br\/ebc.png?id=1659302&amp;o=node') 50% 50% no-repeat;width: 125px;height:90px;margin-bottom: 5px;background-size: cover; \"><\/div>\n\t\t\t\t\t\t\t\t\t  <\/div>\n\t\t\t\t\t\t\t\t\t  \n\t\t\t\t\t\t\t\t   <span class=\"yuzo__text--title\" style=\"font-size:13px;\">Anistia geral e irrestrita \u00e9 \u2018imposs\u00edvel\u2019, diz rel...<\/span>\n\t\t\t\t\t\t\t  \n\t\t\t\t\t\t\t  \n\t\t\t\t\t\t\t  <\/a>\n\n\t\t\t\t\t\t  <\/div>\n\t\t\t\t\t\t  <div class=\"relatedthumb \" style=\"width:125px;float:left;overflow:hidden;\">  \n\t\t\t\t\t\t\t  \n\t\t\t\t\t\t\t  <a  href=\"https:\/\/sul21.com.br\/opiniao\/2025\/08\/chantagem-politica-retaliacao-internacional-e-o-silencio-cumplice-o-custo-da-crise-para-sao-leopoldo-por-alessandro-fernandes\/\"  >\n\t\t\t\t\t\t\t\t\t  <div class=\"yuzo-img-wrap \" style=\"width: 125px;height:90px;\">\n\t\t\t\t\t\t\t\t\t\t\n\t\t\t\t\t\t\t\t\t\t<div class=\"yuzo-img\" style=\"background:url('https:\/\/redept.org\/blogosfera\/wp-content\/plugins\/yuzo-related-post\/assets\/images\/default.png') 50% 50% no-repeat;width: 125px;height:90px;margin-bottom: 5px;background-size: cover; \"><\/div>\n\t\t\t\t\t\t\t\t\t  <\/div>\n\t\t\t\t\t\t\t\t\t  \n\t\t\t\t\t\t\t\t   <span class=\"yuzo__text--title\" style=\"font-size:13px;\">Chantagem pol\u00edtica, retalia\u00e7\u00e3o internacional e o s...<\/span>\n\t\t\t\t\t\t\t  \n\t\t\t\t\t\t\t  \n\t\t\t\t\t\t\t  <\/a>\n\n\t\t\t\t\t\t  <\/div>\n\t\t\t\t\t\t  <div class=\"relatedthumb \" style=\"width:125px;float:left;overflow:hidden;\">  \n\t\t\t\t\t\t\t  \n\t\t\t\t\t\t\t  <a  href=\"https:\/\/redept.com.br\/blogosfera\/stf-abre-ofensiva-contra-bolsonaro-e-aliados-na-investigacao-da-cpi-da-covid\/\"  >\n\t\t\t\t\t\t\t\t\t  <div class=\"yuzo-img-wrap \" style=\"width: 125px;height:90px;\">\n\t\t\t\t\t\t\t\t\t\t\n\t\t\t\t\t\t\t\t\t\t<div class=\"yuzo-img\" style=\"background:url('https:\/\/redept.com.br\/blogosfera\/wp-content\/uploads\/2025\/09\/image-28-150x150.png') 50% 50% no-repeat;width: 125px;height:90px;margin-bottom: 5px;background-size: cover; \"><\/div>\n\t\t\t\t\t\t\t\t\t  <\/div>\n\t\t\t\t\t\t\t\t\t  \n\t\t\t\t\t\t\t\t   <span class=\"yuzo__text--title\" style=\"font-size:13px;\">STF abre ofensiva contra Bolsonaro e aliados na in...<\/span>\n\t\t\t\t\t\t\t  \n\t\t\t\t\t\t\t  \n\t\t\t\t\t\t\t  <\/a>\n\n\t\t\t\t\t\t  <\/div>\n\t\t\t\t\t\t  <div class=\"relatedthumb \" style=\"width:125px;float:left;overflow:hidden;\">  \n\t\t\t\t\t\t\t  \n\t\t\t\t\t\t\t  <a  href=\"https:\/\/redept.com.br\/blogosfera\/protestos-no-proximo-domingo-rechacam-avanco-do-pl-da-anistia-aos-golpistas\/\"  >\n\t\t\t\t\t\t\t\t\t  <div class=\"yuzo-img-wrap \" style=\"width: 125px;height:90px;\">\n\t\t\t\t\t\t\t\t\t\t\n\t\t\t\t\t\t\t\t\t\t<div class=\"yuzo-img\" style=\"background:url('https:\/\/redept.com.br\/blogosfera\/wp-content\/uploads\/2025\/09\/bdf-20250909-232736-8c70e0-1140x815-1-150x150.jpg') 50% 50% no-repeat;width: 125px;height:90px;margin-bottom: 5px;background-size: cover; \"><\/div>\n\t\t\t\t\t\t\t\t\t  <\/div>\n\t\t\t\t\t\t\t\t\t  \n\t\t\t\t\t\t\t\t   <span class=\"yuzo__text--title\" style=\"font-size:13px;\">Protestos no pr\u00f3ximo domingo recha\u00e7am avan\u00e7o do PL...<\/span>\n\t\t\t\t\t\t\t  \n\t\t\t\t\t\t\t  \n\t\t\t\t\t\t\t  <\/a>\n\n\t\t\t\t\t\t  <\/div>\n<\/div> <script>\n\t\t\t\t\t\t  jQuery(document).ready(function( $ ){\n\t\t\t\t\t\t\t\/\/jQuery('.yuzo_related_post').equalizer({ overflow : 'relatedthumb' });\n\t\t\t\t\t\t\tjQuery('.yuzo_related_post .yuzo_wraps').equalizer({ columns : '> div' });\n\t\t\t\t\t\t   })\n\t\t\t\t\t\t  <\/script> <!-- End Yuzo :) -->","protected":false},"excerpt":{"rendered":"<p>O estado de S\u00e3o Paulo \u00e9 o mais seguro do Brasil em rela\u00e7\u00e3o ao tr\u00e2nsito. Com uma taxa de 10,9 mortes por 100 mil habitantes, o estado aparece como l\u00edder em seguran\u00e7a vi\u00e1ria no pa\u00eds, conforme estudo do Centro de Lideran\u00e7a P\u00fablica (CLP). Leia mais not\u00edcias sobre tr\u00e2nsito com a TVT News. Os dados, antecipados [&hellip;]<\/p>\n","protected":false},"author":2,"featured_media":0,"comment_status":"closed","ping_status":"closed","sticky":false,"template":"","format":"standard","meta":{"fifu_image_url":"","fifu_image_alt":"","footnotes":""},"categories":[472,29,61,2921],"tags":[],"class_list":["post-30465","post","type-post","status-publish","format-standard","hentry","category-destaque-ahome","category-sao-paulo","category-sociedade","category-transportes"],"_links":{"self":[{"href":"https:\/\/redept.com.br\/blogosfera\/wp-json\/wp\/v2\/posts\/30465","targetHints":{"allow":["GET"]}}],"collection":[{"href":"https:\/\/redept.com.br\/blogosfera\/wp-json\/wp\/v2\/posts"}],"about":[{"href":"https:\/\/redept.com.br\/blogosfera\/wp-json\/wp\/v2\/types\/post"}],"author":[{"embeddable":true,"href":"https:\/\/redept.com.br\/blogosfera\/wp-json\/wp\/v2\/users\/2"}],"replies":[{"embeddable":true,"href":"https:\/\/redept.com.br\/blogosfera\/wp-json\/wp\/v2\/comments?post=30465"}],"version-history":[{"count":0,"href":"https:\/\/redept.com.br\/blogosfera\/wp-json\/wp\/v2\/posts\/30465\/revisions"}],"wp:attachment":[{"href":"https:\/\/redept.com.br\/blogosfera\/wp-json\/wp\/v2\/media?parent=30465"}],"wp:term":[{"taxonomy":"category","embeddable":true,"href":"https:\/\/redept.com.br\/blogosfera\/wp-json\/wp\/v2\/categories?post=30465"},{"taxonomy":"post_tag","embeddable":true,"href":"https:\/\/redept.com.br\/blogosfera\/wp-json\/wp\/v2\/tags?post=30465"}],"curies":[{"name":"wp","href":"https:\/\/api.w.org\/{rel}","templated":true}]}}