{"id":30482,"date":"2025-05-29T16:03:35","date_gmt":"2025-05-29T19:03:35","guid":{"rendered":"https:\/\/redept.org\/blogosfera\/stf-vai-retomar-julgamento-sobre-responsabilizacao-das-plataformas-digitais\/"},"modified":"2025-05-29T16:03:35","modified_gmt":"2025-05-29T19:03:35","slug":"stf-vai-retomar-julgamento-sobre-responsabilizacao-das-plataformas-digitais","status":"publish","type":"post","link":"https:\/\/redept.com.br\/blogosfera\/stf-vai-retomar-julgamento-sobre-responsabilizacao-das-plataformas-digitais\/","title":{"rendered":"STF vai retomar julgamento sobre responsabiliza\u00e7\u00e3o das plataformas digitais"},"content":{"rendered":"<p><img fetchpriority=\"high\" width=\"771\" height=\"512\"src=\"https:\/\/redept.org\/blogosfera\/wp-content\/uploads\/2025\/05\/Captura-de-Tela-2024-11-27-as-172321.png\" alt=\"\" decoding=\"async\" srcset=\"https:\/\/redept.org\/blogosfera\/wp-content\/uploads\/2025\/05\/Captura-de-Tela-2024-11-27-as-172321.png 771w, https:\/\/vermelho.org.br\/wp-content\/uploads\/2024\/11\/Captura-de-Tela-2024-11-27-as-17.23.21-300x199.png 300w, https:\/\/vermelho.org.br\/wp-content\/uploads\/2024\/11\/Captura-de-Tela-2024-11-27-as-17.23.21-768x510.png 768w, https:\/\/vermelho.org.br\/wp-content\/uploads\/2024\/11\/Captura-de-Tela-2024-11-27-as-17.23.21-272x182.png 272w\" sizes=\"(max-width: 771px) 100vw, 771px\"><\/p>\n<p>O plen\u00e1rio do Supremo Tribunal Federal (STF) vai retomar na pr\u00f3xima quarta-feira (4) o julgamento sobre a responsabiliza\u00e7\u00e3o das plataformas digitais pelos crimes praticados no ambiente digital.<\/p>\n<p>O julgamento foi interrompido em dezembro do ano passado ap\u00f3s o ministro o ministro Dias Toffoli, que \u00e9 relator do recurso, considerar inconstitucional o artigo 19 do Marco Civil da Internet, pelo qual se exige ordem judicial para que as plataformas excluam conte\u00fados il\u00edcitos.<\/p>\n<p>Toffoli prop\u00f4s que a responsabiliza\u00e7\u00e3o dever\u00e1 se basear em outro dispositivo da lei (artigo 21), que prev\u00ea a retirada do conte\u00fado mediante simples notifica\u00e7\u00e3o.<\/p>\n<p>O ministro considerou que os provedores t\u00eam condi\u00e7\u00f5es tecnol\u00f3gicas para detectar conte\u00fados il\u00edcitos.<\/p>\n<p>Leia mais: <a href=\"https:\/\/vermelho.org.br\/2025\/05\/26\/agu-pede-ao-stf-acao-imediata-contra-redes-por-fraudes-e-violencia-digital\/\">AGU pede ao STF a\u00e7\u00e3o imediata contra redes por fraudes e viol\u00eancia<\/a><\/p>\n<p>Por isso, podem ser responsabilizados objetivamente (sem necessidade de comprovar culpa) toda vez que as postagens coloquem em risco a integridade f\u00edsica de pessoas vulner\u00e1veis.<\/p>\n<p>Al\u00e9m disso, que elas representem \u201camea\u00e7a ao estado democr\u00e1tico de direito ou o regime democr\u00e1tico, que prejudiquem a sa\u00fade p\u00fablica ou que tenham potencial de interferir na integridade do processo pol\u00edtico eleitoral e no resultado do pleito\u201d.<\/p>\n<p>O STF ganhou protagonismo na regulamenta\u00e7\u00e3o das plataformas digitais ap\u00f3s a C\u00e2mara dos Deputados deixar de votar o projeto que cria a Lei Brasileira de Liberdade, Responsabilidade e Transpar\u00eancia na Internet, o chamado PL de Combate \u00e0s Fake News.<\/p>\n<p>A C\u00e2mara decidiu formar um grupo de trabalho para definir um novo projeto para regulamentar a internet no Brasil.<\/p>\n<p>Ou seja, desperdi\u00e7ou quatro anos de trabalho e debates com a sociedade por meio do relat\u00f3rio elaborado pelo deputado Orlando Silva (PCdoB-SP), o relator na Casa.<\/p>\n<p>\u201cDepois n\u00e3o venham falar de ativismo judicial. Afinal, se o Legislativo decide n\u00e3o decidir, abre m\u00e3o de seu papel normativo e deixa a tarefa ao Supremo, porque o Judici\u00e1rio ser\u00e1 \u2013 como j\u00e1 foi \u2013 demandado. Quem se op\u00f5em a exist\u00eancia de uma legisla\u00e7\u00e3o pode ganhar uma resolu\u00e7\u00e3o\u201d, reagiu na ocasi\u00e3o o deputado.<\/p>\n<p><strong>Marco Civil<\/strong><\/p>\n<p>O Marco Civil da Internet (Lei n\u00ba12.965\/2014) define os princ\u00edpios, os direitos e os deveres para uso da rede, sejam eles de usu\u00e1rios ou provedores de servi\u00e7os de conex\u00e3o e aplicativos na internet.<\/p>\n<p>Nele, est\u00e3o em debates temas como a neutralidade da rede, prote\u00e7\u00e3o de dados, registro de conex\u00e3o, responsabilidade por danos e tamb\u00e9m a necessidade de uma requisi\u00e7\u00e3o judicial para ter acesso \u00e0s informa\u00e7\u00f5es.<\/p>\n<p>O post <a href=\"https:\/\/vermelho.org.br\/2025\/05\/29\/stf-vai-retomar-julgamento-sobre-responsabilizacao-das-plataformas-digitais\/\">STF vai retomar julgamento sobre responsabiliza\u00e7\u00e3o das plataformas digitais<\/a> apareceu primeiro em <a href=\"https:\/\/vermelho.org.br\/\">Vermelho<\/a>.<\/p>\n<!-- Begin Yuzo --><div class='yuzo_related_post style-1'  data-version='5.12.89'><!-- without result --><div class='yuzo_clearfixed yuzo__title yuzo__title'><h3>Related Post<\/h3><\/div>\n\t\t\t\t\t\t  <div class=\"relatedthumb \" style=\"width:125px;float:left;overflow:hidden;\">  \n\t\t\t\t\t\t\t  \n\t\t\t\t\t\t\t  <a  href=\"https:\/\/redept.com.br\/blogosfera\/acesso-negado-moraes-nega-visita-de-assessor-de-trump-ao-bolsonaro-e-itamaraty-cancela-visto\/\"  >\n\t\t\t\t\t\t\t\t\t  <div class=\"yuzo-img-wrap \" style=\"width: 125px;height:90px;\">\n\t\t\t\t\t\t\t\t\t\t\n\t\t\t\t\t\t\t\t\t\t<div class=\"yuzo-img\" style=\"background:url('https:\/\/redept.com.br\/blogosfera\/wp-content\/uploads\/2026\/03\/Darren-Beattie-Departamento-de-Estado-dos-EUA_Divulgacao-1-150x150.jpg') 50% 50% no-repeat;width: 125px;height:90px;margin-bottom: 5px;background-size: cover; \"><\/div>\n\t\t\t\t\t\t\t\t\t  <\/div>\n\t\t\t\t\t\t\t\t\t  \n\t\t\t\t\t\t\t\t   <span class=\"yuzo__text--title\" style=\"font-size:13px;\">Acesso negado: Moraes nega visita de assessor de T...<\/span>\n\t\t\t\t\t\t\t  \n\t\t\t\t\t\t\t  \n\t\t\t\t\t\t\t  <\/a>\n\n\t\t\t\t\t\t  <\/div>\n\t\t\t\t\t\t  <div class=\"relatedthumb \" style=\"width:125px;float:left;overflow:hidden;\">  \n\t\t\t\t\t\t\t  \n\t\t\t\t\t\t\t  <a  href=\"https:\/\/redept.com.br\/blogosfera\/pela-primeira-vez-em-quase-uma-decada-lider-do-kuomintang-se-reunira-com-xi-jinping-em-pequim\/\"  >\n\t\t\t\t\t\t\t\t\t  <div class=\"yuzo-img-wrap \" style=\"width: 125px;height:90px;\">\n\t\t\t\t\t\t\t\t\t\t\n\t\t\t\t\t\t\t\t\t\t<div class=\"yuzo-img\" style=\"background:url('https:\/\/redept.org\/blogosfera\/wp-content\/plugins\/yuzo-related-post\/assets\/images\/default.png') 50% 50% no-repeat;width: 125px;height:90px;margin-bottom: 5px;background-size: cover; \"><\/div>\n\t\t\t\t\t\t\t\t\t  <\/div>\n\t\t\t\t\t\t\t\t\t  \n\t\t\t\t\t\t\t\t   <span class=\"yuzo__text--title\" style=\"font-size:13px;\">Pela primeira vez em quase uma d\u00e9cada, l\u00edder do Ku...<\/span>\n\t\t\t\t\t\t\t  \n\t\t\t\t\t\t\t  \n\t\t\t\t\t\t\t  <\/a>\n\n\t\t\t\t\t\t  <\/div>\n\t\t\t\t\t\t  <div class=\"relatedthumb \" style=\"width:125px;float:left;overflow:hidden;\">  \n\t\t\t\t\t\t\t  \n\t\t\t\t\t\t\t  <a  href=\"https:\/\/redept.com.br\/blogosfera\/brasil-fecha-acordo-com-companhia-aerea-japonesa-para-venda-de-avioes-da-embraer\/\"  >\n\t\t\t\t\t\t\t\t\t  <div class=\"yuzo-img-wrap \" style=\"width: 125px;height:90px;\">\n\t\t\t\t\t\t\t\t\t\t\n\t\t\t\t\t\t\t\t\t\t<div class=\"yuzo-img\" style=\"background:url('https:\/\/redept.com.br\/blogosfera\/wp-content\/uploads\/2025\/03\/53681248289_6f517bc946_o-2048x1331-1-150x150.jpg') 50% 50% no-repeat;width: 125px;height:90px;margin-bottom: 5px;background-size: cover; \"><\/div>\n\t\t\t\t\t\t\t\t\t  <\/div>\n\t\t\t\t\t\t\t\t\t  \n\t\t\t\t\t\t\t\t   <span class=\"yuzo__text--title\" style=\"font-size:13px;\">Brasil fecha acordo com companhia a\u00e9rea japonesa p...<\/span>\n\t\t\t\t\t\t\t  \n\t\t\t\t\t\t\t  \n\t\t\t\t\t\t\t  <\/a>\n\n\t\t\t\t\t\t  <\/div>\n\t\t\t\t\t\t  <div class=\"relatedthumb \" style=\"width:125px;float:left;overflow:hidden;\">  \n\t\t\t\t\t\t\t  \n\t\t\t\t\t\t\t  <a  href=\"https:\/\/redept.com.br\/blogosfera\/marina-duarte-debate-20-de-novembro-reparacao-e-desafios-da-igualdade-racial\/\"  >\n\t\t\t\t\t\t\t\t\t  <div class=\"yuzo-img-wrap \" style=\"width: 125px;height:90px;\">\n\t\t\t\t\t\t\t\t\t\t\n\t\t\t\t\t\t\t\t\t\t<div class=\"yuzo-img\" style=\"background:url('https:\/\/redept.com.br\/blogosfera\/wp-content\/uploads\/2025\/11\/get-150x150.jpg') 50% 50% no-repeat;width: 125px;height:90px;margin-bottom: 5px;background-size: cover; \"><\/div>\n\t\t\t\t\t\t\t\t\t  <\/div>\n\t\t\t\t\t\t\t\t\t  \n\t\t\t\t\t\t\t\t   <span class=\"yuzo__text--title\" style=\"font-size:13px;\">Marina Duarte debate 20 de novembro, repara\u00e7\u00e3o e d...<\/span>\n\t\t\t\t\t\t\t  \n\t\t\t\t\t\t\t  \n\t\t\t\t\t\t\t  <\/a>\n\n\t\t\t\t\t\t  <\/div>\n<\/div> <script>\n\t\t\t\t\t\t  jQuery(document).ready(function( $ ){\n\t\t\t\t\t\t\t\/\/jQuery('.yuzo_related_post').equalizer({ overflow : 'relatedthumb' });\n\t\t\t\t\t\t\tjQuery('.yuzo_related_post .yuzo_wraps').equalizer({ columns : '> div' });\n\t\t\t\t\t\t   })\n\t\t\t\t\t\t  <\/script> <!-- End Yuzo :) -->","protected":false},"excerpt":{"rendered":"<p>O plen\u00e1rio do Supremo Tribunal Federal (STF) vai retomar na pr\u00f3xima quarta-feira (4) o julgamento sobre a responsabiliza\u00e7\u00e3o das plataformas digitais pelos crimes praticados no ambiente digital. O julgamento foi interrompido em dezembro do ano passado ap\u00f3s o ministro o ministro Dias Toffoli, que \u00e9 relator do recurso, considerar inconstitucional o artigo 19 do Marco [&hellip;]<\/p>\n","protected":false},"author":2,"featured_media":30483,"comment_status":"closed","ping_status":"closed","sticky":false,"template":"","format":"standard","meta":{"fifu_image_url":"","fifu_image_alt":"","footnotes":""},"categories":[3594,2345,132,7237,5193,260],"tags":[],"class_list":["post-30482","post","type-post","status-publish","format-standard","has-post-thumbnail","hentry","category-julgamento","category-plataformas-digitais","category-politica","category-responsabilizacao","category-retomada","category-stf"],"_links":{"self":[{"href":"https:\/\/redept.com.br\/blogosfera\/wp-json\/wp\/v2\/posts\/30482","targetHints":{"allow":["GET"]}}],"collection":[{"href":"https:\/\/redept.com.br\/blogosfera\/wp-json\/wp\/v2\/posts"}],"about":[{"href":"https:\/\/redept.com.br\/blogosfera\/wp-json\/wp\/v2\/types\/post"}],"author":[{"embeddable":true,"href":"https:\/\/redept.com.br\/blogosfera\/wp-json\/wp\/v2\/users\/2"}],"replies":[{"embeddable":true,"href":"https:\/\/redept.com.br\/blogosfera\/wp-json\/wp\/v2\/comments?post=30482"}],"version-history":[{"count":0,"href":"https:\/\/redept.com.br\/blogosfera\/wp-json\/wp\/v2\/posts\/30482\/revisions"}],"wp:featuredmedia":[{"embeddable":true,"href":"https:\/\/redept.com.br\/blogosfera\/wp-json\/wp\/v2\/media\/30483"}],"wp:attachment":[{"href":"https:\/\/redept.com.br\/blogosfera\/wp-json\/wp\/v2\/media?parent=30482"}],"wp:term":[{"taxonomy":"category","embeddable":true,"href":"https:\/\/redept.com.br\/blogosfera\/wp-json\/wp\/v2\/categories?post=30482"},{"taxonomy":"post_tag","embeddable":true,"href":"https:\/\/redept.com.br\/blogosfera\/wp-json\/wp\/v2\/tags?post=30482"}],"curies":[{"name":"wp","href":"https:\/\/api.w.org\/{rel}","templated":true}]}}