{"id":30539,"date":"2025-05-29T22:46:14","date_gmt":"2025-05-30T01:46:14","guid":{"rendered":"https:\/\/redept.org\/blogosfera\/lula-critica-privatizacao-ao-retomar-gestao-do-porto-de-itajai-15-mil-desempregados\/"},"modified":"2025-05-29T22:46:14","modified_gmt":"2025-05-30T01:46:14","slug":"lula-critica-privatizacao-ao-retomar-gestao-do-porto-de-itajai-15-mil-desempregados","status":"publish","type":"post","link":"https:\/\/redept.com.br\/blogosfera\/lula-critica-privatizacao-ao-retomar-gestao-do-porto-de-itajai-15-mil-desempregados\/","title":{"rendered":"Lula critica privatiza\u00e7\u00e3o ao retomar gest\u00e3o do Porto de Itaja\u00ed: \u201c1,5 mil desempregados\u201d"},"content":{"rendered":"<p><img fetchpriority=\"high\" width=\"1024\" height=\"640\"src=\"https:\/\/redept.org\/blogosfera\/wp-content\/uploads\/2025\/05\/54554879660_4048b7f80c_k.jpg\" alt=\"\" decoding=\"async\" srcset=\"https:\/\/vermelho.org.br\/wp-content\/uploads\/2025\/05\/54554879660_4048b7f80c_k-1024x640.jpg 1024w, https:\/\/vermelho.org.br\/wp-content\/uploads\/2025\/05\/54554879660_4048b7f80c_k-300x188.jpg 300w, https:\/\/vermelho.org.br\/wp-content\/uploads\/2025\/05\/54554879660_4048b7f80c_k-768x480.jpg 768w, https:\/\/vermelho.org.br\/wp-content\/uploads\/2025\/05\/54554879660_4048b7f80c_k-1536x960.jpg 1536w, https:\/\/redept.org\/blogosfera\/wp-content\/uploads\/2025\/05\/54554879660_4048b7f80c_k.jpg 2047w\" sizes=\"(max-width: 1024px) 100vw, 1024px\"><\/p>\n<p>Durante cerim\u00f4nia em Itaja\u00ed (SC), o presidente Luiz In\u00e1cio Lula da Silva anunciou a <strong>retomada federal da gest\u00e3o do Porto de Itaja\u00ed <\/strong>, fechado durante o governo Bolsonaro, e destacou a import\u00e2ncia de pol\u00edticas p\u00fablicas para o desenvolvimento regional. \u201cO governo anterior fechou o porto, deixando quase 1.500 pessoas desempregadas, em um ato de abandono total. Hoje, reabrimos suas portas com dignidade e compromisso com o povo brasileiro\u201d, afirmou.<\/p>\n<p>Lula tamb\u00e9m anunciou uma <strong>Medida Provis\u00f3ria para transformar o porto em uma doca independente e federal <\/strong>, garantindo autonomia para investimentos. \u201cEsse \u00e9 um ato de justi\u00e7a. O porto \u00e9 um ativo estrat\u00e9gico para Santa Catarina e para o Brasil\u201d, disse, refor\u00e7ando que a privatiza\u00e7\u00e3o \u201cnunca ser\u00e1 a solu\u00e7\u00e3o para os problemas do pa\u00eds\u201d.<\/p>\n<p><strong>R$ 8 bilh\u00f5es em investimentos e gera\u00e7\u00e3o de empregos: \u201cVamos fazer o maior volume da hist\u00f3ria\u201d<\/strong><br \/>O presidente detalhou um plano de R$ 8 bilh\u00f5es em investimentos no Porto de Itaja\u00ed at\u00e9 2028 , incluindo R$ 800 milh\u00f5es em recursos p\u00fablicos. Entre as prioridades, destacou a <strong>amplia\u00e7\u00e3o do canal de navega\u00e7\u00e3o <\/strong>para receber navios maiores e a moderniza\u00e7\u00e3o da infraestrutura log\u00edstica. \u201cVamos construir aqui o maior volume de investimentos da hist\u00f3ria do porto. Isso significa mais empregos, mais renda e mais desenvolvimento para Santa Catarina\u201d, afirmou.<\/p>\n<p>A agenda contou com an\u00fancios de parcerias com empresas como <strong>JBS <\/strong>e <strong>Petrobras <\/strong>. Wesley Batista, representante da JBS, elogiou o apoio do governo: \u201cO presidente Lula nos recebeu \u00e0s 1h da manh\u00e3 para discutir solu\u00e7\u00f5es. Sua determina\u00e7\u00e3o muda realidades\u201d. A Petrobras, por sua vez, confirmou <strong>R$ 111 bilh\u00f5es em investimentos at\u00e9 2029 <\/strong>, incluindo constru\u00e7\u00e3o de embarca\u00e7\u00f5es h\u00edbridas no estaleiro catarinense.<\/p>\n<p>Lula aproveitou para reafirmar seu legado de investimentos em infraestrutura. \u201cDuvido que qualquer outro governo tenha colocado tantos recursos quanto o meu. Comparem os dois anos do meu mandato com os quatro anos que destru\u00edram o pa\u00eds\u201d, disse, referindo-se ao per\u00edodo Bolsonaro. O presidente tamb\u00e9m defendeu a uni\u00e3o entre poderes e federalismo cooperativo: \u201cQuando o Executivo, Legislativo e Judici\u00e1rio trabalham juntos, o Brasil avan\u00e7a. Quando n\u00e3o h\u00e1 di\u00e1logo, o pa\u00eds estagna\u201d.<\/p>\n<p><strong>Apoio do setor privado: JBS e Petrobras selam parcerias estrat\u00e9gicas<\/strong><br \/>A cerim\u00f4nia contou com a participa\u00e7\u00e3o de empres\u00e1rios como Wesley Batista (JBS) e Magda Chambriard (Petrobras). A JBS destacou a retomada de opera\u00e7\u00f5es no porto, gerando milhares de empregos. J\u00e1 a Petrobras anunciou contrata\u00e7\u00e3o de 16 embarca\u00e7\u00f5es h\u00edbridas (diesel-el\u00e9tricas) no estaleiro local, com potencial para convers\u00e3o a etanol e metanol, reduzindo emiss\u00f5es de CO\u2082 em 25%.<\/p>\n<p>Chambriard enfatizou o papel da estatal: \u201cN\u00e3o existe uma Petrobras forte sem uma sociedade que a apoie. Estamos aqui para construir um pa\u00eds mais justo e sustent\u00e1vel\u201d.<\/p>\n<p><strong>Lula e a \u201cestabilidade emocional\u201d do pa\u00eds: \u201cTrato o povo com respeito\u201d<\/strong><br \/>Em discurso, Lula relacionou seu estilo de governan\u00e7a \u00e0 estabilidade nacional. \u201cEu trago uma estabilidade para o pa\u00eds, at\u00e9 emocional, pela maneira como trato o povo e respeito as pessoas. Quando h\u00e1 di\u00e1logo entre prefeitos, governadores e presidentes, o Brasil cresce\u201d, afirmou. O presidente tamb\u00e9m ironizou cr\u00edticos: \u201cN\u00e3o importa o que digam, a verdade sempre vence. Quanto mais tentam impedir, mais eu trabalho\u201d.<\/p>\n<p>Encerrando o evento, Lula reafirmou a vis\u00e3o de futuro: \u201cEsse porto \u00e9 um s\u00edmbolo. Um dia, ser\u00e1 lembrado como o marco da retomada do Brasil. Vamos seguir investindo em infraestrutura, ind\u00fastria e justi\u00e7a social. O povo merece mais do que promessas \u2014 merece a\u00e7\u00f5es concretas\u201d.<\/p>\n<p>A cerim\u00f4nia consolidou o porto de Itaja\u00ed como um dos pilares do projeto de desenvolvimento nacional, reafirmando o compromisso do governo com a <strong>reindustrializa\u00e7\u00e3o, a inclus\u00e3o social e a soberania econ\u00f4mica <\/strong>.<\/p>\n<p>O post <a href=\"https:\/\/vermelho.org.br\/2025\/05\/29\/lula-critica-privatizacao-ao-retomar-gestao-do-porto-de-itajai-15-mil-desempregados\/\">Lula critica privatiza\u00e7\u00e3o ao retomar gest\u00e3o do Porto de Itaja\u00ed: \u201c1,5 mil desempregados\u201d<\/a> apareceu primeiro em <a href=\"https:\/\/vermelho.org.br\/\">Vermelho<\/a>.<\/p>\n<!-- Begin Yuzo --><div class='yuzo_related_post style-1'  data-version='5.12.89'><!-- without result --><div class='yuzo_clearfixed yuzo__title yuzo__title'><h3>Related Post<\/h3><\/div>\n\t\t\t\t\t\t  <div class=\"relatedthumb \" style=\"width:125px;float:left;overflow:hidden;\">  \n\t\t\t\t\t\t\t  \n\t\t\t\t\t\t\t  <a  href=\"https:\/\/redept.com.br\/blogosfera\/ainda-estou-aqui-e-destaque-do-ano-na-lista-de-criticos-dos-eua\/\"  >\n\t\t\t\t\t\t\t\t\t  <div class=\"yuzo-img-wrap \" style=\"width: 125px;height:90px;\">\n\t\t\t\t\t\t\t\t\t\t\n\t\t\t\t\t\t\t\t\t\t<div class=\"yuzo-img\" style=\"background:url('https:\/\/redept.com.br\/blogosfera\/wp-content\/uploads\/2024\/12\/cena-do-filme-Ainda-Estou-Aqui-foto-reproducao-150x150.webp') 50% 50% no-repeat;width: 125px;height:90px;margin-bottom: 5px;background-size: cover; \"><\/div>\n\t\t\t\t\t\t\t\t\t  <\/div>\n\t\t\t\t\t\t\t\t\t  \n\t\t\t\t\t\t\t\t   <span class=\"yuzo__text--title\" style=\"font-size:13px;\">\u201cAinda Estou Aqui\u201d \u00e9 destaque do ano na lista de c...<\/span>\n\t\t\t\t\t\t\t  \n\t\t\t\t\t\t\t  \n\t\t\t\t\t\t\t  <\/a>\n\n\t\t\t\t\t\t  <\/div>\n\t\t\t\t\t\t  <div class=\"relatedthumb \" style=\"width:125px;float:left;overflow:hidden;\">  \n\t\t\t\t\t\t\t  \n\t\t\t\t\t\t\t  <a  href=\"https:\/\/redept.com.br\/blogosfera\/fraude-no-inss-impoe-novo-obstaculo-ao-governo-lula-em-ano-marcado-por-desgaste-avalia-cientista-politico\/\"  >\n\t\t\t\t\t\t\t\t\t  <div class=\"yuzo-img-wrap \" style=\"width: 125px;height:90px;\">\n\t\t\t\t\t\t\t\t\t\t\n\t\t\t\t\t\t\t\t\t\t<div class=\"yuzo-img\" style=\"background:url('https:\/\/redept.org\/blogosfera\/wp-content\/plugins\/yuzo-related-post\/assets\/images\/default.png') 50% 50% no-repeat;width: 125px;height:90px;margin-bottom: 5px;background-size: cover; \"><\/div>\n\t\t\t\t\t\t\t\t\t  <\/div>\n\t\t\t\t\t\t\t\t\t  \n\t\t\t\t\t\t\t\t   <span class=\"yuzo__text--title\" style=\"font-size:13px;\">Fraude no INSS imp\u00f5e novo obst\u00e1culo ao governo Lul...<\/span>\n\t\t\t\t\t\t\t  \n\t\t\t\t\t\t\t  \n\t\t\t\t\t\t\t  <\/a>\n\n\t\t\t\t\t\t  <\/div>\n\t\t\t\t\t\t  <div class=\"relatedthumb \" style=\"width:125px;float:left;overflow:hidden;\">  \n\t\t\t\t\t\t\t  \n\t\t\t\t\t\t\t  <a  href=\"https:\/\/redept.com.br\/blogosfera\/entidades-brasileiras-repudiam-ataque-dos-eua-a-venezuela\/\"  >\n\t\t\t\t\t\t\t\t\t  <div class=\"yuzo-img-wrap \" style=\"width: 125px;height:90px;\">\n\t\t\t\t\t\t\t\t\t\t\n\t\t\t\t\t\t\t\t\t\t<div class=\"yuzo-img\" style=\"background:url('https:\/\/redept.com.br\/blogosfera\/wp-content\/uploads\/2026\/01\/venezuelajpg-150x150.webp') 50% 50% no-repeat;width: 125px;height:90px;margin-bottom: 5px;background-size: cover; \"><\/div>\n\t\t\t\t\t\t\t\t\t  <\/div>\n\t\t\t\t\t\t\t\t\t  \n\t\t\t\t\t\t\t\t   <span class=\"yuzo__text--title\" style=\"font-size:13px;\">Entidades brasileiras repudiam ataque dos EUA \u00e0 Ve...<\/span>\n\t\t\t\t\t\t\t  \n\t\t\t\t\t\t\t  \n\t\t\t\t\t\t\t  <\/a>\n\n\t\t\t\t\t\t  <\/div>\n\t\t\t\t\t\t  <div class=\"relatedthumb \" style=\"width:125px;float:left;overflow:hidden;\">  \n\t\t\t\t\t\t\t  \n\t\t\t\t\t\t\t  <a  href=\"https:\/\/redept.com.br\/blogosfera\/stj-supera-limites-com-marca-de-1-400-temas-repetitivos-revolucao-silenciosa-no-judiciario\/\"  >\n\t\t\t\t\t\t\t\t\t  <div class=\"yuzo-img-wrap \" style=\"width: 125px;height:90px;\">\n\t\t\t\t\t\t\t\t\t\t\n\t\t\t\t\t\t\t\t\t\t<div class=\"yuzo-img\" style=\"background:url('https:\/\/redept.org\/blogosfera\/wp-content\/plugins\/yuzo-related-post\/assets\/images\/default.png') 50% 50% no-repeat;width: 125px;height:90px;margin-bottom: 5px;background-size: cover; \"><\/div>\n\t\t\t\t\t\t\t\t\t  <\/div>\n\t\t\t\t\t\t\t\t\t  \n\t\t\t\t\t\t\t\t   <span class=\"yuzo__text--title\" style=\"font-size:13px;\">STJ supera limites com marca de 1.400 temas repeti...<\/span>\n\t\t\t\t\t\t\t  \n\t\t\t\t\t\t\t  \n\t\t\t\t\t\t\t  <\/a>\n\n\t\t\t\t\t\t  <\/div>\n<\/div> <script>\n\t\t\t\t\t\t  jQuery(document).ready(function( $ ){\n\t\t\t\t\t\t\t\/\/jQuery('.yuzo_related_post').equalizer({ overflow : 'relatedthumb' });\n\t\t\t\t\t\t\tjQuery('.yuzo_related_post .yuzo_wraps').equalizer({ columns : '> div' });\n\t\t\t\t\t\t   })\n\t\t\t\t\t\t  <\/script> <!-- End Yuzo :) -->","protected":false},"excerpt":{"rendered":"<p>Durante cerim\u00f4nia em Itaja\u00ed (SC), o presidente Luiz In\u00e1cio Lula da Silva anunciou a retomada federal da gest\u00e3o do Porto de Itaja\u00ed , fechado durante o governo Bolsonaro, e destacou a import\u00e2ncia de pol\u00edticas p\u00fablicas para o desenvolvimento regional. \u201cO governo anterior fechou o porto, deixando quase 1.500 pessoas desempregadas, em um ato de abandono [&hellip;]<\/p>\n","protected":false},"author":2,"featured_media":30540,"comment_status":"closed","ping_status":"closed","sticky":false,"template":"","format":"standard","meta":{"fifu_image_url":"","fifu_image_alt":"","footnotes":""},"categories":[7243,3114,5891,112,1647,2834,501],"tags":[],"class_list":["post-30539","post","type-post","status-publish","format-standard","has-post-thumbnail","hentry","category-economia-e-desenvolvimento","category-empregos","category-jbs","category-lula","category-petrobras","category-portuario","category-privatizacao"],"_links":{"self":[{"href":"https:\/\/redept.com.br\/blogosfera\/wp-json\/wp\/v2\/posts\/30539","targetHints":{"allow":["GET"]}}],"collection":[{"href":"https:\/\/redept.com.br\/blogosfera\/wp-json\/wp\/v2\/posts"}],"about":[{"href":"https:\/\/redept.com.br\/blogosfera\/wp-json\/wp\/v2\/types\/post"}],"author":[{"embeddable":true,"href":"https:\/\/redept.com.br\/blogosfera\/wp-json\/wp\/v2\/users\/2"}],"replies":[{"embeddable":true,"href":"https:\/\/redept.com.br\/blogosfera\/wp-json\/wp\/v2\/comments?post=30539"}],"version-history":[{"count":0,"href":"https:\/\/redept.com.br\/blogosfera\/wp-json\/wp\/v2\/posts\/30539\/revisions"}],"wp:featuredmedia":[{"embeddable":true,"href":"https:\/\/redept.com.br\/blogosfera\/wp-json\/wp\/v2\/media\/30540"}],"wp:attachment":[{"href":"https:\/\/redept.com.br\/blogosfera\/wp-json\/wp\/v2\/media?parent=30539"}],"wp:term":[{"taxonomy":"category","embeddable":true,"href":"https:\/\/redept.com.br\/blogosfera\/wp-json\/wp\/v2\/categories?post=30539"},{"taxonomy":"post_tag","embeddable":true,"href":"https:\/\/redept.com.br\/blogosfera\/wp-json\/wp\/v2\/tags?post=30539"}],"curies":[{"name":"wp","href":"https:\/\/api.w.org\/{rel}","templated":true}]}}