{"id":30795,"date":"2025-05-30T17:50:40","date_gmt":"2025-05-30T20:50:40","guid":{"rendered":"https:\/\/redept.org\/blogosfera\/lider-do-governo-reclama-do-lobby-dos-banqueiros-contra-aumento-do-iof\/"},"modified":"2025-05-30T17:50:40","modified_gmt":"2025-05-30T20:50:40","slug":"lider-do-governo-reclama-do-lobby-dos-banqueiros-contra-aumento-do-iof","status":"publish","type":"post","link":"https:\/\/redept.com.br\/blogosfera\/lider-do-governo-reclama-do-lobby-dos-banqueiros-contra-aumento-do-iof\/","title":{"rendered":"L\u00edder do governo reclama do lobby dos banqueiros contra aumento do IOF"},"content":{"rendered":"<p><img fetchpriority=\"high\" width=\"977\" height=\"602\"src=\"https:\/\/redept.org\/blogosfera\/wp-content\/uploads\/2025\/05\/Jaques-Wagner.jpg\" alt=\"\" decoding=\"async\" srcset=\"https:\/\/redept.org\/blogosfera\/wp-content\/uploads\/2025\/05\/Jaques-Wagner.jpg 977w, https:\/\/vermelho.org.br\/wp-content\/uploads\/2024\/08\/Jaques-Wagner-300x185.jpg 300w, https:\/\/vermelho.org.br\/wp-content\/uploads\/2024\/08\/Jaques-Wagner-768x473.jpg 768w\" sizes=\"(max-width: 977px) 100vw, 977px\"><\/p>\n<p>O l\u00edder do governo no Senado, Jaques Wagner, reagiu nesta sexta-feira (30) ao lobby dos bancos contra o decreto do governo federal que aumentou as al\u00edquotas do Imposto sobre Opera\u00e7\u00f5es Financeiras (IOF).<\/p>\n<p>Para cumprir o ajuste fiscal, o governo elevou a al\u00edquota do IOF para aumentar a arrecada\u00e7\u00e3o. At\u00e9 2026, a receita estimada \u00e9 de R$ 54 bilh\u00f5es.<\/p>\n<p>A medida \u00e9 essencial para evitar cortes nos programas sociais. Este ano, por exemplo, o governo j\u00e1 cortou mais de R$ 30 bilh\u00f5es de investimentos sociais.<\/p>\n<p>\u201cO aumento de IOF n\u00e3o tem nada a ver com pessoa f\u00edsica, \u00e9 s\u00f3 para pessoas jur\u00eddicas. \u00c9 preciso regulamentar o imposto e isso ajuda o governo a cumprir sua meta fiscal. O setor financeiro \u00e9 o que mais ganha no mundo inteiro. Na minha opini\u00e3o, \u00e9 melhor taxar bancos e super milion\u00e1rios do que taxar as pessoas\u201d, disse o governador em entrevista para a R\u00e1dio Salvador FM.<\/p>\n<p>Leia mais: <a href=\"https:\/\/vermelho.org.br\/2021\/09\/22\/auxilio-brasil-depende-do-iof-dividendos-teto-de-gastos-precatorios\/\">Aux\u00edlio Brasil depende do IOF, dividendos, teto de gastos, precat\u00f3rios<\/a><\/p>\n<p>\u00a0\u201cQuem t\u00e1 berrando \u00e9 a pessoa que tem grana. O IOF n\u00e3o tem nada a ver com voc\u00ea. O que tem que a ver com voc\u00ea \u00e9 a isen\u00e7\u00e3o do Imposto de Renda (IR)\u201d, disse o l\u00edder, referindo-se ao projeto que isenta do pagamento do IR para quem ganha at\u00e9 R$ 5 mil.<\/p>\n<p>\u201cPara eu isentar as pessoas mais simples, tenho que compensar para n\u00e3o haver desiquil\u00edbrio na conta do governo conseguindo o imposto na outra ponta. E a ponta que eu vou procurar \u00e9 da justi\u00e7a tribut\u00e1ria\u201d, disse.<\/p>\n<p>Para ele, as pessoas mais simples n\u00e3o tem como ir a Bras\u00edlia lutar pelos seus direitos ao contr\u00e1rio dos milion\u00e1rios que s\u00e3o influentes e tem a comunica\u00e7\u00e3o a favor.<\/p>\n<p>\u201cTemos que escolher um caminho, e o caminho para mim \u00e9 diminuir as desigualdades sociais do Brasil, ofertar dignidade e cidadania para as pessoas mais simples. Esse \u00e9 o foco do governo do presidente Lula\u201d, afirmou.<\/p>\n<p>O senador diz que n\u00e3o d\u00e1 para conviver num pa\u00eds com 1% de super milion\u00e1rios e 60% da popula\u00e7\u00e3o ganhando at\u00e9 um sal\u00e1rio m\u00ednimo. \u201cOs governos do presidente Lula tiraram muita gente da extrema pobreza\u201d, lembrou.<\/p>\n<p>Wagner diz que cada vez que o presidente Lula viaja ao exterior abre-se novos mercados para os produtos brasileiros.<\/p>\n<p>\u201cGostem ou n\u00e3o, com o governo Lula o Brasil voltou a ser a 9\u00aa economia do planeta, voltou a ser respeitado no mundo inteiro, o emprego est\u00e1 bombando. Nossa luta \u00e9 para otimizar a despesa p\u00fablica e fazer a popula\u00e7\u00e3o prosperar\u201d, diz.<\/p>\n<p>O post <a href=\"https:\/\/vermelho.org.br\/2025\/05\/30\/lider-do-governo-reclama-do-lobby-dos-banqueiros-contra-aumento-do-iof\/\">L\u00edder do governo reclama do lobby dos banqueiros contra aumento do IOF<\/a> apareceu primeiro em <a href=\"https:\/\/vermelho.org.br\/\">Vermelho<\/a>.<\/p>\n<!-- Begin Yuzo --><div class='yuzo_related_post style-1'  data-version='5.12.89'><!-- without result --><div class='yuzo_clearfixed yuzo__title yuzo__title'><h3>Related Post<\/h3><\/div>\n\t\t\t\t\t\t  <div class=\"relatedthumb \" style=\"width:125px;float:left;overflow:hidden;\">  \n\t\t\t\t\t\t\t  \n\t\t\t\t\t\t\t  <a  href=\"https:\/\/redept.com.br\/blogosfera\/com-corte-de-gastos-arcabouco-fiscal-vai-limitar-aumento-do-salario-minimo-planejado-por-governo-lula\/\"  >\n\t\t\t\t\t\t\t\t\t  <div class=\"yuzo-img-wrap \" style=\"width: 125px;height:90px;\">\n\t\t\t\t\t\t\t\t\t\t\n\t\t\t\t\t\t\t\t\t\t<div class=\"yuzo-img\" style=\"background:url('https:\/\/redept.org\/blogosfera\/wp-content\/plugins\/yuzo-related-post\/assets\/images\/default.png') 50% 50% no-repeat;width: 125px;height:90px;margin-bottom: 5px;background-size: cover; \"><\/div>\n\t\t\t\t\t\t\t\t\t  <\/div>\n\t\t\t\t\t\t\t\t\t  \n\t\t\t\t\t\t\t\t   <span class=\"yuzo__text--title\" style=\"font-size:13px;\">Com corte de gastos, arcabou\u00e7o fiscal vai limitar ...<\/span>\n\t\t\t\t\t\t\t  \n\t\t\t\t\t\t\t  \n\t\t\t\t\t\t\t  <\/a>\n\n\t\t\t\t\t\t  <\/div>\n\t\t\t\t\t\t  <div class=\"relatedthumb \" style=\"width:125px;float:left;overflow:hidden;\">  \n\t\t\t\t\t\t\t  \n\t\t\t\t\t\t\t  <a  href=\"https:\/\/redept.com.br\/blogosfera\/lula-conversou-com-delcy-rodriguez-presidente-interina-da-venezuela\/\"  >\n\t\t\t\t\t\t\t\t\t  <div class=\"yuzo-img-wrap \" style=\"width: 125px;height:90px;\">\n\t\t\t\t\t\t\t\t\t\t\n\t\t\t\t\t\t\t\t\t\t<div class=\"yuzo-img\" style=\"background:url('https:\/\/redept.org\/blogosfera\/wp-content\/plugins\/yuzo-related-post\/assets\/images\/default.png') 50% 50% no-repeat;width: 125px;height:90px;margin-bottom: 5px;background-size: cover; \"><\/div>\n\t\t\t\t\t\t\t\t\t  <\/div>\n\t\t\t\t\t\t\t\t\t  \n\t\t\t\t\t\t\t\t   <span class=\"yuzo__text--title\" style=\"font-size:13px;\">Lula conversou com Delcy Rodr\u00edguez, presidente int...<\/span>\n\t\t\t\t\t\t\t  \n\t\t\t\t\t\t\t  \n\t\t\t\t\t\t\t  <\/a>\n\n\t\t\t\t\t\t  <\/div>\n\t\t\t\t\t\t  <div class=\"relatedthumb \" style=\"width:125px;float:left;overflow:hidden;\">  \n\t\t\t\t\t\t\t  \n\t\t\t\t\t\t\t  <a  href=\"https:\/\/redept.com.br\/blogosfera\/rita-von-hunty-ministra-aula-sobre-cultura-e-sexualidade-na-unb-nesta-quarta-4\/\"  >\n\t\t\t\t\t\t\t\t\t  <div class=\"yuzo-img-wrap \" style=\"width: 125px;height:90px;\">\n\t\t\t\t\t\t\t\t\t\t\n\t\t\t\t\t\t\t\t\t\t<div class=\"yuzo-img\" style=\"background:url('https:\/\/redept.org\/blogosfera\/wp-content\/plugins\/yuzo-related-post\/assets\/images\/default.png') 50% 50% no-repeat;width: 125px;height:90px;margin-bottom: 5px;background-size: cover; \"><\/div>\n\t\t\t\t\t\t\t\t\t  <\/div>\n\t\t\t\t\t\t\t\t\t  \n\t\t\t\t\t\t\t\t   <span class=\"yuzo__text--title\" style=\"font-size:13px;\">Rita von Hunty ministra aula sobre cultura e sexua...<\/span>\n\t\t\t\t\t\t\t  \n\t\t\t\t\t\t\t  \n\t\t\t\t\t\t\t  <\/a>\n\n\t\t\t\t\t\t  <\/div>\n\t\t\t\t\t\t  <div class=\"relatedthumb \" style=\"width:125px;float:left;overflow:hidden;\">  \n\t\t\t\t\t\t\t  \n\t\t\t\t\t\t\t  <a  href=\"https:\/\/redept.com.br\/blogosfera\/genero-e-clima-uma-reflexao-necessaria-sobre-o-8m-e-a-vida-das-mulheres-gauchas\/\"  >\n\t\t\t\t\t\t\t\t\t  <div class=\"yuzo-img-wrap \" style=\"width: 125px;height:90px;\">\n\t\t\t\t\t\t\t\t\t\t\n\t\t\t\t\t\t\t\t\t\t<div class=\"yuzo-img\" style=\"background:url('https:\/\/redept.org\/blogosfera\/wp-content\/plugins\/yuzo-related-post\/assets\/images\/default.png') 50% 50% no-repeat;width: 125px;height:90px;margin-bottom: 5px;background-size: cover; \"><\/div>\n\t\t\t\t\t\t\t\t\t  <\/div>\n\t\t\t\t\t\t\t\t\t  \n\t\t\t\t\t\t\t\t   <span class=\"yuzo__text--title\" style=\"font-size:13px;\">G\u00eanero e clima: uma reflex\u00e3o necess\u00e1ria sobre o 8M...<\/span>\n\t\t\t\t\t\t\t  \n\t\t\t\t\t\t\t  \n\t\t\t\t\t\t\t  <\/a>\n\n\t\t\t\t\t\t  <\/div>\n<\/div> <script>\n\t\t\t\t\t\t  jQuery(document).ready(function( $ ){\n\t\t\t\t\t\t\t\/\/jQuery('.yuzo_related_post').equalizer({ overflow : 'relatedthumb' });\n\t\t\t\t\t\t\tjQuery('.yuzo_related_post .yuzo_wraps').equalizer({ columns : '> div' });\n\t\t\t\t\t\t   })\n\t\t\t\t\t\t  <\/script> <!-- End Yuzo :) -->","protected":false},"excerpt":{"rendered":"<p>O l\u00edder do governo no Senado, Jaques Wagner, reagiu nesta sexta-feira (30) ao lobby dos bancos contra o decreto do governo federal que aumentou as al\u00edquotas do Imposto sobre Opera\u00e7\u00f5es Financeiras (IOF). Para cumprir o ajuste fiscal, o governo elevou a al\u00edquota do IOF para aumentar a arrecada\u00e7\u00e3o. At\u00e9 2026, a receita estimada \u00e9 de [&hellip;]<\/p>\n","protected":false},"author":2,"featured_media":30796,"comment_status":"closed","ping_status":"closed","sticky":false,"template":"","format":"standard","meta":{"fifu_image_url":"","fifu_image_alt":"","footnotes":""},"categories":[1860,1308,6687,5819,1362,6944,132],"tags":[],"class_list":["post-30795","post","type-post","status-publish","format-standard","has-post-thumbnail","hentry","category-aumento","category-banqueiros","category-iof","category-jaques-wagner","category-lider-do-governo","category-lobby","category-politica"],"_links":{"self":[{"href":"https:\/\/redept.com.br\/blogosfera\/wp-json\/wp\/v2\/posts\/30795","targetHints":{"allow":["GET"]}}],"collection":[{"href":"https:\/\/redept.com.br\/blogosfera\/wp-json\/wp\/v2\/posts"}],"about":[{"href":"https:\/\/redept.com.br\/blogosfera\/wp-json\/wp\/v2\/types\/post"}],"author":[{"embeddable":true,"href":"https:\/\/redept.com.br\/blogosfera\/wp-json\/wp\/v2\/users\/2"}],"replies":[{"embeddable":true,"href":"https:\/\/redept.com.br\/blogosfera\/wp-json\/wp\/v2\/comments?post=30795"}],"version-history":[{"count":0,"href":"https:\/\/redept.com.br\/blogosfera\/wp-json\/wp\/v2\/posts\/30795\/revisions"}],"wp:featuredmedia":[{"embeddable":true,"href":"https:\/\/redept.com.br\/blogosfera\/wp-json\/wp\/v2\/media\/30796"}],"wp:attachment":[{"href":"https:\/\/redept.com.br\/blogosfera\/wp-json\/wp\/v2\/media?parent=30795"}],"wp:term":[{"taxonomy":"category","embeddable":true,"href":"https:\/\/redept.com.br\/blogosfera\/wp-json\/wp\/v2\/categories?post=30795"},{"taxonomy":"post_tag","embeddable":true,"href":"https:\/\/redept.com.br\/blogosfera\/wp-json\/wp\/v2\/tags?post=30795"}],"curies":[{"name":"wp","href":"https:\/\/api.w.org\/{rel}","templated":true}]}}