{"id":30967,"date":"2025-05-31T10:20:41","date_gmt":"2025-05-31T13:20:41","guid":{"rendered":"https:\/\/redept.org\/blogosfera\/nikolas-ferreira-emudece-desde-que-o-primo-foi-preso-por-trafico-de-drogas\/"},"modified":"2025-05-31T10:20:41","modified_gmt":"2025-05-31T13:20:41","slug":"nikolas-ferreira-emudece-desde-que-o-primo-foi-preso-por-trafico-de-drogas","status":"publish","type":"post","link":"https:\/\/redept.com.br\/blogosfera\/nikolas-ferreira-emudece-desde-que-o-primo-foi-preso-por-trafico-de-drogas\/","title":{"rendered":"Nikolas Ferreira emudece desde que o primo foi preso por tr\u00e1fico de drogas"},"content":{"rendered":"<p>O deputado federal de extrema direita, Nikolas Ferreira (PL), despareceu. Ass\u00edduo frequentador das redes sociais, ele n\u00e3o d\u00e1 um pio desde explodiu a not\u00edcia de que seu primo, Glaycon Ranieri de Oliveira Fernandes, foi detido em flagrante em Uberl\u00e2ndia (MG) com mais de 30 quilos de maconha, al\u00e9m de 3,82 gramas de coca\u00edna, no carro em que estava.<\/p>\n<p>Para piorar ainda mais a hist\u00f3ria, Glaycon \u00e9 filho de En\u00e9as Fernandes (PL), tio de Nikolas que foi candidato a prefeito de Nova Serrana (MG) em 2024. Meses antes das elei\u00e7\u00f5es, Nikolas destinou cerca de 1,5 milh\u00e3o de reais em emendas \u00e0 cidade. Mesmo com toda a dinheirama do sobrinho, En\u00e9as foi derrotado por Fabio Avelar (Avante).<\/p>\n<p>Ironicamente, seus colegas, no entanto, fizeram quest\u00e3o de lembrar, pelas redes sociais, as liga\u00e7\u00f5es de Nikolas com seus parentes. Com Forum.<\/p>\n<p>\u201c\u00c9 essa a \u2018fam\u00edlia\u2019 que Nikolas defende? Ser\u00e1 que Nikolas sabia que seu primo era traficante e mesmo assim se envolveu nessa campanha eleitoral?\u201d, afirmou a deputada federal Erika Hilton (PSOL-SP) em suas redes sociais.<\/p>\n<p>https:\/\/twitter.com\/i\/status\/1928607558635233487<\/p>\n<p><strong>Siga-nos no Whatsapp:<\/strong> <a href=\"https:\/\/chat.whatsapp.com\/HlpAeWDAUrD8Qq1AjWiCK5\">https:\/\/chat.whatsapp.com\/HlpAeWDAUrD8Qq1AjWiCK5<\/a><\/p>\n<p><strong>Siga-nos no Facebook:<\/strong> <a href=\"https:\/\/www.facebook.com\/profile.php?id=100070790366110\">https:\/\/www.facebook.com\/profile.php?id=100070790366110<\/a><\/p>\n<p><strong>Siga-nos no X:<\/strong> <a href=\"https:\/\/x.com\/Antropofagista1\">https:\/\/x.com\/Antropofagista1<\/a><\/p>\n<p><strong>Siga-nos no Instagram:<\/strong> <a href=\"https:\/\/www.instagram.com\/blogantropofagista?igsh=YzljYTk1ODg3Zg==\">https:\/\/www.instagram.com\/blogantropofagista?igsh=YzljYTk1ODg3Zg==<\/a><\/p>\n<hr>\n<h5>Apoie o Antropofagista com qualquer valor<br \/>\nPIX: 45013993768<br \/>\nAgradecemos imensamente<\/h5>\n<hr>\n<p>\u00a0<\/p>\n<p>The post <a href=\"https:\/\/antropofagista.com.br\/2025\/05\/31\/nikolas-ferreira-emudece-desde-que-o-primo-foi-preso-por-trafico-de-drogas\/\">Nikolas Ferreira emudece desde que o primo foi preso por tr\u00e1fico de drogas<\/a> first appeared on <a href=\"https:\/\/antropofagista.com.br\/\">Antropofagista<\/a>.<\/p>\n<!-- Begin Yuzo --><div class='yuzo_related_post style-1'  data-version='5.12.89'><!-- without result --><div class='yuzo_clearfixed yuzo__title yuzo__title'><h3>Related Post<\/h3><\/div>\n\t\t\t\t\t\t  <div class=\"relatedthumb \" style=\"width:125px;float:left;overflow:hidden;\">  \n\t\t\t\t\t\t\t  \n\t\t\t\t\t\t\t  <a  href=\"https:\/\/redept.com.br\/blogosfera\/metanol-a-substancia\/\"  >\n\t\t\t\t\t\t\t\t\t  <div class=\"yuzo-img-wrap \" style=\"width: 125px;height:90px;\">\n\t\t\t\t\t\t\t\t\t\t\n\t\t\t\t\t\t\t\t\t\t<div class=\"yuzo-img\" style=\"background:url('https:\/\/redept.org\/blogosfera\/wp-content\/plugins\/yuzo-related-post\/assets\/images\/default.png') 50% 50% no-repeat;width: 125px;height:90px;margin-bottom: 5px;background-size: cover; \"><\/div>\n\t\t\t\t\t\t\t\t\t  <\/div>\n\t\t\t\t\t\t\t\t\t  \n\t\t\t\t\t\t\t\t   <span class=\"yuzo__text--title\" style=\"font-size:13px;\">Metanol, a subst\u00e2ncia<\/span>\n\t\t\t\t\t\t\t  \n\t\t\t\t\t\t\t  \n\t\t\t\t\t\t\t  <\/a>\n\n\t\t\t\t\t\t  <\/div>\n\t\t\t\t\t\t  <div class=\"relatedthumb \" style=\"width:125px;float:left;overflow:hidden;\">  \n\t\t\t\t\t\t\t  \n\t\t\t\t\t\t\t  <a  href=\"https:\/\/redept.com.br\/blogosfera\/cop30-guia-para-nao-cair-em-ladainhas-verdes-do-agro\/\"  >\n\t\t\t\t\t\t\t\t\t  <div class=\"yuzo-img-wrap \" style=\"width: 125px;height:90px;\">\n\t\t\t\t\t\t\t\t\t\t\n\t\t\t\t\t\t\t\t\t\t<div class=\"yuzo-img\" style=\"background:url('https:\/\/redept.com.br\/blogosfera\/wp-content\/uploads\/2025\/11\/Screenshot-2025-11-04-at-18-10-33-01-Artigo-WR-sobre-contexto-latinoamericanowebp-imagem-WEBP-1600-800-pixels-Redimensionada-74-150x150.png') 50% 50% no-repeat;width: 125px;height:90px;margin-bottom: 5px;background-size: cover; \"><\/div>\n\t\t\t\t\t\t\t\t\t  <\/div>\n\t\t\t\t\t\t\t\t\t  \n\t\t\t\t\t\t\t\t   <span class=\"yuzo__text--title\" style=\"font-size:13px;\">COP30: Guia para n\u00e3o cair em ladainhas verdes do a...<\/span>\n\t\t\t\t\t\t\t  \n\t\t\t\t\t\t\t  \n\t\t\t\t\t\t\t  <\/a>\n\n\t\t\t\t\t\t  <\/div>\n\t\t\t\t\t\t  <div class=\"relatedthumb \" style=\"width:125px;float:left;overflow:hidden;\">  \n\t\t\t\t\t\t\t  \n\t\t\t\t\t\t\t  <a  href=\"https:\/\/redept.com.br\/blogosfera\/resultado-da-mega-sena-2885-premio-de-r-26-milhoes\/\"  >\n\t\t\t\t\t\t\t\t\t  <div class=\"yuzo-img-wrap \" style=\"width: 125px;height:90px;\">\n\t\t\t\t\t\t\t\t\t\t\n\t\t\t\t\t\t\t\t\t\t<div class=\"yuzo-img\" style=\"background:url('https:\/\/redept.com.br\/blogosfera\/wp-content\/uploads\/2025\/07\/Mega-sena-3-150x150.webp') 50% 50% no-repeat;width: 125px;height:90px;margin-bottom: 5px;background-size: cover; \"><\/div>\n\t\t\t\t\t\t\t\t\t  <\/div>\n\t\t\t\t\t\t\t\t\t  \n\t\t\t\t\t\t\t\t   <span class=\"yuzo__text--title\" style=\"font-size:13px;\">Resultado da Mega Sena 2885, pr\u00eamio de R$ 26 milh\u00f5...<\/span>\n\t\t\t\t\t\t\t  \n\t\t\t\t\t\t\t  \n\t\t\t\t\t\t\t  <\/a>\n\n\t\t\t\t\t\t  <\/div>\n\t\t\t\t\t\t  <div class=\"relatedthumb \" style=\"width:125px;float:left;overflow:hidden;\">  \n\t\t\t\t\t\t\t  \n\t\t\t\t\t\t\t  <a  href=\"https:\/\/redept.com.br\/blogosfera\/governo-lula-reduz-tempo-de-espera-e-fila-da-pericia-medica-do-inss-em-407\/\"  >\n\t\t\t\t\t\t\t\t\t  <div class=\"yuzo-img-wrap \" style=\"width: 125px;height:90px;\">\n\t\t\t\t\t\t\t\t\t\t\n\t\t\t\t\t\t\t\t\t\t<div class=\"yuzo-img\" style=\"background:url('https:\/\/redept.com.br\/blogosfera\/wp-content\/uploads\/2025\/01\/inss-Sindipublicos-150x150.jpg') 50% 50% no-repeat;width: 125px;height:90px;margin-bottom: 5px;background-size: cover; \"><\/div>\n\t\t\t\t\t\t\t\t\t  <\/div>\n\t\t\t\t\t\t\t\t\t  \n\t\t\t\t\t\t\t\t   <span class=\"yuzo__text--title\" style=\"font-size:13px;\">Governo Lula reduz tempo de espera e fila da per\u00edc...<\/span>\n\t\t\t\t\t\t\t  \n\t\t\t\t\t\t\t  \n\t\t\t\t\t\t\t  <\/a>\n\n\t\t\t\t\t\t  <\/div>\n<\/div> <script>\n\t\t\t\t\t\t  jQuery(document).ready(function( $ ){\n\t\t\t\t\t\t\t\/\/jQuery('.yuzo_related_post').equalizer({ overflow : 'relatedthumb' });\n\t\t\t\t\t\t\tjQuery('.yuzo_related_post .yuzo_wraps').equalizer({ columns : '> div' });\n\t\t\t\t\t\t   })\n\t\t\t\t\t\t  <\/script> <!-- End Yuzo :) -->","protected":false},"excerpt":{"rendered":"<p>O deputado federal de extrema direita, Nikolas Ferreira (PL), despareceu. Ass\u00edduo frequentador das redes sociais, ele n\u00e3o d\u00e1 um pio desde explodiu a not\u00edcia de que seu primo, Glaycon Ranieri de Oliveira Fernandes, foi detido em flagrante em Uberl\u00e2ndia (MG) com mais de 30 quilos de maconha, al\u00e9m de 3,82 gramas de coca\u00edna, no carro [&hellip;]<\/p>\n","protected":false},"author":2,"featured_media":0,"comment_status":"open","ping_status":"closed","sticky":false,"template":"","format":"standard","meta":{"fifu_image_url":"","fifu_image_alt":"","footnotes":""},"categories":[5631,132,7407,3276],"tags":[],"class_list":["post-30967","post","type-post","status-publish","format-standard","hentry","category-nikolas-ferreira","category-politica","category-primo","category-trafico-de-drogas"],"_links":{"self":[{"href":"https:\/\/redept.com.br\/blogosfera\/wp-json\/wp\/v2\/posts\/30967","targetHints":{"allow":["GET"]}}],"collection":[{"href":"https:\/\/redept.com.br\/blogosfera\/wp-json\/wp\/v2\/posts"}],"about":[{"href":"https:\/\/redept.com.br\/blogosfera\/wp-json\/wp\/v2\/types\/post"}],"author":[{"embeddable":true,"href":"https:\/\/redept.com.br\/blogosfera\/wp-json\/wp\/v2\/users\/2"}],"replies":[{"embeddable":true,"href":"https:\/\/redept.com.br\/blogosfera\/wp-json\/wp\/v2\/comments?post=30967"}],"version-history":[{"count":0,"href":"https:\/\/redept.com.br\/blogosfera\/wp-json\/wp\/v2\/posts\/30967\/revisions"}],"wp:attachment":[{"href":"https:\/\/redept.com.br\/blogosfera\/wp-json\/wp\/v2\/media?parent=30967"}],"wp:term":[{"taxonomy":"category","embeddable":true,"href":"https:\/\/redept.com.br\/blogosfera\/wp-json\/wp\/v2\/categories?post=30967"},{"taxonomy":"post_tag","embeddable":true,"href":"https:\/\/redept.com.br\/blogosfera\/wp-json\/wp\/v2\/tags?post=30967"}],"curies":[{"name":"wp","href":"https:\/\/api.w.org\/{rel}","templated":true}]}}