{"id":31036,"date":"2025-06-01T11:42:15","date_gmt":"2025-06-01T14:42:15","guid":{"rendered":"https:\/\/redept.org\/blogosfera\/o-silencio-ensurdecedor-de-nikolas-sobre-a-prisao-de-um-traficante-que-e-seu-primo\/"},"modified":"2025-06-01T11:42:15","modified_gmt":"2025-06-01T14:42:15","slug":"o-silencio-ensurdecedor-de-nikolas-sobre-a-prisao-de-um-traficante-que-e-seu-primo","status":"publish","type":"post","link":"https:\/\/redept.com.br\/blogosfera\/o-silencio-ensurdecedor-de-nikolas-sobre-a-prisao-de-um-traficante-que-e-seu-primo\/","title":{"rendered":"O sil\u00eancio ensurdecedor de Nikolas sobre a pris\u00e3o de um traficante que \u00e9 seu primo"},"content":{"rendered":"<p>Para piorar seu calado comportamento diante desse esc\u00e2ndalo foi dizer que \u00e9 classificado como o pol\u00edtico mais bem avaliado do Brasil.<\/p>\n<p>Isso diz muito mais do que ele certamente queria.<\/p>\n<p>Propor uma troca de prosa usando em \u201cdesabafo desaforado\u201d, parece coisa de quem est\u00e1 encurralado.<\/p>\n<p>Soma-se a isso a mudez total sobre a pris\u00e3o do primo traficante.<\/p>\n<p>L\u00f3gico, com a falta de car\u00e1ter que marca sua personalidade, \u00e9 tenebroso o barulho que isso provocou na m\u00eddia, nas redes e blogs.<\/p>\n<p>Pior, seu sil\u00eancio mostra que mais que sentir o tranco, Nikolas Ferreira bambeou e seus desafetos sorriram sacando que essa quest\u00e3o abriu uma avenida que ser\u00e1 usada como caminho para escaramu\u00e7ar a vida de um falastr\u00e3o que nada produziu para o pa\u00eds nesse tempo em que ganhou um picadeiro digital como deputado federal.<\/p>\n<p>Tem tatu nessa toca. Essa \u00e9 a leitura que est\u00e1 sendo feita do seu aferrado sil\u00eancio sobre algo t\u00e3o s\u00e9rio e caro para seu portfolio de bom-mocista de carreira.<\/p>\n<p>\u00c9 um ponto de tensionamento importante para ficar de bicho esperando a coisa esfriar na m\u00eddia e, consequentemente, nas redes.<\/p>\n<p>Fazer esse jogo pode ser conveniente, mas \u00e9 arriscado.<\/p>\n<p>Certamente fez as contas e, ainda assim, prefere o caminho que escolheu porque o outro pode ser desastroso.<\/p>\n<p>A pergunta \u00e9: seria desastroso, por qu\u00ea?<\/p>\n<p>O que pode ser adicionado contra Nikolas que o implique de maneira mais grave nessa hist\u00f3ria?<\/p>\n<p>Glaycon Ranieri de Oliveira foi detido pela PF com 30kg de maconha e coca\u00edna.<\/p>\n<p>O pai dele, candidato \u00e0 prefeitura de Nova Serrana, recebeu R$ 1,5 MILH\u00c3O em emendas de Nikolas.<\/p>\n<p>Ou seja, esse furdun\u00e7o que silencia Nikolas \u00e9 mais embaixo e mais enrolado.<\/p>\n<p><strong>Siga-nos no Whatsapp:<\/strong> <a href=\"https:\/\/chat.whatsapp.com\/HlpAeWDAUrD8Qq1AjWiCK5\">https:\/\/chat.whatsapp.com\/HlpAeWDAUrD8Qq1AjWiCK5<\/a><\/p>\n<p><strong>Siga-nos no Facebook:<\/strong> <a href=\"https:\/\/www.facebook.com\/profile.php?id=100070790366110\">https:\/\/www.facebook.com\/profile.php?id=100070790366110<\/a><\/p>\n<p><strong>Siga-nos no X:<\/strong><a href=\"https:\/\/x.com\/Antropofagista1\"> https:\/\/x.com\/Antropofagista1<\/a><\/p>\n<p><strong>Siga-nos no Instagram:<\/strong> <a href=\"https:\/\/www.instagram.com\/blogantropofagista?igsh=YzljYTk1ODg3Zg==\">https:\/\/www.instagram.com\/blogantropofagista?igsh=YzljYTk1ODg3Zg==<\/a><\/p>\n<hr>\n<h5>Apoie o Antropofagista com qualquer valor<br \/>\nPIX: 45013993768<br \/>\nAgradecemos imensamente<\/h5>\n<hr>\n<p>\u00a0<\/p>\n<p>The post <a href=\"https:\/\/antropofagista.com.br\/2025\/06\/01\/o-silencio-ensurdecedor-de-nikolas-sobre-a-prisao-de-um-traficante-que-e-seu-primo\/\">O sil\u00eancio ensurdecedor de Nikolas sobre a pris\u00e3o de um traficante que \u00e9 seu primo<\/a> first appeared on <a href=\"https:\/\/antropofagista.com.br\/\">Antropofagista<\/a>.<\/p>\n<!-- Begin Yuzo --><div class='yuzo_related_post style-1'  data-version='5.12.89'><!-- without result --><div class='yuzo_clearfixed yuzo__title yuzo__title'><h3>Related Post<\/h3><\/div>\n\t\t\t\t\t\t  <div class=\"relatedthumb \" style=\"width:125px;float:left;overflow:hidden;\">  \n\t\t\t\t\t\t\t  \n\t\t\t\t\t\t\t  <a  href=\"https:\/\/redept.com.br\/blogosfera\/copom-reduzir-a-taxa-selic-em-025-ponto-e-uma-migalha-critica-economista\/\"  >\n\t\t\t\t\t\t\t\t\t  <div class=\"yuzo-img-wrap \" style=\"width: 125px;height:90px;\">\n\t\t\t\t\t\t\t\t\t\t\n\t\t\t\t\t\t\t\t\t\t<div class=\"yuzo-img\" style=\"background:url('https:\/\/redept.org\/blogosfera\/wp-content\/plugins\/yuzo-related-post\/assets\/images\/default.png') 50% 50% no-repeat;width: 125px;height:90px;margin-bottom: 5px;background-size: cover; \"><\/div>\n\t\t\t\t\t\t\t\t\t  <\/div>\n\t\t\t\t\t\t\t\t\t  \n\t\t\t\t\t\t\t\t   <span class=\"yuzo__text--title\" style=\"font-size:13px;\">Copom reduzir a taxa Selic em 0,25 ponto \u2018\u00e9 uma mi...<\/span>\n\t\t\t\t\t\t\t  \n\t\t\t\t\t\t\t  \n\t\t\t\t\t\t\t  <\/a>\n\n\t\t\t\t\t\t  <\/div>\n\t\t\t\t\t\t  <div class=\"relatedthumb \" style=\"width:125px;float:left;overflow:hidden;\">  \n\t\t\t\t\t\t\t  \n\t\t\t\t\t\t\t  <a  href=\"https:\/\/redept.com.br\/blogosfera\/senador-rogerio-carvalho-e-o-deputado-icaro-de-valmir-articulam-a-destinacao-de-r-5-milhoes-para-criacao-dos-cursos-de-direito-e-psicologia-no-campus-da-ufs-em-itabaiana\/\"  >\n\t\t\t\t\t\t\t\t\t  <div class=\"yuzo-img-wrap \" style=\"width: 125px;height:90px;\">\n\t\t\t\t\t\t\t\t\t\t\n\t\t\t\t\t\t\t\t\t\t<div class=\"yuzo-img\" style=\"background:url('https:\/\/redept.org\/blogosfera\/wp-content\/plugins\/yuzo-related-post\/assets\/images\/default.png') 50% 50% no-repeat;width: 125px;height:90px;margin-bottom: 5px;background-size: cover; \"><\/div>\n\t\t\t\t\t\t\t\t\t  <\/div>\n\t\t\t\t\t\t\t\t\t  \n\t\t\t\t\t\t\t\t   <span class=\"yuzo__text--title\" style=\"font-size:13px;\">Senador Rog\u00e9rio Carvalho e o Deputado \u00cdcaro de Val...<\/span>\n\t\t\t\t\t\t\t  \n\t\t\t\t\t\t\t  \n\t\t\t\t\t\t\t  <\/a>\n\n\t\t\t\t\t\t  <\/div>\n\t\t\t\t\t\t  <div class=\"relatedthumb \" style=\"width:125px;float:left;overflow:hidden;\">  \n\t\t\t\t\t\t\t  \n\t\t\t\t\t\t\t  <a  href=\"https:\/\/redept.com.br\/blogosfera\/professores-e-pesquisadores-da-area-da-educacao-pedem-anulacao-do-afastamento-de-diretores-da-rede-municipal-de-sp\/\"  >\n\t\t\t\t\t\t\t\t\t  <div class=\"yuzo-img-wrap \" style=\"width: 125px;height:90px;\">\n\t\t\t\t\t\t\t\t\t\t\n\t\t\t\t\t\t\t\t\t\t<div class=\"yuzo-img\" style=\"background:url('https:\/\/redept.org\/blogosfera\/wp-content\/plugins\/yuzo-related-post\/assets\/images\/default.png') 50% 50% no-repeat;width: 125px;height:90px;margin-bottom: 5px;background-size: cover; \"><\/div>\n\t\t\t\t\t\t\t\t\t  <\/div>\n\t\t\t\t\t\t\t\t\t  \n\t\t\t\t\t\t\t\t   <span class=\"yuzo__text--title\" style=\"font-size:13px;\">Professores e pesquisadores da \u00e1rea da educa\u00e7\u00e3o pe...<\/span>\n\t\t\t\t\t\t\t  \n\t\t\t\t\t\t\t  \n\t\t\t\t\t\t\t  <\/a>\n\n\t\t\t\t\t\t  <\/div>\n\t\t\t\t\t\t  <div class=\"relatedthumb \" style=\"width:125px;float:left;overflow:hidden;\">  \n\t\t\t\t\t\t\t  \n\t\t\t\t\t\t\t  <a  href=\"https:\/\/redept.com.br\/blogosfera\/paralisacao-de-auditores-trava-operacoes-as-vesperas-do-dia-de-combate-ao-trabalho-escravo\/\"  >\n\t\t\t\t\t\t\t\t\t  <div class=\"yuzo-img-wrap \" style=\"width: 125px;height:90px;\">\n\t\t\t\t\t\t\t\t\t\t\n\t\t\t\t\t\t\t\t\t\t<div class=\"yuzo-img\" style=\"background:url('https:\/\/redept.org\/blogosfera\/wp-content\/plugins\/yuzo-related-post\/assets\/images\/default.png') 50% 50% no-repeat;width: 125px;height:90px;margin-bottom: 5px;background-size: cover; \"><\/div>\n\t\t\t\t\t\t\t\t\t  <\/div>\n\t\t\t\t\t\t\t\t\t  \n\t\t\t\t\t\t\t\t   <span class=\"yuzo__text--title\" style=\"font-size:13px;\">Paralisa\u00e7\u00e3o de auditores trava opera\u00e7\u00f5es \u00e0s v\u00e9sper...<\/span>\n\t\t\t\t\t\t\t  \n\t\t\t\t\t\t\t  \n\t\t\t\t\t\t\t  <\/a>\n\n\t\t\t\t\t\t  <\/div>\n<\/div> <script>\n\t\t\t\t\t\t  jQuery(document).ready(function( $ ){\n\t\t\t\t\t\t\t\/\/jQuery('.yuzo_related_post').equalizer({ overflow : 'relatedthumb' });\n\t\t\t\t\t\t\tjQuery('.yuzo_related_post .yuzo_wraps').equalizer({ columns : '> div' });\n\t\t\t\t\t\t   })\n\t\t\t\t\t\t  <\/script> <!-- End Yuzo :) -->","protected":false},"excerpt":{"rendered":"<p>Para piorar seu calado comportamento diante desse esc\u00e2ndalo foi dizer que \u00e9 classificado como o pol\u00edtico mais bem avaliado do Brasil. Isso diz muito mais do que ele certamente queria. Propor uma troca de prosa usando em \u201cdesabafo desaforado\u201d, parece coisa de quem est\u00e1 encurralado. Soma-se a isso a mudez total sobre a pris\u00e3o do [&hellip;]<\/p>\n","protected":false},"author":2,"featured_media":0,"comment_status":"open","ping_status":"closed","sticky":false,"template":"","format":"standard","meta":{"fifu_image_url":"","fifu_image_alt":"","footnotes":""},"categories":[7443,6750,132,7407,7444],"tags":[],"class_list":["post-31036","post","type-post","status-publish","format-standard","hentry","category-glaycon-ranieri-de-oliveira","category-nikolas","category-politica","category-primo","category-traficante"],"_links":{"self":[{"href":"https:\/\/redept.com.br\/blogosfera\/wp-json\/wp\/v2\/posts\/31036","targetHints":{"allow":["GET"]}}],"collection":[{"href":"https:\/\/redept.com.br\/blogosfera\/wp-json\/wp\/v2\/posts"}],"about":[{"href":"https:\/\/redept.com.br\/blogosfera\/wp-json\/wp\/v2\/types\/post"}],"author":[{"embeddable":true,"href":"https:\/\/redept.com.br\/blogosfera\/wp-json\/wp\/v2\/users\/2"}],"replies":[{"embeddable":true,"href":"https:\/\/redept.com.br\/blogosfera\/wp-json\/wp\/v2\/comments?post=31036"}],"version-history":[{"count":0,"href":"https:\/\/redept.com.br\/blogosfera\/wp-json\/wp\/v2\/posts\/31036\/revisions"}],"wp:attachment":[{"href":"https:\/\/redept.com.br\/blogosfera\/wp-json\/wp\/v2\/media?parent=31036"}],"wp:term":[{"taxonomy":"category","embeddable":true,"href":"https:\/\/redept.com.br\/blogosfera\/wp-json\/wp\/v2\/categories?post=31036"},{"taxonomy":"post_tag","embeddable":true,"href":"https:\/\/redept.com.br\/blogosfera\/wp-json\/wp\/v2\/tags?post=31036"}],"curies":[{"name":"wp","href":"https:\/\/api.w.org\/{rel}","templated":true}]}}