{"id":31039,"date":"2025-06-01T16:51:13","date_gmt":"2025-06-01T19:51:13","guid":{"rendered":"https:\/\/redept.org\/blogosfera\/pf-ve-ligacao-de-deputados-e-senadores-a-desvios-no-inss-e-envia-investigacao-ao-stf\/"},"modified":"2025-06-01T16:51:13","modified_gmt":"2025-06-01T19:51:13","slug":"pf-ve-ligacao-de-deputados-e-senadores-a-desvios-no-inss-e-envia-investigacao-ao-stf","status":"publish","type":"post","link":"https:\/\/redept.com.br\/blogosfera\/pf-ve-ligacao-de-deputados-e-senadores-a-desvios-no-inss-e-envia-investigacao-ao-stf\/","title":{"rendered":"PF v\u00ea liga\u00e7\u00e3o de deputados e senadores a desvios no INSS e envia investiga\u00e7\u00e3o ao STF"},"content":{"rendered":"<p>Parte das investiga\u00e7\u00f5es ser\u00e1 enviada ao STF e deve alcan\u00e7ar n\u00famero expressivo de deputados e senadores suspeitos de envolvimento no esquema.<\/p>\n<p>A Pol\u00edcia Federal est\u00e1 em fase avan\u00e7ada de apura\u00e7\u00e3o sobre esquema bilion\u00e1rio de fraudes no Instituto Nacional do Seguro Social (INSS) e j\u00e1 prepara o envio de parte das investiga\u00e7\u00f5es ao Supremo Tribunal Federal (STF). Segundo a coluna do jornalista Lauro Jardim, de O Globo, o envio do material ao STF aponta que o esquema de desvios por meio de descontos irregulares deve membros do Congresso nacional.<\/p>\n<p>Com a remessa dos documentos ao STF, o caso passa a atingir em cheio deputados e senadores, j\u00e1 que parlamentares com foro privilegiado s\u00f3 podem ser investigados e processados pela Corte. De acordo com a reportagem, o n\u00famero de congressistas citados nas investiga\u00e7\u00f5es n\u00e3o \u00e9 pequeno, diz Paulo Em\u00edlio, 247.<\/p>\n<p><strong>Siga-nos no Whatsapp:<\/strong><a href=\"https:\/\/chat.whatsapp.com\/HlpAeWDAUrD8Qq1AjWiCK5\"> https:\/\/chat.whatsapp.com\/HlpAeWDAUrD8Qq1AjWiCK5<\/a><\/p>\n<p><strong>Siga-nos no Facebook:<\/strong> <a href=\"https:\/\/www.facebook.com\/profile.php?id=100070790366110\">https:\/\/www.facebook.com\/profile.php?id=100070790366110<\/a><\/p>\n<p><strong>Siga-nos no X:<\/strong> <a href=\"https:\/\/x.com\/Antropofagista1\">https:\/\/x.com\/Antropofagista1<\/a><\/p>\n<p><strong>Siga-nos no Instagram:<\/strong> <a href=\"https:\/\/www.instagram.com\/blogantropofagista?igsh=YzljYTk1ODg3Zg==\">https:\/\/www.instagram.com\/blogantropofagista?igsh=YzljYTk1ODg3Zg==<\/a><\/p>\n<hr>\n<h5>Apoie o Antropofagista com qualquer valor<br \/>\nPIX: 45013993768<br \/>\nAgradecemos imensamente<\/h5>\n<hr>\n<p>\u00a0<\/p>\n<p>The post <a href=\"https:\/\/antropofagista.com.br\/2025\/06\/01\/pf-ve-ligacao-de-deputados-e-senadores-a-desvios-no-inss-e-envia-investigacao-ao-stf\/\">PF v\u00ea liga\u00e7\u00e3o de deputados e senadores a desvios no INSS e envia investiga\u00e7\u00e3o ao STF<\/a> first appeared on <a href=\"https:\/\/antropofagista.com.br\/\">Antropofagista<\/a>.<\/p>\n<!-- Begin Yuzo --><div class='yuzo_related_post style-1'  data-version='5.12.89'><!-- without result --><div class='yuzo_clearfixed yuzo__title yuzo__title'><h3>Related Post<\/h3><\/div>\n\t\t\t\t\t\t  <div class=\"relatedthumb \" style=\"width:125px;float:left;overflow:hidden;\">  \n\t\t\t\t\t\t\t  \n\t\t\t\t\t\t\t  <a  href=\"https:\/\/redept.com.br\/blogosfera\/reforma-agraria-caminho-necessario-para-minimizar-a-inflacao-dos-alimentos-no-brasil\/\"  >\n\t\t\t\t\t\t\t\t\t  <div class=\"yuzo-img-wrap \" style=\"width: 125px;height:90px;\">\n\t\t\t\t\t\t\t\t\t\t\n\t\t\t\t\t\t\t\t\t\t<div class=\"yuzo-img\" style=\"background:url('https:\/\/redept.com.br\/blogosfera\/wp-content\/uploads\/2025\/05\/Soja-no-Braisl-1024x596-1-150x150.jpg') 50% 50% no-repeat;width: 125px;height:90px;margin-bottom: 5px;background-size: cover; \"><\/div>\n\t\t\t\t\t\t\t\t\t  <\/div>\n\t\t\t\t\t\t\t\t\t  \n\t\t\t\t\t\t\t\t   <span class=\"yuzo__text--title\" style=\"font-size:13px;\">Reforma Agr\u00e1ria: caminho necess\u00e1rio para minimizar...<\/span>\n\t\t\t\t\t\t\t  \n\t\t\t\t\t\t\t  \n\t\t\t\t\t\t\t  <\/a>\n\n\t\t\t\t\t\t  <\/div>\n\t\t\t\t\t\t  <div class=\"relatedthumb \" style=\"width:125px;float:left;overflow:hidden;\">  \n\t\t\t\t\t\t\t  \n\t\t\t\t\t\t\t  <a  href=\"https:\/\/redept.com.br\/blogosfera\/biografia-de-lula-e-lancada-na-feira-internacional-do-livro-de-pequim\/\"  >\n\t\t\t\t\t\t\t\t\t  <div class=\"yuzo-img-wrap \" style=\"width: 125px;height:90px;\">\n\t\t\t\t\t\t\t\t\t\t\n\t\t\t\t\t\t\t\t\t\t<div class=\"yuzo-img\" style=\"background:url('https:\/\/redept.com.br\/blogosfera\/wp-content\/uploads\/2025\/06\/Biografia-de-Lula-China-150x150.jpg') 50% 50% no-repeat;width: 125px;height:90px;margin-bottom: 5px;background-size: cover; \"><\/div>\n\t\t\t\t\t\t\t\t\t  <\/div>\n\t\t\t\t\t\t\t\t\t  \n\t\t\t\t\t\t\t\t   <span class=\"yuzo__text--title\" style=\"font-size:13px;\">Biografia de Lula \u00e9 lan\u00e7ada na Feira Internacional...<\/span>\n\t\t\t\t\t\t\t  \n\t\t\t\t\t\t\t  \n\t\t\t\t\t\t\t  <\/a>\n\n\t\t\t\t\t\t  <\/div>\n\t\t\t\t\t\t  <div class=\"relatedthumb \" style=\"width:125px;float:left;overflow:hidden;\">  \n\t\t\t\t\t\t\t  \n\t\t\t\t\t\t\t  <a  href=\"https:\/\/redept.com.br\/blogosfera\/a-exploracao-da-juventude-ambulante-no-capitalismo\/\"  >\n\t\t\t\t\t\t\t\t\t  <div class=\"yuzo-img-wrap \" style=\"width: 125px;height:90px;\">\n\t\t\t\t\t\t\t\t\t\t\n\t\t\t\t\t\t\t\t\t\t<div class=\"yuzo-img\" style=\"background:url('https:\/\/redept.org\/blogosfera\/wp-content\/plugins\/yuzo-related-post\/assets\/images\/default.png') 50% 50% no-repeat;width: 125px;height:90px;margin-bottom: 5px;background-size: cover; \"><\/div>\n\t\t\t\t\t\t\t\t\t  <\/div>\n\t\t\t\t\t\t\t\t\t  \n\t\t\t\t\t\t\t\t   <span class=\"yuzo__text--title\" style=\"font-size:13px;\">A explora\u00e7\u00e3o da juventude ambulante no capitalismo...<\/span>\n\t\t\t\t\t\t\t  \n\t\t\t\t\t\t\t  \n\t\t\t\t\t\t\t  <\/a>\n\n\t\t\t\t\t\t  <\/div>\n\t\t\t\t\t\t  <div class=\"relatedthumb \" style=\"width:125px;float:left;overflow:hidden;\">  \n\t\t\t\t\t\t\t  \n\t\t\t\t\t\t\t  <a  href=\"https:\/\/redept.com.br\/blogosfera\/familia-bolsonaro-movimentou-mais-de-um-milhao-nos-eua-apos-derrota-nas-eleicoes\/\"  >\n\t\t\t\t\t\t\t\t\t  <div class=\"yuzo-img-wrap \" style=\"width: 125px;height:90px;\">\n\t\t\t\t\t\t\t\t\t\t\n\t\t\t\t\t\t\t\t\t\t<div class=\"yuzo-img\" style=\"background:url('https:\/\/redept.org\/blogosfera\/wp-content\/plugins\/yuzo-related-post\/assets\/images\/default.png') 50% 50% no-repeat;width: 125px;height:90px;margin-bottom: 5px;background-size: cover; \"><\/div>\n\t\t\t\t\t\t\t\t\t  <\/div>\n\t\t\t\t\t\t\t\t\t  \n\t\t\t\t\t\t\t\t   <span class=\"yuzo__text--title\" style=\"font-size:13px;\">Fam\u00edlia Bolsonaro movimentou mais de um milh\u00e3o nos...<\/span>\n\t\t\t\t\t\t\t  \n\t\t\t\t\t\t\t  \n\t\t\t\t\t\t\t  <\/a>\n\n\t\t\t\t\t\t  <\/div>\n<\/div> <script>\n\t\t\t\t\t\t  jQuery(document).ready(function( $ ){\n\t\t\t\t\t\t\t\/\/jQuery('.yuzo_related_post').equalizer({ overflow : 'relatedthumb' });\n\t\t\t\t\t\t\tjQuery('.yuzo_related_post .yuzo_wraps').equalizer({ columns : '> div' });\n\t\t\t\t\t\t   })\n\t\t\t\t\t\t  <\/script> <!-- End Yuzo :) -->","protected":false},"excerpt":{"rendered":"<p>Parte das investiga\u00e7\u00f5es ser\u00e1 enviada ao STF e deve alcan\u00e7ar n\u00famero expressivo de deputados e senadores suspeitos de envolvimento no esquema. A Pol\u00edcia Federal est\u00e1 em fase avan\u00e7ada de apura\u00e7\u00e3o sobre esquema bilion\u00e1rio de fraudes no Instituto Nacional do Seguro Social (INSS) e j\u00e1 prepara o envio de parte das investiga\u00e7\u00f5es ao Supremo Tribunal Federal [&hellip;]<\/p>\n","protected":false},"author":2,"featured_media":0,"comment_status":"open","ping_status":"closed","sticky":false,"template":"","format":"standard","meta":{"fifu_image_url":"","fifu_image_alt":"","footnotes":""},"categories":[2144,3251,1764,132,3894,1],"tags":[],"class_list":["post-31039","post","type-post","status-publish","format-standard","hentry","category-deputados","category-inss","category-policia-federal","category-politica","category-senadores","category-uncategorized"],"_links":{"self":[{"href":"https:\/\/redept.com.br\/blogosfera\/wp-json\/wp\/v2\/posts\/31039","targetHints":{"allow":["GET"]}}],"collection":[{"href":"https:\/\/redept.com.br\/blogosfera\/wp-json\/wp\/v2\/posts"}],"about":[{"href":"https:\/\/redept.com.br\/blogosfera\/wp-json\/wp\/v2\/types\/post"}],"author":[{"embeddable":true,"href":"https:\/\/redept.com.br\/blogosfera\/wp-json\/wp\/v2\/users\/2"}],"replies":[{"embeddable":true,"href":"https:\/\/redept.com.br\/blogosfera\/wp-json\/wp\/v2\/comments?post=31039"}],"version-history":[{"count":0,"href":"https:\/\/redept.com.br\/blogosfera\/wp-json\/wp\/v2\/posts\/31039\/revisions"}],"wp:attachment":[{"href":"https:\/\/redept.com.br\/blogosfera\/wp-json\/wp\/v2\/media?parent=31039"}],"wp:term":[{"taxonomy":"category","embeddable":true,"href":"https:\/\/redept.com.br\/blogosfera\/wp-json\/wp\/v2\/categories?post=31039"},{"taxonomy":"post_tag","embeddable":true,"href":"https:\/\/redept.com.br\/blogosfera\/wp-json\/wp\/v2\/tags?post=31039"}],"curies":[{"name":"wp","href":"https:\/\/api.w.org\/{rel}","templated":true}]}}