{"id":31336,"date":"2025-06-03T12:51:53","date_gmt":"2025-06-03T15:51:53","guid":{"rendered":"https:\/\/redept.org\/blogosfera\/porque-acabar-com-a-escala-6x1-e-colocar-o-rico-no-imposto-de-renda-e-essencial-para-o-brasil\/"},"modified":"2025-06-03T12:51:53","modified_gmt":"2025-06-03T15:51:53","slug":"porque-acabar-com-a-escala-6x1-e-colocar-o-rico-no-imposto-de-renda-e-essencial-para-o-brasil","status":"publish","type":"post","link":"https:\/\/redept.com.br\/blogosfera\/porque-acabar-com-a-escala-6x1-e-colocar-o-rico-no-imposto-de-renda-e-essencial-para-o-brasil\/","title":{"rendered":"Porque acabar com a escala 6\u00d71 e colocar o rico no Imposto de Renda \u00e9 essencial para o Brasil"},"content":{"rendered":"<p>A hist\u00f3ria de luta dos e das trabalhadoras no Brasil tem momentos bem definidos em torno do tema da redu\u00e7\u00e3o da jornada sem redu\u00e7\u00e3o salarial. Em 2024, mais um cap\u00edtulo dessa hist\u00f3ria se iniciou a partir de duas palavras de ordem: \u201cQueremos a Vida Al\u00e9m do Trabalho\u201d e \u201cFim da Escala 6\u00d71\u201d. Essas palavras seguiram a cartilha de agita\u00e7\u00e3o, dialogaram com as emo\u00e7\u00f5es e afetaram a sensibilidade do nosso povo, que foi, durante um bom tempo, ludibriado com o discurso do \u201cseja voc\u00ea seu pr\u00f3prio chefe\u201d. A morte de trabalhadores nos locais de trabalho se tornou ponto de discuss\u00e3o e, em mem\u00f3ria daqueles e daquelas que tiveram suas vidas ceifadas por uma jornada e escala de trabalho extenuantes, estamos e permaneceremos em luta.<\/p>\n<p>A real \u00e9 que todo mundo tem a mesma necessidade, mas dificilmente consegue transform\u00e1-la em pauta comum de luta. Muitas vezes, aqueles que o fazem correm o risco de ser taxados como economicistas \u2014 como n\u00f3s fomos. Mas veja: se tudo \u00e9 pol\u00edtico, a fome e a mis\u00e9ria tamb\u00e9m <strong>s\u00e3o<\/strong>.<\/p>\n<p>Com isso, o ano de 2025 se abriu com a possibilidade de discutirmos de forma pr\u00e1tica a unidade das for\u00e7as populares em torno de tr\u00eas pautas em comum: o fim da escala 6\u00d71, a redu\u00e7\u00e3o da jornada sem redu\u00e7\u00e3o salarial e a taxa\u00e7\u00e3o dos super-ricos (aqueles tipo o filho do Eike Batista que matou um jovem atropelado com o carro a mil por hora \u2014 n\u00e3o \u00e9 o meu tio que cuida do mercadinho do bairro na Barra do Cear\u00e1, n\u00e3o).<\/p>\n<p>A ferramenta necess\u00e1ria para expressar e dar corpo a essa unidade \u00e9 um velho conhecido nosso: o Plebiscito Popular. Este, com a capacidade de unificar os mais diversos setores e linguagens \u2014 sejam elas igrejas, movimentos populares, partidos, sindicatos, centrais etc. Essa ferramenta iniciou sua organiza\u00e7\u00e3o no come\u00e7o do ano e, at\u00e9 o final do m\u00eas de junho, todas as organiza\u00e7\u00f5es ser\u00e3o convocadas para construir o plebiscito, que deve ter como espa\u00e7o de debate todo e qualquer lugar que nosso povo ocupe \u2014 das igrejas aos bares. Por isso, esta escrita segue com a humilde fun\u00e7\u00e3o de, al\u00e9m de agitar o plebiscito, munir a nossa juventude de argumentos e permitir que o nosso povo se aproprie do Plebiscito Popular.<\/p>\n<p>Estudos da Organiza\u00e7\u00e3o Mundial da Sa\u00fade (OMS) vinculam longas jornadas sem descanso adequado ao aumento de doen\u00e7as cardiovasculares, depress\u00e3o e queda de produtividade. <a href=\"https:\/\/www.brasildefato.com.br\/2024\/02\/26\/opiniao-morte-de-trabalhador-em-cajamar-aponta-a-necessidade-de-regulamentacao-e-fiscalizacao-do-trabalho-em-e-commerce\/\">Lu\u00eds Felipe<\/a> chegou ao trabalho animado com uma poss\u00edvel efetiva\u00e7\u00e3o. No entanto, no final da tarde, ao ser chamado pelo departamento de recursos humanos da empresa, soube que n\u00e3o seria efetivado e que teria o seu contrato encerrado. Pouco tempo ap\u00f3s o an\u00fancio, <a href=\"https:\/\/www.brasildefato.com.br\/2024\/02\/26\/opiniao-morte-de-trabalhador-em-cajamar-aponta-a-necessidade-de-regulamentacao-e-fiscalizacao-do-trabalho-em-e-commerce\/\">Lu\u00eds tirou a sua pr\u00f3pria vida no ambiente de trabalho, no ano de 2024, em Cajamar.<\/a><\/p>\n<p>Pa\u00edses como Fran\u00e7a e Alemanha j\u00e1 adotaram escalas mais humanizadas, provando que reduzir dias trabalhados n\u00e3o prejudica a economia \u2014 pelo contr\u00e1rio, aumenta a efici\u00eancia. Al\u00e9m disso, um ponto de discuss\u00e3o importante \u00e9 o tema da tecnologia, que desde a d\u00e9cada de 1980 avan\u00e7a indiscutivelmente, o que nos provoca a refletir sobre o seu papel no aumento da produtividade e como ela deve estar tamb\u00e9m a servi\u00e7o da redu\u00e7\u00e3o da jornada e da escala de trabalho. A luta por menos horas de trabalho acompanha os avan\u00e7os tecnol\u00f3gicos. Se m\u00e1quinas e automa\u00e7\u00e3o aumentaram a produtividade, por que os trabalhadores ainda seguem sendo explorados com a jornada de 44 horas ou mais? Pa\u00edses como a Su\u00e9cia, com jornadas experimentais de 6 horas por dia, mostram que menos horas elevam a satisfa\u00e7\u00e3o e a efic\u00e1cia.<\/p>\n<p>No Brasil, onde milh\u00f5es enfrentam deslocamentos exaustivos e empregos precarizados, reduzir a jornada tamb\u00e9m geraria mais postos de trabalho, distribuindo oportunidades.<\/p>\n<p>Enquanto trabalhadores pagam proporcionalmente mais impostos sobre consumo (como ICMS e IPI), os ultra-ricos brasileiros concentram riqueza em para\u00edsos fiscais e pagam menos sobre renda e patrim\u00f4nio. Dados do IBGE revelam que o 1% mais rico det\u00e9m quase 50% da renda nacional, enquanto a carga tribut\u00e1ria recai sobre os mais pobres.<\/p>\n<p>Taxar grandes fortunas e aumentar al\u00edquotas para dividendos poderiam financiar:<\/p>\n<ul>\n<li>Sa\u00fade e educa\u00e7\u00e3o p\u00fablicas;<\/li>\n<li>Transporte e moradia dignos;<\/li>\n<li>Gera\u00e7\u00e3o de empregos.<\/li>\n<\/ul>\n<p>O argumento de que isso \u201cdesestimula investimentos\u201d \u00e9 falacioso: pa\u00edses como Noruega e Alemanha taxam seus ricos em at\u00e9 45%, sem fuga de capitais.<\/p>\n<p>Ainda, com esses dados, \u00e9 importante sim concluir que, se o posto do seu bairro n\u00e3o funciona e se falta merenda na escola, \u00e9 sim devido ao fato de que aqueles que recebem mais de R$ 50.000,00 pagam menos do que devem para o desenvolvimento do nosso pa\u00eds.<\/p>\n<p>Por fim, \u00e9 importante que n\u00e3o deixemos de demarcar quantas pessoas ser\u00e3o beneficiadas com o fim da escala 6 por 1, a redu\u00e7\u00e3o da jornada, a taxa\u00e7\u00e3o dos super-ricos e a isen\u00e7\u00e3o de Imposto de Renda para quem recebe at\u00e9 R$ 5.000,00. A popula\u00e7\u00e3o que recebe at\u00e9 R$ 5.000,00 por m\u00eas corresponde \u00e0 maioria esmagadora, chegando a quase 70%, e estima-se que apenas 1% da popula\u00e7\u00e3o receba mais de R$ 28.000,00.<\/p>\n<p>Ainda, considerando que a maioria dessa popula\u00e7\u00e3o que recebe at\u00e9 R$ 5.000,00 est\u00e1 nas jornadas 6\u00d71 e 5\u00d72, podemos sim considerar que o plebiscito tem um apelo junto \u00e0 maioria esmagadora da popula\u00e7\u00e3o brasileira.<\/p>\n<p>Dessa forma, \u00e9 papel nosso, das organiza\u00e7\u00f5es, construir essa ponte de di\u00e1logo com nosso povo. Por fim, convidamos todos e todas para se somar nessa constru\u00e7\u00e3o. No estado do Cear\u00e1, teremos a nossa primeira plen\u00e1ria estadual no dia 14 de junho, que deve definir como o plebiscito chegar\u00e1 a cada munic\u00edpio, bairro, escola e universidade do estado, para anunciar que acabar com a escala 6\u00d71, reduzir a jornada e taxar os super-ricos ser\u00e1 a vit\u00f3ria de 2025.<\/p>\n<p><em>*Thalita Vaz \u00e9 militante do Levante Popular da Juventude<\/em><\/p>\n<p><em>**Este \u00e9 um artigo de opini\u00e3o e n\u00e3o necessariamente representa a linha editorial do\u00a0<strong>Brasil do Fato<\/strong>.<\/em><\/p>\n<!-- Begin Yuzo --><div class='yuzo_related_post style-1'  data-version='5.12.89'><!-- without result --><div class='yuzo_clearfixed yuzo__title yuzo__title'><h3>Related Post<\/h3><\/div>\n\t\t\t\t\t\t  <div class=\"relatedthumb \" style=\"width:125px;float:left;overflow:hidden;\">  \n\t\t\t\t\t\t\t  \n\t\t\t\t\t\t\t  <a  href=\"https:\/\/redept.com.br\/blogosfera\/otimistas-sobre-conferencia-superam-pessimistas-revela-pesquisa-quaest\/\"  >\n\t\t\t\t\t\t\t\t\t  <div class=\"yuzo-img-wrap \" style=\"width: 125px;height:90px;\">\n\t\t\t\t\t\t\t\t\t\t\n\t\t\t\t\t\t\t\t\t\t<div class=\"yuzo-img\" style=\"background:url('https:\/\/redept.com.br\/blogosfera\/wp-content\/uploads\/2025\/11\/indigena-cop30-150x150.webp') 50% 50% no-repeat;width: 125px;height:90px;margin-bottom: 5px;background-size: cover; \"><\/div>\n\t\t\t\t\t\t\t\t\t  <\/div>\n\t\t\t\t\t\t\t\t\t  \n\t\t\t\t\t\t\t\t   <span class=\"yuzo__text--title\" style=\"font-size:13px;\">Otimistas sobre confer\u00eancia superam pessimistas, r...<\/span>\n\t\t\t\t\t\t\t  \n\t\t\t\t\t\t\t  \n\t\t\t\t\t\t\t  <\/a>\n\n\t\t\t\t\t\t  <\/div>\n\t\t\t\t\t\t  <div class=\"relatedthumb \" style=\"width:125px;float:left;overflow:hidden;\">  \n\t\t\t\t\t\t\t  \n\t\t\t\t\t\t\t  <a  href=\"https:\/\/redept.com.br\/blogosfera\/o-homem-que-mata-tambem-morre-morre-o-pai-e-nasce-um-assassino-filha-comenta-morte-de-lindomar-castilho\/\"  >\n\t\t\t\t\t\t\t\t\t  <div class=\"yuzo-img-wrap \" style=\"width: 125px;height:90px;\">\n\t\t\t\t\t\t\t\t\t\t\n\t\t\t\t\t\t\t\t\t\t<div class=\"yuzo-img\" style=\"background:url('https:\/\/redept.org\/blogosfera\/wp-content\/plugins\/yuzo-related-post\/assets\/images\/default.png') 50% 50% no-repeat;width: 125px;height:90px;margin-bottom: 5px;background-size: cover; \"><\/div>\n\t\t\t\t\t\t\t\t\t  <\/div>\n\t\t\t\t\t\t\t\t\t  \n\t\t\t\t\t\t\t\t   <span class=\"yuzo__text--title\" style=\"font-size:13px;\">\u201cO homem que mata tamb\u00e9m morre. Morre o pai e nasc...<\/span>\n\t\t\t\t\t\t\t  \n\t\t\t\t\t\t\t  \n\t\t\t\t\t\t\t  <\/a>\n\n\t\t\t\t\t\t  <\/div>\n\t\t\t\t\t\t  <div class=\"relatedthumb \" style=\"width:125px;float:left;overflow:hidden;\">  \n\t\t\t\t\t\t\t  \n\t\t\t\t\t\t\t  <a  href=\"https:\/\/redept.com.br\/blogosfera\/poda-de-arvores-no-parque-alim-pedro-gera-debate-e-mobilizacao-de-moradores-em-porto-alegre\/\"  >\n\t\t\t\t\t\t\t\t\t  <div class=\"yuzo-img-wrap \" style=\"width: 125px;height:90px;\">\n\t\t\t\t\t\t\t\t\t\t\n\t\t\t\t\t\t\t\t\t\t<div class=\"yuzo-img\" style=\"background:url('https:\/\/redept.com.br\/blogosfera\/wp-content\/uploads\/2025\/09\/WhatsApp-Image-2025-08-31-at-113414-150x150.jpeg') 50% 50% no-repeat;width: 125px;height:90px;margin-bottom: 5px;background-size: cover; \"><\/div>\n\t\t\t\t\t\t\t\t\t  <\/div>\n\t\t\t\t\t\t\t\t\t  \n\t\t\t\t\t\t\t\t   <span class=\"yuzo__text--title\" style=\"font-size:13px;\">Poda de \u00e1rvores no Parque Alim Pedro gera debate e...<\/span>\n\t\t\t\t\t\t\t  \n\t\t\t\t\t\t\t  \n\t\t\t\t\t\t\t  <\/a>\n\n\t\t\t\t\t\t  <\/div>\n\t\t\t\t\t\t  <div class=\"relatedthumb \" style=\"width:125px;float:left;overflow:hidden;\">  \n\t\t\t\t\t\t\t  \n\t\t\t\t\t\t\t  <a  href=\"https:\/\/redept.com.br\/blogosfera\/ibaneis-afirma-que-secretario-da-economia-do-df-ficara-no-cargo-ate-o-fim-do-ano\/\"  >\n\t\t\t\t\t\t\t\t\t  <div class=\"yuzo-img-wrap \" style=\"width: 125px;height:90px;\">\n\t\t\t\t\t\t\t\t\t\t\n\t\t\t\t\t\t\t\t\t\t<div class=\"yuzo-img\" style=\"background:url('https:\/\/redept.org\/blogosfera\/wp-content\/plugins\/yuzo-related-post\/assets\/images\/default.png') 50% 50% no-repeat;width: 125px;height:90px;margin-bottom: 5px;background-size: cover; \"><\/div>\n\t\t\t\t\t\t\t\t\t  <\/div>\n\t\t\t\t\t\t\t\t\t  \n\t\t\t\t\t\t\t\t   <span class=\"yuzo__text--title\" style=\"font-size:13px;\">Ibaneis afirma que secret\u00e1rio da Economia do DF fi...<\/span>\n\t\t\t\t\t\t\t  \n\t\t\t\t\t\t\t  \n\t\t\t\t\t\t\t  <\/a>\n\n\t\t\t\t\t\t  <\/div>\n<\/div> <script>\n\t\t\t\t\t\t  jQuery(document).ready(function( $ ){\n\t\t\t\t\t\t\t\/\/jQuery('.yuzo_related_post').equalizer({ overflow : 'relatedthumb' });\n\t\t\t\t\t\t\tjQuery('.yuzo_related_post .yuzo_wraps').equalizer({ columns : '> div' });\n\t\t\t\t\t\t   })\n\t\t\t\t\t\t  <\/script> <!-- End Yuzo :) -->","protected":false},"excerpt":{"rendered":"<p>A hist\u00f3ria de luta dos e das trabalhadoras no Brasil tem momentos bem definidos em torno do tema da redu\u00e7\u00e3o da jornada sem redu\u00e7\u00e3o salarial. Em 2024, mais um cap\u00edtulo dessa hist\u00f3ria se iniciou a partir de duas palavras de ordem: \u201cQueremos a Vida Al\u00e9m do Trabalho\u201d e \u201cFim da Escala 6\u00d71\u201d. Essas palavras seguiram [&hellip;]<\/p>\n","protected":false},"author":2,"featured_media":0,"comment_status":"closed","ping_status":"closed","sticky":false,"template":"","format":"standard","meta":{"fifu_image_url":"","fifu_image_alt":"","footnotes":""},"categories":[1963,1071,7537,153,6459],"tags":[],"class_list":["post-31336","post","type-post","status-publish","format-standard","hentry","category-escala-6x1","category-imposto-de-renda","category-movimento-brasil-popular","category-opiniao","category-plebiscito"],"_links":{"self":[{"href":"https:\/\/redept.com.br\/blogosfera\/wp-json\/wp\/v2\/posts\/31336","targetHints":{"allow":["GET"]}}],"collection":[{"href":"https:\/\/redept.com.br\/blogosfera\/wp-json\/wp\/v2\/posts"}],"about":[{"href":"https:\/\/redept.com.br\/blogosfera\/wp-json\/wp\/v2\/types\/post"}],"author":[{"embeddable":true,"href":"https:\/\/redept.com.br\/blogosfera\/wp-json\/wp\/v2\/users\/2"}],"replies":[{"embeddable":true,"href":"https:\/\/redept.com.br\/blogosfera\/wp-json\/wp\/v2\/comments?post=31336"}],"version-history":[{"count":0,"href":"https:\/\/redept.com.br\/blogosfera\/wp-json\/wp\/v2\/posts\/31336\/revisions"}],"wp:attachment":[{"href":"https:\/\/redept.com.br\/blogosfera\/wp-json\/wp\/v2\/media?parent=31336"}],"wp:term":[{"taxonomy":"category","embeddable":true,"href":"https:\/\/redept.com.br\/blogosfera\/wp-json\/wp\/v2\/categories?post=31336"},{"taxonomy":"post_tag","embeddable":true,"href":"https:\/\/redept.com.br\/blogosfera\/wp-json\/wp\/v2\/tags?post=31336"}],"curies":[{"name":"wp","href":"https:\/\/api.w.org\/{rel}","templated":true}]}}