{"id":31490,"date":"2025-06-03T15:40:13","date_gmt":"2025-06-03T18:40:13","guid":{"rendered":"https:\/\/redept.org\/blogosfera\/juristas-pela-democracia-pedem-veto-de-lula-ao-dia-da-amizade-brasil-israel\/"},"modified":"2025-06-03T15:40:13","modified_gmt":"2025-06-03T18:40:13","slug":"juristas-pela-democracia-pedem-veto-de-lula-ao-dia-da-amizade-brasil-israel","status":"publish","type":"post","link":"https:\/\/redept.com.br\/blogosfera\/juristas-pela-democracia-pedem-veto-de-lula-ao-dia-da-amizade-brasil-israel\/","title":{"rendered":"Juristas pela Democracia pedem veto de Lula ao \u2018Dia da Amizade Brasil-Israel\u2019"},"content":{"rendered":"<p>A Associa\u00e7\u00e3o Brasileira de Juristas pela Democracia (ABJD) solicitou ao presidente Luiz In\u00e1cio Lula da Silva (PT) o veto integral ao <a href=\"https:\/\/operamundi.uol.com.br\/guerra-israel-x-palestina\/senadores-petistas-votam-por-dia-da-amizade-brasil-israel\/\">Projeto de Lei (PL) n\u00ba 5.636\/2019, que institui o \u201cDia da Celebra\u00e7\u00e3o da Amizade Brasil-Israel\u201d em 12 de abril<\/a>.<\/p>\n<p>A ABJD argumenta que a aprova\u00e7\u00e3o da lei enviaria um sinal pol\u00edtico incompat\u00edvel com a tradi\u00e7\u00e3o diplom\u00e1tica brasileira, especialmente diante das den\u00fancias de viola\u00e7\u00f5es de direitos humanos e crimes de guerra cometidos por Israel contra o povo palestino. Aprovado pelo plen\u00e1rio do Senado em maio, o PL aguarda veto ou san\u00e7\u00e3o presidencial at\u00e9 o dia 18 de junho.<\/p>\n<p>O pedido de veto n\u00e3o \u00e9 contra o povo israelense, mas sim baseado em valores \u00e9ticos e humanit\u00e1rios, considerando as a\u00e7\u00f5es de Israel como limpeza \u00e9tnica, apartheid e genoc\u00eddio, ressalta a entidade. A ABJD conclui que a promulga\u00e7\u00e3o da data representaria um apoio ao governo de Benjamin Netanyahu e colocaria o Brasil contra os esfor\u00e7os internacionais por um cessar-fogo e solu\u00e7\u00f5es diplom\u00e1ticas.<\/p>\n<p>O genoc\u00eddio palestino, em curso na Faixa de Gaza desde 7 de outubro de 2023, j\u00e1 registrou quase 55 mil mortes, a maioria de mulheres e crian\u00e7as. Al\u00e9m de bombas, toda a popula\u00e7\u00e3o de mais de 2 milh\u00f5es de pessoas do territ\u00f3rio enfrenta risco severo de desnutri\u00e7\u00e3o, porque Israel impede a entrada de comida. J\u00e1 foram registradas dezenas de mortes por fome, a maioria de crian\u00e7as pequenas e idosos.<\/p>\n<p>O Alto Comiss\u00e1rio da Organiza\u00e7\u00e3o das Na\u00e7\u00f5es Unidas (ONU) para os Direitos Humanos, Volker T\u00fcrk, classificou ataques de Israel nesta ter\u00e7a-feira (03\/06) de \u201ccrimes de guerra\u201d, dois dias ap\u00f3s uma trag\u00e9dia similar no mesmo local, na qual 31 pessoas morreram e 176 ficaram feridas, segundo os servi\u00e7os de emerg\u00eancia. Ao menos 27 palestinos foram assassinados por militares israelenses em um centro de distribui\u00e7\u00e3o de comida.<\/p>\n<figure aria-describedby=\"caption-attachment-220976\"><img loading=\"lazy\" loading=\"lazy\" decoding=\"async\"src=\"https:\/\/redept.org\/blogosfera\/wp-content\/uploads\/2025\/06\/lula-palestina.jpg\" alt=\"\" width=\"1024\" height=\"613\" srcset=\"https:\/\/redept.org\/blogosfera\/wp-content\/uploads\/2025\/06\/lula-palestina.jpg 1024w, https:\/\/operamundi.uol.com.br\/wp-content\/uploads\/2025\/06\/lula-palestina-300x180.jpg 300w, https:\/\/operamundi.uol.com.br\/wp-content\/uploads\/2025\/06\/lula-palestina-768x460.jpg 768w, https:\/\/operamundi.uol.com.br\/wp-content\/uploads\/2025\/06\/lula-palestina-150x90.jpg 150w, https:\/\/operamundi.uol.com.br\/wp-content\/uploads\/2025\/06\/lula-palestina-750x449.jpg 750w\" sizes=\"auto, (max-width: 1024px) 100vw, 1024px\"><figcaption>Presidente Lula, ao receber brasileiros resgatados da Faixa de Gaza <br \/>Rafa Neddermeyer \/ Ag\u00eancia Brasil<\/figcaption><\/figure>\n<p><strong>Leia a carta na \u00edntegra:<\/strong><\/p>\n<p><em>Excelent\u00edssimo Senhor Presidente,<\/em><\/p>\n<p><em>A Associa\u00e7\u00e3o Brasileira de Juristas pela Democracia (ABJD), entidade composta por juristas comprometidas e comprometidos com a defesa intransigente da democracia, dos direitos humanos e com a luta por justi\u00e7a social, vem respeitosamente, por meio desta, solicitar a Vossa Excel\u00eancia o veto integral ao Projeto de Lei n\u00ba 5.636\/2019, aprovado recentemente pelo Congresso Nacional, que institui o \u201cDia da Celebra\u00e7\u00e3o da Amizade Brasil-Israel\u201d, a ser comemorado, anualmente, no dia 12 de abril.<\/em><\/p>\n<p><em>N\u00e3o se trata, Senhor Presidente, de um ju\u00edzo sobre o povo israelense ou sobre o direito de exist\u00eancia do Estado de Israel. Trata-se de um posicionamento \u00e9tico e pol\u00edtico diante do atual contexto internacional, marcado por flagrantes e sistem\u00e1ticas viola\u00e7\u00f5es aos direitos humanos e ao direito internacional humanit\u00e1rio perpetradas pelo governo israelense contra o povo palestino.<\/em><\/p>\n<p><em>Toda a comunidade internacional tem testemunhado de maneira at\u00f4nita a barb\u00e1rie do massacre de milhares de civis palestinos, dentre os quais mulheres, crian\u00e7as, idosos e trabalhadores da sa\u00fade.<\/em><\/p>\n<p><em>A san\u00e7\u00e3o presidencial de um projeto de lei que homenageia simbolicamente o Estado de Israel \u2013 em pleno avan\u00e7o de a\u00e7\u00f5es que t\u00eam sido classificadas por institui\u00e7\u00f5es e juristas internacionais como atos de limpeza \u00e9tnica, apartheid e, recentemente, como genoc\u00eddio, nos termos denunciados perante a Corte Internacional de Justi\u00e7a \u2013 representaria um sinal pol\u00edtico profundamente incompat\u00edvel com a tradi\u00e7\u00e3o diplom\u00e1tica brasileira de respeito ao multilateralismo, \u00e0 autodetermina\u00e7\u00e3o dos povos e \u00e0 defesa da paz.<\/em><\/p>\n<p><em>Cabe lembrar que, nos \u00faltimos meses, o Brasil, sob sua lideran\u00e7a, tem adotado posi\u00e7\u00f5es firmes em foros multilaterais, como o Conselho de Seguran\u00e7a da ONU, exigindo cessar-fogo e acesso humanit\u00e1rio \u00e0 Faixa de Gaza. Nesse mesmo sentido, amplas parcelas da sociedade civil brasileira \u2013 incluindo entidades sindicais, movimentos populares, religiosos e artistas \u2013 t\u00eam se manifestado contrariamente \u00e0 manuten\u00e7\u00e3o de rela\u00e7\u00f5es diplom\u00e1ticas e comerciais com o atual governo israelense, demandando inclusive a revoga\u00e7\u00e3o do Acordo de Livre Com\u00e9rcio e o embargo \u00e0 venda de armas.<\/em><\/p>\n<p><em>A eventual promulga\u00e7\u00e3o do \u201cDia da Celebra\u00e7\u00e3o da Amizade Brasil-Israel\u201d neste momento hist\u00f3rico, em que os olhos do mundo se voltam para o sofrimento do povo palestino, ofende o sentimento de solidariedade internacional e justi\u00e7a hist\u00f3rica.<\/em><\/p>\n<p><em>Mais do que um gesto simb\u00f3lico, essa lei seria interpretada como um endosso pol\u00edtico do Brasil ao atual governo de extrema direita de Israel, dirigido por Benjamin Netanyahu, cujas pr\u00e1ticas t\u00eam sido alvo de rep\u00fadio global. Em contraste com os esfor\u00e7os brasileiros de constru\u00e7\u00e3o de uma ordem internacional mais justa e pac\u00edfica, o PL 5636\/2019, neste momento, se revela inoportuno, insens\u00edvel e politicamente contraproducente.<\/em><\/p>\n<p><em>Assim, a ABJD, comprometida com os princ\u00edpios constitucionais da dignidade humana, da preval\u00eancia dos direitos humanos e da autodetermina\u00e7\u00e3o dos povos, requer a Vossa Excel\u00eancia o veto integral ao PL 5636\/2019, como ato de coer\u00eancia com os valores humanit\u00e1rios e democr\u00e1ticos que t\u00eam norteado sua trajet\u00f3ria p\u00fablica e o posicionamento internacional de nosso pa\u00eds.<\/em><\/p>\n<p><em>A ABJD reafirma que este pedido n\u00e3o representa um posicionamento contra o povo israelense, mas sim contra a tentativa de, por meio de uma efem\u00e9ride oficial, normalizar ou legitimar pr\u00e1ticas reiteradas de viol\u00eancia estatal incompat\u00edveis com o direito internacional dos direitos humanos e com o direito internacional humanit\u00e1rio.<\/em><\/p>\n<p>O post <a href=\"https:\/\/operamundi.uol.com.br\/guerra-israel-x-palestina\/juristas-pela-democracia-pedem-veto-de-lula-ao-dia-da-amizade-brasil-israel\/\">Juristas pela Democracia pedem veto de Lula ao \u2018Dia da Amizade Brasil-Israel\u2019<\/a> apareceu primeiro em <a href=\"https:\/\/operamundi.uol.com.br\/\">Opera Mundi<\/a>.<\/p>\n<!-- Begin Yuzo --><div class='yuzo_related_post style-1'  data-version='5.12.89'><!-- without result --><div class='yuzo_clearfixed yuzo__title yuzo__title'><h3>Related Post<\/h3><\/div>\n\t\t\t\t\t\t  <div class=\"relatedthumb \" style=\"width:125px;float:left;overflow:hidden;\">  \n\t\t\t\t\t\t\t  \n\t\t\t\t\t\t\t  <a  href=\"https:\/\/redept.com.br\/blogosfera\/pacote-energetico-do-governo-lula-busca-frear-o-impacto-da-guerra-no-brasil\/\"  >\n\t\t\t\t\t\t\t\t\t  <div class=\"yuzo-img-wrap \" style=\"width: 125px;height:90px;\">\n\t\t\t\t\t\t\t\t\t\t\n\t\t\t\t\t\t\t\t\t\t<div class=\"yuzo-img\" style=\"background:url('https:\/\/redept.com.br\/blogosfera\/wp-content\/uploads\/2026\/04\/cb8b19c6-5d16-4b7c-930f-d16bb63f2686-150x150.jpeg') 50% 50% no-repeat;width: 125px;height:90px;margin-bottom: 5px;background-size: cover; \"><\/div>\n\t\t\t\t\t\t\t\t\t  <\/div>\n\t\t\t\t\t\t\t\t\t  \n\t\t\t\t\t\t\t\t   <span class=\"yuzo__text--title\" style=\"font-size:13px;\">Pacote energ\u00e9tico do governo Lula busca frear o im...<\/span>\n\t\t\t\t\t\t\t  \n\t\t\t\t\t\t\t  \n\t\t\t\t\t\t\t  <\/a>\n\n\t\t\t\t\t\t  <\/div>\n\t\t\t\t\t\t  <div class=\"relatedthumb \" style=\"width:125px;float:left;overflow:hidden;\">  \n\t\t\t\t\t\t\t  \n\t\t\t\t\t\t\t  <a  href=\"https:\/\/redept.com.br\/blogosfera\/paes-e-garotinho-lancam-candidaturas-ao-governo-do-rio\/\"  >\n\t\t\t\t\t\t\t\t\t  <div class=\"yuzo-img-wrap \" style=\"width: 125px;height:90px;\">\n\t\t\t\t\t\t\t\t\t\t\n\t\t\t\t\t\t\t\t\t\t<div class=\"yuzo-img\" style=\"background:url('https:\/\/redept.org\/blogosfera\/wp-content\/plugins\/yuzo-related-post\/assets\/images\/default.png') 50% 50% no-repeat;width: 125px;height:90px;margin-bottom: 5px;background-size: cover; \"><\/div>\n\t\t\t\t\t\t\t\t\t  <\/div>\n\t\t\t\t\t\t\t\t\t  \n\t\t\t\t\t\t\t\t   <span class=\"yuzo__text--title\" style=\"font-size:13px;\">Paes e Garotinho lan\u00e7am candidaturas ao governo do...<\/span>\n\t\t\t\t\t\t\t  \n\t\t\t\t\t\t\t  \n\t\t\t\t\t\t\t  <\/a>\n\n\t\t\t\t\t\t  <\/div>\n\t\t\t\t\t\t  <div class=\"relatedthumb \" style=\"width:125px;float:left;overflow:hidden;\">  \n\t\t\t\t\t\t\t  \n\t\t\t\t\t\t\t  <a  href=\"https:\/\/redept.com.br\/blogosfera\/chuvas-no-rio-grande-do-sul-nivel-de-rios-preocupa-no-estado\/\"  >\n\t\t\t\t\t\t\t\t\t  <div class=\"yuzo-img-wrap \" style=\"width: 125px;height:90px;\">\n\t\t\t\t\t\t\t\t\t\t\n\t\t\t\t\t\t\t\t\t\t<div class=\"yuzo-img\" style=\"background:url('https:\/\/redept.org\/blogosfera\/wp-content\/plugins\/yuzo-related-post\/assets\/images\/default.png') 50% 50% no-repeat;width: 125px;height:90px;margin-bottom: 5px;background-size: cover; \"><\/div>\n\t\t\t\t\t\t\t\t\t  <\/div>\n\t\t\t\t\t\t\t\t\t  \n\t\t\t\t\t\t\t\t   <span class=\"yuzo__text--title\" style=\"font-size:13px;\">Chuvas no Rio Grande do Sul: n\u00edvel de rios preocup...<\/span>\n\t\t\t\t\t\t\t  \n\t\t\t\t\t\t\t  \n\t\t\t\t\t\t\t  <\/a>\n\n\t\t\t\t\t\t  <\/div>\n\t\t\t\t\t\t  <div class=\"relatedthumb \" style=\"width:125px;float:left;overflow:hidden;\">  \n\t\t\t\t\t\t\t  \n\t\t\t\t\t\t\t  <a  href=\"https:\/\/redept.com.br\/blogosfera\/cuba-agradece-nova-ajuda-da-china-em-meio-a-pressao-dos-eua\/\"  >\n\t\t\t\t\t\t\t\t\t  <div class=\"yuzo-img-wrap \" style=\"width: 125px;height:90px;\">\n\t\t\t\t\t\t\t\t\t\t\n\t\t\t\t\t\t\t\t\t\t<div class=\"yuzo-img\" style=\"background:url('https:\/\/redept.com.br\/blogosfera\/wp-content\/uploads\/2026\/08\/1cuba-150x150.jpg') 50% 50% no-repeat;width: 125px;height:90px;margin-bottom: 5px;background-size: cover; \"><\/div>\n\t\t\t\t\t\t\t\t\t  <\/div>\n\t\t\t\t\t\t\t\t\t  \n\t\t\t\t\t\t\t\t   <span class=\"yuzo__text--title\" style=\"font-size:13px;\">Cuba agradece nova ajuda da China em meio \u00e0 press\u00e3...<\/span>\n\t\t\t\t\t\t\t  \n\t\t\t\t\t\t\t  \n\t\t\t\t\t\t\t  <\/a>\n\n\t\t\t\t\t\t  <\/div>\n<\/div> <script>\n\t\t\t\t\t\t  jQuery(document).ready(function( $ ){\n\t\t\t\t\t\t\t\/\/jQuery('.yuzo_related_post').equalizer({ overflow : 'relatedthumb' });\n\t\t\t\t\t\t\tjQuery('.yuzo_related_post .yuzo_wraps').equalizer({ columns : '> div' });\n\t\t\t\t\t\t   })\n\t\t\t\t\t\t  <\/script> <!-- End Yuzo :) -->","protected":false},"excerpt":{"rendered":"<p>A Associa\u00e7\u00e3o Brasileira de Juristas pela Democracia (ABJD) solicitou ao presidente Luiz In\u00e1cio Lula da Silva (PT) o veto integral ao Projeto de Lei (PL) n\u00ba 5.636\/2019, que institui o \u201cDia da Celebra\u00e7\u00e3o da Amizade Brasil-Israel\u201d em 12 de abril. A ABJD argumenta que a aprova\u00e7\u00e3o da lei enviaria um sinal pol\u00edtico incompat\u00edvel com a [&hellip;]<\/p>\n","protected":false},"author":2,"featured_media":0,"comment_status":"closed","ping_status":"closed","sticky":false,"template":"","format":"standard","meta":{"fifu_image_url":"","fifu_image_alt":"","footnotes":""},"categories":[6042,7585,6141,45,52,325,3938,25,112,53,267,54,1276,7586,7587],"tags":[],"class_list":["post-31490","post","type-post","status-publish","format-standard","hentry","category-abjd","category-amizade-brasil-israel","category-apartheid","category-brasil","category-gaza","category-genocidio","category-guerra-israel-x-palestina","category-israel","category-lula","category-netanyahu","category-onu","category-palestina","category-projeto","category-veto","category-volker-turk"],"_links":{"self":[{"href":"https:\/\/redept.com.br\/blogosfera\/wp-json\/wp\/v2\/posts\/31490","targetHints":{"allow":["GET"]}}],"collection":[{"href":"https:\/\/redept.com.br\/blogosfera\/wp-json\/wp\/v2\/posts"}],"about":[{"href":"https:\/\/redept.com.br\/blogosfera\/wp-json\/wp\/v2\/types\/post"}],"author":[{"embeddable":true,"href":"https:\/\/redept.com.br\/blogosfera\/wp-json\/wp\/v2\/users\/2"}],"replies":[{"embeddable":true,"href":"https:\/\/redept.com.br\/blogosfera\/wp-json\/wp\/v2\/comments?post=31490"}],"version-history":[{"count":0,"href":"https:\/\/redept.com.br\/blogosfera\/wp-json\/wp\/v2\/posts\/31490\/revisions"}],"wp:attachment":[{"href":"https:\/\/redept.com.br\/blogosfera\/wp-json\/wp\/v2\/media?parent=31490"}],"wp:term":[{"taxonomy":"category","embeddable":true,"href":"https:\/\/redept.com.br\/blogosfera\/wp-json\/wp\/v2\/categories?post=31490"},{"taxonomy":"post_tag","embeddable":true,"href":"https:\/\/redept.com.br\/blogosfera\/wp-json\/wp\/v2\/tags?post=31490"}],"curies":[{"name":"wp","href":"https:\/\/api.w.org\/{rel}","templated":true}]}}