{"id":31650,"date":"2025-06-04T17:42:06","date_gmt":"2025-06-04T20:42:06","guid":{"rendered":"https:\/\/redept.org\/blogosfera\/transicao-energetica-em-disputa-soberania-justica-social-no-contexto-da-america-latina\/"},"modified":"2025-06-04T17:42:06","modified_gmt":"2025-06-04T20:42:06","slug":"transicao-energetica-em-disputa-soberania-justica-social-no-contexto-da-america-latina","status":"publish","type":"post","link":"https:\/\/redept.com.br\/blogosfera\/transicao-energetica-em-disputa-soberania-justica-social-no-contexto-da-america-latina\/","title":{"rendered":"Transi\u00e7\u00e3o energ\u00e9tica em disputa: soberania, justi\u00e7a social no contexto da Am\u00e9rica Latina"},"content":{"rendered":"<p>O contexto da atual crise clim\u00e1tica colocou a<a href=\"https:\/\/www.brasildefato.com.br\/2024\/07\/26\/rio-grande-do-sul-e-alvo-de-acao-na-justica-que-pede-transicao-energetica\/\" data-type=\"link\" data-id=\"https:\/\/www.brasildefato.com.br\/2024\/07\/26\/rio-grande-do-sul-e-alvo-de-acao-na-justica-que-pede-transicao-energetica\/\"> transi\u00e7\u00e3o energ\u00e9tica <\/a>no centro do debate, sendo frequentemente apresentada como solu\u00e7\u00e3o para a descarboniza\u00e7\u00e3o. Na Am\u00e9rica Latina, contudo, esse processo apresenta contornos complexos e controversos, levantando questionamentos sobre soberania, justi\u00e7a social e os pr\u00f3prios modelos de desenvolvimento.<\/p>\n<p>A situa\u00e7\u00e3o atual da transi\u00e7\u00e3o energ\u00e9tica (TE) na regi\u00e3o foi tema de debate nesta segunda-feira (2), no painel \u201cAm\u00e9rica Latina em disputa: os desafios da transi\u00e7\u00e3o energ\u00e9tica\u201d. O evento teve como palestrantes os professores da Universidade Federal do Rio Grande do Sul (Ufrgs) Leonardo Granato e Sofia Isabel Vizcarra Castillo, e a diretora nacional do Movimento pela Soberania Popular na Minera\u00e7\u00e3o (MAM) Iara Reis. A atividade, realizada no audit\u00f3rio do Sindicato dos Banc\u00e1rios de Porto Alegre e Regi\u00e3o (SindBanc\u00e1rios), integrou a programa\u00e7\u00e3o da <a href=\"https:\/\/www.brasildefato.com.br\/2025\/06\/02\/manifestacao-contra-o-pl-da-devastacao-marca-abertura-da-semana-do-meio-ambiente-no-rs\/\" data-type=\"link\" data-id=\"https:\/\/www.brasildefato.com.br\/2025\/06\/02\/manifestacao-contra-o-pl-da-devastacao-marca-abertura-da-semana-do-meio-ambiente-no-rs\/\">Semana do Meio Ambiente<\/a> do Rio Grande do Sul.<\/p>\n<p>\u201cA partir de 2040, a janela de oportunidade fechou-se e as mudan\u00e7as clim\u00e1ticas tornaram-se incontrol\u00e1veis. Entre 2050 e 2080, assistimos gradualmente ao desaparecimento das florestas devoradas por inc\u00eandios cada vez mais monstruosos. Ao mesmo tempo, os rios secaram e a \u00e1gua pot\u00e1vel tornou-se cada vez mais escassa\u201d, diz trecho de um texto dist\u00f3pico lido pelo doutor em economia pol\u00edtica internacional Leonardo Granato.<\/p>\n<figure><\/figure>\n<p>O professor abriu sua apresenta\u00e7\u00e3o com uma parte do texto \u201c23 de dezembro de 2084\u201d, escrito por Michael L\u00f6wy e publicado na revista Terra Redonda. Para Granato o relato, feito por um jovem nascido em 2002 e refugiado na Groenl\u00e2ndia ap\u00f3s o colapso clim\u00e1tico, reflete a urg\u00eancia da emerg\u00eancia ecol\u00f3gica atual.<\/p>\n<p>Embora a transi\u00e7\u00e3o energ\u00e9tica seja apresentada como um processo de descarboniza\u00e7\u00e3o e uso de fontes renov\u00e1veis, para Granato ela tem servido principalmente \u00e0 adapta\u00e7\u00e3o do sistema capitalista \u00e0s exig\u00eancias da pr\u00f3pria crise. \u201c\u00c9 uma solu\u00e7\u00e3o tecnocr\u00e1tica, apresentada como neutra, sem participa\u00e7\u00e3o social. Trata-se de um projeto despolitizado, afastado de uma participa\u00e7\u00e3o democr\u00e1tica\u201d, afirmou.<\/p>\n<p>O professor ressaltou que, longe de substituir as fontes f\u00f3sseis, a atual transi\u00e7\u00e3o energ\u00e9tica as adiciona \u00e0s novas matrizes. \u201cNunca houve, historicamente, uma verdadeira <a href=\"https:\/\/www.brasildefato.com.br\/colunista\/vicente-rauber\/2025\/05\/22\/transicao-energetica-e-preciso-acelerar-o-passo\/\" data-type=\"link\" data-id=\"https:\/\/www.brasildefato.com.br\/colunista\/vicente-rauber\/2025\/05\/22\/transicao-energetica-e-preciso-acelerar-o-passo\/\">transi\u00e7\u00e3o energ\u00e9tica<\/a>. Lenha, carv\u00e3o e petr\u00f3leo continuam sendo usados\u201d, disse, citando o historiador franc\u00eas Jean-Baptiste Fressoz. \u201cO modelo atual promove uma adi\u00e7\u00e3o de fontes energ\u00e9ticas para alimentar a l\u00f3gica de destrui\u00e7\u00e3o criativa do capitalismo que demanda cada vez mais energia.\u201d<\/p>\n<p>Do ponto de vista t\u00e9cnico lembrou que as tecnologias chamadas \u201climpas\u201d tamb\u00e9m dependem de energia f\u00f3ssil. \u201cOs aparelhos para gera\u00e7\u00e3o de energia renov\u00e1vel s\u00f3 podem ser produzidos com o calor de fontes f\u00f3sseis.\u201d<\/p>\n<h4>O discurso oficial<\/h4>\n<p>Na vis\u00e3o do governo federal tornou-se imperativo realizar altera\u00e7\u00f5es profundas na matriz energ\u00e9tica global, nacional e regional, para substituir fontes baseadas em combust\u00edveis f\u00f3sseis, como petr\u00f3leo e carv\u00e3o, por alternativas mais sustent\u00e1veis e de baixo carbono, como solar, e\u00f3lica, biomassa e outras tecnologias limpas. A afirma\u00e7\u00e3o consta no relat\u00f3rio \u201c<a href=\"https:\/\/www.gov.br\/mme\/pt-br\/assuntos\/noticias\/BrasilLiderMundialnaTransicaoEnergeticaMinisteriodeMinaseEnergia.pdf\" data-type=\"link\" data-id=\"https:\/\/www.gov.br\/mme\/pt-br\/assuntos\/noticias\/BrasilLiderMundialnaTransicaoEnergeticaMinisteriodeMinaseEnergia.pdf\">Brasil, L\u00edder Mundial na Transi\u00e7\u00e3o Energ\u00e9tica<\/a>\u201d, do Minist\u00e9rio de Minas e Energia (MME).<\/p>\n<p>\u201cPela primeira vez, o Brasil disp\u00f5e de uma Pol\u00edtica Nacional de Transi\u00e7\u00e3o Energ\u00e9tica (PNTE), estabelecida em agosto de 2023, contendo diretrizes que norteiam a estrat\u00e9gia energ\u00e9tica do pa\u00eds para o enfrentamento das mudan\u00e7as clim\u00e1ticas\u201d, exp\u00f5e o material.<\/p>\n<p>O documento tamb\u00e9m afirma que a TE pode contribuir para a redu\u00e7\u00e3o das emiss\u00f5es de Gases de Efeito Estufa (GEE) e permitir\u00e1 ao pa\u00eds cumprir os compromissos internacionais, como o Acordo de Paris. O relat\u00f3rio projeta benef\u00edcios econ\u00f4micos, estimando investimentos de R$ 2 trilh\u00f5es em 10 anos, a gera\u00e7\u00e3o de 3 milh\u00f5es de empregos qualificados e o fortalecimento da ind\u00fastria nacional por meio do adensamento de cadeias produtivas.<\/p>\n<figure><img fetchpriority=\"high\" decoding=\"async\" width=\"800\" height=\"600\"src=\"https:\/\/redept.org\/blogosfera\/wp-content\/uploads\/2025\/06\/image_processing20220602-2501-138utye-800x570-1.jpeg\" alt=\"\" srcset=\"https:\/\/assets.brasildefato.com.br\/2024\/09\/image_processing20220602-2501-138utye-300x225.jpeg 300w, https:\/\/assets.brasildefato.com.br\/2024\/09\/image_processing20220602-2501-138utye-768x576.jpeg 768w, https:\/\/assets.brasildefato.com.br\/2024\/09\/image_processing20220602-2501-138utye-750x536.jpeg 750w, https:\/\/redept.org\/blogosfera\/wp-content\/uploads\/2025\/06\/image_processing20220602-2501-138utye-800x570-1.jpeg 800w\" sizes=\"(max-width: 800px) 100vw, 800px\"><figcaption>\u201cSofremos com uma crise da qual participamos pouco, e estamos sendo convocados a abrir nossos recursos em nome de uma solu\u00e7\u00e3o que pode refor\u00e7ar a desigualdade global\u201d, enfatizou Granato \u2013 Foto: Divulga\u00e7\u00e3o\/Ari Versiani\/PAC | Divulga\u00e7\u00e3o\/Ari Versiani\/PAC<\/figcaption><\/figure>\n<h4>A geopol\u00edtica da transi\u00e7\u00e3o<\/h4>\n<p>Ao analisar o contexto mundial, o professor Granato observou que a transi\u00e7\u00e3o energ\u00e9tica \u00e9 marcada pela disputa entre Estados Unidos e China, que buscam lideran\u00e7a n\u00e3o apenas em tecnologias verdes, mas tamb\u00e9m em digitaliza\u00e7\u00e3o e semicondutores. \u201cIsso convive com o vigor das fontes f\u00f3sseis\u201d, disse, citando relat\u00f3rio da Organiza\u00e7\u00e3o dos Pa\u00edses Exportadores de Petr\u00f3leo (Opep) que projeta petr\u00f3leo e g\u00e1s ainda representando mais de <a href=\"https:\/\/www.brasildefato.com.br\/colunista\/observatorio-de-politica-externa\/2025\/01\/27\/lider-na-transicao-energetica-matriz-energetica-brasileira-esconde-desafios\/\" data-type=\"link\" data-id=\"https:\/\/www.brasildefato.com.br\/colunista\/observatorio-de-politica-externa\/2025\/01\/27\/lider-na-transicao-energetica-matriz-energetica-brasileira-esconde-desafios\/\">50% da matriz energ\u00e9tica<\/a> mundial em 2050.<\/p>\n<p>Ele tamb\u00e9m mencionou o impacto das corridas armamentistas, que impulsionam o consumo de combust\u00edveis f\u00f3sseis. \u201cOs setores militares est\u00e3o entre os maiores emissores de gases de efeito estufa.\u201d<\/p>\n<p>No caso da Am\u00e9rica Latina, o professor pontuou que, mesmo sem representar 8% das emiss\u00f5es globais de GEE, os pa\u00edses da regi\u00e3o sofrem press\u00e3o para a extra\u00e7\u00e3o de recursos energ\u00e9ticos e superexplora\u00e7\u00e3o da m\u00e3o de obra. \u201cH\u00e1 uma perspectiva tecnocr\u00e1tica, corporativa e neocolonial por tr\u00e1s dessa transi\u00e7\u00e3o\u201d, criticou. \u201cMais uma vez, somos inclu\u00eddos como zonas de sacrif\u00edcio dentro do sistema global.\u201d<\/p>\n<h4>Energia, dados e exclus\u00e3o<\/h4>\n<p>Granato chamou aten\u00e7\u00e3o para o consumo crescente de eletricidade e \u00e1gua por centros de dados, intelig\u00eancia artificial e processamento de linguagem complexa. \u201cTudo isso consome recursos. E quem vai arcar com isso?\u201d, questionou.<\/p>\n<p>Para ele, falta debate sobre o carbono que ainda ser\u00e1 emitido. \u201cO que faremos com ele? Essa pergunta sequer est\u00e1 sendo feita.\u201d Al\u00e9m disso, criticou a aus\u00eancia de transfer\u00eancia tecnol\u00f3gica para pa\u00edses perif\u00e9ricos. \u201cO que temos \u00e9 treinamento para instala\u00e7\u00e3o de equipamentos importados. Isso gera drenagem de divisas, somada ao peso da d\u00edvida externa e \u00e0 austeridade fiscal.\u201d<\/p>\n<p>Granato concluiu sua fala trazendo duas manchetes. A primeira, da Folha de S. Paulo: \u201cPela primeira vez, o mundo precisa da Am\u00e9rica Latina\u201d. A segunda, de Ana Toni, secret\u00e1ria nacional de Mudan\u00e7a do Clima: \u201cA Am\u00e9rica Latina \u00e9 parte da solu\u00e7\u00e3o clim\u00e1tica\u201d. O professor fez um alerta: \u201cSofremos com uma crise da qual participamos pouco, e estamos sendo convocados a abrir nossos recursos em nome de uma solu\u00e7\u00e3o que pode refor\u00e7ar a desigualdade global.\u201d<\/p>\n<figure><img decoding=\"async\" width=\"1024\" height=\"768\"src=\"https:\/\/redept.org\/blogosfera\/wp-content\/uploads\/2025\/06\/WhatsApp-Image-2025-06-03-at-215008.jpeg\" alt=\"\" srcset=\"https:\/\/assets.brasildefato.com.br\/2025\/06\/WhatsApp-Image-2025-06-03-at-21.50.08-300x225.jpeg 300w, https:\/\/assets.brasildefato.com.br\/2025\/06\/WhatsApp-Image-2025-06-03-at-21.50.08-1024x768.jpeg 1024w, https:\/\/assets.brasildefato.com.br\/2025\/06\/WhatsApp-Image-2025-06-03-at-21.50.08-768x576.jpeg 768w, https:\/\/assets.brasildefato.com.br\/2025\/06\/WhatsApp-Image-2025-06-03-at-21.50.08-1536x1152.jpeg 1536w, https:\/\/assets.brasildefato.com.br\/2025\/06\/WhatsApp-Image-2025-06-03-at-21.50.08-750x536.jpeg 750w, https:\/\/assets.brasildefato.com.br\/2025\/06\/WhatsApp-Image-2025-06-03-at-21.50.08-1140x815.jpeg 1140w, https:\/\/redept.org\/blogosfera\/wp-content\/uploads\/2025\/06\/WhatsApp-Image-2025-06-03-at-215008.jpeg 1600w\" sizes=\"(max-width: 1024px) 100vw, 1024px\"><figcaption>\u201cTransi\u00e7\u00e3o energ\u00e9tica n\u00e3o se faz sem confian\u00e7a nas institui\u00e7\u00f5es\u201d, afirma Castillo \u2013 Foto: Luis Gustavo Barcelos<\/figcaption><\/figure>\n<h4>A transi\u00e7\u00e3o como disputa pol\u00edtica<\/h4>\n<p>A professora Sofia Isabel Vizcarra Castillo, doutora em sociologia, defendeu a centralidade do Estado no processo de transi\u00e7\u00e3o energ\u00e9tica. \u201cN\u00e3o se pode pensar uma transi\u00e7\u00e3o energ\u00e9tica sem o Estado. \u00c9 muito dif\u00edcil. (..) Transi\u00e7\u00e3o energ\u00e9tica n\u00e3o se faz sem confian\u00e7a nas institui\u00e7\u00f5es.\u201d<\/p>\n<p>Ela observou que, apesar de o Brasil ter uma matriz el\u00e9trica relativamente limpa, baseada em hidrel\u00e9tricas, isso tamb\u00e9m representa vulnerabilidade num cen\u00e1rio de mudan\u00e7as clim\u00e1ticas. \u201cEstamos dependendo de algo que depende do clima, que est\u00e1 mudando.\u201d<\/p>\n<p>Castillo destacou que a transi\u00e7\u00e3o n\u00e3o se resume \u00e0 troca de fontes energ\u00e9ticas. \u201cA energia estrutura a forma como constru\u00edmos a sociedade. A transi\u00e7\u00e3o envolve mudan\u00e7as de comportamento, de demanda e da forma como ocupamos os territ\u00f3rios.\u201d<\/p>\n<p>Ela diferenciou duas abordagens em disputa: a transi\u00e7\u00e3o energ\u00e9tica corporativa e a popular, apontando os impactos sociais de projetos tidos como sustent\u00e1veis. \u201cMovimentos atingidos por barragens alertam que energias renov\u00e1veis nem sempre s\u00e3o limpas do ponto de vista social.\u201d<\/p>\n<p>Segundo a professora, a energia deve ser entendida como um sistema sociot\u00e9cnico. \u201cEstamos falando de um modelo de desenvolvimento, de uma rela\u00e7\u00e3o com a natureza e com o territ\u00f3rio.\u201d Ela criticou solu\u00e7\u00f5es simplistas, como o incentivo ao carro el\u00e9trico em detrimento do transporte p\u00fablico. \u201cQuando \u00e9 carro el\u00e9trico, \u00e9 inova\u00e7\u00e3o. Quando \u00e9 transporte p\u00fablico de qualidade, \u00e9 gasto. N\u00e3o se discute isso como investimento clim\u00e1tico.\u201d<\/p>\n<h4>Hidrog\u00eanio verde e disputas locais<\/h4>\n<p>Desde 1975, o Brasil se debru\u00e7a sobre o desenvolvimento do hidrog\u00eanio, com programas como o Programa Brasileiro de Sistemas de C\u00e9lulas a Combust\u00edvel (ProCaC) e o <a href=\"https:\/\/www.gov.br\/mme\/pt-br\/assuntos\/noticias\/mme-apresenta-ao-cnpe-proposta-de-diretrizes-para-o-programa-nacional-do-hidrogenio-pnh2\/HidrognioRelatriodiretrizes.pdf\" data-type=\"link\" data-id=\"https:\/\/www.gov.br\/mme\/pt-br\/assuntos\/noticias\/mme-apresenta-ao-cnpe-proposta-de-diretrizes-para-o-programa-nacional-do-hidrogenio-pnh2\/HidrognioRelatriodiretrizes.pdf\">Programa Nacional de Hidrog\u00eanio<\/a> (ProH2). O <a href=\"https:\/\/www.epe.gov.br\/sites-pt\/publicacoes-dados-abertos\/publicacoes\/PublicacoesArquivos\/publicacao-227\/topico-563\/Relatorio%20Final%20do%20PNE%202050.pdf\" data-type=\"link\" data-id=\"https:\/\/www.epe.gov.br\/sites-pt\/publicacoes-dados-abertos\/publicacoes\/PublicacoesArquivos\/publicacao-227\/topico-563\/Relatorio%20Final%20do%20PNE%202050.pdf\">Plano Nacional de Energia 2050<\/a>, por exemplo, aponta o hidrog\u00eanio como uma tecnologia disruptiva para a descarboniza\u00e7\u00e3o. Em 2021, foi criado o Programa Nacional de Hidrog\u00eanio (PNH2).<\/p>\n<p>Nesta segunda-feira (2), o governo do Rio Grande do Sul lan\u00e7ou um edital de R$ 102,4 milh\u00f5es para atrair ind\u00fastrias ligadas \u00e0 cadeia do hidrog\u00eanio verde (H2V). De acordo com o governador, a estrat\u00e9gia foi pavimentada em cinco pilares: recursos naturais, ambiente de neg\u00f3cios, infraestrutura, capital humano e inova\u00e7\u00e3o. Segundo o Executivo estadual o planejamento para a descarboniza\u00e7\u00e3o est\u00e1 alinhado ao Plano Rio Grande. Em 2024, o<a href=\"https:\/\/www.complexodopecem.com.br\/hubh2v\/\" data-type=\"link\" data-id=\"https:\/\/www.complexodopecem.com.br\/hubh2v\/\"> Cear\u00e1<\/a> tamb\u00e9m lan\u00e7ou o Complexo Portu\u00e1rio do Pec\u00e9m, voltado \u00e0 produ\u00e7\u00e3o de H2V.<\/p>\n<p>O governador Eduardo Leite (PSD) afirmou que o RS est\u00e1 na vanguarda da economia verde: \u201c<a href=\"https:\/\/estado.rs.gov.br\/governo-lanca-estrategias-de-descarbonizacao-e-anuncia-edital-de-mais-de-r-100-milhoes-para-hidrogenio-verde\" data-type=\"link\" data-id=\"https:\/\/estado.rs.gov.br\/governo-lanca-estrategias-de-descarbonizacao-e-anuncia-edital-de-mais-de-r-100-milhoes-para-hidrogenio-verde\">Este investimento <\/a>representa mais do que desenvolvimento tecnol\u00f3gico. \u00c9 um passo decisivo para garantir um futuro de baixo carbono, com emprego, renda e oportunidades para todos. O fortalecimento das iniciativas que preveem a descarboniza\u00e7\u00e3o e os incentivos \u00e0s atividades de baixo carbono sempre estiveram no escopo do governo\u201d.<\/p>\n<p>Castillo, no entanto, lembrou que o hidrog\u00eanio n\u00e3o \u00e9 uma fonte prim\u00e1ria, mas uma forma de armazenar energia gerada por outras fontes \u2013 que podem ser f\u00f3sseis ou renov\u00e1veis. A ado\u00e7\u00e3o em larga escala, segundo ela, exigir\u00e1 profundas mudan\u00e7as na infraestrutura e aumento na extra\u00e7\u00e3o de min\u00e9rios. \u201cQuais s\u00e3o os planos para essa convers\u00e3o? Quem vai investir?\u201d<\/p>\n<p>A professora tamb\u00e9m criticou a condu\u00e7\u00e3o do plano estadual de transi\u00e7\u00e3o energ\u00e9tica, terceirizado a uma consultoria com pouca participa\u00e7\u00e3o social. \u201cPrecisamos discutir se isso representa de fato uma democracia energ\u00e9tica.\u201d<\/p>\n<p>Ela alertou ainda para os impactos ambientais da digitaliza\u00e7\u00e3o. \u201cData centers consomem \u00e1gua e min\u00e9rios estrat\u00e9gicos. E a certo ponto, no contexto, por exemplo, o capitalismo se aproveita de territ\u00f3rios que t\u00eam sido devastados pela crise clim\u00e1tica.\u201d Nesse sentido trouxe como refer\u00eancia o que est\u00e1 sendo feito em Eldorado do Sul (\u201ccidade de data centers\u201d, maior complexo de infraestrutura digital da Am\u00e9rica Latina, dever\u00e1 ser erguida pela <a href=\"https:\/\/www.estado.rs.gov.br\/com-investimento-inicial-de-r-3-bilhoes-governo-do-rs-e-scala-data-centers-assinam-acordo-para-o-maior-projeto-de-infraestrutu\" data-type=\"link\" data-id=\"https:\/\/www.estado.rs.gov.br\/com-investimento-inicial-de-r-3-bilhoes-governo-do-rs-e-scala-data-centers-assinam-acordo-para-o-maior-projeto-de-infraestrutu\">empresa Scala<\/a>).<\/p>\n<figure><img loading=\"lazy\" loading=\"lazy\" decoding=\"async\" width=\"800\" height=\"600\"src=\"https:\/\/redept.org\/blogosfera\/wp-content\/uploads\/2025\/06\/image_processing20240605-687528-5wyqvp-800x570-1.webp\" alt=\"\" srcset=\"https:\/\/assets.brasildefato.com.br\/2024\/09\/image_processing20240605-687528-5wyqvp-300x225.webp 300w, https:\/\/assets.brasildefato.com.br\/2024\/09\/image_processing20240605-687528-5wyqvp-768x576.webp 768w, https:\/\/assets.brasildefato.com.br\/2024\/09\/image_processing20240605-687528-5wyqvp-750x536.webp 750w, https:\/\/redept.org\/blogosfera\/wp-content\/uploads\/2025\/06\/image_processing20240605-687528-5wyqvp-800x570-1.webp 800w\" sizes=\"auto, (max-width: 800px) 100vw, 800px\"><figcaption>Destrui\u00e7\u00e3o na cidade ga\u00facha de Eldorado do Sul por causas das enchentes, onde a empresa Scala quer erguer a \u201ccidade de data centers\u201d  \u2013 Foto: Rafa Neddermeyer\/Ag\u00eancia Brasil | Rafa Neddermeyer\/Ag\u00eancia Brasil<\/figcaption><\/figure>\n<p>De acordo com <a href=\"https:\/\/www.brasildefato.com.br\/2025\/04\/22\/cidade-de-data-centers-no-rs-pode-gastar-mais-energia-que-40-milhoes-de-pessoas\/\">reportagem do Rep\u00f3rter Brasil<\/a>, o investimento inicial \u00e9 de R$ 3 bilh\u00f5es, podendo chegar a um total de R$ 500 bilh\u00f5es, segundo dados divulgados pelo governo do estado. \u201cVamos reerguer uma economia devastada pela crise clim\u00e1tica com uma atividade que tem s\u00e9rios impactos ambientais, e onde a conta n\u00e3o est\u00e1 necessariamente pronta?\u201d, questionou Castilho.<\/p>\n<p>Para a professora, a transi\u00e7\u00e3o energ\u00e9tica envolve disputas entre um modelo corporativo, liderado pelo mercado e por grandes investimentos em infraestrutura verde, como os anunciados pelo governo do RS sobre hidrog\u00eanio verde, e um modelo popular, que questiona fontes, escalas e modos de vida relacionados ao uso da energia.<\/p>\n<p>Em sua avalia\u00e7\u00e3o uma transi\u00e7\u00e3o justa precisa incluir letramento energ\u00e9tico, gera\u00e7\u00e3o de empregos e recoloca\u00e7\u00e3o profissional. \u201cComo vamos participar das decis\u00f5es se n\u00e3o entendemos o tema? A crise clim\u00e1tica \u00e9 tamb\u00e9m uma crise pol\u00edtica.\u201d<\/p>\n<p>Ela concluiu defendendo uma agenda energ\u00e9tica latino-americana baseada na solidariedade regional: \u201cO Brasil n\u00e3o precisa come\u00e7ar do zero. O Chile, o Uruguai e outros pa\u00edses j\u00e1 acumulam experi\u00eancias importantes\u201d.<\/p>\n<h4>MAM denuncia retrocessos e convoca resist\u00eancia<\/h4>\n<p>Encerrando o painel, a diretora nacional do MAM Iara Reis destacou a urg\u00eancia de aproximar o debate cient\u00edfico das comunidades atingidas pela minera\u00e7\u00e3o. \u201cAt\u00e9 quando vamos continuar falando s\u00f3 entre n\u00f3s? A ci\u00eancia precisa alcan\u00e7ar o povo.\u201d<\/p>\n<p>Segundo ela, a transi\u00e7\u00e3o energ\u00e9tica atual \u00e9, na verdade, uma transa\u00e7\u00e3o que mant\u00e9m a l\u00f3gica colonial. \u201cContinuamos extraindo l\u00edtio para carros el\u00e9tricos, sem mudar o modelo de consumo nem enfrentar as estruturas de poder. Seguimos sendo col\u00f4nia.\u201d<\/p>\n<p>Reis tamb\u00e9m denunciou a falta de transpar\u00eancia na Compensa\u00e7\u00e3o Financeira pela Explora\u00e7\u00e3o Mineral (Cfem). \u201cAs pr\u00f3prias mineradoras informam quanto produzem e quanto devem pagar. Em <a href=\"https:\/\/www.brasildefato.com.br\/2024\/12\/16\/monitor-de-energia-e-lancado-em-porto-alegre-com-estudo-sobre-impactos-do-carvao-mineral-em-candiota-rs\/\">Candiota<\/a> os pesquisadores sequer conseguiram acessar os dados. A sociedade ainda subsidia o saque.\u201d<\/p>\n<p>A diretora alertou para o projeto de minera\u00e7\u00e3o de tit\u00e2nio em S\u00e3o Jos\u00e9 do Norte que amea\u00e7a a Lagoa dos Patos. \u201cO autolicenciamento das empresas \u00e9 muito preocupante. J\u00e1 est\u00e3o instalando placas de proibi\u00e7\u00e3o por toda parte, sem di\u00e1logo com a popula\u00e7\u00e3o.\u201d<\/p>\n<p>Finalizando sua fala, a coordenadora convocou movimentos, universidades e comunidades a resistirem. \u201cPrecisamos de uma transi\u00e7\u00e3o feminista, antirracista e anticapitalista. Que a Am\u00e9rica Latina desperte para a for\u00e7a que tem.\u201d Ela tamb\u00e9m convidou para o primeiro <a href=\"https:\/\/www.brasildefato.com.br\/2025\/04\/15\/fortaleza-recebe-seminario-nacional-para-debater-mineracao-e-transicao-energetica\/\">Encontro Estadual do MAM<\/a> no RS, de 19 a 22 de junho, no Centro dos Professores do Estado do Rio Grande do Sul (Cpers), em prepara\u00e7\u00e3o para o encontro nacional em Fortaleza.<\/p>\n<blockquote data-instgrm-permalink=\"https:\/\/www.instagram.com\/reel\/DKKPCW5OvSj\/?utm_source=ig_embed&amp;utm_campaign=loading\" data-instgrm-version=\"14\">\n<div> <a href=\"https:\/\/www.instagram.com\/reel\/DKKPCW5OvSj\/?utm_source=ig_embed&amp;utm_campaign=loading\" target=\"_blank\"> <\/p>\n<div>\n<div><\/div>\n<div>\n<div><\/div>\n<div><\/div>\n<\/div>\n<\/div>\n<div><\/div>\n<div><svg width=\"50px\" height=\"50px\" viewbox=\"0 0 60 60\" version=\"1.1\" xmlns=\"https:\/\/www.w3.org\/2000\/svg\" xmlns:xlink=\"https:\/\/www.w3.org\/1999\/xlink\"><g stroke=\"none\" stroke-width=\"1\" fill=\"none\" fill-rule=\"evenodd\"><g transform=\"translate(-511.000000, -20.000000)\" fill=\"#000000\"><g><path d=\"M556.869,30.41 C554.814,30.41 553.148,32.076 553.148,34.131 C553.148,36.186 554.814,37.852 556.869,37.852 C558.924,37.852 560.59,36.186 560.59,34.131 C560.59,32.076 558.924,30.41 556.869,30.41 M541,60.657 C535.114,60.657 530.342,55.887 530.342,50 C530.342,44.114 535.114,39.342 541,39.342 C546.887,39.342 551.658,44.114 551.658,50 C551.658,55.887 546.887,60.657 541,60.657 M541,33.886 C532.1,33.886 524.886,41.1 524.886,50 C524.886,58.899 532.1,66.113 541,66.113 C549.9,66.113 557.115,58.899 557.115,50 C557.115,41.1 549.9,33.886 541,33.886 M565.378,62.101 C565.244,65.022 564.756,66.606 564.346,67.663 C563.803,69.06 563.154,70.057 562.106,71.106 C561.058,72.155 560.06,72.803 558.662,73.347 C557.607,73.757 556.021,74.244 553.102,74.378 C549.944,74.521 548.997,74.552 541,74.552 C533.003,74.552 532.056,74.521 528.898,74.378 C525.979,74.244 524.393,73.757 523.338,73.347 C521.94,72.803 520.942,72.155 519.894,71.106 C518.846,70.057 518.197,69.06 517.654,67.663 C517.244,66.606 516.755,65.022 516.623,62.101 C516.479,58.943 516.448,57.996 516.448,50 C516.448,42.003 516.479,41.056 516.623,37.899 C516.755,34.978 517.244,33.391 517.654,32.338 C518.197,30.938 518.846,29.942 519.894,28.894 C520.942,27.846 521.94,27.196 523.338,26.654 C524.393,26.244 525.979,25.756 528.898,25.623 C532.057,25.479 533.004,25.448 541,25.448 C548.997,25.448 549.943,25.479 553.102,25.623 C556.021,25.756 557.607,26.244 558.662,26.654 C560.06,27.196 561.058,27.846 562.106,28.894 C563.154,29.942 563.803,30.938 564.346,32.338 C564.756,33.391 565.244,34.978 565.378,37.899 C565.522,41.056 565.552,42.003 565.552,50 C565.552,57.996 565.522,58.943 565.378,62.101 M570.82,37.631 C570.674,34.438 570.167,32.258 569.425,30.349 C568.659,28.377 567.633,26.702 565.965,25.035 C564.297,23.368 562.623,22.342 560.652,21.575 C558.743,20.834 556.562,20.326 553.369,20.18 C550.169,20.033 549.148,20 541,20 C532.853,20 531.831,20.033 528.631,20.18 C525.438,20.326 523.257,20.834 521.349,21.575 C519.376,22.342 517.703,23.368 516.035,25.035 C514.368,26.702 513.342,28.377 512.574,30.349 C511.834,32.258 511.326,34.438 511.181,37.631 C511.035,40.831 511,41.851 511,50 C511,58.147 511.035,59.17 511.181,62.369 C511.326,65.562 511.834,67.743 512.574,69.651 C513.342,71.625 514.368,73.296 516.035,74.965 C517.703,76.634 519.376,77.658 521.349,78.425 C523.257,79.167 525.438,79.673 528.631,79.82 C531.831,79.965 532.853,80.001 541,80.001 C549.148,80.001 550.169,79.965 553.369,79.82 C556.562,79.673 558.743,79.167 560.652,78.425 C562.623,77.658 564.297,76.634 565.965,74.965 C567.633,73.296 568.659,71.625 569.425,69.651 C570.167,67.743 570.674,65.562 570.82,62.369 C570.966,59.17 571,58.147 571,50 C571,41.851 570.966,40.831 570.82,37.631\"><\/path><\/g><\/g><\/g><\/svg><\/div>\n<div>\n<div>Ver essa foto no Instagram<\/div>\n<\/div>\n<div><\/div>\n<div>\n<div>\n<div><\/div>\n<div><\/div>\n<div><\/div>\n<\/div>\n<div>\n<div><\/div>\n<div><\/div>\n<\/div>\n<div>\n<div><\/div>\n<div><\/div>\n<div><\/div>\n<\/div>\n<\/div>\n<div>\n<div><\/div>\n<div><\/div>\n<\/div>\n<p><\/a><\/p>\n<p><a href=\"https:\/\/www.instagram.com\/reel\/DKKPCW5OvSj\/?utm_source=ig_embed&amp;utm_campaign=loading\" target=\"_blank\">Uma publica\u00e7\u00e3o compartilhada por MAM Nacional (@mam.nacional)<\/a><\/p>\n<\/div>\n<\/blockquote>\n<figure><a href=\"https:\/\/api.whatsapp.com\/send?phone=5551998132796&amp;text=Quero%20receber%20not%C3%ADcias%20do%20Brasil%20de%20Fato%20RS\"><img loading=\"lazy\" loading=\"lazy\" decoding=\"async\" width=\"800\" height=\"92\"src=\"https:\/\/redept.org\/blogosfera\/wp-content\/uploads\/2025\/06\/image-2-9.png\" alt=\"\" srcset=\"https:\/\/assets.brasildefato.com.br\/2025\/05\/image-2-300x35.png 300w, https:\/\/assets.brasildefato.com.br\/2025\/05\/image-2-768x88.png 768w, https:\/\/assets.brasildefato.com.br\/2025\/05\/image-2-750x92.png 750w, https:\/\/redept.org\/blogosfera\/wp-content\/uploads\/2025\/06\/image-2-9.png 800w\" sizes=\"auto, (max-width: 800px) 100vw, 800px\"><\/a><\/figure>\n<!-- Begin Yuzo --><div class='yuzo_related_post style-1'  data-version='5.12.89'><!-- without result --><div class='yuzo_clearfixed yuzo__title yuzo__title'><h3>Related Post<\/h3><\/div>\n\t\t\t\t\t\t  <div class=\"relatedthumb \" style=\"width:125px;float:left;overflow:hidden;\">  \n\t\t\t\t\t\t\t  \n\t\t\t\t\t\t\t  <a  href=\"https:\/\/redept.com.br\/blogosfera\/militares-lele-e-da-cuca-vao-a-manifestacao-apoiar-um-militar-expulso-do-exercito-por-ato-terrorista\/\"  >\n\t\t\t\t\t\t\t\t\t  <div class=\"yuzo-img-wrap \" style=\"width: 125px;height:90px;\">\n\t\t\t\t\t\t\t\t\t\t\n\t\t\t\t\t\t\t\t\t\t<div class=\"yuzo-img\" style=\"background:url('https:\/\/redept.org\/blogosfera\/wp-content\/plugins\/yuzo-related-post\/assets\/images\/default.png') 50% 50% no-repeat;width: 125px;height:90px;margin-bottom: 5px;background-size: cover; \"><\/div>\n\t\t\t\t\t\t\t\t\t  <\/div>\n\t\t\t\t\t\t\t\t\t  \n\t\t\t\t\t\t\t\t   <span class=\"yuzo__text--title\" style=\"font-size:13px;\">Militares, lel\u00e9 e da cuca, v\u00e3o \u00e0 manifesta\u00e7\u00e3o apoi...<\/span>\n\t\t\t\t\t\t\t  \n\t\t\t\t\t\t\t  \n\t\t\t\t\t\t\t  <\/a>\n\n\t\t\t\t\t\t  <\/div>\n\t\t\t\t\t\t  <div class=\"relatedthumb \" style=\"width:125px;float:left;overflow:hidden;\">  \n\t\t\t\t\t\t\t  \n\t\t\t\t\t\t\t  <a  href=\"https:\/\/redept.com.br\/blogosfera\/para-o-inedito-tarcisio-o-pcc-da-faria-lima-e-o-primeiro-comando-da-caridade\/\"  >\n\t\t\t\t\t\t\t\t\t  <div class=\"yuzo-img-wrap \" style=\"width: 125px;height:90px;\">\n\t\t\t\t\t\t\t\t\t\t\n\t\t\t\t\t\t\t\t\t\t<div class=\"yuzo-img\" style=\"background:url('https:\/\/redept.org\/blogosfera\/wp-content\/plugins\/yuzo-related-post\/assets\/images\/default.png') 50% 50% no-repeat;width: 125px;height:90px;margin-bottom: 5px;background-size: cover; \"><\/div>\n\t\t\t\t\t\t\t\t\t  <\/div>\n\t\t\t\t\t\t\t\t\t  \n\t\t\t\t\t\t\t\t   <span class=\"yuzo__text--title\" style=\"font-size:13px;\">Para o in\u00e9dito Tarc\u00edsio, o PCC da Faria Lima \u00e9 o P...<\/span>\n\t\t\t\t\t\t\t  \n\t\t\t\t\t\t\t  \n\t\t\t\t\t\t\t  <\/a>\n\n\t\t\t\t\t\t  <\/div>\n\t\t\t\t\t\t  <div class=\"relatedthumb \" style=\"width:125px;float:left;overflow:hidden;\">  \n\t\t\t\t\t\t\t  \n\t\t\t\t\t\t\t  <a  href=\"https:\/\/redept.com.br\/blogosfera\/camara-relanca-frente-parlamentar-em-defesa-das-oscs-com-foco-em-direitos-e-politicas-sociais\/\"  >\n\t\t\t\t\t\t\t\t\t  <div class=\"yuzo-img-wrap \" style=\"width: 125px;height:90px;\">\n\t\t\t\t\t\t\t\t\t\t\n\t\t\t\t\t\t\t\t\t\t<div class=\"yuzo-img\" style=\"background:url('https:\/\/redept.org\/blogosfera\/wp-content\/plugins\/yuzo-related-post\/assets\/images\/default.png') 50% 50% no-repeat;width: 125px;height:90px;margin-bottom: 5px;background-size: cover; \"><\/div>\n\t\t\t\t\t\t\t\t\t  <\/div>\n\t\t\t\t\t\t\t\t\t  \n\t\t\t\t\t\t\t\t   <span class=\"yuzo__text--title\" style=\"font-size:13px;\">C\u00e2mara relan\u00e7a Frente Parlamentar em Defesa das OS...<\/span>\n\t\t\t\t\t\t\t  \n\t\t\t\t\t\t\t  \n\t\t\t\t\t\t\t  <\/a>\n\n\t\t\t\t\t\t  <\/div>\n\t\t\t\t\t\t  <div class=\"relatedthumb \" style=\"width:125px;float:left;overflow:hidden;\">  \n\t\t\t\t\t\t\t  \n\t\t\t\t\t\t\t  <a  href=\"https:\/\/redept.com.br\/blogosfera\/apos-retirar-o-teatro-de-conteiner-as-pressas-nunes-nao-apresenta-projeto-de-habitacao-para-area\/\"  >\n\t\t\t\t\t\t\t\t\t  <div class=\"yuzo-img-wrap \" style=\"width: 125px;height:90px;\">\n\t\t\t\t\t\t\t\t\t\t\n\t\t\t\t\t\t\t\t\t\t<div class=\"yuzo-img\" style=\"background:url('https:\/\/redept.org\/blogosfera\/wp-content\/plugins\/yuzo-related-post\/assets\/images\/default.png') 50% 50% no-repeat;width: 125px;height:90px;margin-bottom: 5px;background-size: cover; \"><\/div>\n\t\t\t\t\t\t\t\t\t  <\/div>\n\t\t\t\t\t\t\t\t\t  \n\t\t\t\t\t\t\t\t   <span class=\"yuzo__text--title\" style=\"font-size:13px;\">Ap\u00f3s retirar o Teatro de Cont\u00eainer \u00e0s pressas, Nun...<\/span>\n\t\t\t\t\t\t\t  \n\t\t\t\t\t\t\t  \n\t\t\t\t\t\t\t  <\/a>\n\n\t\t\t\t\t\t  <\/div>\n<\/div> <script>\n\t\t\t\t\t\t  jQuery(document).ready(function( $ ){\n\t\t\t\t\t\t\t\/\/jQuery('.yuzo_related_post').equalizer({ overflow : 'relatedthumb' });\n\t\t\t\t\t\t\tjQuery('.yuzo_related_post .yuzo_wraps').equalizer({ columns : '> div' });\n\t\t\t\t\t\t   })\n\t\t\t\t\t\t  <\/script> <!-- End Yuzo :) -->","protected":false},"excerpt":{"rendered":"<p>O contexto da atual crise clim\u00e1tica colocou a transi\u00e7\u00e3o energ\u00e9tica no centro do debate, sendo frequentemente apresentada como solu\u00e7\u00e3o para a descarboniza\u00e7\u00e3o. Na Am\u00e9rica Latina, contudo, esse processo apresenta contornos complexos e controversos, levantando questionamentos sobre soberania, justi\u00e7a social e os pr\u00f3prios modelos de desenvolvimento. A situa\u00e7\u00e3o atual da transi\u00e7\u00e3o energ\u00e9tica (TE) na regi\u00e3o foi [&hellip;]<\/p>\n","protected":false},"author":2,"featured_media":0,"comment_status":"closed","ping_status":"closed","sticky":false,"template":"","format":"standard","meta":{"fifu_image_url":"","fifu_image_alt":"","footnotes":""},"categories":[3638,1415,18,7630,19],"tags":[],"class_list":["post-31650","post","type-post","status-publish","format-standard","hentry","category-efeito-estufa","category-energia","category-meio-ambiente","category-mercado-de-carbono","category-rio-grande-do-sul"],"_links":{"self":[{"href":"https:\/\/redept.com.br\/blogosfera\/wp-json\/wp\/v2\/posts\/31650","targetHints":{"allow":["GET"]}}],"collection":[{"href":"https:\/\/redept.com.br\/blogosfera\/wp-json\/wp\/v2\/posts"}],"about":[{"href":"https:\/\/redept.com.br\/blogosfera\/wp-json\/wp\/v2\/types\/post"}],"author":[{"embeddable":true,"href":"https:\/\/redept.com.br\/blogosfera\/wp-json\/wp\/v2\/users\/2"}],"replies":[{"embeddable":true,"href":"https:\/\/redept.com.br\/blogosfera\/wp-json\/wp\/v2\/comments?post=31650"}],"version-history":[{"count":0,"href":"https:\/\/redept.com.br\/blogosfera\/wp-json\/wp\/v2\/posts\/31650\/revisions"}],"wp:attachment":[{"href":"https:\/\/redept.com.br\/blogosfera\/wp-json\/wp\/v2\/media?parent=31650"}],"wp:term":[{"taxonomy":"category","embeddable":true,"href":"https:\/\/redept.com.br\/blogosfera\/wp-json\/wp\/v2\/categories?post=31650"},{"taxonomy":"post_tag","embeddable":true,"href":"https:\/\/redept.com.br\/blogosfera\/wp-json\/wp\/v2\/tags?post=31650"}],"curies":[{"name":"wp","href":"https:\/\/api.w.org\/{rel}","templated":true}]}}