{"id":31810,"date":"2025-06-05T13:26:16","date_gmt":"2025-06-05T16:26:16","guid":{"rendered":"https:\/\/redept.org\/blogosfera\/grilagem-domina-80-do-desmatamento-na-amazonia-em-2025\/"},"modified":"2025-06-05T13:26:16","modified_gmt":"2025-06-05T16:26:16","slug":"grilagem-domina-80-do-desmatamento-na-amazonia-em-2025","status":"publish","type":"post","link":"https:\/\/redept.com.br\/blogosfera\/grilagem-domina-80-do-desmatamento-na-amazonia-em-2025\/","title":{"rendered":"Grilagem domina 80% do desmatamento na Amaz\u00f4nia em 2025"},"content":{"rendered":"<p><img fetchpriority=\"high\" width=\"1000\" height=\"667\"src=\"https:\/\/redept.org\/blogosfera\/wp-content\/uploads\/2025\/06\/image-1-8.png\" alt=\"\" decoding=\"async\" srcset=\"https:\/\/redept.org\/blogosfera\/wp-content\/uploads\/2025\/06\/image-1-8.png 1000w, https:\/\/vermelho.org.br\/wp-content\/uploads\/2025\/06\/image-1-300x200.png 300w, https:\/\/vermelho.org.br\/wp-content\/uploads\/2025\/06\/image-1-768x512.png 768w, https:\/\/vermelho.org.br\/wp-content\/uploads\/2025\/06\/image-1-272x182.png 272w\" sizes=\"(max-width: 1000px) 100vw, 1000px\"><\/p>\n<p>Dados divulgados nesta quarta-feira (5), Dia Mundial do Meio Ambiente, mostram que as florestas p\u00fablicas n\u00e3o destinadas da Amaz\u00f4nia s\u00e3o hoje o epicentro do desmatamento no Brasil. Entre janeiro e abril de 2025, cerca de 80% de toda a \u00e1rea desmatada no bioma estava nesses territ\u00f3rios que ainda n\u00e3o foram oficialmente destinados para uso socioambiental, como unidades de conserva\u00e7\u00e3o, terras ind\u00edgenas ou quilombolas.<\/p>\n<p>Essas florestas somam 50,2 milh\u00f5es de hectares \u2014 o equivalente ao estado da Bahia \u2014 e seguem vulner\u00e1veis a crimes como grilagem, queimadas e extra\u00e7\u00e3o ilegal de madeira. Segundo o <strong><a href=\"https:\/\/deolhonasflorestaspublicas.org.br\/\">Observat\u00f3rio das Florestas P\u00fablicas<\/a>,<\/strong> que re\u00fane dados do Instituto de Pesquisa Ambiental da Amaz\u00f4nia (IPAM) e do movimento Amaz\u00f4nia de P\u00e9, o estado do Amazonas lidera em \u00e1rea desmatada no per\u00edodo, com 12,4 mil hectares perdidos.<\/p>\n<p><strong>Leia tamb\u00e9m:<\/strong> <a href=\"https:\/\/vermelho.org.br\/2025\/06\/03\/lula-destina-r-825-milhoes-para-combate-ao-desmatamento\/\">Lula destina R$ 825 milh\u00f5es para combate ao desmatamento<\/a><\/p>\n<p>A aus\u00eancia de destina\u00e7\u00e3o torna essas \u00e1reas terreno f\u00e9rtil para a especula\u00e7\u00e3o ilegal de terras, explica Rebecca Lima, coordenadora do Observat\u00f3rio. \u201cDesmatar grandes \u00e1reas custa caro, ou seja, esse tipo de desmate pode estar ligado a grupos capitalizados \u2018de olho\u2019 em uma \u00e1rea e que, futuramente ou com brechas na legisla\u00e7\u00e3o, tomam posse\u201d, afirma.<\/p>\n<p><strong>Grilagem avan\u00e7a com apoio de cadastros irregulares<\/strong><\/p>\n<p>Mais de 32 milh\u00f5es de hectares dessas florestas aparecem como propriedades privadas no Cadastro Ambiental Rural (CAR). Em 10,2 milh\u00f5es de hectares, os registros s\u00e3o de grandes im\u00f3veis rurais \u2014 ind\u00edcio claro de tentativa de grilagem.<\/p>\n<p>No mesmo per\u00edodo, 37,7 mil hectares dessas \u00e1reas foram destru\u00eddos pelo fogo. O Par\u00e1 foi o estado com maior n\u00famero de hectares queimados. O aumento do desmatamento em abril foi explosivo: 192% a mais que em mar\u00e7o, e 229% superior ao mesmo m\u00eas de 2024.<\/p>\n<p><strong>Leia tamb\u00e9m:<\/strong> <a href=\"https:\/\/vermelho.org.br\/2025\/05\/22\/senado-promove-maior-desmonte-do-licenciamento-ambiental-no-pais\/\">Senado promove maior desmonte do licenciamento ambiental no pa\u00eds<\/a><\/p>\n<p>A situa\u00e7\u00e3o tende a piorar com o avan\u00e7o da esta\u00e7\u00e3o seca. O relat\u00f3rio alerta que o cen\u00e1rio de 2024 \u2014 quando mais de 2,4 milh\u00f5es de hectares dessas florestas queimaram \u2014 pode se repetir se nada for feito.<\/p>\n<p><strong>Press\u00e3o por medidas antes da COP30<\/strong><\/p>\n<p>Criada em 2023, a C\u00e2mara T\u00e9cnica de Destina\u00e7\u00e3o indicou 14 milh\u00f5es de hectares para an\u00e1lise, mas at\u00e9 agora nenhuma \u00e1rea foi oficialmente destinada. O processo esbarra em burocracias e demora nas a\u00e7\u00f5es de demarca\u00e7\u00e3o, regulariza\u00e7\u00e3o fundi\u00e1ria e retirada de invasores.<\/p>\n<p>Especialistas defendem que a regulariza\u00e7\u00e3o dessas terras \u00e9 uma estrat\u00e9gia chave para reduzir o desmatamento e conter a crise clim\u00e1tica. \u201cA prote\u00e7\u00e3o dessas \u00e1reas antes da COP30 \u00e9 a oportunidade que o Brasil tem de chegar ao encontro apresentando esse bom exemplo ao mundo\u201d, destaca Daniela Orofino, do movimento Amaz\u00f4nia de P\u00e9.<\/p>\n<p><strong>Leia mais:<\/strong><a href=\"https:\/\/vermelho.org.br\/2025\/05\/21\/minoria-de-propriedades-concentram-mais-de-80-do-desmatamento-no-brasil\/\"> Minoria de propriedades concentra mais de 80% do desmatamento no Brasil<\/a><\/p>\n<p>Para o Observat\u00f3rio, sem destina\u00e7\u00e3o oficial, essas terras seguem \u00e0 merc\u00ea da destrui\u00e7\u00e3o. A urg\u00eancia \u00e9 clara: ou o Estado assume sua responsabilidade e protege essas \u00e1reas, ou continuar\u00e1 perdendo a Amaz\u00f4nia para o crime ambiental.<\/p>\n<\/p>\n<p>__<br \/><em>com ag\u00eancias<\/em><strong><br \/><\/strong><\/p>\n<p>O post <a href=\"https:\/\/vermelho.org.br\/2025\/06\/05\/grilagem-domina-80-do-desmatamento-na-amazonia-em-2025\/\">Grilagem domina 80% do desmatamento na Amaz\u00f4nia em 2025<\/a> apareceu primeiro em <a href=\"https:\/\/vermelho.org.br\/\">Vermelho<\/a>.<\/p>\n<!-- Begin Yuzo --><div class='yuzo_related_post style-1'  data-version='5.12.89'><!-- without result --><div class='yuzo_clearfixed yuzo__title yuzo__title'><h3>Related Post<\/h3><\/div>\n\t\t\t\t\t\t  <div class=\"relatedthumb \" style=\"width:125px;float:left;overflow:hidden;\">  \n\t\t\t\t\t\t\t  \n\t\t\t\t\t\t\t  <a  href=\"https:\/\/redept.com.br\/blogosfera\/africa-do-sul-denuncia-contra-israel-na-corte-de-haia-prossegue-apesar-de-cessar-fogo\/\"  >\n\t\t\t\t\t\t\t\t\t  <div class=\"yuzo-img-wrap \" style=\"width: 125px;height:90px;\">\n\t\t\t\t\t\t\t\t\t\t\n\t\t\t\t\t\t\t\t\t\t<div class=\"yuzo-img\" style=\"background:url('https:\/\/redept.com.br\/blogosfera\/wp-content\/uploads\/2025\/10\/ramap-150x150.jpg') 50% 50% no-repeat;width: 125px;height:90px;margin-bottom: 5px;background-size: cover; \"><\/div>\n\t\t\t\t\t\t\t\t\t  <\/div>\n\t\t\t\t\t\t\t\t\t  \n\t\t\t\t\t\t\t\t   <span class=\"yuzo__text--title\" style=\"font-size:13px;\">\u00c1frica do Sul: den\u00fancia contra Israel na Corte de ...<\/span>\n\t\t\t\t\t\t\t  \n\t\t\t\t\t\t\t  \n\t\t\t\t\t\t\t  <\/a>\n\n\t\t\t\t\t\t  <\/div>\n\t\t\t\t\t\t  <div class=\"relatedthumb \" style=\"width:125px;float:left;overflow:hidden;\">  \n\t\t\t\t\t\t\t  \n\t\t\t\t\t\t\t  <a  href=\"https:\/\/redept.com.br\/blogosfera\/retrospectiva-2025-politica-internacional-na-era-trump\/\"  >\n\t\t\t\t\t\t\t\t\t  <div class=\"yuzo-img-wrap \" style=\"width: 125px;height:90px;\">\n\t\t\t\t\t\t\t\t\t\t\n\t\t\t\t\t\t\t\t\t\t<div class=\"yuzo-img\" style=\"background:url('https:\/\/redept.org\/blogosfera\/wp-content\/plugins\/yuzo-related-post\/assets\/images\/default.png') 50% 50% no-repeat;width: 125px;height:90px;margin-bottom: 5px;background-size: cover; \"><\/div>\n\t\t\t\t\t\t\t\t\t  <\/div>\n\t\t\t\t\t\t\t\t\t  \n\t\t\t\t\t\t\t\t   <span class=\"yuzo__text--title\" style=\"font-size:13px;\">Retrospectiva 2025 | Pol\u00edtica Internacional na era...<\/span>\n\t\t\t\t\t\t\t  \n\t\t\t\t\t\t\t  \n\t\t\t\t\t\t\t  <\/a>\n\n\t\t\t\t\t\t  <\/div>\n\t\t\t\t\t\t  <div class=\"relatedthumb \" style=\"width:125px;float:left;overflow:hidden;\">  \n\t\t\t\t\t\t\t  \n\t\t\t\t\t\t\t  <a  href=\"https:\/\/redept.com.br\/blogosfera\/jornalista-da-jovem-pan-boicota-havaianas-e-ataca-fernanda-torres-por-propaganda-nao-entre-2026-com-o-pe-direito-video\/\"  >\n\t\t\t\t\t\t\t\t\t  <div class=\"yuzo-img-wrap \" style=\"width: 125px;height:90px;\">\n\t\t\t\t\t\t\t\t\t\t\n\t\t\t\t\t\t\t\t\t\t<div class=\"yuzo-img\" style=\"background:url('https:\/\/redept.org\/blogosfera\/wp-content\/plugins\/yuzo-related-post\/assets\/images\/default.png') 50% 50% no-repeat;width: 125px;height:90px;margin-bottom: 5px;background-size: cover; \"><\/div>\n\t\t\t\t\t\t\t\t\t  <\/div>\n\t\t\t\t\t\t\t\t\t  \n\t\t\t\t\t\t\t\t   <span class=\"yuzo__text--title\" style=\"font-size:13px;\">Jornalista da Jovem Pan boicota Havaianas e ataca ...<\/span>\n\t\t\t\t\t\t\t  \n\t\t\t\t\t\t\t  \n\t\t\t\t\t\t\t  <\/a>\n\n\t\t\t\t\t\t  <\/div>\n\t\t\t\t\t\t  <div class=\"relatedthumb \" style=\"width:125px;float:left;overflow:hidden;\">  \n\t\t\t\t\t\t\t  \n\t\t\t\t\t\t\t  <a  href=\"https:\/\/sul21.com.br\/noticias\/educacao\/2025\/08\/colegio-estadual-candido-godoi-homenageia-oliveira-silveira-com-nome-em-biblioteca-e-busto\/\"  >\n\t\t\t\t\t\t\t\t\t  <div class=\"yuzo-img-wrap \" style=\"width: 125px;height:90px;\">\n\t\t\t\t\t\t\t\t\t\t\n\t\t\t\t\t\t\t\t\t\t<div class=\"yuzo-img\" style=\"background:url('https:\/\/redept.org\/blogosfera\/wp-content\/plugins\/yuzo-related-post\/assets\/images\/default.png') 50% 50% no-repeat;width: 125px;height:90px;margin-bottom: 5px;background-size: cover; \"><\/div>\n\t\t\t\t\t\t\t\t\t  <\/div>\n\t\t\t\t\t\t\t\t\t  \n\t\t\t\t\t\t\t\t   <span class=\"yuzo__text--title\" style=\"font-size:13px;\">Col\u00e9gio Estadual C\u00e2ndido God\u00f3i homenageia Oliveira...<\/span>\n\t\t\t\t\t\t\t  \n\t\t\t\t\t\t\t  \n\t\t\t\t\t\t\t  <\/a>\n\n\t\t\t\t\t\t  <\/div>\n<\/div> <script>\n\t\t\t\t\t\t  jQuery(document).ready(function( $ ){\n\t\t\t\t\t\t\t\/\/jQuery('.yuzo_related_post').equalizer({ overflow : 'relatedthumb' });\n\t\t\t\t\t\t\tjQuery('.yuzo_related_post .yuzo_wraps').equalizer({ columns : '> div' });\n\t\t\t\t\t\t   })\n\t\t\t\t\t\t  <\/script> <!-- End Yuzo :) -->","protected":false},"excerpt":{"rendered":"<p>Dados divulgados nesta quarta-feira (5), Dia Mundial do Meio Ambiente, mostram que as florestas p\u00fablicas n\u00e3o destinadas da Amaz\u00f4nia s\u00e3o hoje o epicentro do desmatamento no Brasil. Entre janeiro e abril de 2025, cerca de 80% de toda a \u00e1rea desmatada no bioma estava nesses territ\u00f3rios que ainda n\u00e3o foram oficialmente destinados para uso socioambiental, [&hellip;]<\/p>\n","protected":false},"author":2,"featured_media":0,"comment_status":"open","ping_status":"closed","sticky":false,"template":"","format":"standard","meta":{"fifu_image_url":"","fifu_image_alt":"","footnotes":""},"categories":[7680,1105,7681,7682,7683,18],"tags":[],"class_list":["post-31810","post","type-post","status-publish","format-standard","hentry","category-car-irregular","category-crime-ambiental","category-desmatamento-na-amazonia","category-florestas-publicas","category-grilagem-de-terras","category-meio-ambiente"],"_links":{"self":[{"href":"https:\/\/redept.com.br\/blogosfera\/wp-json\/wp\/v2\/posts\/31810","targetHints":{"allow":["GET"]}}],"collection":[{"href":"https:\/\/redept.com.br\/blogosfera\/wp-json\/wp\/v2\/posts"}],"about":[{"href":"https:\/\/redept.com.br\/blogosfera\/wp-json\/wp\/v2\/types\/post"}],"author":[{"embeddable":true,"href":"https:\/\/redept.com.br\/blogosfera\/wp-json\/wp\/v2\/users\/2"}],"replies":[{"embeddable":true,"href":"https:\/\/redept.com.br\/blogosfera\/wp-json\/wp\/v2\/comments?post=31810"}],"version-history":[{"count":0,"href":"https:\/\/redept.com.br\/blogosfera\/wp-json\/wp\/v2\/posts\/31810\/revisions"}],"wp:attachment":[{"href":"https:\/\/redept.com.br\/blogosfera\/wp-json\/wp\/v2\/media?parent=31810"}],"wp:term":[{"taxonomy":"category","embeddable":true,"href":"https:\/\/redept.com.br\/blogosfera\/wp-json\/wp\/v2\/categories?post=31810"},{"taxonomy":"post_tag","embeddable":true,"href":"https:\/\/redept.com.br\/blogosfera\/wp-json\/wp\/v2\/tags?post=31810"}],"curies":[{"name":"wp","href":"https:\/\/api.w.org\/{rel}","templated":true}]}}