{"id":31911,"date":"2025-06-05T14:16:55","date_gmt":"2025-06-05T17:16:55","guid":{"rendered":"https:\/\/redept.org\/blogosfera\/trump-e-xi-discutem-guerra-tarifaria-conclusao-positiva-para-ambos-avalia-magnata\/"},"modified":"2025-06-05T14:16:55","modified_gmt":"2025-06-05T17:16:55","slug":"trump-e-xi-discutem-guerra-tarifaria-conclusao-positiva-para-ambos-avalia-magnata","status":"publish","type":"post","link":"https:\/\/redept.com.br\/blogosfera\/trump-e-xi-discutem-guerra-tarifaria-conclusao-positiva-para-ambos-avalia-magnata\/","title":{"rendered":"Trump e Xi discutem guerra tarif\u00e1ria; \u2018conclus\u00e3o positiva para ambos\u2019, avalia magnata"},"content":{"rendered":"<p><span>O presidente dos Estados Unidos, Donald Trump, realizou uma liga\u00e7\u00e3o telef\u00f4nica com seu hom\u00f3logo chin\u00eas, Xi Jinping, nesta quinta-feira (05\/06) e avaliou a conversa como \u201c\u00f3tima\u201d para ambos os pa\u00edses, ao revelar ter discutido a respeito das \u201ccomplexidades\u201d do acordo comercial firmado entre as duas partes sobre as <a href=\"https:\/\/operamundi.uol.com.br\/politica-e-economia\/xi-jinping-anuncia-plano-para-combater-tarifaco-de-trump\/\">tarifas de importa\u00e7\u00e3o que tem afetado a economia global<\/a>.\u00a0<\/span><\/p>\n<p><span>\u201cA conversa durou aproximadamente uma hora e meia e resultou em uma conclus\u00e3o muito positiva para ambos os pa\u00edses. N\u00e3o deve haver mais d\u00favidas quanto \u00e0 complexidade dos produtos de Terras Raras\u201d, revelou o republicano em sua conta na plataforma Truth Social.<\/span><\/p>\n<p><span>Segundo a ag\u00eancia de not\u00edcias <\/span><i><span>Reuters<\/span><\/i><span>, os mandat\u00e1rios tamb\u00e9m concordaram em continuar com as negocia\u00e7\u00f5es para resolver as diferen\u00e7as envolvendo a <a href=\"https:\/\/operamundi.uol.com.br\/politica-e-economia\/xi-jinping-pede-que-ue-resista-contra-guerra-tarifaria-de-trump-ao-lado-da-china\/\">guerra tarif\u00e1ria<\/a>. Nesse sentido, conforme<\/span><span> Trump, a expectativa \u00e9 de que, em breve, representantes de Washington e Pequim se re\u00fanam para discutir o assunto. Entretanto, o local do encontro ainda ser\u00e1 definido.<\/span><\/p>\n<p><span>\u201cSeremos representados pelo secret\u00e1rio do Tesouro, Scott Bessent, pelo secret\u00e1rio do com\u00e9rcio, Howard Lutnick, e pelo representante comercial dos Estados Unidos, embaixador Jamienson Greer\u201d, acrescentou.<\/span><\/p>\n<p><span>Trata-se da primeira vez que os l\u00edderes dialogam diretamente desde que o magnata assumiu seu segundo mandato presidencial. O l\u00edder norte-americano contou que, durante a conversa, Xi gentilmente o chamou, junto com a primeira-dama, Melania Trump, para visitar a China, convite que ele retribui.<\/span><\/p>\n<p><span>\u201cComo presidentes de duas grandes na\u00e7\u00f5es, \u00e9 algo que ambos ansiamos por fazer\u201d: escreveu Trump, enfatizando que \u201ca conversa concentrou-se quase inteiramente em com\u00e9rcio\u201d e n\u00e3o houve discuss\u00e3o sobre a guerra entre a R\u00fassia e Ucr\u00e2nia ou Ir\u00e3.<\/span><\/p>\n<p><span>Por sua vez, o l\u00edder do pa\u00eds asi\u00e1tico enfatizou que os EUA se comprometeram a administrar a quest\u00e3o de Taiwan \u201ccom cuidado para evitar que um n\u00famero muito limitado de separatistas taiwaneses\u201d arraste Pequim e Washington para uma situa\u00e7\u00e3o perigosa de conflito e confronto.<\/span><\/p>\n<figure aria-describedby=\"caption-attachment-221208\"><img loading=\"lazy\" loading=\"lazy\" decoding=\"async\"src=\"https:\/\/redept.org\/blogosfera\/wp-content\/uploads\/2025\/06\/donald_trump_and_xi_jinping_meets_at_2018_g20_summit.jpg\" alt=\"\" width=\"640\" height=\"449\" srcset=\"https:\/\/redept.org\/blogosfera\/wp-content\/uploads\/2025\/06\/donald_trump_and_xi_jinping_meets_at_2018_g20_summit.jpg 640w, https:\/\/operamundi.uol.com.br\/wp-content\/uploads\/2025\/06\/donald_trump_and_xi_jinping_meets_at_2018_g20_summit-300x210.jpg 300w, https:\/\/operamundi.uol.com.br\/wp-content\/uploads\/2025\/06\/donald_trump_and_xi_jinping_meets_at_2018_g20_summit-150x105.jpg 150w\" sizes=\"auto, (max-width: 640px) 100vw, 640px\"><figcaption>O presidente dos EUA, Donald Trump, e o presidente da China, Xi Jinping, na C\u00fapula do G20 em Buenos Aires, em 2018 <br \/>Dan Scavino\/Wikimedia Commons<\/figcaption><\/figure>\n<p><span>Mais cedo, a emissora estatal chin\u00eas <\/span><i><span>CCTV<\/span><\/i><span> havia revelado que a liga\u00e7\u00e3o de alto n\u00edvel teria ocorrido a pedido do republicano. No entanto, n\u00e3o forneceu detalhes a respeito das discuss\u00f5es entre os l\u00edderes das duas maiores economias do mundo.<\/span><\/p>\n<p><span>Nos \u00faltimos dias, a <\/span><i><span>CNBC <\/span><\/i><span>antecipou que a liga\u00e7\u00e3o ocorreria \u201cat\u00e9 o final da semana\u201d, assim como o secret\u00e1rio do Tesouro dos EUA, Scott Bessent.<\/span><\/p>\n<p><span>A conversa telef\u00f4nica ocorre em meio a <a href=\"https:\/\/operamundi.uol.com.br\/politica-e-economia\/eua-alerta-para-ameaca-de-acao-militar-da-china-na-regiao-asia-pacifico-pequim-denuncia-acusacoes-infundadas\/\">tens\u00f5es entre os dois pa\u00edses<\/a>, que se intensificaram especialmente nesta semana depois de uma troca de acusa\u00e7\u00f5es referente a minerais cr\u00edticos em uma disputa que amea\u00e7a violar a tr\u00e9gua comercial alcan\u00e7ada em maio passado. <\/span><span>A China e os EUA chegaram a um acordo de 90 dias para reverter algumas das tarifas que foram impostas um ao outro no m\u00eas de janeiro.\u00a0<\/span><\/p>\n<p>(*) Com <em>Ansa<\/em><\/p>\n<p>O post <a href=\"https:\/\/operamundi.uol.com.br\/politica-e-economia\/trump-e-xi-discutem-guerra-tarifaria-conclusao-positiva-avalia-magnata\/\">Trump e Xi discutem guerra tarif\u00e1ria; \u2018conclus\u00e3o positiva para ambos\u2019, avalia magnata<\/a> apareceu primeiro em <a href=\"https:\/\/operamundi.uol.com.br\/\">Opera Mundi<\/a>.<\/p>\n<!-- Begin Yuzo --><div class='yuzo_related_post style-1'  data-version='5.12.89'><!-- without result --><div class='yuzo_clearfixed yuzo__title yuzo__title'><h3>Related Post<\/h3><\/div>\n\t\t\t\t\t\t  <div class=\"relatedthumb \" style=\"width:125px;float:left;overflow:hidden;\">  \n\t\t\t\t\t\t\t  \n\t\t\t\t\t\t\t  <a  href=\"https:\/\/redept.com.br\/blogosfera\/israel-acumula-divida-de-15-bilhoes-de-dolares-apos-cinco-semanas-de-guerra\/\"  >\n\t\t\t\t\t\t\t\t\t  <div class=\"yuzo-img-wrap \" style=\"width: 125px;height:90px;\">\n\t\t\t\t\t\t\t\t\t\t\n\t\t\t\t\t\t\t\t\t\t<div class=\"yuzo-img\" style=\"background:url('https:\/\/redept.com.br\/blogosfera\/wp-content\/uploads\/2026\/04\/he90xvbaqaawnjj-150x150.jpg') 50% 50% no-repeat;width: 125px;height:90px;margin-bottom: 5px;background-size: cover; \"><\/div>\n\t\t\t\t\t\t\t\t\t  <\/div>\n\t\t\t\t\t\t\t\t\t  \n\t\t\t\t\t\t\t\t   <span class=\"yuzo__text--title\" style=\"font-size:13px;\">Israel acumula d\u00edvida de 15 bilh\u00f5es de d\u00f3lares ap\u00f3...<\/span>\n\t\t\t\t\t\t\t  \n\t\t\t\t\t\t\t  \n\t\t\t\t\t\t\t  <\/a>\n\n\t\t\t\t\t\t  <\/div>\n\t\t\t\t\t\t  <div class=\"relatedthumb \" style=\"width:125px;float:left;overflow:hidden;\">  \n\t\t\t\t\t\t\t  \n\t\t\t\t\t\t\t  <a  href=\"https:\/\/redept.com.br\/blogosfera\/lula-lanca-brasil-soberano-contra-tarifaco-de-trump\/\"  >\n\t\t\t\t\t\t\t\t\t  <div class=\"yuzo-img-wrap \" style=\"width: 125px;height:90px;\">\n\t\t\t\t\t\t\t\t\t\t\n\t\t\t\t\t\t\t\t\t\t<div class=\"yuzo-img\" style=\"background:url('https:\/\/redept.org\/blogosfera\/wp-content\/plugins\/yuzo-related-post\/assets\/images\/default.png') 50% 50% no-repeat;width: 125px;height:90px;margin-bottom: 5px;background-size: cover; \"><\/div>\n\t\t\t\t\t\t\t\t\t  <\/div>\n\t\t\t\t\t\t\t\t\t  \n\t\t\t\t\t\t\t\t   <span class=\"yuzo__text--title\" style=\"font-size:13px;\">Lula lan\u00e7a \u201cBrasil Soberano\u201d contra tarifa\u00e7o de Tr...<\/span>\n\t\t\t\t\t\t\t  \n\t\t\t\t\t\t\t  \n\t\t\t\t\t\t\t  <\/a>\n\n\t\t\t\t\t\t  <\/div>\n\t\t\t\t\t\t  <div class=\"relatedthumb \" style=\"width:125px;float:left;overflow:hidden;\">  \n\t\t\t\t\t\t\t  \n\t\t\t\t\t\t\t  <a  href=\"https:\/\/redept.com.br\/blogosfera\/milhares-de-pessoas-protestam-contra-a-pec-da-blindagem-na-capital-gaucha\/\"  >\n\t\t\t\t\t\t\t\t\t  <div class=\"yuzo-img-wrap \" style=\"width: 125px;height:90px;\">\n\t\t\t\t\t\t\t\t\t\t\n\t\t\t\t\t\t\t\t\t\t<div class=\"yuzo-img\" style=\"background:url('https:\/\/redept.com.br\/blogosfera\/wp-content\/uploads\/2025\/09\/WhatsApp-Image-2025-09-21-at-165621-2048x1365-1-150x150.jpeg') 50% 50% no-repeat;width: 125px;height:90px;margin-bottom: 5px;background-size: cover; \"><\/div>\n\t\t\t\t\t\t\t\t\t  <\/div>\n\t\t\t\t\t\t\t\t\t  \n\t\t\t\t\t\t\t\t   <span class=\"yuzo__text--title\" style=\"font-size:13px;\">Milhares de pessoas protestam contra a PEC da Blin...<\/span>\n\t\t\t\t\t\t\t  \n\t\t\t\t\t\t\t  \n\t\t\t\t\t\t\t  <\/a>\n\n\t\t\t\t\t\t  <\/div>\n\t\t\t\t\t\t  <div class=\"relatedthumb \" style=\"width:125px;float:left;overflow:hidden;\">  \n\t\t\t\t\t\t\t  \n\t\t\t\t\t\t\t  <a  href=\"https:\/\/sul21.com.br\/noticias\/geral\/2025\/11\/area-do-antigo-esqueletao-em-porto-alegre-e-declarada-de-utilidade-publica\/\"  >\n\t\t\t\t\t\t\t\t\t  <div class=\"yuzo-img-wrap \" style=\"width: 125px;height:90px;\">\n\t\t\t\t\t\t\t\t\t\t\n\t\t\t\t\t\t\t\t\t\t<div class=\"yuzo-img\" style=\"background:url('https:\/\/redept.org\/blogosfera\/wp-content\/plugins\/yuzo-related-post\/assets\/images\/default.png') 50% 50% no-repeat;width: 125px;height:90px;margin-bottom: 5px;background-size: cover; \"><\/div>\n\t\t\t\t\t\t\t\t\t  <\/div>\n\t\t\t\t\t\t\t\t\t  \n\t\t\t\t\t\t\t\t   <span class=\"yuzo__text--title\" style=\"font-size:13px;\">\u00c1rea do antigo Esquelet\u00e3o em Porto Alegre \u00e9 declar...<\/span>\n\t\t\t\t\t\t\t  \n\t\t\t\t\t\t\t  \n\t\t\t\t\t\t\t  <\/a>\n\n\t\t\t\t\t\t  <\/div>\n<\/div> <script>\n\t\t\t\t\t\t  jQuery(document).ready(function( $ ){\n\t\t\t\t\t\t\t\/\/jQuery('.yuzo_related_post').equalizer({ overflow : 'relatedthumb' });\n\t\t\t\t\t\t\tjQuery('.yuzo_related_post .yuzo_wraps').equalizer({ columns : '> div' });\n\t\t\t\t\t\t   })\n\t\t\t\t\t\t  <\/script> <!-- End Yuzo :) -->","protected":false},"excerpt":{"rendered":"<p>O presidente dos Estados Unidos, Donald Trump, realizou uma liga\u00e7\u00e3o telef\u00f4nica com seu hom\u00f3logo chin\u00eas, Xi Jinping, nesta quinta-feira (05\/06) e avaliou a conversa como \u201c\u00f3tima\u201d para ambos os pa\u00edses, ao revelar ter discutido a respeito das \u201ccomplexidades\u201d do acordo comercial firmado entre as duas partes sobre as tarifas de importa\u00e7\u00e3o que tem afetado a [&hellip;]<\/p>\n","protected":false},"author":2,"featured_media":0,"comment_status":"closed","ping_status":"closed","sticky":false,"template":"","format":"standard","meta":{"fifu_image_url":"","fifu_image_alt":"","footnotes":""},"categories":[2211,292,1023,9,7695,5518,3641,337],"tags":[],"class_list":["post-31911","post","type-post","status-publish","format-standard","hentry","category-acordo-comercial","category-china","category-donald-trump","category-eua","category-ligacao","category-politica-e-economia","category-tarifaco","category-xi-jinping"],"_links":{"self":[{"href":"https:\/\/redept.com.br\/blogosfera\/wp-json\/wp\/v2\/posts\/31911","targetHints":{"allow":["GET"]}}],"collection":[{"href":"https:\/\/redept.com.br\/blogosfera\/wp-json\/wp\/v2\/posts"}],"about":[{"href":"https:\/\/redept.com.br\/blogosfera\/wp-json\/wp\/v2\/types\/post"}],"author":[{"embeddable":true,"href":"https:\/\/redept.com.br\/blogosfera\/wp-json\/wp\/v2\/users\/2"}],"replies":[{"embeddable":true,"href":"https:\/\/redept.com.br\/blogosfera\/wp-json\/wp\/v2\/comments?post=31911"}],"version-history":[{"count":0,"href":"https:\/\/redept.com.br\/blogosfera\/wp-json\/wp\/v2\/posts\/31911\/revisions"}],"wp:attachment":[{"href":"https:\/\/redept.com.br\/blogosfera\/wp-json\/wp\/v2\/media?parent=31911"}],"wp:term":[{"taxonomy":"category","embeddable":true,"href":"https:\/\/redept.com.br\/blogosfera\/wp-json\/wp\/v2\/categories?post=31911"},{"taxonomy":"post_tag","embeddable":true,"href":"https:\/\/redept.com.br\/blogosfera\/wp-json\/wp\/v2\/tags?post=31911"}],"curies":[{"name":"wp","href":"https:\/\/api.w.org\/{rel}","templated":true}]}}