{"id":32132,"date":"2025-06-06T20:12:20","date_gmt":"2025-06-06T23:12:20","guid":{"rendered":"https:\/\/redept.org\/blogosfera\/batalha-da-resistencia-juventude-ocupa-o-farol-com-rima-danca-e-arte-periferica\/"},"modified":"2025-06-06T20:12:20","modified_gmt":"2025-06-06T23:12:20","slug":"batalha-da-resistencia-juventude-ocupa-o-farol-com-rima-danca-e-arte-periferica","status":"publish","type":"post","link":"https:\/\/redept.com.br\/blogosfera\/batalha-da-resistencia-juventude-ocupa-o-farol-com-rima-danca-e-arte-periferica\/","title":{"rendered":"Batalha da Resist\u00eancia: Juventude ocupa o Farol com rima, dan\u00e7a e arte perif\u00e9rica"},"content":{"rendered":"<p>Neste s\u00e1bado (07), a Rede Juv, em parceria com o Instituto Juventude Inova\u00e7\u00e3o (IJI), promove em Fortaleza mais uma edi\u00e7\u00e3o da Batalha da Rede Juv (BDR). Com programa\u00e7\u00e3o gratuita e aberta ao p\u00fablico, o evento acontece a partir das 16h30, no Farol da Juventude Benfica, e oferece uma agenda repleta de atividades \u2014 das batalhas de dan\u00e7a \u00e0s de rima \u2014 com o objetivo de difundir a cultura urbana.<\/p>\n<p>O presidente do Instituto Juventude Inova\u00e7\u00e3o, Rog\u00e9rio Babau, destaca a import\u00e2ncia da retomada do evento neste per\u00edodo recente e aponta que ele \u00e9 um dos pilares das pol\u00edticas p\u00fablicas de juventude. Segundo ele, o evento combina pol\u00edticas p\u00fablicas com temas de interesse da juventude, como esporte, literatura, lazer e territorialidade. \u201cA batalha representa a ess\u00eancia do que acontece em v\u00e1rios equipamentos da Rede Juv espalhados pela cidade, trazendo a for\u00e7a da periferia com a perspectiva da pacifica\u00e7\u00e3o dos territ\u00f3rios e da constru\u00e7\u00e3o de uma cultura de paz.\u201d<\/p>\n<p>Babau tamb\u00e9m ressalta que o principal objetivo da BDR \u00e9 \u201ca retomada e a visibilidade dessa cultura de resist\u00eancia e de rua, al\u00e9m da valoriza\u00e7\u00e3o do hip hop e das batalhas de rima\u201d. Outro foco do evento, segundo ele, \u00e9 fomentar o di\u00e1logo entre a periferia e as \u00e1reas mais centrais de Fortaleza. Ele lembra que o Benfica \u00e9 uma regi\u00e3o conhecida por sua boemia e tradi\u00e7\u00e3o acad\u00eamica, mas que tamb\u00e9m enfrenta o avan\u00e7o da viol\u00eancia urbana.<\/p>\n<p>Voltada ao p\u00fablico jovem de Fortaleza, a Rede Juv articula diversos equipamentos p\u00fablicos respons\u00e1veis pela integra\u00e7\u00e3o de a\u00e7\u00f5es culturais, esportivas e formativas nos territ\u00f3rios urbanos. A BDR surgiu como uma ferramenta de mobiliza\u00e7\u00e3o juvenil para dar visibilidade \u00e0s express\u00f5es art\u00edsticas das periferias, conectando batalhas j\u00e1 existentes na cidade.<\/p>\n<p><a href=\"https:\/\/api.whatsapp.com\/send\/?phone=558598588379&amp;text=Ol%C3%A1%2C+gostaria+de+receber+not%C3%ADcias+do+Brasil+de+Fato+Cear%C3%A1.&amp;app_absent=0\">:: Clique aqui para receber not\u00edcias do Brasil de Fato Cear\u00e1 no seu Whatsapp ::<\/a><\/p>\n<p>J\u00e1 realizada em diversos Far\u00f3is da Juventude de Fortaleza, a BDR contempla uma ampla gama de linguagens culturais, como batalhas de rima, TAG, passinho de reggae, corte de cabelo, skate e dan\u00e7as urbanas. Em edi\u00e7\u00f5es anteriores, tamb\u00e9m celebrou a cultura ballroom. A supervisora de a\u00e7\u00e3o cultural do IJI, Caroline Sousa, relembra que a BDR surgiu como um evento que unificava as diversas batalhas realizadas nos Far\u00f3is da Juventude da cidade (Dend\u00ea, Curi\u00f3, Serrinha, Benfica e Granja). A primeira edi\u00e7\u00e3o contou com batalhas de rima, skate e TAG.<\/p>\n<figure><img fetchpriority=\"high\" decoding=\"async\" width=\"1024\" height=\"684\"src=\"https:\/\/redept.org\/blogosfera\/wp-content\/uploads\/2025\/06\/bdf-20250606-180802-2d225b-2048x1367-1.jpg\" alt=\"\" srcset=\"https:\/\/assets.brasildefato.com.br\/2025\/06\/bdf-20250606-180802-2d225b-300x200.jpg 300w, https:\/\/assets.brasildefato.com.br\/2025\/06\/bdf-20250606-180802-2d225b-1024x684.jpg 1024w, https:\/\/assets.brasildefato.com.br\/2025\/06\/bdf-20250606-180802-2d225b-768x513.jpg 768w, https:\/\/assets.brasildefato.com.br\/2025\/06\/bdf-20250606-180802-2d225b-1536x1026.jpg 1536w, https:\/\/redept.org\/blogosfera\/wp-content\/uploads\/2025\/06\/bdf-20250606-180802-2d225b-2048x1367-1.jpg 2048w, https:\/\/assets.brasildefato.com.br\/2025\/06\/bdf-20250606-180802-2d225b-750x536.jpg 750w, https:\/\/assets.brasildefato.com.br\/2025\/06\/bdf-20250606-180802-2d225b-1140x815.jpg 1140w, https:\/\/assets.brasildefato.com.br\/2025\/06\/bdf-20250606-180802-2d225b-600x400.jpg 600w\" sizes=\"(max-width: 1024px) 100vw, 1024px\"><figcaption>A BDR oferece oportunidades para jovens se desenvolverem artisticamente e socialmente, criando um ambiente de troca, aprendizado e crescimento. Foto: Rastilho Filmes<\/figcaption><\/figure>\n<p>Para Sousa, a nova edi\u00e7\u00e3o da BDR demonstra o quanto a juventude \u00e9 diversa e potente, com grande capacidade de produ\u00e7\u00e3o art\u00edstica e cultural. \u201cA ideia \u00e9 sempre conectar o p\u00fablico, tanto os jovens participantes quanto os competidores. Eles se enxergam como produtores, como DJs, como artistas. Cada batalha tem seu pr\u00f3prio corpo de pessoas\u201d, destaca.<\/p>\n<p>Aos 19 anos, Frojya, nome art\u00edstico da jovem dan\u00e7arina, \u00e9 uma das competidoras da batalha de dan\u00e7a e se apresentar\u00e1 no s\u00e1bado. Em entrevista ao BdF Cear\u00e1, ela conta que a dan\u00e7a sempre esteve presente em sua vida e brinca dizendo que \u00e9 \u201cum dom herdado da fam\u00edlia\u201d, j\u00e1 que sua m\u00e3e tamb\u00e9m \u00e9 dan\u00e7arina. \u201cA decis\u00e3o de trabalhar profissionalmente com dan\u00e7a surgiu em 2024, depois que iniciei a Licenciatura em Dan\u00e7a na Universidade Federal do Cear\u00e1 (UFC). Sempre que posso, participo das batalhas na cidade e busco treinos abertos, aulas e oficinas.\u201d<\/p>\n<p>Frojya ir\u00e1 competir na categoria<em> 2 vs 2<\/em> e escolheu como parceiro Apacco, com quem j\u00e1 tem uma forte conex\u00e3o art\u00edstica. \u201cMinhas expectativas s\u00e3o alt\u00edssimas. Escolher o Apacco foi a decis\u00e3o mais inteligente, porque somos praticamente a mesma pessoa. J\u00e1 batalhamos um contra o outro, e em todos os eventos estamos juntos, sempre na mesma vibe\u201d, conta.<\/p>\n<p>Mesmo com experi\u00eancia em dan\u00e7a e batalhas na cidade, Frojya espera conquistar ainda mais visibilidade e aprendizado. Ela deseja que mais pessoas conhe\u00e7am esses espa\u00e7os, que tamb\u00e9m s\u00e3o ambientes de promo\u00e7\u00e3o da cultura e do lazer.<\/p>\n<p>Sobre os impactos do evento na vida dos jovens, Babau afirma que o principal objetivo \u00e9 que a mensagem de paz alcance esses jovens, para que se reconhe\u00e7am como sujeitos potentes e capazes de construir um mundo mais justo por meio da arte e da cultura. Al\u00e9m disso, ele defende a conscientiza\u00e7\u00e3o sobre a necessidade de reivindicar pol\u00edticas p\u00fablicas que promovam acolhimento, moradia, empregabilidade e acesso \u00e0 renda.<\/p>\n<p>Sousa destaca como impacto principal o reconhecimento dos artistas que ir\u00e3o se apresentar para um grande p\u00fablico, formado por crian\u00e7as, jovens, adolescentes e at\u00e9 idosos. Ela refor\u00e7a que este \u00e9 um momento em que muitos participantes se reconhecem como artistas e agentes culturais. \u201cA BDR \u00e9 hoje um dos maiores eventos da Rede Juv, e os jovens nos cobram por sua realiza\u00e7\u00e3o. Queremos torn\u00e1-la cada vez maior e fazer dela um evento gigante\u201d, afirma.<\/p>\n<h4>Programa\u00e7\u00e3o<\/h4>\n<p>Com facilita\u00e7\u00e3o de Osvaldo Oliveira, a programa\u00e7\u00e3o come\u00e7a com o workshop \u201cMarketing com M de M\u00fasica\u201d, voltado para estrat\u00e9gias de comunica\u00e7\u00e3o e visibilidade de artistas independentes. Em seguida, acontecem as batalhas de OpenStyle, TAG e rima, nessa ordem.<\/p>\n<p>O encerramento ser\u00e1 com o show do projeto 4RTIN, que mistura sonoridades e viv\u00eancias das quebradas de Fortaleza, celebrando a pot\u00eancia criativa da juventude perif\u00e9rica.<\/p>\n<figure><img loading=\"lazy\" loading=\"lazy\" decoding=\"async\" width=\"1024\" height=\"684\"src=\"https:\/\/redept.org\/blogosfera\/wp-content\/uploads\/2025\/06\/bdf-20250606-181421-de1a57-2048x1368-1.jpg\" alt=\"\" srcset=\"https:\/\/assets.brasildefato.com.br\/2025\/06\/bdf-20250606-181421-de1a57-300x200.jpg 300w, https:\/\/assets.brasildefato.com.br\/2025\/06\/bdf-20250606-181421-de1a57-1024x684.jpg 1024w, https:\/\/assets.brasildefato.com.br\/2025\/06\/bdf-20250606-181421-de1a57-768x513.jpg 768w, https:\/\/assets.brasildefato.com.br\/2025\/06\/bdf-20250606-181421-de1a57-1536x1026.jpg 1536w, https:\/\/redept.org\/blogosfera\/wp-content\/uploads\/2025\/06\/bdf-20250606-181421-de1a57-2048x1368-1.jpg 2048w, https:\/\/assets.brasildefato.com.br\/2025\/06\/bdf-20250606-181421-de1a57-750x536.jpg 750w, https:\/\/assets.brasildefato.com.br\/2025\/06\/bdf-20250606-181421-de1a57-1140x815.jpg 1140w, https:\/\/assets.brasildefato.com.br\/2025\/06\/bdf-20250606-181421-de1a57-600x400.jpg 600w\" sizes=\"auto, (max-width: 1024px) 100vw, 1024px\"><figcaption>Na programa\u00e7\u00e3o, a diversidade de formatos de batalhas garante uma experi\u00eancia rica para a juventude de Fortaleza, proporcionando aos jovens oportunidade para se destacarem e serem reconhecidos por seus talentos. Foto: Rastilho Filmes<\/figcaption><\/figure>\n<p>O evento reafirma o compromisso da Rede Juv com o protagonismo juvenil e o fortalecimento das culturas urbanas como ferramentas de transforma\u00e7\u00e3o social. A cultura \u00e9 usada como instrumento principal para combater a viol\u00eancia e promover a constru\u00e7\u00e3o de territ\u00f3rios de paz na cidade.<\/p>\n<p>Al\u00e9m da programa\u00e7\u00e3o cultural, a BDR oferecer\u00e1 atendimentos m\u00e9dicos e contar\u00e1 com um espa\u00e7o psicossocial com a\u00e7\u00f5es voltadas aos direitos humanos. Segundo Babau, a juventude tem adoecido cada vez mais, sobretudo mentalmente, em raz\u00e3o da aus\u00eancia de oportunidades e pol\u00edticas p\u00fablicas que garantam uma vida digna. \u201cNossa juventude est\u00e1 adoecida por diversos problemas: sociais, culturais, e principalmente por esse contexto de aprisionamento nos territ\u00f3rios, muito em fun\u00e7\u00e3o da viol\u00eancia\u201d, conclui.<\/p>\n<h2>Servi\u00e7o<\/h2>\n<p><strong>Batalha da Rede Juv<\/strong><\/p>\n<p>Onde: Farol da Juventude Benfica \u2013 Fortaleza<\/p>\n<p>Quando: 07\/06  \u2013 S\u00e1bado    Hor\u00e1rio: A partir das 16h30<\/p>\n<p>Mais informa\u00e7\u00f5es:<a href=\"https:\/\/www.instagram.com\/redejuvfortaleza\/\" data-type=\"link\" data-id=\"https:\/\/www.instagram.com\/redejuvfortaleza\/\"> @redejuvfortaleza\/<\/a><\/p>\n<p><a href=\"https:\/\/api.whatsapp.com\/send\/?phone=558598588379&amp;text=Ol%C3%A1%2C+gostaria+de+receber+not%C3%ADcias+do+Brasil+de+Fato+Cear%C3%A1.&amp;app_absent=0\">:: Clique aqui para receber not\u00edcias do Brasil de Fato Cear\u00e1 no seu Whatsapp ::<\/a><\/p>\n<!-- Begin Yuzo --><div class='yuzo_related_post style-1'  data-version='5.12.89'><!-- without result --><div class='yuzo_clearfixed yuzo__title yuzo__title'><h3>Related Post<\/h3><\/div>\n\t\t\t\t\t\t  <div class=\"relatedthumb \" style=\"width:125px;float:left;overflow:hidden;\">  \n\t\t\t\t\t\t\t  \n\t\t\t\t\t\t\t  <a  href=\"https:\/\/redept.com.br\/blogosfera\/entidades-reagem-a-vetos-de-terapias-hormonais-para-menores\/\"  >\n\t\t\t\t\t\t\t\t\t  <div class=\"yuzo-img-wrap \" style=\"width: 125px;height:90px;\">\n\t\t\t\t\t\t\t\t\t\t\n\t\t\t\t\t\t\t\t\t\t<div class=\"yuzo-img\" style=\"background:url('https:\/\/redept.org\/blogosfera\/wp-content\/plugins\/yuzo-related-post\/assets\/images\/default.png') 50% 50% no-repeat;width: 125px;height:90px;margin-bottom: 5px;background-size: cover; \"><\/div>\n\t\t\t\t\t\t\t\t\t  <\/div>\n\t\t\t\t\t\t\t\t\t  \n\t\t\t\t\t\t\t\t   <span class=\"yuzo__text--title\" style=\"font-size:13px;\">Entidades reagem a vetos de terapias hormonais par...<\/span>\n\t\t\t\t\t\t\t  \n\t\t\t\t\t\t\t  \n\t\t\t\t\t\t\t  <\/a>\n\n\t\t\t\t\t\t  <\/div>\n\t\t\t\t\t\t  <div class=\"relatedthumb \" style=\"width:125px;float:left;overflow:hidden;\">  \n\t\t\t\t\t\t\t  \n\t\t\t\t\t\t\t  <a  href=\"https:\/\/redept.com.br\/blogosfera\/haddad-no-17o-encontro-nacional-do-pt-quem-vai-pagar-a-conta-e-o-rico-no-ir\/\"  >\n\t\t\t\t\t\t\t\t\t  <div class=\"yuzo-img-wrap \" style=\"width: 125px;height:90px;\">\n\t\t\t\t\t\t\t\t\t\t\n\t\t\t\t\t\t\t\t\t\t<div class=\"yuzo-img\" style=\"background:url('https:\/\/redept.org\/blogosfera\/wp-content\/plugins\/yuzo-related-post\/assets\/images\/default.png') 50% 50% no-repeat;width: 125px;height:90px;margin-bottom: 5px;background-size: cover; \"><\/div>\n\t\t\t\t\t\t\t\t\t  <\/div>\n\t\t\t\t\t\t\t\t\t  \n\t\t\t\t\t\t\t\t   <span class=\"yuzo__text--title\" style=\"font-size:13px;\">Haddad, no 17\u00ba Encontro Nacional do PT: \u201cQuem vai ...<\/span>\n\t\t\t\t\t\t\t  \n\t\t\t\t\t\t\t  \n\t\t\t\t\t\t\t  <\/a>\n\n\t\t\t\t\t\t  <\/div>\n\t\t\t\t\t\t  <div class=\"relatedthumb \" style=\"width:125px;float:left;overflow:hidden;\">  \n\t\t\t\t\t\t\t  \n\t\t\t\t\t\t\t  <a  href=\"https:\/\/redept.com.br\/blogosfera\/ainda-estou-aqui-e-destaque-no-bafta-e-reforca-chances-no-oscar\/\"  >\n\t\t\t\t\t\t\t\t\t  <div class=\"yuzo-img-wrap \" style=\"width: 125px;height:90px;\">\n\t\t\t\t\t\t\t\t\t\t\n\t\t\t\t\t\t\t\t\t\t<div class=\"yuzo-img\" style=\"background:url('https:\/\/redept.com.br\/blogosfera\/wp-content\/uploads\/2025\/01\/ainda-estou-aqui-cena-do-filme-150x150.webp') 50% 50% no-repeat;width: 125px;height:90px;margin-bottom: 5px;background-size: cover; \"><\/div>\n\t\t\t\t\t\t\t\t\t  <\/div>\n\t\t\t\t\t\t\t\t\t  \n\t\t\t\t\t\t\t\t   <span class=\"yuzo__text--title\" style=\"font-size:13px;\">\u201cAinda Estou Aqui\u201d \u00e9 destaque no Bafta e refor\u00e7a c...<\/span>\n\t\t\t\t\t\t\t  \n\t\t\t\t\t\t\t  \n\t\t\t\t\t\t\t  <\/a>\n\n\t\t\t\t\t\t  <\/div>\n\t\t\t\t\t\t  <div class=\"relatedthumb \" style=\"width:125px;float:left;overflow:hidden;\">  \n\t\t\t\t\t\t\t  \n\t\t\t\t\t\t\t  <a  href=\"https:\/\/redept.com.br\/blogosfera\/lula-visita-nordeste-para-impulsionar-maior-projeto-hidrico-do-pais\/\"  >\n\t\t\t\t\t\t\t\t\t  <div class=\"yuzo-img-wrap \" style=\"width: 125px;height:90px;\">\n\t\t\t\t\t\t\t\t\t\t\n\t\t\t\t\t\t\t\t\t\t<div class=\"yuzo-img\" style=\"background:url('https:\/\/redept.org\/blogosfera\/wp-content\/plugins\/yuzo-related-post\/assets\/images\/default.png') 50% 50% no-repeat;width: 125px;height:90px;margin-bottom: 5px;background-size: cover; \"><\/div>\n\t\t\t\t\t\t\t\t\t  <\/div>\n\t\t\t\t\t\t\t\t\t  \n\t\t\t\t\t\t\t\t   <span class=\"yuzo__text--title\" style=\"font-size:13px;\">Lula visita Nordeste para impulsionar maior projet...<\/span>\n\t\t\t\t\t\t\t  \n\t\t\t\t\t\t\t  \n\t\t\t\t\t\t\t  <\/a>\n\n\t\t\t\t\t\t  <\/div>\n<\/div> <script>\n\t\t\t\t\t\t  jQuery(document).ready(function( $ ){\n\t\t\t\t\t\t\t\/\/jQuery('.yuzo_related_post').equalizer({ overflow : 'relatedthumb' });\n\t\t\t\t\t\t\tjQuery('.yuzo_related_post .yuzo_wraps').equalizer({ columns : '> div' });\n\t\t\t\t\t\t   })\n\t\t\t\t\t\t  <\/script> <!-- End Yuzo :) -->","protected":false},"excerpt":{"rendered":"<p>Neste s\u00e1bado (07), a Rede Juv, em parceria com o Instituto Juventude Inova\u00e7\u00e3o (IJI), promove em Fortaleza mais uma edi\u00e7\u00e3o da Batalha da Rede Juv (BDR). Com programa\u00e7\u00e3o gratuita e aberta ao p\u00fablico, o evento acontece a partir das 16h30, no Farol da Juventude Benfica, e oferece uma agenda repleta de atividades \u2014 das batalhas [&hellip;]<\/p>\n","protected":false},"author":2,"featured_media":0,"comment_status":"closed","ping_status":"closed","sticky":false,"template":"","format":"standard","meta":{"fifu_image_url":"","fifu_image_alt":"","footnotes":""},"categories":[309],"tags":[],"class_list":["post-32132","post","type-post","status-publish","format-standard","hentry","category-cultura"],"_links":{"self":[{"href":"https:\/\/redept.com.br\/blogosfera\/wp-json\/wp\/v2\/posts\/32132","targetHints":{"allow":["GET"]}}],"collection":[{"href":"https:\/\/redept.com.br\/blogosfera\/wp-json\/wp\/v2\/posts"}],"about":[{"href":"https:\/\/redept.com.br\/blogosfera\/wp-json\/wp\/v2\/types\/post"}],"author":[{"embeddable":true,"href":"https:\/\/redept.com.br\/blogosfera\/wp-json\/wp\/v2\/users\/2"}],"replies":[{"embeddable":true,"href":"https:\/\/redept.com.br\/blogosfera\/wp-json\/wp\/v2\/comments?post=32132"}],"version-history":[{"count":0,"href":"https:\/\/redept.com.br\/blogosfera\/wp-json\/wp\/v2\/posts\/32132\/revisions"}],"wp:attachment":[{"href":"https:\/\/redept.com.br\/blogosfera\/wp-json\/wp\/v2\/media?parent=32132"}],"wp:term":[{"taxonomy":"category","embeddable":true,"href":"https:\/\/redept.com.br\/blogosfera\/wp-json\/wp\/v2\/categories?post=32132"},{"taxonomy":"post_tag","embeddable":true,"href":"https:\/\/redept.com.br\/blogosfera\/wp-json\/wp\/v2\/tags?post=32132"}],"curies":[{"name":"wp","href":"https:\/\/api.w.org\/{rel}","templated":true}]}}