{"id":32174,"date":"2025-06-06T17:13:43","date_gmt":"2025-06-06T20:13:43","guid":{"rendered":"https:\/\/redept.org\/blogosfera\/demolicao-do-esqueletao-entra-na-fase-final\/"},"modified":"2025-06-06T17:13:43","modified_gmt":"2025-06-06T20:13:43","slug":"demolicao-do-esqueletao-entra-na-fase-final","status":"publish","type":"post","link":"https:\/\/redept.com.br\/blogosfera\/demolicao-do-esqueletao-entra-na-fase-final\/","title":{"rendered":"Demoli\u00e7\u00e3o do Esquelet\u00e3o entra na fase final"},"content":{"rendered":"<section>\n<div>\n<p>O Edif\u00edcio Galeria XV de Novembro, conhecido como \u201cEsquelet\u00e3o\u201d, entrou na fase final de sua demoli\u00e7\u00e3o nesta semana, segundo a Secretaria Municipal de Obras e Infraestrutura (Smoi). A previs\u00e3o de entrega \u00e9 para o final de 2025 e dez dos 19 andares j\u00e1 foram demolidos. A Superintend\u00eancia Regional do Trabalho do RS realizou vistoria t\u00e9cnica na edifica\u00e7\u00e3o e concedeu a autoriza\u00e7\u00e3o para continuarem as obras.<\/p>\n<p>A demoli\u00e7\u00e3o ter\u00e1 um custo total de R$ 3,7 milh\u00f5es e est\u00e1 sendo feita de forma manual e mec\u00e2nica, andar por andar. Originalmente, constava no planejamento a implos\u00e3o do edif\u00edcio, mas <a href=\"https:\/\/sul21.com.br\/noticias\/geral\/2025\/05\/esqueletao-nao-sera-mais-implodido-anuncia-prefeitura\/\">a decis\u00e3o foi mudada ap\u00f3s an\u00e1lise do laudo de vistoria cautelar da vizinhan\u00e7a<\/a>.<\/p>\n<p>O pr\u00e9dio ocupa 13 mil metros quadrados, localizado entre as ruas Marechal Floriano Peixoto e Ot\u00e1vio Rocha, no Centro Hist\u00f3rico. \u201cAt\u00e9 o final do ano, o terreno vai estar limpo e cercado. Daremos por encerrado um problema que o Centro Hist\u00f3rico enfrentava h\u00e1 d\u00e9cadas. Desde 1957, a obra est\u00e1 atrasada\u201d, avalia Andr\u00e9 Flores, titular da Smoi.<\/p>\n<\/p><\/div>\n<\/section>\n<p>O post <a href=\"https:\/\/sul21.com.br\/noticias\/geral\/2025\/06\/demolicao-do-esqueletao-entra-na-fase-final\/\">Demoli\u00e7\u00e3o do Esquelet\u00e3o entra na fase final<\/a> apareceu primeiro em <a href=\"https:\/\/sul21.com.br\/\">Sul 21<\/a>.<\/p>\n<!-- Begin Yuzo --><div class='yuzo_related_post style-1'  data-version='5.12.89'><!-- without result --><div class='yuzo_clearfixed yuzo__title yuzo__title'><h3>Related Post<\/h3><\/div>\n\t\t\t\t\t\t  <div class=\"relatedthumb \" style=\"width:125px;float:left;overflow:hidden;\">  \n\t\t\t\t\t\t\t  \n\t\t\t\t\t\t\t  <a  href=\"https:\/\/redept.com.br\/blogosfera\/incendios-no-brasil-aumentam-em-79-em-2024-com-seca-extrema-73-atingiram-area-de-vegetacao-nativa\/\"  >\n\t\t\t\t\t\t\t\t\t  <div class=\"yuzo-img-wrap \" style=\"width: 125px;height:90px;\">\n\t\t\t\t\t\t\t\t\t\t\n\t\t\t\t\t\t\t\t\t\t<div class=\"yuzo-img\" style=\"background:url('https:\/\/redept.org\/blogosfera\/wp-content\/plugins\/yuzo-related-post\/assets\/images\/default.png') 50% 50% no-repeat;width: 125px;height:90px;margin-bottom: 5px;background-size: cover; \"><\/div>\n\t\t\t\t\t\t\t\t\t  <\/div>\n\t\t\t\t\t\t\t\t\t  \n\t\t\t\t\t\t\t\t   <span class=\"yuzo__text--title\" style=\"font-size:13px;\">Inc\u00eandios no Brasil aumentam em 79% em 2024 com se...<\/span>\n\t\t\t\t\t\t\t  \n\t\t\t\t\t\t\t  \n\t\t\t\t\t\t\t  <\/a>\n\n\t\t\t\t\t\t  <\/div>\n\t\t\t\t\t\t  <div class=\"relatedthumb \" style=\"width:125px;float:left;overflow:hidden;\">  \n\t\t\t\t\t\t\t  \n\t\t\t\t\t\t\t  <a  href=\"https:\/\/redept.com.br\/blogosfera\/proposta-pelo-brasil-1a-cupula-da-alianca-global-contra-a-fome-e-a-pobreza-sera-no-catar\/\"  >\n\t\t\t\t\t\t\t\t\t  <div class=\"yuzo-img-wrap \" style=\"width: 125px;height:90px;\">\n\t\t\t\t\t\t\t\t\t\t\n\t\t\t\t\t\t\t\t\t\t<div class=\"yuzo-img\" style=\"background:url('https:\/\/redept.com.br\/blogosfera\/wp-content\/uploads\/2024\/12\/forum-doha_Roberta-AlineMDS-150x150.jpg') 50% 50% no-repeat;width: 125px;height:90px;margin-bottom: 5px;background-size: cover; \"><\/div>\n\t\t\t\t\t\t\t\t\t  <\/div>\n\t\t\t\t\t\t\t\t\t  \n\t\t\t\t\t\t\t\t   <span class=\"yuzo__text--title\" style=\"font-size:13px;\">Proposta pelo Brasil, 1\u00aa C\u00fapula da Alian\u00e7a Global ...<\/span>\n\t\t\t\t\t\t\t  \n\t\t\t\t\t\t\t  \n\t\t\t\t\t\t\t  <\/a>\n\n\t\t\t\t\t\t  <\/div>\n\t\t\t\t\t\t  <div class=\"relatedthumb \" style=\"width:125px;float:left;overflow:hidden;\">  \n\t\t\t\t\t\t\t  \n\t\t\t\t\t\t\t  <a  href=\"https:\/\/redept.com.br\/blogosfera\/paulo-paim-nova-constituinte-hoje-seria-enorme-retrocesso\/\"  >\n\t\t\t\t\t\t\t\t\t  <div class=\"yuzo-img-wrap \" style=\"width: 125px;height:90px;\">\n\t\t\t\t\t\t\t\t\t\t\n\t\t\t\t\t\t\t\t\t\t<div class=\"yuzo-img\" style=\"background:url('https:\/\/redept.org\/blogosfera\/wp-content\/plugins\/yuzo-related-post\/assets\/images\/default.png') 50% 50% no-repeat;width: 125px;height:90px;margin-bottom: 5px;background-size: cover; \"><\/div>\n\t\t\t\t\t\t\t\t\t  <\/div>\n\t\t\t\t\t\t\t\t\t  \n\t\t\t\t\t\t\t\t   <span class=\"yuzo__text--title\" style=\"font-size:13px;\">Paulo Paim: \u201cNova Constituinte, hoje, seria enorme...<\/span>\n\t\t\t\t\t\t\t  \n\t\t\t\t\t\t\t  \n\t\t\t\t\t\t\t  <\/a>\n\n\t\t\t\t\t\t  <\/div>\n\t\t\t\t\t\t  <div class=\"relatedthumb \" style=\"width:125px;float:left;overflow:hidden;\">  \n\t\t\t\t\t\t\t  \n\t\t\t\t\t\t\t  <a  href=\"https:\/\/redept.com.br\/blogosfera\/o-enfrentamento-ao-neofascismo-no-brasil\/\"  >\n\t\t\t\t\t\t\t\t\t  <div class=\"yuzo-img-wrap \" style=\"width: 125px;height:90px;\">\n\t\t\t\t\t\t\t\t\t\t\n\t\t\t\t\t\t\t\t\t\t<div class=\"yuzo-img\" style=\"background:url('https:\/\/redept.org\/blogosfera\/wp-content\/plugins\/yuzo-related-post\/assets\/images\/default.png') 50% 50% no-repeat;width: 125px;height:90px;margin-bottom: 5px;background-size: cover; \"><\/div>\n\t\t\t\t\t\t\t\t\t  <\/div>\n\t\t\t\t\t\t\t\t\t  \n\t\t\t\t\t\t\t\t   <span class=\"yuzo__text--title\" style=\"font-size:13px;\">O enfrentamento ao neofascismo no Brasil<\/span>\n\t\t\t\t\t\t\t  \n\t\t\t\t\t\t\t  \n\t\t\t\t\t\t\t  <\/a>\n\n\t\t\t\t\t\t  <\/div>\n<\/div> <script>\n\t\t\t\t\t\t  jQuery(document).ready(function( $ ){\n\t\t\t\t\t\t\t\/\/jQuery('.yuzo_related_post').equalizer({ overflow : 'relatedthumb' });\n\t\t\t\t\t\t\tjQuery('.yuzo_related_post .yuzo_wraps').equalizer({ columns : '> div' });\n\t\t\t\t\t\t   })\n\t\t\t\t\t\t  <\/script> <!-- End Yuzo :) -->","protected":false},"excerpt":{"rendered":"<p>O Edif\u00edcio Galeria XV de Novembro, conhecido como \u201cEsquelet\u00e3o\u201d, entrou na fase final de sua demoli\u00e7\u00e3o nesta semana, segundo a Secretaria Municipal de Obras e Infraestrutura (Smoi). A previs\u00e3o de entrega \u00e9 para o final de 2025 e dez dos 19 andares j\u00e1 foram demolidos. A Superintend\u00eancia Regional do Trabalho do RS realizou vistoria t\u00e9cnica [&hellip;]<\/p>\n","protected":false},"author":2,"featured_media":0,"comment_status":"closed","ping_status":"closed","sticky":false,"template":"","format":"standard","meta":{"fifu_image_url":"","fifu_image_alt":"","footnotes":""},"categories":[7799,7800,7801,94,38],"tags":[],"class_list":["post-32174","post","type-post","status-publish","format-standard","hentry","category-centro-historico","category-demolicao-do-esqueletao","category-esqueletao","category-geral","category-porto-alegre"],"_links":{"self":[{"href":"https:\/\/redept.com.br\/blogosfera\/wp-json\/wp\/v2\/posts\/32174","targetHints":{"allow":["GET"]}}],"collection":[{"href":"https:\/\/redept.com.br\/blogosfera\/wp-json\/wp\/v2\/posts"}],"about":[{"href":"https:\/\/redept.com.br\/blogosfera\/wp-json\/wp\/v2\/types\/post"}],"author":[{"embeddable":true,"href":"https:\/\/redept.com.br\/blogosfera\/wp-json\/wp\/v2\/users\/2"}],"replies":[{"embeddable":true,"href":"https:\/\/redept.com.br\/blogosfera\/wp-json\/wp\/v2\/comments?post=32174"}],"version-history":[{"count":0,"href":"https:\/\/redept.com.br\/blogosfera\/wp-json\/wp\/v2\/posts\/32174\/revisions"}],"wp:attachment":[{"href":"https:\/\/redept.com.br\/blogosfera\/wp-json\/wp\/v2\/media?parent=32174"}],"wp:term":[{"taxonomy":"category","embeddable":true,"href":"https:\/\/redept.com.br\/blogosfera\/wp-json\/wp\/v2\/categories?post=32174"},{"taxonomy":"post_tag","embeddable":true,"href":"https:\/\/redept.com.br\/blogosfera\/wp-json\/wp\/v2\/tags?post=32174"}],"curies":[{"name":"wp","href":"https:\/\/api.w.org\/{rel}","templated":true}]}}