{"id":32597,"date":"2025-06-10T15:30:48","date_gmt":"2025-06-10T18:30:48","guid":{"rendered":"https:\/\/redept.org\/blogosfera\/crise-climatica-pode-cortar-cerca-de-34-da-economia-global-ate-2100\/"},"modified":"2025-06-10T15:30:48","modified_gmt":"2025-06-10T18:30:48","slug":"crise-climatica-pode-cortar-cerca-de-34-da-economia-global-ate-2100","status":"publish","type":"post","link":"https:\/\/redept.com.br\/blogosfera\/crise-climatica-pode-cortar-cerca-de-34-da-economia-global-ate-2100\/","title":{"rendered":"Crise clim\u00e1tica pode cortar cerca de 34% da economia global at\u00e9 2100"},"content":{"rendered":"<p><img loading=\"lazy\" width=\"1024\" height=\"707\"src=\"https:\/\/redept.org\/blogosfera\/wp-content\/uploads\/2025\/06\/Foto-Carl-de-Souza.png\" alt=\"\" decoding=\"async\" loading=\"lazy\" srcset=\"https:\/\/vermelho.org.br\/wp-content\/uploads\/2025\/06\/Foto-Carl-de-Souza-1024x707.png 1024w, https:\/\/vermelho.org.br\/wp-content\/uploads\/2025\/06\/Foto-Carl-de-Souza-300x207.png 300w, https:\/\/vermelho.org.br\/wp-content\/uploads\/2025\/06\/Foto-Carl-de-Souza-768x530.png 768w, https:\/\/redept.org\/blogosfera\/wp-content\/uploads\/2025\/06\/Foto-Carl-de-Souza.png 1200w\" sizes=\"auto, (max-width: 1024px) 100vw, 1024px\"><\/p>\n<p>A conta da ina\u00e7\u00e3o clim\u00e1tica chegou \u2014 e ela \u00e9 brutal. Um novo relat\u00f3rio conjunto do Boston Consulting Group (BCG), da Universidade de Cambridge e do climaTRACES Lab traz uma advert\u00eancia dura aos l\u00edderes globais: se o mundo continuar na trajet\u00f3ria atual de aumento de temperatura, o preju\u00edzo econ\u00f4mico pode atingir at\u00e9 34% do PIB acumulado at\u00e9 o fim do s\u00e9culo. <\/p>\n<p>A pesquisa, divulgada em mar\u00e7o deste ano, revela que manter o aquecimento global abaixo de 2\u202f\u00b0C exigir\u00e1 investimentos adicionais equivalentes a 1% a 2% do PIB global at\u00e9 o fim do s\u00e9culo. Parece muito, mas o custo da ina\u00e7\u00e3o, de 11% a 27% do PIB \u2014 o equivalente a tr\u00eas vezes os gastos globais com sa\u00fade no per\u00edodo \u2014 torna qualquer hesita\u00e7\u00e3o uma aposta perigosa.<\/p>\n<p><strong>Leia tamb\u00e9m:<\/strong> <a href=\"https:\/\/vermelho.org.br\/2025\/06\/09\/lula-cobra-acao-global-e-amplia-protecao-dos-oceanos-na-onu\/\">Lula cobra a\u00e7\u00e3o global e amplia prote\u00e7\u00e3o dos oceanos na ONU<\/a><\/p>\n<p>Entre os principais motores desse colapso econ\u00f4mico est\u00e3o a queda na produtividade e a perda de capital \u2014 n\u00e3o apenas f\u00edsico, mas tamb\u00e9m natural e humano. O estudo estima que os investimentos necess\u00e1rios para mitigar e adaptar as economias \u00e0s mudan\u00e7as clim\u00e1ticas precisar\u00e3o crescer nove vezes em mitiga\u00e7\u00e3o e 13 vezes em adapta\u00e7\u00e3o at\u00e9 2050. <\/p>\n<p>\u201cO custo da ina\u00e7\u00e3o \u00e9 invis\u00edvel hoje, mas ser\u00e1 brutal no longo prazo\u201d, alerta Annika Zawadzki, s\u00f3cia do BCG e coautora do estudo. Segundo ela, a justificativa econ\u00f4mica \u00e9 \u201cclara e urgente\u201d, mas ainda pouco compreendida pelos formuladores de pol\u00edticas. As perdas futuras n\u00e3o s\u00e3o apenas previs\u00edveis, mas evit\u00e1veis.<\/p>\n<p><strong>Leia tamb\u00e9m:<\/strong> <a href=\"https:\/\/vermelho.org.br\/2025\/06\/04\/emergencia-climatica-o-papel-da-engenharia-e-o-desafio-da-transformacao-ecologica\/\">Emerg\u00eancia clim\u00e1tica: o papel da engenharia e o desafio da transforma\u00e7\u00e3o ecol\u00f3gica<\/a><\/p>\n<p>Outro ponto cr\u00edtico revelado \u00e9 a desigualdade na distribui\u00e7\u00e3o dos custos e benef\u00edcios da a\u00e7\u00e3o clim\u00e1tica. Pa\u00edses em desenvolvimento, frequentemente os mais vulner\u00e1veis, arcam com impactos maiores e contam com menos recursos para reagir. Isso exige, segundo os autores, uma coopera\u00e7\u00e3o internacional mais robusta, pol\u00edticas clim\u00e1ticas nacionais fortalecidas e maior transpar\u00eancia sobre os custos reais da ina\u00e7\u00e3o \u2014 algo ainda distante, apesar dos compromissos do Acordo de Paris.<\/p>\n<p><strong>Brasil: epicentro clim\u00e1tico e pe\u00e7a-chave na agenda global<\/strong><\/p>\n<p>O Brasil est\u00e1 em uma encruzilhada cr\u00edtica. Embora historicamente tenha emitido menos que os grandes pa\u00edses industrializados, os efeitos das mudan\u00e7as clim\u00e1ticas sobre o pa\u00eds podem ser dram\u00e1ticos \u2014 e custosos. A floresta amaz\u00f4nica, por exemplo, corre risco real de colapso parcial at\u00e9 2050, o que poderia transform\u00e1-la em savana e liberar at\u00e9 110 gigatons de CO\u2082, agravando ainda mais o aquecimento global.<\/p>\n<p>Como se n\u00e3o bastasse, se o pa\u00eds continuar na trajet\u00f3ria atual, ele pode, no mesmo per\u00edodo, perder at\u00e9 18% do seu PIB e isso equivale a cerca de R$ 1 trilh\u00e3o por ano \u2014  valor compar\u00e1vel \u00e0 metade de todo o gasto anual com sa\u00fade no pa\u00eds. As principais causas dessas perdas incluem a maior frequ\u00eancia e intensidade de eventos clim\u00e1ticos extremos, como secas prolongadas no Nordeste, inunda\u00e7\u00f5es no Sul e aumento do n\u00edvel do mar em \u00e1reas costeiras. Segundo o estudo, \u201co Brasil, com sua vulnerabilidade clim\u00e1tica e depend\u00eancia de recursos naturais, est\u00e1 entre os pa\u00edses mais expostos aos impactos econ\u00f4micos do aquecimento global\u201d.<\/p>\n<p><strong>Leia tamb\u00e9m: <\/strong><a href=\"https:\/\/vermelho.org.br\/2025\/06\/03\/lula-destina-r-825-milhoes-para-combate-ao-desmatamento\/\">Lula destina R$ 825 milh\u00f5es para combate ao desmatamento<\/a><\/p>\n<p>Por outro lado, o relat\u00f3rio destaca que o Brasil, como pa\u00eds com vastos recursos naturais e papel central no equil\u00edbrio clim\u00e1tico, tamb\u00e9m tem uma oportunidade estrat\u00e9gica: <strong>liderar a transi\u00e7\u00e3o verde<\/strong>. Com vasto potencial em energias renov\u00e1veis, agricultura de baixo carbono e bioeconomia, o pa\u00eds tem ativos estrat\u00e9gicos para atrair investimentos e construir uma economia mais resiliente e sustent\u00e1vel.<\/p>\n<p>A realiza\u00e7\u00e3o da COP30 em Bel\u00e9m, em novembro, ser\u00e1 palco para que o pa\u00eds reforce sua posi\u00e7\u00e3o como protagonista ambiental global \u2014 ou desperdice a chance de moldar um novo paradigma econ\u00f4mico sustent\u00e1vel. \u201cO Brasil pode ser ao mesmo tempo uma das maiores v\u00edtimas e um dos maiores l\u00edderes na a\u00e7\u00e3o clim\u00e1tica global\u201d, resume Kamiar Mohaddes, coautor do estudo.<\/p>\n<p>O relat\u00f3rio \u00e9 um chamado urgente para que governos e empresas tratem o clima como um ativo econ\u00f4mico estrat\u00e9gico. Porque, como conclui o professor Mohaddes: \u201cEstamos quentes demais para pensar direito, mas frios demais para entrar em p\u00e2nico. \u00c9 hora de agir com raz\u00e3o e ambi\u00e7\u00e3o.\u201d<\/p>\n<p>A \u00edntegra do estudo pode ser <a href=\"http:\/\/chrome-extension\/\/efaidnbmnnnibpcajpcglclefindmkaj\/https:\/\/web-assets.bcg.com\/d7\/d0\/303ec1174bd5ab5aaeabb4c657b2\/why-investing-in-climate-action-makes-good-economic-sense.pdf\">lida aqui.<\/a><\/p>\n<p>__<\/p>\n<p>O post <a href=\"https:\/\/vermelho.org.br\/2025\/06\/10\/crise-climatica-pode-cortar-cerca-de-34-da-economia-global-ate-2100\/\">Crise clim\u00e1tica pode cortar cerca de 34% da economia global at\u00e9 2100<\/a> apareceu primeiro em <a href=\"https:\/\/vermelho.org.br\/\">Vermelho<\/a>.<\/p>\n<!-- Begin Yuzo --><div class='yuzo_related_post style-1'  data-version='5.12.89'><!-- without result --><div class='yuzo_clearfixed yuzo__title yuzo__title'><h3>Related Post<\/h3><\/div>\n\t\t\t\t\t\t  <div class=\"relatedthumb \" style=\"width:125px;float:left;overflow:hidden;\">  \n\t\t\t\t\t\t\t  \n\t\t\t\t\t\t\t  <a  href=\"https:\/\/redept.com.br\/blogosfera\/protesto-exige-justica-por-rodrigo-jovem-assassinado-em-um-mercado-em-curitiba\/\"  >\n\t\t\t\t\t\t\t\t\t  <div class=\"yuzo-img-wrap \" style=\"width: 125px;height:90px;\">\n\t\t\t\t\t\t\t\t\t\t\n\t\t\t\t\t\t\t\t\t\t<div class=\"yuzo-img\" style=\"background:url('https:\/\/redept.com.br\/blogosfera\/wp-content\/uploads\/2025\/06\/WhatsApp-Image-2025-06-27-at-082211-150x150.jpeg') 50% 50% no-repeat;width: 125px;height:90px;margin-bottom: 5px;background-size: cover; \"><\/div>\n\t\t\t\t\t\t\t\t\t  <\/div>\n\t\t\t\t\t\t\t\t\t  \n\t\t\t\t\t\t\t\t   <span class=\"yuzo__text--title\" style=\"font-size:13px;\">Protesto exige justi\u00e7a por Rodrigo, jovem assassin...<\/span>\n\t\t\t\t\t\t\t  \n\t\t\t\t\t\t\t  \n\t\t\t\t\t\t\t  <\/a>\n\n\t\t\t\t\t\t  <\/div>\n\t\t\t\t\t\t  <div class=\"relatedthumb \" style=\"width:125px;float:left;overflow:hidden;\">  \n\t\t\t\t\t\t\t  \n\t\t\t\t\t\t\t  <a  href=\"https:\/\/redept.com.br\/blogosfera\/a-amazonia-que-chega-a-belem-para-cobrar-justica-climatica\/\"  >\n\t\t\t\t\t\t\t\t\t  <div class=\"yuzo-img-wrap \" style=\"width: 125px;height:90px;\">\n\t\t\t\t\t\t\t\t\t\t\n\t\t\t\t\t\t\t\t\t\t<div class=\"yuzo-img\" style=\"background:url('https:\/\/redept.org\/blogosfera\/wp-content\/plugins\/yuzo-related-post\/assets\/images\/default.png') 50% 50% no-repeat;width: 125px;height:90px;margin-bottom: 5px;background-size: cover; \"><\/div>\n\t\t\t\t\t\t\t\t\t  <\/div>\n\t\t\t\t\t\t\t\t\t  \n\t\t\t\t\t\t\t\t   <span class=\"yuzo__text--title\" style=\"font-size:13px;\">A Amaz\u00f4nia que chega a Bel\u00e9m para cobrar justi\u00e7a c...<\/span>\n\t\t\t\t\t\t\t  \n\t\t\t\t\t\t\t  \n\t\t\t\t\t\t\t  <\/a>\n\n\t\t\t\t\t\t  <\/div>\n\t\t\t\t\t\t  <div class=\"relatedthumb \" style=\"width:125px;float:left;overflow:hidden;\">  \n\t\t\t\t\t\t\t  \n\t\t\t\t\t\t\t  <a  href=\"https:\/\/redept.com.br\/blogosfera\/tribunal-da-onu-emite-ordens-de-prisao-contra-premie-netanyahu-e-ministro-da-defesa-gallant-alem-de-lider-do-hamas\/\"  >\n\t\t\t\t\t\t\t\t\t  <div class=\"yuzo-img-wrap \" style=\"width: 125px;height:90px;\">\n\t\t\t\t\t\t\t\t\t\t\n\t\t\t\t\t\t\t\t\t\t<div class=\"yuzo-img\" style=\"background:url('https:\/\/redept.org\/blogosfera\/wp-content\/plugins\/yuzo-related-post\/assets\/images\/default.png') 50% 50% no-repeat;width: 125px;height:90px;margin-bottom: 5px;background-size: cover; \"><\/div>\n\t\t\t\t\t\t\t\t\t  <\/div>\n\t\t\t\t\t\t\t\t\t  \n\t\t\t\t\t\t\t\t   <span class=\"yuzo__text--title\" style=\"font-size:13px;\">Tribunal da ONU emite ordens de pris\u00e3o contra prem...<\/span>\n\t\t\t\t\t\t\t  \n\t\t\t\t\t\t\t  \n\t\t\t\t\t\t\t  <\/a>\n\n\t\t\t\t\t\t  <\/div>\n\t\t\t\t\t\t  <div class=\"relatedthumb \" style=\"width:125px;float:left;overflow:hidden;\">  \n\t\t\t\t\t\t\t  \n\t\t\t\t\t\t\t  <a  href=\"https:\/\/redept.com.br\/blogosfera\/belgica-anuncia-que-reconhecera-estado-palestino-e-sancoes-contra-israel\/\"  >\n\t\t\t\t\t\t\t\t\t  <div class=\"yuzo-img-wrap \" style=\"width: 125px;height:90px;\">\n\t\t\t\t\t\t\t\t\t\t\n\t\t\t\t\t\t\t\t\t\t<div class=\"yuzo-img\" style=\"background:url('https:\/\/redept.com.br\/blogosfera\/wp-content\/uploads\/2025\/09\/prevot-150x150.jpg') 50% 50% no-repeat;width: 125px;height:90px;margin-bottom: 5px;background-size: cover; \"><\/div>\n\t\t\t\t\t\t\t\t\t  <\/div>\n\t\t\t\t\t\t\t\t\t  \n\t\t\t\t\t\t\t\t   <span class=\"yuzo__text--title\" style=\"font-size:13px;\">B\u00e9lgica anuncia que reconhecer\u00e1 Estado palestino e...<\/span>\n\t\t\t\t\t\t\t  \n\t\t\t\t\t\t\t  \n\t\t\t\t\t\t\t  <\/a>\n\n\t\t\t\t\t\t  <\/div>\n<\/div> <script>\n\t\t\t\t\t\t  jQuery(document).ready(function( $ ){\n\t\t\t\t\t\t\t\/\/jQuery('.yuzo_related_post').equalizer({ overflow : 'relatedthumb' });\n\t\t\t\t\t\t\tjQuery('.yuzo_related_post .yuzo_wraps').equalizer({ columns : '> div' });\n\t\t\t\t\t\t   })\n\t\t\t\t\t\t  <\/script> <!-- End Yuzo :) -->","protected":false},"excerpt":{"rendered":"<p>A conta da ina\u00e7\u00e3o clim\u00e1tica chegou \u2014 e ela \u00e9 brutal. Um novo relat\u00f3rio conjunto do Boston Consulting Group (BCG), da Universidade de Cambridge e do climaTRACES Lab traz uma advert\u00eancia dura aos l\u00edderes globais: se o mundo continuar na trajet\u00f3ria atual de aumento de temperatura, o preju\u00edzo econ\u00f4mico pode atingir at\u00e9 34% do PIB [&hellip;]<\/p>\n","protected":false},"author":2,"featured_media":0,"comment_status":"open","ping_status":"closed","sticky":false,"template":"","format":"standard","meta":{"fifu_image_url":"","fifu_image_alt":"","footnotes":""},"categories":[109,7973,7974,815,7975,18,570,7976,2095],"tags":[],"class_list":["post-32597","post","type-post","status-publish","format-standard","hentry","category-amazonia","category-bcg-cambridge","category-cop30-brasil","category-economia-brasileira","category-inacao-climatica","category-meio-ambiente","category-mudancas-climaticas","category-pib-global","category-transicao-ecologica"],"_links":{"self":[{"href":"https:\/\/redept.com.br\/blogosfera\/wp-json\/wp\/v2\/posts\/32597","targetHints":{"allow":["GET"]}}],"collection":[{"href":"https:\/\/redept.com.br\/blogosfera\/wp-json\/wp\/v2\/posts"}],"about":[{"href":"https:\/\/redept.com.br\/blogosfera\/wp-json\/wp\/v2\/types\/post"}],"author":[{"embeddable":true,"href":"https:\/\/redept.com.br\/blogosfera\/wp-json\/wp\/v2\/users\/2"}],"replies":[{"embeddable":true,"href":"https:\/\/redept.com.br\/blogosfera\/wp-json\/wp\/v2\/comments?post=32597"}],"version-history":[{"count":0,"href":"https:\/\/redept.com.br\/blogosfera\/wp-json\/wp\/v2\/posts\/32597\/revisions"}],"wp:attachment":[{"href":"https:\/\/redept.com.br\/blogosfera\/wp-json\/wp\/v2\/media?parent=32597"}],"wp:term":[{"taxonomy":"category","embeddable":true,"href":"https:\/\/redept.com.br\/blogosfera\/wp-json\/wp\/v2\/categories?post=32597"},{"taxonomy":"post_tag","embeddable":true,"href":"https:\/\/redept.com.br\/blogosfera\/wp-json\/wp\/v2\/tags?post=32597"}],"curies":[{"name":"wp","href":"https:\/\/api.w.org\/{rel}","templated":true}]}}