{"id":32710,"date":"2025-06-11T00:05:58","date_gmt":"2025-06-11T03:05:58","guid":{"rendered":"https:\/\/redept.org\/blogosfera\/lula-3-como-combater-o-desgaste\/"},"modified":"2025-06-11T00:05:58","modified_gmt":"2025-06-11T03:05:58","slug":"lula-3-como-combater-o-desgaste","status":"publish","type":"post","link":"https:\/\/redept.com.br\/blogosfera\/lula-3-como-combater-o-desgaste\/","title":{"rendered":"Lula 3: Como combater o desgaste?"},"content":{"rendered":"<figure><img loading=\"lazy\" loading=\"lazy\" decoding=\"async\" width=\"900\" height=\"506\"src=\"https:\/\/redept.org\/blogosfera\/wp-content\/uploads\/2025\/06\/luiz-inacio-lula-da-silva-em-entrevista-com-reinaldo-azevedo-1624870405919_v2_900x506.jpg\" alt=\"\" srcset=\"https:\/\/redept.org\/blogosfera\/wp-content\/uploads\/2025\/06\/luiz-inacio-lula-da-silva-em-entrevista-com-reinaldo-azevedo-1624870405919_v2_900x506.jpg 900w, https:\/\/outraspalavras.net\/wp-content\/uploads\/2025\/06\/luiz-inacio-lula-da-silva-em-entrevista-com-reinaldo-azevedo-1624870405919_v2_900x506-300x169.jpg 300w, https:\/\/outraspalavras.net\/wp-content\/uploads\/2025\/06\/luiz-inacio-lula-da-silva-em-entrevista-com-reinaldo-azevedo-1624870405919_v2_900x506-768x432.jpg 768w\" sizes=\"auto, (max-width: 900px) 100vw, 900px\"><figcaption><em>Imagem: Ricardo Stuckert\/Twitter<\/em><\/figcaption><\/figure>\n<h3><strong>Governo Lula 3: avan\u00e7os econ\u00f4micos, desafios pol\u00edticos e um eleitorado em transforma\u00e7\u00e3o<\/strong><\/h3>\n<div>\n<div>\n<div>\n<div>\n<div>\n<div>\n<div>\n<h4>Boletim Outras Palavras<\/h4>\n<p>Receba por email, diariamente, todas as publica\u00e7\u00f5es do site<\/p>\n<\/p><\/div>\n<div>\n<div>\n<div>\n<div>\n<div><\/div>\n<\/p><\/div>\n<\/p><\/div>\n<div>\n                <button type=\"submit\">Assinar<\/button><br \/>\n                <button disabled type=\"button\"> <\/p>\n<div><\/div>\n<p> <span>Loading&#8230;<\/span> <\/button>\n              <\/div>\n<\/p><\/div>\n<\/p><\/div>\n<div>\n            <button type=\"submit\">Assinar<\/button><br \/>\n            <button disabled type=\"button\"> <\/p>\n<div><\/div>\n<p> <span>Loading&#8230;<\/span> <\/button>\n          <\/div>\n<\/p><\/div>\n<div>\n<div>\n<h4>Agradecemos!<\/h4>\n<p>Voc\u00ea j\u00e1 est\u00e1 inscrito e come\u00e7ar\u00e1 a receber os boletins em breve. Boa leitura!<\/p>\n<\/p><\/div>\n<\/p><\/div>\n<\/p><\/div>\n<\/p><\/div>\n<\/div>\n<\/div>\n<\/div>\n<p>A \u00faltima pesquisa Quaest, divulgada em 4 de junho, oferece um panorama complexo e din\u00e2mico do cen\u00e1rio pol\u00edtico atual. O levantamento confirma que o governo Lula 3 mant\u00e9m uma base est\u00e1vel entre seus pr\u00f3prios eleitores no campo da esquerda e entre os mais pobres, ainda que tenha perdido apoio em ambos segmentos, sobretudo desde o in\u00edcio de 2025. Al\u00e9m disso, e essa nos parece ser a principal informa\u00e7\u00e3o da pesquisa, o governo come\u00e7a a recuperar posi\u00e7\u00f5es na classe m\u00e9dia baixa, setor mais denso da amostra, com 42% dos entrevistados. O quadro que emerge \u00e9 o de um governo operando em um ambiente polarizado e socialmente fragmentado, onde avan\u00e7os econ\u00f4micos importantes convivem com a dificuldade do governo em fazer chegar no eleitorado a percep\u00e7\u00e3o subjetiva de que tais avan\u00e7os est\u00e3o associados com pol\u00edticas p\u00fablicas levadas a cabo a partir do Estado, tendo em vista o crescimento da ades\u00e3o popular \u00e0 narrativas que enfatizam o m\u00e9rito individual e a gra\u00e7a de deus.<\/p>\n<h3><a><\/a> <strong>Base consolidada e recomposi\u00e7\u00e3o na classe m\u00e9dia<\/strong><\/h3>\n<p>Entre os eleitores de Lula no segundo turno de 2022, a aprova\u00e7\u00e3o segue robusta e at\u00e9 cresceu levemente, alcan\u00e7ando 74%. No campo da esquerda mais ampla, chega a 77%. Esses n\u00fameros indicam que o governo mant\u00e9m coes\u00e3o em seu campo pol\u00edtico, condi\u00e7\u00e3o indispens\u00e1vel para qualquer estrat\u00e9gia de viabilidade eleitoral futura.<\/p>\n<p>A novidade positiva da pesquisa est\u00e1 na recupera\u00e7\u00e3o do governo na classe m\u00e9dia. Entre eleitores com renda de 2 a 5 sal\u00e1rios m\u00ednimos \u2014 o maior grupo social do pa\u00eds \u2014 a aprova\u00e7\u00e3o subiu de 36% para 43%, acompanhada de uma queda correspondente da rejei\u00e7\u00e3o. Tamb\u00e9m houve melhora entre eleitores com renda acima de 5 sal\u00e1rios m\u00ednimos. Essa din\u00e2mica sugere que a recupera\u00e7\u00e3o da renda real e a melhora das expectativas econ\u00f4micas j\u00e1 come\u00e7am a ser percebidas nesses segmentos.<\/p>\n<div>\n<div><a href=\"https:\/\/apoia.se\/outraspalavras\" aria-label=\"MAT\u00c9RIA-1\"><img loading=\"lazy\" loading=\"lazy\" decoding=\"async\"src=\"https:\/\/redept.org\/blogosfera\/wp-content\/uploads\/2025\/06\/MATERIA-1-1.png\" alt=\"\" srcset=\"https:\/\/redept.org\/blogosfera\/wp-content\/uploads\/2025\/06\/MATERIA-1-1.png 681w, https:\/\/outraspalavras.net\/wp-content\/uploads\/2023\/03\/MATERIA-1-300x75.png 300w\" sizes=\"auto, (max-width: 681px) 100vw, 681px\" width=\"681\" height=\"171\"><\/a><\/div>\n<\/div>\n<p>Dados recentes sobre a evolu\u00e7\u00e3o da renda familiar refor\u00e7am essa leitura. A renda domiciliar per capita vem crescendo de forma consistente acima da infla\u00e7\u00e3o, inclusive da infla\u00e7\u00e3o de alimentos. Em 2024, enquanto os pre\u00e7os dos alimentos subiram 8%, a renda das fam\u00edlias aumentou 10%, com crescimento ainda mais expressivo entre os mais pobres (19%). Essa evolu\u00e7\u00e3o ajuda a explicar a melhora no humor de parte da classe m\u00e9dia, mais sens\u00edvel \u00e0s condi\u00e7\u00f5es econ\u00f4micas.<\/p>\n<h3><strong>Press\u00f5es e expectativas entre os mais pobres<\/strong><\/h3>\n<p>O ponto de maior aten\u00e7\u00e3o para o governo continua sendo o comportamento do eleitorado de baixa renda (at\u00e9 2 sal\u00e1rios m\u00ednimos). Nesse grupo, tradicionalmente associado \u00e0 base do lulismo, a desaprova\u00e7\u00e3o segue em trajet\u00f3ria ascendente. Embora Lula ainda mantenha apoio majorit\u00e1rio (50%), a tend\u00eancia \u00e9 de desgaste.<\/p>\n<p>Esse movimento n\u00e3o se explica por deteriora\u00e7\u00e3o material imediata \u2014 pelo contr\u00e1rio, a renda real melhorou, o consumo de alimentos se manteve, e os indicadores de seguran\u00e7a alimentar mostram avan\u00e7os importantes. Mas h\u00e1, claramente, uma dimens\u00e3o de expectativa n\u00e3o atendida, associada tanto a demandas de mobilidade social quanto a quest\u00f5es mais concretas, como seguran\u00e7a p\u00fablica, que emergem como preocupa\u00e7\u00e3o central da popula\u00e7\u00e3o.<\/p>\n<p>Esse dado sinaliza que parte da desaprova\u00e7\u00e3o expressa nessas pesquisas deve ser interpretada como um instrumento de cobran\u00e7a: um recado de que, para al\u00e9m das pol\u00edticas de redistribui\u00e7\u00e3o de curto prazo, h\u00e1 um desejo por mudan\u00e7as estruturais mais profundas.<\/p>\n<p>\u00c9 importante destacar a predomin\u00e2ncia dos evang\u00e9licos nessa faixa de renda, ainda que sua influ\u00eancia tenha se expandido para outros estratos sociais. Historicamente, esse grupo concentra-se nas camadas de menor renda e, como se sabe, \u00e9 o que apresenta maior rejei\u00e7\u00e3o ao governo Lula e ao PT (66% desaprovam contra 30% que aprovam). No entanto, \u00e9 preciso considerar a distor\u00e7\u00e3o nos n\u00fameros frequentemente citados: enquanto muitos institutos de pesquisa estimavam os evang\u00e9licos em cerca de 30% da popula\u00e7\u00e3o, os dados do IBGE mostram que eles representam pouco mais de 25%, o que pode inflar sua percep\u00e7\u00e3o de peso pol\u00edtico e social.<\/p>\n<p>Apesar de n\u00e3o ter experimentado o crescimento demogr\u00e1fico projetado por certos setores, o eleitorado evang\u00e9lico permanece um ator pol\u00edtico relevante, cuja sintonia com pautas conservadoras \u2013 especialmente aquelas de car\u00e1ter identit\u00e1rio \u2013 exige aten\u00e7\u00e3o estrat\u00e9gica por parte do governo. A disson\u00e2ncia entre as pol\u00edticas p\u00fablicas implementadas (muitas das quais afetam diretamente esse segmento) e a percep\u00e7\u00e3o que este possui delas revela um desafio de legitima\u00e7\u00e3o que precisa ser enfrentado.<\/p>\n<p>Do ponto de vista ideol\u00f3gico, esse grupo demonstra maior ades\u00e3o a discursos de ordem conservadores, notadamente em temas como seguran\u00e7a p\u00fablica e sa\u00fade, frequentemente em tens\u00e3o com as bandeiras tradicionais do bloco hist\u00f3rico petista. Al\u00e9m disso, sua assimila\u00e7\u00e3o do imagin\u00e1rio neoliberal \u2013 particularmente a valoriza\u00e7\u00e3o do <em>self-made man<\/em> e da autoempreendedoriza\u00e7\u00e3o \u2013 atua como um filtro cultural que dificulta a percep\u00e7\u00e3o da efic\u00e1cia de pol\u00edticas redistributivas. Essa dupla inclina\u00e7\u00e3o (conservadorismo moral e economicismo individualista baseado na gra\u00e7a) configura um obst\u00e1culo singular para a constru\u00e7\u00e3o de hegemonia progressista nesse estrato social.<\/p>\n<div>\n<div><\/div>\n<\/div>\n<h3><strong>Seguran\u00e7a p\u00fablica e o desafio das respostas estruturais<\/strong><\/h3>\n<p>Entre os temas que mais preocupam hoje a popula\u00e7\u00e3o, a seguran\u00e7a p\u00fablica assume papel central. Enquanto outras preocupa\u00e7\u00f5es \u2014 como infla\u00e7\u00e3o e corrup\u00e7\u00e3o \u2014 perdem peso, a viol\u00eancia se consolida como principal foco de ansiedade social.<\/p>\n<p>Esse \u00e9 um desafio delicado para o governo federal. Embora as atribui\u00e7\u00f5es institucionais sobre seguran\u00e7a sejam majoritariamente estaduais, a expectativa da popula\u00e7\u00e3o \u00e9 por uma atua\u00e7\u00e3o mais incisiva da Uni\u00e3o. Construir uma agenda cr\u00edvel e eficaz nessa \u00e1rea ser\u00e1 fundamental n\u00e3o apenas para ampliar o apoio eleitoral, mas para refor\u00e7ar a imagem de um governo responsivo \u00e0s demandas sociais emergentes.<\/p>\n<h3><strong>Um cen\u00e1rio em disputa<\/strong><\/h3>\n<p>Os dados da Quaest indicam um eleitorado ideologicamente dividido, com um governo bem ancorado em seu campo e uma sociedade que expressa de forma clara suas demandas e frustra\u00e7\u00f5es. O desafio central do governo Lula 3 ser\u00e1 o de consolidar a recupera\u00e7\u00e3o econ\u00f4mica, estruturar respostas efetivas em \u00e1reas sens\u00edveis como seguran\u00e7a p\u00fablica, e construir uma narrativa capaz de dialogar com expectativas de futuro, especialmente entre os mais pobres e os eleitores n\u00e3o alinhados.<\/p>\n<p>O cen\u00e1rio que se delineia \u00e9 desafiador, mas n\u00e3o fechado. A consolida\u00e7\u00e3o de avan\u00e7os econ\u00f4micos, a qualifica\u00e7\u00e3o das respostas em \u00e1reas como seguran\u00e7a p\u00fablica e a capacidade de manter o di\u00e1logo com um eleitorado em transforma\u00e7\u00e3o ser\u00e3o elementos centrais para o governo ampliar seu apoio. As condi\u00e7\u00f5es objetivas para essa reconstru\u00e7\u00e3o existem. Restar\u00e1 ao governo combinar escuta ativa, coordena\u00e7\u00e3o pol\u00edtica e clareza de projeto para transformar expectativas sociais em ades\u00e3o pol\u00edtica renovada.<\/p>\n<p>O governo Lula 3 est\u00e1 sendo marcado por uma rela\u00e7\u00e3o dif\u00edcil no congresso. Apesar de algumas conquistas importantes como reajuste da tabela do imposto de renda e uma aguardada reforma tribut\u00e1ria, o governo tem encontrado dificuldade de ter suas prioridades pautando o legislativo. A partir dessa dificuldade, \u00e9 comum interpreta\u00e7\u00f5es de que esse mandato sofre por dois fatores: (i) aus\u00eancia de um planejamento a longo prazo; (ii) dificuldade na comunica\u00e7\u00e3o. Esses dois problemas afetariam conjuntamente tamb\u00e9m a aprova\u00e7\u00e3o do governo, que atualmente estaria a beira de inviabilizar uma reelei\u00e7\u00e3o, mas como realmente est\u00e1 o quadro do governo?<\/p>\n<p>Na \u00faltima pesquisa Quaest, divulgada dia 4 de junho, a desaprova\u00e7\u00e3o chegou ao patamar mais alto desse mandato, batendo 57% dos entrevistados. Analisando os estratos de renda, \u00e9 poss\u00edvel observar que apenas no estrato mais pobre, at\u00e9 2 SM, a desaprova\u00e7\u00e3o seguiu piorando nesta pesquisa, em todos os demais estratos houve uma melhora na aprova\u00e7\u00e3o do governo. No 2-5 SM a desaprova\u00e7\u00e3o teve uma grande queda, saindo de 61 para 56, j\u00e1 no estrato mais alto, mais de 5 SM, tamb\u00e9m foi registrada um decl\u00ednio na desaprova\u00e7\u00e3o, saindo de 64 para 61%.<\/p>\n<p>Esse resultado mostra que o leve aumento da desaprova\u00e7\u00e3o do governo nessa \u00faltima pesquisa se deu por uma queda no grupo em que tem sua base eleitoral, tendo apresentado melhorias em todos os outros estratos, especialmente no intermedi\u00e1rio de 2-5 SM. Outro dado que chama aten\u00e7\u00e3o \u00e9 que a aprova\u00e7\u00e3o do governo teve alta entre seus eleitores e decl\u00ednio entre os que votaram branco\/nulo ou n\u00e3o foram votar nas elei\u00e7\u00f5es passadas, esses dados refor\u00e7am que o desempenho do governo no intervalo das \u00faltimas pesquisas caminhou junto com o seu eleitorado \u2013 ainda que o segmento mais popular, caracter\u00edstico por um grupo fiel ao PT, siga piorando sua avalia\u00e7\u00e3o.<\/p>\n<p>Mas quais fatores s\u00e3o os principais determinantes do quadro atual? Os temas caso INSS, corrup\u00e7\u00e3o e aumento dos pre\u00e7os est\u00e3o no topo das not\u00edcias ruins ouvidas, angariando 30% das respostas totais e 50% das respostas excluindo n\u00e3o sei, n\u00e3o respondeu ou n\u00e3o ouvi nenhuma not\u00edcia negativa. Isso mostra que o caso do INSS foi um fator de desgaste no per\u00edodo, ainda mais se unir o tema corrup\u00e7\u00e3o que acabam se sobrepondo, a infla\u00e7\u00e3o dos alimentos por outro lado, continua sendo um problema de destaque. Essa \u00faltima quest\u00e3o parece ser uma not\u00edcia boa para o governo, houve uma melhora das respostas nos casos da expectativa para economia, pre\u00e7os dos alimentos, pre\u00e7os da gasolina, mostrando que esse problema pode estar em vias de melhora.<\/p>\n<p>A melhora econ\u00f4mica \u00e9 um caminho mais vi\u00e1vel para o governo reverter o quadro de queda e recuperar o apoio dos seus eleitores de 2022. Com a previs\u00e3o de uma elei\u00e7\u00e3o bastante acirrada em 2026, garantir uma vota\u00e7\u00e3o similar no segundo turno parece um primeiro objetivo eleitoral do PT e dos partidos que desejam estar em sua frente eleitoral. Os motivos dessa amplia\u00e7\u00e3o passam pela concretiza\u00e7\u00e3o de promessas de campanhas importantes, como a diminui\u00e7\u00e3o dos pre\u00e7os dos alimentos, da gasolina e, em especial, com a reforma do imposto de renda isentando aqueles que ganham at\u00e9 5 sal\u00e1rios m\u00ednimos.<\/p>\n<p>Por fim, a viol\u00eancia \u00e9 a maior preocupa\u00e7\u00e3o dos entrevistados atualmente. Esse tema segue sendo um problema para o governo que patina em tomar atitudes mais estruturais contra o tema. Ironicamente, essa parece ser a \u00e1rea que clama por um projeto estrutural de longo prazo vindo do executivo federal, ainda que as atribui\u00e7\u00f5es dessa \u00e1rea sejam majoritariamente de responsabilidade do governo estadual. O governo Lula 3 tem encontrado dificuldades em promover projetos de longo prazo, algo que pode ser em parte responsabilidade do pr\u00f3prio governo, mas que tamb\u00e9m \u00e9 influenciado pelo ambiente de disputas acirradas e extremamente ideologizadas, dificultando o di\u00e1logo e a mobiliza\u00e7\u00e3o de for\u00e7as pol\u00edticas n\u00e3o aliadas em prol de mudan\u00e7as para o Brasil.<\/p>\n<p>Nesta configura\u00e7\u00e3o do poder pol\u00edtico, situada no que Deleuze diagnosticou como a era da \u201coni-crise\u201d, caracteriza-se por uma fragmenta\u00e7\u00e3o radical que inviabiliza a atua\u00e7\u00e3o por meio de grandes blocos hegem\u00f4nicos. Nesse cen\u00e1rio de dispers\u00e3o institucional e liquefa\u00e7\u00e3o das estruturas tradicionais, a a\u00e7\u00e3o pol\u00edtica \u00e9 obrigada a operar de forma casu\u00edstica, negociando cada movimento em meio a um campo de for\u00e7as descentrado. Essa din\u00e2mica torna imposs\u00edvel a implementa\u00e7\u00e3o linear de um projeto de governo coeso, nos moldes cl\u00e1ssicos da racionalidade estatal. O poder, em sua forma contempor\u00e2nea, n\u00e3o se consolida em macroestruturas, mas pulveriza-se em microdispositivos que exigem estrat\u00e9gias pontuais e adaptativas \u2013 uma governan\u00e7a do fragmento.<\/p>\n<p>No atual governo Lula, ainda que com importantes medidas estruturais j\u00e1 feitas, as realiza\u00e7\u00f5es s\u00e3o voltados ao combate de desigualdades atrav\u00e9s de subs\u00eddios como o <em>Desenrola<\/em>, aumento do bolsa fam\u00edlia, isen\u00e7\u00f5es na conta de luz, <em>P\u00e9 de meia<\/em>, entre outros. Essa atua\u00e7\u00e3o tem v\u00e1rios m\u00e9ritos, mas o governo, em algum momento, vai precisar propor mudan\u00e7as mais estruturais no contexto nacional se quiser expandir seu eleitorado.<\/p>\n<div>\n<div>\n<p><span><em>Outras Palavras \u00e9 feito por muitas m\u00e3os. Se voc\u00ea valoriza nossa produ\u00e7\u00e3o, seja nosso apoiador e fortale\u00e7a o jornalismo cr\u00edtico: <strong><a href=\"https:\/\/apoia.se\/outraspalavras\">apoia.se\/outraspalavras<\/a><\/strong><\/em><\/span><\/p>\n<\/div>\n<\/div>\n<p>The post <a href=\"https:\/\/outraspalavras.net\/estadoemdisputa\/lula-3-como-combater-o-desgaste\/\">Lula 3: Como combater o desgaste?<\/a> appeared first on <a href=\"https:\/\/outraspalavras.net\/\">Outras Palavras<\/a>.<\/p>\n<!-- Begin Yuzo --><div class='yuzo_related_post style-1'  data-version='5.12.89'><!-- without result --><div class='yuzo_clearfixed yuzo__title yuzo__title'><h3>Related Post<\/h3><\/div>\n\t\t\t\t\t\t  <div class=\"relatedthumb \" style=\"width:125px;float:left;overflow:hidden;\">  \n\t\t\t\t\t\t\t  \n\t\t\t\t\t\t\t  <a  href=\"https:\/\/redept.com.br\/blogosfera\/professores-do-sesi-retornam-as-aulas-esta-e-outras-noticias-da-educacao\/\"  >\n\t\t\t\t\t\t\t\t\t  <div class=\"yuzo-img-wrap \" style=\"width: 125px;height:90px;\">\n\t\t\t\t\t\t\t\t\t\t\n\t\t\t\t\t\t\t\t\t\t<div class=\"yuzo-img\" style=\"background:url('https:\/\/redept.com.br\/blogosfera\/wp-content\/uploads\/2025\/04\/greve_sesi-1-150x150.jpeg') 50% 50% no-repeat;width: 125px;height:90px;margin-bottom: 5px;background-size: cover; \"><\/div>\n\t\t\t\t\t\t\t\t\t  <\/div>\n\t\t\t\t\t\t\t\t\t  \n\t\t\t\t\t\t\t\t   <span class=\"yuzo__text--title\" style=\"font-size:13px;\">Professores do Sesi retornam \u00e0s aulas; esta e outr...<\/span>\n\t\t\t\t\t\t\t  \n\t\t\t\t\t\t\t  \n\t\t\t\t\t\t\t  <\/a>\n\n\t\t\t\t\t\t  <\/div>\n\t\t\t\t\t\t  <div class=\"relatedthumb \" style=\"width:125px;float:left;overflow:hidden;\">  \n\t\t\t\t\t\t\t  \n\t\t\t\t\t\t\t  <a  href=\"https:\/\/redept.com.br\/blogosfera\/segue-para-sancao-o-dia-nacional-do-coco-de-roda-e-da-ciranda-proposto-pelo-pt\/\"  >\n\t\t\t\t\t\t\t\t\t  <div class=\"yuzo-img-wrap \" style=\"width: 125px;height:90px;\">\n\t\t\t\t\t\t\t\t\t\t\n\t\t\t\t\t\t\t\t\t\t<div class=\"yuzo-img\" style=\"background:url('https:\/\/redept.org\/blogosfera\/wp-content\/plugins\/yuzo-related-post\/assets\/images\/default.png') 50% 50% no-repeat;width: 125px;height:90px;margin-bottom: 5px;background-size: cover; \"><\/div>\n\t\t\t\t\t\t\t\t\t  <\/div>\n\t\t\t\t\t\t\t\t\t  \n\t\t\t\t\t\t\t\t   <span class=\"yuzo__text--title\" style=\"font-size:13px;\">Segue para san\u00e7\u00e3o o Dia Nacional do Coco de Roda e...<\/span>\n\t\t\t\t\t\t\t  \n\t\t\t\t\t\t\t  \n\t\t\t\t\t\t\t  <\/a>\n\n\t\t\t\t\t\t  <\/div>\n\t\t\t\t\t\t  <div class=\"relatedthumb \" style=\"width:125px;float:left;overflow:hidden;\">  \n\t\t\t\t\t\t\t  \n\t\t\t\t\t\t\t  <a  href=\"https:\/\/redept.com.br\/blogosfera\/deputado-jose-maria-balcazar-e-eleito-presidente-interino-do-peru\/\"  >\n\t\t\t\t\t\t\t\t\t  <div class=\"yuzo-img-wrap \" style=\"width: 125px;height:90px;\">\n\t\t\t\t\t\t\t\t\t\t\n\t\t\t\t\t\t\t\t\t\t<div class=\"yuzo-img\" style=\"background:url('https:\/\/redept.org\/blogosfera\/wp-content\/plugins\/yuzo-related-post\/assets\/images\/default.png') 50% 50% no-repeat;width: 125px;height:90px;margin-bottom: 5px;background-size: cover; \"><\/div>\n\t\t\t\t\t\t\t\t\t  <\/div>\n\t\t\t\t\t\t\t\t\t  \n\t\t\t\t\t\t\t\t   <span class=\"yuzo__text--title\" style=\"font-size:13px;\">Deputado Jos\u00e9 Mar\u00eda Balc\u00e1zar \u00e9 eleito presidente i...<\/span>\n\t\t\t\t\t\t\t  \n\t\t\t\t\t\t\t  \n\t\t\t\t\t\t\t  <\/a>\n\n\t\t\t\t\t\t  <\/div>\n\t\t\t\t\t\t  <div class=\"relatedthumb \" style=\"width:125px;float:left;overflow:hidden;\">  \n\t\t\t\t\t\t\t  \n\t\t\t\t\t\t\t  <a  href=\"https:\/\/redept.com.br\/blogosfera\/atlas-da-escala-6x1-sera-lancado-na-festa-literaria-internacional-de-paraty\/\"  >\n\t\t\t\t\t\t\t\t\t  <div class=\"yuzo-img-wrap \" style=\"width: 125px;height:90px;\">\n\t\t\t\t\t\t\t\t\t\t\n\t\t\t\t\t\t\t\t\t\t<div class=\"yuzo-img\" style=\"background:url('https:\/\/redept.org\/blogosfera\/wp-content\/plugins\/yuzo-related-post\/assets\/images\/default.png') 50% 50% no-repeat;width: 125px;height:90px;margin-bottom: 5px;background-size: cover; \"><\/div>\n\t\t\t\t\t\t\t\t\t  <\/div>\n\t\t\t\t\t\t\t\t\t  \n\t\t\t\t\t\t\t\t   <span class=\"yuzo__text--title\" style=\"font-size:13px;\">Atlas da Escala 6\u00d71 ser\u00e1 lan\u00e7ado na Festa Liter\u00e1ri...<\/span>\n\t\t\t\t\t\t\t  \n\t\t\t\t\t\t\t  \n\t\t\t\t\t\t\t  <\/a>\n\n\t\t\t\t\t\t  <\/div>\n<\/div> <script>\n\t\t\t\t\t\t  jQuery(document).ready(function( $ ){\n\t\t\t\t\t\t\t\/\/jQuery('.yuzo_related_post').equalizer({ overflow : 'relatedthumb' });\n\t\t\t\t\t\t\tjQuery('.yuzo_related_post .yuzo_wraps').equalizer({ columns : '> div' });\n\t\t\t\t\t\t   })\n\t\t\t\t\t\t  <\/script> <!-- End Yuzo :) -->","protected":false},"excerpt":{"rendered":"<p>Imagem: Ricardo Stuckert\/Twitter Governo Lula 3: avan\u00e7os econ\u00f4micos, desafios pol\u00edticos e um eleitorado em transforma\u00e7\u00e3o Boletim Outras Palavras Receba por email, diariamente, todas as publica\u00e7\u00f5es do site Assinar Loading&#8230; Assinar Loading&#8230; Agradecemos! Voc\u00ea j\u00e1 est\u00e1 inscrito e come\u00e7ar\u00e1 a receber os boletins em breve. Boa leitura! A \u00faltima pesquisa Quaest, divulgada em 4 de junho, [&hellip;]<\/p>\n","protected":false},"author":2,"featured_media":32711,"comment_status":"open","ping_status":"closed","sticky":false,"template":"","format":"standard","meta":{"fifu_image_url":"","fifu_image_alt":"","footnotes":""},"categories":[8001,8002,1760,8003,5509,17,122,6687,2883,7688,73],"tags":[],"class_list":["post-32710","post","type-post","status-publish","format-standard","has-post-thumbnail","hentry","category-crise-do-inss","category-desenrola","category-eleicoes-2026","category-eleitorado-brasileiro","category-estado-em-disputa","category-governo-lula","category-inflacao","category-iof","category-pe-de-meia","category-pesquisa-quaest","category-seguranca-publica"],"_links":{"self":[{"href":"https:\/\/redept.com.br\/blogosfera\/wp-json\/wp\/v2\/posts\/32710","targetHints":{"allow":["GET"]}}],"collection":[{"href":"https:\/\/redept.com.br\/blogosfera\/wp-json\/wp\/v2\/posts"}],"about":[{"href":"https:\/\/redept.com.br\/blogosfera\/wp-json\/wp\/v2\/types\/post"}],"author":[{"embeddable":true,"href":"https:\/\/redept.com.br\/blogosfera\/wp-json\/wp\/v2\/users\/2"}],"replies":[{"embeddable":true,"href":"https:\/\/redept.com.br\/blogosfera\/wp-json\/wp\/v2\/comments?post=32710"}],"version-history":[{"count":0,"href":"https:\/\/redept.com.br\/blogosfera\/wp-json\/wp\/v2\/posts\/32710\/revisions"}],"wp:featuredmedia":[{"embeddable":true,"href":"https:\/\/redept.com.br\/blogosfera\/wp-json\/wp\/v2\/media\/32711"}],"wp:attachment":[{"href":"https:\/\/redept.com.br\/blogosfera\/wp-json\/wp\/v2\/media?parent=32710"}],"wp:term":[{"taxonomy":"category","embeddable":true,"href":"https:\/\/redept.com.br\/blogosfera\/wp-json\/wp\/v2\/categories?post=32710"},{"taxonomy":"post_tag","embeddable":true,"href":"https:\/\/redept.com.br\/blogosfera\/wp-json\/wp\/v2\/tags?post=32710"}],"curies":[{"name":"wp","href":"https:\/\/api.w.org\/{rel}","templated":true}]}}