{"id":32819,"date":"2025-06-11T14:45:31","date_gmt":"2025-06-11T17:45:31","guid":{"rendered":"https:\/\/redept.org\/blogosfera\/empreendedoras-do-abc-tem-ate-15-de-junho-para-se-inscrever-no-premio-sebrae-mulher-de-negocios\/"},"modified":"2025-06-11T14:45:31","modified_gmt":"2025-06-11T17:45:31","slug":"empreendedoras-do-abc-tem-ate-15-de-junho-para-se-inscrever-no-premio-sebrae-mulher-de-negocios","status":"publish","type":"post","link":"https:\/\/redept.com.br\/blogosfera\/empreendedoras-do-abc-tem-ate-15-de-junho-para-se-inscrever-no-premio-sebrae-mulher-de-negocios\/","title":{"rendered":"Empreendedoras do ABC tem at\u00e9 15 de junho para se inscrever no Pr\u00eamio Sebrae Mulher de Neg\u00f3cios \u00a0"},"content":{"rendered":"<p>O Pr\u00eamio Sebrae Mulher de Neg\u00f3cios 2025 est\u00e1 com inscri\u00e7\u00f5es abertas at\u00e9 o dia 15 de junho. As mulheres <a href=\"https:\/\/tvtnews.com.br\/tag\/empreendedorismo\/\" data-type=\"post_tag\" data-id=\"4611\">empreendedoras<\/a> do <a href=\"https:\/\/tvtnews.com.br\/tag\/abc-paulista\/\" data-type=\"post_tag\" data-id=\"4508\">ABC<\/a> podem participar da etapa estadual. Saiba como participar do Pr\u00eamio Sebrae com a <a href=\"http:\/\/tvtnews.com.br\/\" target=\"_blank\" data-type=\"link\" data-id=\"tvtnews.com.br\" rel=\"noreferrer noopener\">TVT News<\/a>.<\/p>\n<\/p>\n<h2><strong>Empreendedoras do Grande ABC tem at\u00e9 o dia 15 de junho para se inscrever no Pr\u00eamio Sebrae Mulher de Neg\u00f3cios \u00a0<\/strong><\/h2>\n<p>Premia\u00e7\u00e3o \u00e9 aberta para <a href=\"https:\/\/tvtnews.com.br\/tag\/mulheres\/\" data-type=\"post_tag\" data-id=\"4209\">mulheres<\/a> propriet\u00e1rias de empresas enquadradas como <a href=\"https:\/\/tvtnews.com.br\/tag\/mei\/\" data-type=\"post_tag\" data-id=\"4730\">MEI<\/a>, Microempresa (ME) ou Empresa de Pequeno Porte (EPP)\u00a0<\/p>\n<p>O Pr\u00eamio Sebrae Mulher de Neg\u00f3cios 2025 est\u00e1 com inscri\u00e7\u00f5es abertas at\u00e9 o dia 15 de junho. A iniciativa celebra o protagonismo feminino no empreendedorismo e reconhece hist\u00f3rias inspiradoras de mulheres que, com seus neg\u00f3cios, transformam vidas e contribuem para o desenvolvimento do pa\u00eds. Para se inscrever, basta acessar o<a rel=\"noreferrer noopener nofollow\" target=\"_blank\" href=\"https:\/\/sebrae.com.br\/sites\/PortalSebrae\/empreendedorismofeminino\/premiomulherdenegocios\"> site oficial do pr\u00eamio.<\/a>\u00a0<\/p>\n<p>A premia\u00e7\u00e3o \u00e9 aberta para propriet\u00e1rias de empresas enquadradas como MEI, Microempresa (ME) ou Empresa de Pequeno Porte (EPP), com, no m\u00ednimo, um ano de exist\u00eancia. <\/p>\n<p>A inscri\u00e7\u00e3o \u00e9 gratuita e pode ser feita em uma das cinco categorias dispon\u00edveis: Pequenos Neg\u00f3cios, Produtora Rural, MEI, Ci\u00eancia e Tecnologia e Neg\u00f3cios Internacionais. Embora o envio de um v\u00eddeo com o pitch da candidata n\u00e3o seja obrigat\u00f3rio, ele poder\u00e1 ser um crit\u00e9rio de desempate na avalia\u00e7\u00e3o. As interessadas devem consultar o regulamento completo no site oficial do Pr\u00eamio.\u00a0<\/p>\n<p>As candidatas devem ter mais de 18 anos e a empresa precisa estar em dia com suas obriga\u00e7\u00f5es legais e fiscais. N\u00e3o h\u00e1 impedimento de participa\u00e7\u00e3o caso possua s\u00f3cios homens, desde que a <a href=\"https:\/\/tvtnews.com.br\/empreendedorismo-feminino-alianca-empreendedora-onu\/\" data-type=\"post\" data-id=\"731090\">mulher seja administradora<\/a> da empresa e protagonista da hist\u00f3ria de sucesso,\u00a0\u00a0<\/p>\n<p>\u201cO<strong> Pr\u00eamio Sebrae Mulher de Neg\u00f3cios vai muito al\u00e9m de contar uma hist\u00f3ria. \u00c9 lembrar das conquistas, das vit\u00f3rias e de tudo o que foi superado para chegar at\u00e9 aqui<\/strong>. Sabemos que existem mulheres incr\u00edveis, que inspiram com sua garra, coragem e determina\u00e7\u00e3o. E \u00e9 por isso que esse pr\u00eamio \u00e9 t\u00e3o especial: ele reconhece, valoriza e eterniza mais um marco na trajet\u00f3ria das nossas mulheres\u201d, diz <strong>Rosiane Cecilia Moreira<\/strong>, Analista de Neg\u00f3cios do Sebrae Grande ABC e<strong> <\/strong>gestora do Sebrae Delas.\u00a0<\/p>\n<p>O Pr\u00eamio Sebrae \u00e9 composto por tr\u00eas etapas: estadual, regional e nacional. Na primeira etapa, cinco candidatas ser\u00e3o escolhidas por estado e o Distrito Federal, sendo uma por categoria. <\/p>\n<figure><img fetchpriority=\"high\" fetchpriority=\"high\" decoding=\"async\" width=\"1024\" height=\"576\"src=\"https:\/\/redept.org\/blogosfera\/wp-content\/uploads\/2025\/06\/mei-empreendedora-de-moda.jpg\" alt=\"app-mei-veja-funcoes-que-facilitam-a-vida-do-empreendedor-empreendedoras-podem-consultar-todos-os-prazos-e-informacoes-no-app-mei-foto-fernando-frazao-agencia-brasil-tvt-news\" title=\"Empreendedoras do ABC tem at\u00e9 15 de junho para se inscrever no Pr\u00eamio Sebrae Mulher de Neg\u00f3cios \u00a0 3\" srcset=\"https:\/\/tvtnews.com.br\/wp-content\/uploads\/2025\/03\/mei-empreendedora-de-moda-1024x576.jpg 1024w, https:\/\/tvtnews.com.br\/wp-content\/uploads\/2025\/03\/mei-empreendedora-de-moda-300x169.jpg 300w, https:\/\/tvtnews.com.br\/wp-content\/uploads\/2025\/03\/mei-empreendedora-de-moda-768x432.jpg 768w, https:\/\/tvtnews.com.br\/wp-content\/uploads\/2025\/03\/mei-empreendedora-de-moda-1536x864.jpg 1536w, https:\/\/redept.org\/blogosfera\/wp-content\/uploads\/2025\/06\/mei-empreendedora-de-moda.jpg 1600w\" sizes=\"(max-width: 1024px) 100vw, 1024px\"><figcaption>Empreendedoras podem consultar servi\u00e7os do Governo Federal pelo App MEI. Foto: Fernando Fraz\u00e3o\/Ag\u00eancia Brasil<\/figcaption><\/figure>\n<p>Todas as vencedoras da etapa estadual seguem para a fase regional, de car\u00e1ter eliminat\u00f3rio, e apenas uma candidata por categoria disputar\u00e1 a etapa nacional, totalizando at\u00e9 35 candidatas para a final. A cerim\u00f4nia de premia\u00e7\u00e3o ocorrer\u00e1 em evento previsto para outubro em Florian\u00f3polis. Ao final, ser\u00e3o 15 vencedoras nacionais recebendo os pr\u00eamios ouro, prata e bronze nas cinco categorias da premia\u00e7\u00e3o.\u00a0<\/p>\n<h3>Quanto o Pr\u00eamio Sebrae Mulher de Neg\u00f3cios vai pagar?<\/h3>\n<p>As premia\u00e7\u00f5es da etapa nacional do Pr\u00eamio Sebrae Mulher de Neg\u00f3cios ser\u00e3o as seguintes:\u00a0<\/p>\n<p>&gt;&gt; Pr\u00eamio Ouro: ser\u00e3o premiadas uma empreendedora por categoria com R$ 30 mil em dinheiro, capacita\u00e7\u00e3o no Empretec, custeio da participa\u00e7\u00e3o presencial na etapa nacional, participa\u00e7\u00e3o em miss\u00e3o t\u00e9cnica e mentoria online\u00a0<\/p>\n<p>&gt;&gt; Pr\u00eamio Prata: ser\u00e3o premiadas uma empres\u00e1ria por categoria com R$ 20 mil em dinheiro, capacita\u00e7\u00e3o no Empretec, custeio da participa\u00e7\u00e3o presencial na final nacional e participa\u00e7\u00e3o em miss\u00e3o t\u00e9cnica\u00a0<\/p>\n<p>&gt;&gt; Pr\u00eamio Bronze: ser\u00e3o premiadas uma empreendedora por categoria com R$ 10 mil em dinheiro, capacita\u00e7\u00e3o no Empretec, custeio da participa\u00e7\u00e3o presencial na etapa nacional e participa\u00e7\u00e3o em miss\u00e3o t\u00e9cnica\u00a0<\/p>\n<p>A participa\u00e7\u00e3o \u00e9 gratuita. Para se inscrever, basta <a rel=\"noreferrer noopener nofollow\" target=\"_blank\" href=\"https:\/\/sebrae.com.br\/sites\/PortalSebrae\/empreendedorismofeminino\/premiomulherdenegocios\">acessar o site oficial do pr\u00eamio<\/a> . Al\u00e9m de preencher o formul\u00e1rio eletr\u00f4nico, \u00e9 aconselh\u00e1vel enviar um v\u00eddeo curto no formato de \u201cpitch\u201d com apresenta\u00e7\u00e3o da empreendedora candidata.\u00a0<\/p>\n<\/p>\n<h2>O que \u00e9 o Pr\u00eamio Sebrae Mulher de Neg\u00f3cios<strong> <\/strong>\u00a0<\/h2>\n<div>\n<div>\n<figure><img decoding=\"async\" width=\"675\" height=\"860\"src=\"https:\/\/redept.org\/blogosfera\/wp-content\/uploads\/2025\/06\/premio_sebrae.png\" alt=\"empreendedoras-do-abc-tem-ate-15-de-junho-para-se-inscrever-no-premio-sebrae-mulher-de-negocios-premio-sebrae-celebra-o-protagonismo-feminino-no-empreendedorismo-e-reconhece-historias-inspiradoras-de-mulheres-foto-pexels-tvt-news\" title=\"Empreendedoras do ABC tem at\u00e9 15 de junho para se inscrever no Pr\u00eamio Sebrae Mulher de Neg\u00f3cios \u00a0 4\" srcset=\"https:\/\/redept.org\/blogosfera\/wp-content\/uploads\/2025\/06\/premio_sebrae.png 675w, https:\/\/tvtnews.com.br\/wp-content\/uploads\/2025\/06\/premio_sebrae-235x300.png 235w\" sizes=\"(max-width: 675px) 100vw, 675px\"><\/figure>\n<\/div>\n<div>\n<p>Desde 2004, o pr\u00eamio homenageia empreendedoras com capacidade de inova\u00e7\u00e3o, vis\u00e3o de futuro, estrat\u00e9gia e gest\u00e3o empresarial que, com seus neg\u00f3cios, geram impacto social e econ\u00f4mico na regi\u00e3o em que atuam.\u00a0<\/p>\n<p>Al\u00e9m de reconhecer o trabalho das empreendedoras, a iniciativa tamb\u00e9m tem como objetivo inspirar outras mulheres a investir em seus sonhos e acreditar em seu potencial empreendedor.\u00a0<\/p>\n<p>Mais de 100 mil mulheres j\u00e1 participaram desde o in\u00edcio da premia\u00e7\u00e3o e mais de 200 empreendedoras foram premiadas.\u00a0<\/p>\n<\/div>\n<\/div>\n<\/p>\n<h4>Leia outras not\u00edcias sobre empreendedorismo com a TVT News<\/h4>\n<ul>\n<li><a href=\"https:\/\/tvtnews.com.br\/brasil-registra-1-4-milhao-novos-pequenos-negocios\/\">Brasil registra abertura de 1,4 milh\u00e3o de pequenos neg\u00f3cios no primeiro trimestre do ano<\/a><\/li>\n<li><a href=\"https:\/\/tvtnews.com.br\/cidades-bndes-buscam-coletivos-projetos-periferias\/\">Minist\u00e9rio das Cidades e BNDES buscam coletivos para comandar projetos nas periferias<\/a><\/li>\n<li><a href=\"https:\/\/tvtnews.com.br\/a-pessoa-quer-ser-livre-diz-lula-sobre-empreendedorismo\/\">\u201cA pessoa quer ser livre\u201d, diz Lula sobre empreendedorismo<\/a><\/li>\n<li><a href=\"https:\/\/tvtnews.com.br\/procred-360-atinge-r2-bi-em-emprestimos-para-microempreendedores\/\">ProCred 360 atinge R$2 bi em empr\u00e9stimos para microempreendedores<\/a><\/li>\n<li>\n<\/ul>\n<p>The post <a rel=\"nofollow\" href=\"https:\/\/tvtnews.com.br\/premio-sebrae-mulher-de-negocios-ate-15-de-junho\/\">Empreendedoras do ABC tem at\u00e9 15 de junho para se inscrever no Pr\u00eamio Sebrae Mulher de Neg\u00f3cios \u00a0<\/a> appeared first on <a rel=\"nofollow\" href=\"https:\/\/tvtnews.com.br\/\">TVT News<\/a>.<\/p>\n<!-- Begin Yuzo --><div class='yuzo_related_post style-1'  data-version='5.12.89'><!-- without result --><div class='yuzo_clearfixed yuzo__title yuzo__title'><h3>Related Post<\/h3><\/div>\n\t\t\t\t\t\t  <div class=\"relatedthumb \" style=\"width:125px;float:left;overflow:hidden;\">  \n\t\t\t\t\t\t\t  \n\t\t\t\t\t\t\t  <a  href=\"https:\/\/redept.com.br\/blogosfera\/carta-aos-bispos-catolicos-do-brasil\/\"  >\n\t\t\t\t\t\t\t\t\t  <div class=\"yuzo-img-wrap \" style=\"width: 125px;height:90px;\">\n\t\t\t\t\t\t\t\t\t\t\n\t\t\t\t\t\t\t\t\t\t<div class=\"yuzo-img\" style=\"background:url('https:\/\/redept.org\/blogosfera\/wp-content\/plugins\/yuzo-related-post\/assets\/images\/default.png') 50% 50% no-repeat;width: 125px;height:90px;margin-bottom: 5px;background-size: cover; \"><\/div>\n\t\t\t\t\t\t\t\t\t  <\/div>\n\t\t\t\t\t\t\t\t\t  \n\t\t\t\t\t\t\t\t   <span class=\"yuzo__text--title\" style=\"font-size:13px;\">Carta aos bispos cat\u00f3licos do Brasil<\/span>\n\t\t\t\t\t\t\t  \n\t\t\t\t\t\t\t  \n\t\t\t\t\t\t\t  <\/a>\n\n\t\t\t\t\t\t  <\/div>\n\t\t\t\t\t\t  <div class=\"relatedthumb \" style=\"width:125px;float:left;overflow:hidden;\">  \n\t\t\t\t\t\t\t  \n\t\t\t\t\t\t\t  <a  href=\"https:\/\/redept.com.br\/blogosfera\/sem-saida-mudanca-na-lei-da-ficha-limpa-para-livrar-bolsonaro-perde-forca-no-senado\/\"  >\n\t\t\t\t\t\t\t\t\t  <div class=\"yuzo-img-wrap \" style=\"width: 125px;height:90px;\">\n\t\t\t\t\t\t\t\t\t\t\n\t\t\t\t\t\t\t\t\t\t<div class=\"yuzo-img\" style=\"background:url('https:\/\/redept.org\/blogosfera\/wp-content\/plugins\/yuzo-related-post\/assets\/images\/default.png') 50% 50% no-repeat;width: 125px;height:90px;margin-bottom: 5px;background-size: cover; \"><\/div>\n\t\t\t\t\t\t\t\t\t  <\/div>\n\t\t\t\t\t\t\t\t\t  \n\t\t\t\t\t\t\t\t   <span class=\"yuzo__text--title\" style=\"font-size:13px;\">Sem sa\u00edda: Mudan\u00e7a na Lei da Ficha Limpa, para liv...<\/span>\n\t\t\t\t\t\t\t  \n\t\t\t\t\t\t\t  \n\t\t\t\t\t\t\t  <\/a>\n\n\t\t\t\t\t\t  <\/div>\n\t\t\t\t\t\t  <div class=\"relatedthumb \" style=\"width:125px;float:left;overflow:hidden;\">  \n\t\t\t\t\t\t\t  \n\t\t\t\t\t\t\t  <a  href=\"https:\/\/redept.com.br\/blogosfera\/tce-acolhe-denuncia-sobre-supostas-irregularidades-na-concessao-do-parque-da-gameleira-em-bh\/\"  >\n\t\t\t\t\t\t\t\t\t  <div class=\"yuzo-img-wrap \" style=\"width: 125px;height:90px;\">\n\t\t\t\t\t\t\t\t\t\t\n\t\t\t\t\t\t\t\t\t\t<div class=\"yuzo-img\" style=\"background:url('https:\/\/redept.org\/blogosfera\/wp-content\/plugins\/yuzo-related-post\/assets\/images\/default.png') 50% 50% no-repeat;width: 125px;height:90px;margin-bottom: 5px;background-size: cover; \"><\/div>\n\t\t\t\t\t\t\t\t\t  <\/div>\n\t\t\t\t\t\t\t\t\t  \n\t\t\t\t\t\t\t\t   <span class=\"yuzo__text--title\" style=\"font-size:13px;\">TCE acolhe den\u00fancia sobre supostas irregularidades...<\/span>\n\t\t\t\t\t\t\t  \n\t\t\t\t\t\t\t  \n\t\t\t\t\t\t\t  <\/a>\n\n\t\t\t\t\t\t  <\/div>\n\t\t\t\t\t\t  <div class=\"relatedthumb \" style=\"width:125px;float:left;overflow:hidden;\">  \n\t\t\t\t\t\t\t  \n\t\t\t\t\t\t\t  <a  href=\"https:\/\/redept.com.br\/blogosfera\/governo-anuncia-que-terra-yanomami-esta-livre-do-garimpo-e-do-desmatamento\/\"  >\n\t\t\t\t\t\t\t\t\t  <div class=\"yuzo-img-wrap \" style=\"width: 125px;height:90px;\">\n\t\t\t\t\t\t\t\t\t\t\n\t\t\t\t\t\t\t\t\t\t<div class=\"yuzo-img\" style=\"background:url('https:\/\/redept.com.br\/blogosfera\/wp-content\/uploads\/2025\/03\/Ricardo-Campos-Ibama-150x150.png') 50% 50% no-repeat;width: 125px;height:90px;margin-bottom: 5px;background-size: cover; \"><\/div>\n\t\t\t\t\t\t\t\t\t  <\/div>\n\t\t\t\t\t\t\t\t\t  \n\t\t\t\t\t\t\t\t   <span class=\"yuzo__text--title\" style=\"font-size:13px;\">Governo anuncia que Terra Yanomami est\u00e1 livre do g...<\/span>\n\t\t\t\t\t\t\t  \n\t\t\t\t\t\t\t  \n\t\t\t\t\t\t\t  <\/a>\n\n\t\t\t\t\t\t  <\/div>\n<\/div> <script>\n\t\t\t\t\t\t  jQuery(document).ready(function( $ ){\n\t\t\t\t\t\t\t\/\/jQuery('.yuzo_related_post').equalizer({ overflow : 'relatedthumb' });\n\t\t\t\t\t\t\tjQuery('.yuzo_related_post .yuzo_wraps').equalizer({ columns : '> div' });\n\t\t\t\t\t\t   })\n\t\t\t\t\t\t  <\/script> <!-- End Yuzo :) -->","protected":false},"excerpt":{"rendered":"<p>O Pr\u00eamio Sebrae Mulher de Neg\u00f3cios 2025 est\u00e1 com inscri\u00e7\u00f5es abertas at\u00e9 o dia 15 de junho. As mulheres empreendedoras do ABC podem participar da etapa estadual. Saiba como participar do Pr\u00eamio Sebrae com a TVT News. Empreendedoras do Grande ABC tem at\u00e9 o dia 15 de junho para se inscrever no Pr\u00eamio Sebrae Mulher [&hellip;]<\/p>\n","protected":false},"author":2,"featured_media":0,"comment_status":"open","ping_status":"closed","sticky":false,"template":"","format":"standard","meta":{"fifu_image_url":"","fifu_image_alt":"","footnotes":""},"categories":[472,1258,3774,82,61],"tags":[],"class_list":["post-32819","post","type-post","status-publish","format-standard","hentry","category-destaque-ahome","category-empreendedorismo","category-mei","category-mulheres","category-sociedade"],"_links":{"self":[{"href":"https:\/\/redept.com.br\/blogosfera\/wp-json\/wp\/v2\/posts\/32819","targetHints":{"allow":["GET"]}}],"collection":[{"href":"https:\/\/redept.com.br\/blogosfera\/wp-json\/wp\/v2\/posts"}],"about":[{"href":"https:\/\/redept.com.br\/blogosfera\/wp-json\/wp\/v2\/types\/post"}],"author":[{"embeddable":true,"href":"https:\/\/redept.com.br\/blogosfera\/wp-json\/wp\/v2\/users\/2"}],"replies":[{"embeddable":true,"href":"https:\/\/redept.com.br\/blogosfera\/wp-json\/wp\/v2\/comments?post=32819"}],"version-history":[{"count":0,"href":"https:\/\/redept.com.br\/blogosfera\/wp-json\/wp\/v2\/posts\/32819\/revisions"}],"wp:attachment":[{"href":"https:\/\/redept.com.br\/blogosfera\/wp-json\/wp\/v2\/media?parent=32819"}],"wp:term":[{"taxonomy":"category","embeddable":true,"href":"https:\/\/redept.com.br\/blogosfera\/wp-json\/wp\/v2\/categories?post=32819"},{"taxonomy":"post_tag","embeddable":true,"href":"https:\/\/redept.com.br\/blogosfera\/wp-json\/wp\/v2\/tags?post=32819"}],"curies":[{"name":"wp","href":"https:\/\/api.w.org\/{rel}","templated":true}]}}