{"id":32894,"date":"2025-06-11T17:59:25","date_gmt":"2025-06-11T20:59:25","guid":{"rendered":"https:\/\/redept.org\/blogosfera\/violencia-contra-as-mulheres-cresce-na-regiao-do-alto-tiete-sp\/"},"modified":"2025-06-11T17:59:25","modified_gmt":"2025-06-11T20:59:25","slug":"violencia-contra-as-mulheres-cresce-na-regiao-do-alto-tiete-sp","status":"publish","type":"post","link":"https:\/\/redept.com.br\/blogosfera\/violencia-contra-as-mulheres-cresce-na-regiao-do-alto-tiete-sp\/","title":{"rendered":"Viol\u00eancia contra as mulheres cresce na regi\u00e3o do Alto Tiet\u00ea (SP)"},"content":{"rendered":"<p><img fetchpriority=\"high\" width=\"1920\" height=\"1080\"src=\"https:\/\/redept.org\/blogosfera\/wp-content\/uploads\/2025\/06\/54175987946_f8695bc691_o.jpg\" alt=\"Mulheres organizadas contra viol\u00eancia sofrem repress\u00e3o da pol\u00edcia no Alto Tiet\u00ea. Foto: Pedro Baskia.\" link_thumbnail=\"\" decoding=\"async\" srcset=\"https:\/\/redept.org\/blogosfera\/wp-content\/uploads\/2025\/06\/54175987946_f8695bc691_o.jpg 1920w, https:\/\/averdade.org.br\/wp-content\/uploads\/2025\/05\/54175987946_f8695bc691_o-350x197.jpg 350w, https:\/\/averdade.org.br\/wp-content\/uploads\/2025\/05\/54175987946_f8695bc691_o-1024x576.jpg 1024w, https:\/\/averdade.org.br\/wp-content\/uploads\/2025\/05\/54175987946_f8695bc691_o-250x141.jpg 250w, https:\/\/averdade.org.br\/wp-content\/uploads\/2025\/05\/54175987946_f8695bc691_o-768x432.jpg 768w, https:\/\/averdade.org.br\/wp-content\/uploads\/2025\/05\/54175987946_f8695bc691_o-1536x864.jpg 1536w, https:\/\/averdade.org.br\/wp-content\/uploads\/2025\/05\/54175987946_f8695bc691_o-150x84.jpg 150w, https:\/\/averdade.org.br\/wp-content\/uploads\/2025\/05\/54175987946_f8695bc691_o-300x169.jpg 300w, https:\/\/averdade.org.br\/wp-content\/uploads\/2025\/05\/54175987946_f8695bc691_o-696x392.jpg 696w, https:\/\/averdade.org.br\/wp-content\/uploads\/2025\/05\/54175987946_f8695bc691_o-1068x601.jpg 1068w\" sizes=\"(max-width: 1920px) 100vw, 1920px\"><\/p>\n<p align=\"justify\"><strong><span><span><span>Dados da Secretaria de Seguran\u00e7a P\u00fablica (SSP) do Estado mostram que a regi\u00e3o do Alto Tiet\u00ea registra, em m\u00e9dia, 5 feminic\u00eddios por ano. Uma situa\u00e7\u00e3o alarmante, mostrando que a viol\u00eancia contra as mulheres na regi\u00e3o tem crescido nos \u00faltimos anos.\u00a0 Para lutar pela vida das mulheres, o Movimento de Mulheres Olga Benario realizou uma ocupa\u00e7\u00e3o na regi\u00e3o.<\/span><\/span><\/span><\/strong><\/p>\n<p align=\"justify\"><strong><span><span><span>Amanda de Lucca e Lis Sousa | Alto Tiet\u00ea (SP)<\/span><\/span><\/span><\/strong><\/p>\n<hr>\n<p align=\"justify\"><span><span><span>MULHERES \u2013 De acordo com dados da Secretaria de Seguran\u00e7a P\u00fablica (SSP) do Estado, a regi\u00e3o do Alto Tiet\u00ea se encontra num quadro alarmante com rela\u00e7\u00e3o \u00e0 viol\u00eancia contra as mulheres: em m\u00e9dia, a regi\u00e3o registra cerca de 5 feminic\u00eddios por ano. S\u00f3 entre 2014 e 2023, um total de 49 mulheres foram assassinadas devido \u00e0 viol\u00eancia dom\u00e9stica ou \u00e0 discrimina\u00e7\u00e3o de g\u00eanero. Por\u00e9m, e<\/span><\/span><\/span><span><span><span>sse n\u00famero n\u00e3o reflete a totalidade das v\u00edtimas, uma vez que muitas agress\u00f5es n\u00e3o s\u00e3o denunciadas, revelando um problema ainda mais profundo e invisibilizado.<\/span><\/span><\/span><\/p>\n<p align=\"justify\"><span><span><span>As cidades com os maiores \u00edndices de feminic\u00eddios s\u00e3o Itaquaquecetuba, com 12 casos; Mogi das Cruzes, com 11; e Suzano, com 10. Juntas, essas tr\u00eas cidades representam 67,3% de todos os feminic\u00eddios registrados na regi\u00e3o.<\/span><\/span><\/span><\/p>\n<p align=\"justify\"><span><span><span>O perfil das v\u00edtimas tamb\u00e9m \u00e9 preocupante. 33 mulheres foram assassinadas dentro de suas pr\u00f3prias casas, evidenciando que a viol\u00eancia ocorre em ambientes onde deveriam estar seguras. Al\u00e9m disso, 26 das v\u00edtimas eram mulheres negras, e metade delas tinha 30 anos ou menos. Esses dados ilustram como g\u00eanero, ra\u00e7a e classe social est\u00e3o interligados, criando barreiras para que essas mulheres acessem recursos e saiam do ciclo de viol\u00eancia.<\/span><\/span><\/span><\/p>\n<p align=\"justify\"><span><span><span>Outro fator preocupante \u00e9 o aumento dos casos de estupro na regi\u00e3o. Em outubro de 2023, houve um aumento de 34% em rela\u00e7\u00e3o ao mesmo per\u00edodo de 2022, com 17 casos de estupros e 42 estupros de vulner\u00e1vel registrados. Itaquaquecetuba e Suzano aparecem novamente com 14 casos cada. O aumento dos registros reflete n\u00e3o apenas a maior incid\u00eancia desses crimes, mas tamb\u00e9m as dificuldades que muitas mulheres enfrentam para denunciar, seja por falta de apoio, medo de repres\u00e1lias ou vergonha.<\/span><\/span><\/span><\/p>\n<p align=\"justify\"><span><span><span>A Central de Atendimento \u00e0 Mulher (Ligue 180) registrou 5.324 den\u00fancias de viol\u00eancia contra a mulher em 2023, um aumento de 23,4% em rela\u00e7\u00e3o ao ano anterior \u2013 uma m\u00e9dia de 14 den\u00fancias di\u00e1rias. A an\u00e1lise dos dados mostra que a viol\u00eancia contra a mulher se mant\u00e9m constante ao longo do tempo, refletindo a falta de servi\u00e7os especializados, como a falta de delegacias especializadas 24 horas, e pol\u00edticas p\u00fablicas eficazes.<\/span><\/span><\/span><\/p>\n<p align=\"justify\"><span><span><span>O capitalismo tem um papel central na perpetua\u00e7\u00e3o dessa viol\u00eancia, uma vez que privilegia a manuten\u00e7\u00e3o de hierarquias sociais que refor\u00e7am desigualdades de g\u00eanero e classe. As regi\u00f5es mais afetadas s\u00e3o tamb\u00e9m aquelas onde mulheres negras e de baixa renda t\u00eam menos acesso a servi\u00e7os de suporte e prote\u00e7\u00e3o.<\/span><\/span><\/span><\/p>\n<h4 align=\"justify\"><span><span><span><b>A Ocupa\u00e7\u00e3o Alexina Crespo<\/b><\/span><\/span><\/span><\/h4>\n<p align=\"justify\"><span><span><span>No dia 25 de novembro de 2024, o Movimento de Mulheres Olga Benario ocupou um im\u00f3vel abandonado para criar a <a href=\"https:\/\/averdade.org.br\/2024\/11\/nasce-a-ocupacao-da-mulher-trabalhadora-alexina-crespo-em-suzano\/\">Casa da Mulher Trabalhadora Alexina Crespo<\/a>, localizada em uma rua marcada pela prostitui\u00e7\u00e3o e viol\u00eancia. A ocupa\u00e7\u00e3o foi uma resposta \u00e0 neglig\u00eancia do poder p\u00fablico na prote\u00e7\u00e3o das mulheres em situa\u00e7\u00e3o de vulnerabilidade. No entanto, as mulheres sofreram um <a href=\"https:\/\/www.instagram.com\/p\/DCzMUC4PtXB\/\">despejo violento<\/a> e foram amea\u00e7adas pelo suposto propriet\u00e1rio do im\u00f3vel.<\/span><\/span><\/span><\/p>\n<figure aria-describedby=\"caption-attachment-57257\"><a href=\"https:\/\/redept.org\/blogosfera\/wp-content\/uploads\/2025\/06\/54176429985_0d2fb0e3cd_o.jpg\"><img decoding=\"async\"src=\"https:\/\/redept.org\/blogosfera\/wp-content\/uploads\/2025\/06\/54176429985_0d2fb0e3cd_o.jpg\" alt=\"Movimento de Mulheres Olga Benario constr\u00f3i a Casa da Mulher Trabalhadora Alexina Crespo para acolher mulheres. Foto: Pedro Baskia.\" width=\"1752\" height=\"985\" srcset=\"https:\/\/redept.org\/blogosfera\/wp-content\/uploads\/2025\/06\/54176429985_0d2fb0e3cd_o.jpg 1752w, https:\/\/averdade.org.br\/wp-content\/uploads\/2025\/05\/54176429985_0d2fb0e3cd_o-350x197.jpg 350w, https:\/\/averdade.org.br\/wp-content\/uploads\/2025\/05\/54176429985_0d2fb0e3cd_o-1024x576.jpg 1024w, https:\/\/averdade.org.br\/wp-content\/uploads\/2025\/05\/54176429985_0d2fb0e3cd_o-250x141.jpg 250w, https:\/\/averdade.org.br\/wp-content\/uploads\/2025\/05\/54176429985_0d2fb0e3cd_o-768x432.jpg 768w, https:\/\/averdade.org.br\/wp-content\/uploads\/2025\/05\/54176429985_0d2fb0e3cd_o-1536x864.jpg 1536w, https:\/\/averdade.org.br\/wp-content\/uploads\/2025\/05\/54176429985_0d2fb0e3cd_o-150x84.jpg 150w, https:\/\/averdade.org.br\/wp-content\/uploads\/2025\/05\/54176429985_0d2fb0e3cd_o-300x169.jpg 300w, https:\/\/averdade.org.br\/wp-content\/uploads\/2025\/05\/54176429985_0d2fb0e3cd_o-696x391.jpg 696w, https:\/\/averdade.org.br\/wp-content\/uploads\/2025\/05\/54176429985_0d2fb0e3cd_o-1068x600.jpg 1068w\" sizes=\"(max-width: 1752px) 100vw, 1752px\"><\/a><figcaption>Movimento de Mulheres Olga Benario constr\u00f3i a Casa da Mulher Trabalhadora Alexina Crespo para acolher mulheres. Foto: Pedro Baskia.<\/figcaption><\/figure>\n<p align=\"justify\"><span><span><span>A coordenadora da ocupa\u00e7\u00e3o, Lis Sousa, relata: \u201cA Casa da Mulher Trabalhadora Alexina Crespo nasceu no Dia Nacional de Luta contra a Viol\u00eancia \u00e0 Mulher para realizar, de forma aut\u00f4noma e coletiva, o servi\u00e7o de acolhimento e enfrentamento \u00e0 viol\u00eancia contra a mulher, juntamente com o apoio no cuidado \u00e0s crian\u00e7as das m\u00e3es atendidas. Esses pontos s\u00e3o negligenciados pela prefeitura de Suzano, que desde 2016 \u00e9 governada pelo partido fascista do PL\u201d.<\/span><\/span><\/span><\/p>\n<p align=\"justify\"><span><span><span>Durante a ocupa\u00e7\u00e3o, funcion\u00e1rios do propriet\u00e1rio come\u00e7aram a abordar as mulheres, tentando intimid\u00e1-las. \u201cPela manh\u00e3, come\u00e7aram a nos abordar, questionando o motivo de estarmos l\u00e1, com coment\u00e1rios feitos para nos amedrontar. Em seguida, carros come\u00e7aram a passar lentamente pelo local, filmando e vigiando a casa. Cerca de uma hora e meia depois, o propriet\u00e1rio chegou em um carro de luxo, escoltado pela Pol\u00edcia Militar, exigindo nossa retirada e alegando que o im\u00f3vel seria colocado para loca\u00e7\u00e3o futuramente\u201d, relata Lis Sousa.<\/span><\/span><\/span><\/p>\n<p align=\"justify\"><span><span><span>A a\u00e7\u00e3o truculenta da pol\u00edcia evidenciou sua atua\u00e7\u00e3o em defesa dos interesses dos ricos, em detrimento da vida das mulheres. O despejo violento demonstrou o alinhamento das for\u00e7as do Estado com a especula\u00e7\u00e3o imobili\u00e1ria, priorizando o lucro em vez da fun\u00e7\u00e3o social dos im\u00f3veis.<\/span><\/span><\/span><\/p>\n<p align=\"justify\"><span><span><span>A prefeitura de Suzano n\u00e3o cumpriu a promessa de dialogar diretamente sobre o projeto, limitando-se a atender as mulheres na porta do pr\u00e9dio p\u00fablico e por meio de intermedi\u00e1rios. Essa postura refor\u00e7a a falta de compromisso das autoridades com pol\u00edticas p\u00fablicas eficazes de combate \u00e0 viol\u00eancia contra a mulher.<\/span><\/span><\/span><\/p>\n<p align=\"justify\"><span><span><span>As ocupa\u00e7\u00f5es do Movimento de Mulheres Olga Benario s\u00e3o uma resposta \u00e0 aus\u00eancia do Estado e uma den\u00fancia contra a especula\u00e7\u00e3o imobili\u00e1ria. Al\u00e9m de oferecer acolhimento imediato, essas a\u00e7\u00f5es promovem conscientiza\u00e7\u00e3o e organiza\u00e7\u00e3o para a transforma\u00e7\u00e3o social. A longo prazo, buscam organizar as mulheres e a constru\u00e7\u00e3o de uma sociedade mais justa e igualit\u00e1ria.<\/span><\/span><\/span><\/p>\n<p align=\"justify\"><span><span><span>Sobre a situa\u00e7\u00e3o do im\u00f3vel, Lis Sousa destaca: \u201cO im\u00f3vel ocupado estava abandonado h\u00e1 anos, sem fun\u00e7\u00e3o social, servindo apenas como ponto de uso de drogas e espa\u00e7o de extrema vulnerabilidade para as mulheres que passavam pelo local. Al\u00e9m disso, ao entrarmos no im\u00f3vel, encontramos um cen\u00e1rio de total abandono: mofo por toda a estrutura, paredes e teto com rachaduras, reboco cedendo, sujeira, parasitas e in\u00fameras embalagens de preservativos espalhadas pelos c\u00f4modos. Diante dessa situa\u00e7\u00e3o, nos organizamos para realizar a limpeza e a reestrutura\u00e7\u00e3o do espa\u00e7o, tornando-o adequado para acolher as mulheres que necessitam de apoio\u201d.<\/span><\/span><\/span><\/p>\n<p align=\"justify\"><span><span><span>Essas a\u00e7\u00f5es s\u00e3o fundamentais para pressionar o poder p\u00fablico, denunciar as omiss\u00f5es do Estado e fortalecer a organiza\u00e7\u00e3o das mulheres. Em um contexto de viol\u00eancia estrutural e sist\u00eamica, as ocupa\u00e7\u00f5es assumem um papel estrat\u00e9gico: tornam-se express\u00f5es concretas de resist\u00eancia coletiva e da luta por uma vida digna, livre de viol\u00eancia e pelo fim do sistema capitalista.<\/span><\/span><\/span><\/p>\n<!-- Begin Yuzo --><div class='yuzo_related_post style-1'  data-version='5.12.89'><!-- without result --><div class='yuzo_clearfixed yuzo__title yuzo__title'><h3>Related Post<\/h3><\/div>\n\t\t\t\t\t\t  <div class=\"relatedthumb \" style=\"width:125px;float:left;overflow:hidden;\">  \n\t\t\t\t\t\t\t  \n\t\t\t\t\t\t\t  <a  href=\"https:\/\/redept.com.br\/blogosfera\/gilberto-carvalho-fala-sobre-economia-solidaria-para-construir-um-brasil-mais-justo\/\"  >\n\t\t\t\t\t\t\t\t\t  <div class=\"yuzo-img-wrap \" style=\"width: 125px;height:90px;\">\n\t\t\t\t\t\t\t\t\t\t\n\t\t\t\t\t\t\t\t\t\t<div class=\"yuzo-img\" style=\"background:url('https:\/\/redept.org\/blogosfera\/wp-content\/plugins\/yuzo-related-post\/assets\/images\/default.png') 50% 50% no-repeat;width: 125px;height:90px;margin-bottom: 5px;background-size: cover; \"><\/div>\n\t\t\t\t\t\t\t\t\t  <\/div>\n\t\t\t\t\t\t\t\t\t  \n\t\t\t\t\t\t\t\t   <span class=\"yuzo__text--title\" style=\"font-size:13px;\">Gilberto Carvalho fala sobre economia solid\u00e1ria pa...<\/span>\n\t\t\t\t\t\t\t  \n\t\t\t\t\t\t\t  \n\t\t\t\t\t\t\t  <\/a>\n\n\t\t\t\t\t\t  <\/div>\n\t\t\t\t\t\t  <div class=\"relatedthumb \" style=\"width:125px;float:left;overflow:hidden;\">  \n\t\t\t\t\t\t\t  \n\t\t\t\t\t\t\t  <a  href=\"https:\/\/redept.com.br\/blogosfera\/michelle-quase-foi-presa-em-operacao-ao-dar-chilique-e-tentar-tomar-celular-de-agente-da-pf\/\"  >\n\t\t\t\t\t\t\t\t\t  <div class=\"yuzo-img-wrap \" style=\"width: 125px;height:90px;\">\n\t\t\t\t\t\t\t\t\t\t\n\t\t\t\t\t\t\t\t\t\t<div class=\"yuzo-img\" style=\"background:url('https:\/\/redept.org\/blogosfera\/wp-content\/plugins\/yuzo-related-post\/assets\/images\/default.png') 50% 50% no-repeat;width: 125px;height:90px;margin-bottom: 5px;background-size: cover; \"><\/div>\n\t\t\t\t\t\t\t\t\t  <\/div>\n\t\t\t\t\t\t\t\t\t  \n\t\t\t\t\t\t\t\t   <span class=\"yuzo__text--title\" style=\"font-size:13px;\">Michelle quase foi presa em opera\u00e7\u00e3o  ao dar \u201cchil...<\/span>\n\t\t\t\t\t\t\t  \n\t\t\t\t\t\t\t  \n\t\t\t\t\t\t\t  <\/a>\n\n\t\t\t\t\t\t  <\/div>\n\t\t\t\t\t\t  <div class=\"relatedthumb \" style=\"width:125px;float:left;overflow:hidden;\">  \n\t\t\t\t\t\t\t  \n\t\t\t\t\t\t\t  <a  href=\"https:\/\/redept.com.br\/blogosfera\/para-senadores-anuncio-de-investimentos-chineses-no-brasil-mostra-acerto-da-politica-externa-de-lula\/\"  >\n\t\t\t\t\t\t\t\t\t  <div class=\"yuzo-img-wrap \" style=\"width: 125px;height:90px;\">\n\t\t\t\t\t\t\t\t\t\t\n\t\t\t\t\t\t\t\t\t\t<div class=\"yuzo-img\" style=\"background:url('https:\/\/redept.org\/blogosfera\/wp-content\/plugins\/yuzo-related-post\/assets\/images\/default.png') 50% 50% no-repeat;width: 125px;height:90px;margin-bottom: 5px;background-size: cover; \"><\/div>\n\t\t\t\t\t\t\t\t\t  <\/div>\n\t\t\t\t\t\t\t\t\t  \n\t\t\t\t\t\t\t\t   <span class=\"yuzo__text--title\" style=\"font-size:13px;\">Para senadores, an\u00fancio de investimentos chineses ...<\/span>\n\t\t\t\t\t\t\t  \n\t\t\t\t\t\t\t  \n\t\t\t\t\t\t\t  <\/a>\n\n\t\t\t\t\t\t  <\/div>\n\t\t\t\t\t\t  <div class=\"relatedthumb \" style=\"width:125px;float:left;overflow:hidden;\">  \n\t\t\t\t\t\t\t  \n\t\t\t\t\t\t\t  <a  href=\"https:\/\/redept.com.br\/blogosfera\/governo-goiano-substitui-professores-por-televisores-em-comunidades-quilombolas\/\"  >\n\t\t\t\t\t\t\t\t\t  <div class=\"yuzo-img-wrap \" style=\"width: 125px;height:90px;\">\n\t\t\t\t\t\t\t\t\t\t\n\t\t\t\t\t\t\t\t\t\t<div class=\"yuzo-img\" style=\"background:url('https:\/\/redept.org\/blogosfera\/wp-content\/plugins\/yuzo-related-post\/assets\/images\/default.png') 50% 50% no-repeat;width: 125px;height:90px;margin-bottom: 5px;background-size: cover; \"><\/div>\n\t\t\t\t\t\t\t\t\t  <\/div>\n\t\t\t\t\t\t\t\t\t  \n\t\t\t\t\t\t\t\t   <span class=\"yuzo__text--title\" style=\"font-size:13px;\">Governo goiano substitui professores por televisor...<\/span>\n\t\t\t\t\t\t\t  \n\t\t\t\t\t\t\t  \n\t\t\t\t\t\t\t  <\/a>\n\n\t\t\t\t\t\t  <\/div>\n<\/div> <script>\n\t\t\t\t\t\t  jQuery(document).ready(function( $ ){\n\t\t\t\t\t\t\t\/\/jQuery('.yuzo_related_post').equalizer({ overflow : 'relatedthumb' });\n\t\t\t\t\t\t\tjQuery('.yuzo_related_post .yuzo_wraps').equalizer({ columns : '> div' });\n\t\t\t\t\t\t   })\n\t\t\t\t\t\t  <\/script> <!-- End Yuzo :) -->","protected":false},"excerpt":{"rendered":"<p>Dados da Secretaria de Seguran\u00e7a P\u00fablica (SSP) do Estado mostram que a regi\u00e3o do Alto Tiet\u00ea registra, em m\u00e9dia, 5 feminic\u00eddios por ano. Uma situa\u00e7\u00e3o alarmante, mostrando que a viol\u00eancia contra as mulheres na regi\u00e3o tem crescido nos \u00faltimos anos.\u00a0 Para lutar pela vida das mulheres, o Movimento de Mulheres Olga Benario realizou uma ocupa\u00e7\u00e3o [&hellip;]<\/p>\n","protected":false},"author":2,"featured_media":0,"comment_status":"open","ping_status":"closed","sticky":false,"template":"","format":"standard","meta":{"fifu_image_url":"","fifu_image_alt":"","footnotes":""},"categories":[2255,45,82,182,77],"tags":[],"class_list":["post-32894","post","type-post","status-publish","format-standard","hentry","category-alto-tiete","category-brasil","category-mulheres","category-ocupacao","category-violencia"],"_links":{"self":[{"href":"https:\/\/redept.com.br\/blogosfera\/wp-json\/wp\/v2\/posts\/32894","targetHints":{"allow":["GET"]}}],"collection":[{"href":"https:\/\/redept.com.br\/blogosfera\/wp-json\/wp\/v2\/posts"}],"about":[{"href":"https:\/\/redept.com.br\/blogosfera\/wp-json\/wp\/v2\/types\/post"}],"author":[{"embeddable":true,"href":"https:\/\/redept.com.br\/blogosfera\/wp-json\/wp\/v2\/users\/2"}],"replies":[{"embeddable":true,"href":"https:\/\/redept.com.br\/blogosfera\/wp-json\/wp\/v2\/comments?post=32894"}],"version-history":[{"count":0,"href":"https:\/\/redept.com.br\/blogosfera\/wp-json\/wp\/v2\/posts\/32894\/revisions"}],"wp:attachment":[{"href":"https:\/\/redept.com.br\/blogosfera\/wp-json\/wp\/v2\/media?parent=32894"}],"wp:term":[{"taxonomy":"category","embeddable":true,"href":"https:\/\/redept.com.br\/blogosfera\/wp-json\/wp\/v2\/categories?post=32894"},{"taxonomy":"post_tag","embeddable":true,"href":"https:\/\/redept.com.br\/blogosfera\/wp-json\/wp\/v2\/tags?post=32894"}],"curies":[{"name":"wp","href":"https:\/\/api.w.org\/{rel}","templated":true}]}}